{"id":112044,"date":"2026-03-09T17:04:17","date_gmt":"2026-03-09T23:04:17","guid":{"rendered":"https:\/\/www.aliadospuebla.com\/?p=112044"},"modified":"2026-03-09T17:04:17","modified_gmt":"2026-03-09T23:04:17","slug":"en-amozoc-conmemoran-el-8m-con-feria-artesanal","status":"publish","type":"post","link":"https:\/\/www.aliadospuebla.com\/?p=112044","title":{"rendered":"En Amozoc conmemoran el 8M con Feria Artesanal"},"content":{"rendered":"<h4>Diputado P\u00e1vel Gaspar, presidente del Congreso del Estado de Puebla, y Severiano de la Rosa encabezan corte de list\u00f3n.<\/h4>\n<p>Amozoc de Mota, Puebla.- En el marco del D\u00eda Internacional de la Mujer,<\/p>\n<p>el Gobierno Municipal de Amozoc realiz\u00f3 el corte de list\u00f3n de la Feria Artesanal 8M,<\/p>\n<p>evento encabezado por el presidente municipal Severiano de la Rosa Romero,<\/p>\n<p>en compa\u00f1\u00eda del diputado local y presidente del Congreso del Estado de Puebla, P\u00e1vel Gaspar Ram\u00edrez, as\u00ed como de la presidenta del DIF Municipal, Gloria Barrales Mendoza, regidores y directores del Ayuntamiento 2024-2027.<\/p>\n<p>Durante el evento se reconoci\u00f3 la importancia de impulsar y respaldar el trabajo, talento y emprendimiento de las mujeres amozoquenses, quienes con su esfuerzo contribuyen al desarrollo econ\u00f3mico y social del municipio.<\/p>\n<p>En esta actividad participaron m\u00e1s de 25 expositoras y fue organizada por el Instituto Municipal de la Mujer de Amozoc, instancia que trabaja diariamente en la atenci\u00f3n, acompa\u00f1amiento y fortalecimiento de las mujeres, reconociendo su papel fundamental dentro de la sociedad.<\/p>\n<p>En su mensaje, el presidente municipal agradeci\u00f3 a las emprendedoras que participaron instalando sus productos, as\u00ed como a las y los ciudadanos que acudieron al evento y consumieron local, apoyando el talento, el esfuerzo y el trabajo de las mujeres del municipio.<\/p>\n<p>Refrend\u00f3 su trabajo como presidente con cada mujer y dijo que su gobierno sigue el ejemplo humanista de la presidenta de M\u00e9xico Claudia Sheibaum Pardo.<\/p>\n<p>Con estas acciones, el Gobierno Municipal de Amozoc reafirma su compromiso de seguir construyendo un gobierno de trabajo firme y cercano a la gente, impulsando iniciativas que fortalezcan la igualdad, el reconocimiento y las oportunidades para las mujeres.<\/p>\n","protected":false},"excerpt":{"rendered":"<p>Diputado P\u00e1vel Gaspar, presidente del Congreso del Estado de Puebla, y Severiano de la Rosa encabezan corte de list\u00f3n. Amozoc de Mota, Puebla.- En el marco del D\u00eda Internacional de la Mujer, el Gobierno Municipal de Amozoc realiz\u00f3 el corte de list\u00f3n de la Feria Artesanal 8M, evento encabezado por el presidente municipal Severiano de la Rosa Romero, en compa\u00f1\u00eda del diputado local y presidente del Congreso del Estado de Puebla, P\u00e1vel Gaspar Ram\u00edrez, as\u00ed como de la presidenta del DIF Municipal, Gloria Barrales Mendoza, regidores y directores del Ayuntamiento 2024-2027. Durante el evento se reconoci\u00f3 la importancia de impulsar y respaldar el trabajo, talento y emprendimiento de las mujeres amozoquenses, quienes con su esfuerzo contribuyen al desarrollo econ\u00f3mico y social del municipio. En esta&hellip;<\/p>\n<p class=\"excerpt-more\"><a class=\"blog-excerpt button\" href=\"https:\/\/www.aliadospuebla.com\/?p=112044\">Leer m\u00e1s&#8230;<\/a><\/p>\n","protected":false},"author":2,"featured_media":112045,"comment_status":"open","ping_status":"open","sticky":false,"template":"","format":"standard","meta":{"_monsterinsights_skip_tracking":false,"footnotes":""},"categories":[4],"tags":[15589,1667,690,4305,383,9743,24873,24915,24696],"class_list":["post-112044","post","type-post","status-publish","format-standard","has-post-thumbnail","hentry","category-municipios","tag-8m","tag-amozoc","tag-congreso-del-estado-de-puebla","tag-dia-internacional-de-la-mujer","tag-dif-municipal","tag-feria-artesanal","tag-gloria-barrales-mendoza","tag-pavel-gaspar-ramirez","tag-severiano-de-la-rosa-romero"],"yoast_head":"<!-- This site is optimized with the Yoast SEO plugin v28.4 - https:\/\/yoast.com\/product\/yoast-seo-wordpress\/ -->\n<title>En Amozoc conmemoran el 8M con Feria Artesanal - AliadosPuebla<\/title>\n<meta name=\"robots\" content=\"index, follow, max-snippet:-1, max-image-preview:large, max-video-preview:-1\" \/>\n<link rel=\"canonical\" href=\"https:\/\/www.aliadospuebla.com\/?p=112044\" \/>\n<meta property=\"og:locale\" content=\"es_ES\" \/>\n<meta property=\"og:type\" content=\"article\" \/>\n<meta property=\"og:title\" content=\"En Amozoc conmemoran el 8M con Feria Artesanal - AliadosPuebla\" \/>\n<meta property=\"og:description\" content=\"Diputado P\u00e1vel Gaspar, presidente del Congreso del Estado de Puebla, y Severiano de la Rosa encabezan corte de list\u00f3n. Amozoc de Mota, Puebla.- En el marco del D\u00eda Internacional de la Mujer, el Gobierno Municipal de Amozoc realiz\u00f3 el corte de list\u00f3n de la Feria Artesanal 8M, evento encabezado por el presidente municipal Severiano de la Rosa Romero, en compa\u00f1\u00eda del diputado local y presidente del Congreso del Estado de Puebla, P\u00e1vel Gaspar Ram\u00edrez, as\u00ed como de la presidenta del DIF Municipal, Gloria Barrales Mendoza, regidores y directores del Ayuntamiento 2024-2027. Durante el evento se reconoci\u00f3 la importancia de impulsar y respaldar el trabajo, talento y emprendimiento de las mujeres amozoquenses, quienes con su esfuerzo contribuyen al desarrollo econ\u00f3mico y social del municipio. En esta&hellip;Leer m\u00e1s...\" \/>\n<meta property=\"og:url\" content=\"https:\/\/www.aliadospuebla.com\/?p=112044\" \/>\n<meta property=\"og:site_name\" content=\"AliadosPuebla\" \/>\n<meta property=\"article:author\" content=\"https:\/\/www.facebook.com\/Aliados17Pue\" \/>\n<meta property=\"article:published_time\" content=\"2026-03-09T23:04:17+00:00\" \/>\n<meta property=\"og:image\" content=\"https:\/\/www.aliadospuebla.com\/web2017\/wp-content\/uploads\/2026\/03\/77.jpg\" \/>\n\t<meta property=\"og:image:width\" content=\"600\" \/>\n\t<meta property=\"og:image:height\" content=\"450\" \/>\n\t<meta property=\"og:image:type\" content=\"image\/jpeg\" \/>\n<meta name=\"author\" content=\"Aliados17\" \/>\n<meta name=\"twitter:card\" content=\"summary_large_image\" \/>\n<meta name=\"twitter:creator\" content=\"@AliadosPuebla\" \/>\n<meta name=\"twitter:label1\" content=\"Escrito por\" \/>\n\t<meta name=\"twitter:data1\" content=\"Aliados17\" \/>\n\t<meta name=\"twitter:label2\" content=\"Tiempo de lectura\" \/>\n\t<meta name=\"twitter:data2\" content=\"2 minutos\" \/>\n<script type=\"application\/ld+json\" class=\"yoast-schema-graph\">{\"@context\":\"https:\\\/\\\/schema.org\",\"@graph\":[{\"@type\":\"Article\",\"@id\":\"https:\\\/\\\/www.aliadospuebla.com\\\/?p=112044#article\",\"isPartOf\":{\"@id\":\"https:\\\/\\\/www.aliadospuebla.com\\\/?p=112044\"},\"author\":{\"name\":\"Aliados17\",\"@id\":\"https:\\\/\\\/www.aliadospuebla.com\\\/#\\\/schema\\\/person\\\/5da7dd09320bd4f392b710017ed5f8ad\"},\"headline\":\"En Amozoc conmemoran el 8M con Feria Artesanal\",\"datePublished\":\"2026-03-09T23:04:17+00:00\",\"mainEntityOfPage\":{\"@id\":\"https:\\\/\\\/www.aliadospuebla.com\\\/?p=112044\"},\"wordCount\":289,\"commentCount\":0,\"image\":{\"@id\":\"https:\\\/\\\/www.aliadospuebla.com\\\/?p=112044#primaryimage\"},\"thumbnailUrl\":\"https:\\\/\\\/www.aliadospuebla.com\\\/web2017\\\/wp-content\\\/uploads\\\/2026\\\/03\\\/77.jpg\",\"keywords\":[\"8M\",\"AMOZOC\",\"CONGRESO DEL ESTADO DE PUEBLA\",\"D\u00cdA INTERNACIONAL DE LA MUJER\",\"DIF MUNICIPAL\",\"Feria artesanal\",\"Gloria Barrales Mendoza\",\"P\u00e1vel Gaspar Ram\u00edrez\",\"Severiano de la Rosa Romero\"],\"articleSection\":[\"Municipios\"],\"inLanguage\":\"es\",\"potentialAction\":[{\"@type\":\"CommentAction\",\"name\":\"Comment\",\"target\":[\"https:\\\/\\\/www.aliadospuebla.com\\\/?p=112044#respond\"]}]},{\"@type\":\"WebPage\",\"@id\":\"https:\\\/\\\/www.aliadospuebla.com\\\/?p=112044\",\"url\":\"https:\\\/\\\/www.aliadospuebla.com\\\/?p=112044\",\"name\":\"En Amozoc conmemoran el 8M con Feria Artesanal - AliadosPuebla\",\"isPartOf\":{\"@id\":\"https:\\\/\\\/www.aliadospuebla.com\\\/#website\"},\"primaryImageOfPage\":{\"@id\":\"https:\\\/\\\/www.aliadospuebla.com\\\/?p=112044#primaryimage\"},\"image\":{\"@id\":\"https:\\\/\\\/www.aliadospuebla.com\\\/?p=112044#primaryimage\"},\"thumbnailUrl\":\"https:\\\/\\\/www.aliadospuebla.com\\\/web2017\\\/wp-content\\\/uploads\\\/2026\\\/03\\\/77.jpg\",\"datePublished\":\"2026-03-09T23:04:17+00:00\",\"author\":{\"@id\":\"https:\\\/\\\/www.aliadospuebla.com\\\/#\\\/schema\\\/person\\\/5da7dd09320bd4f392b710017ed5f8ad\"},\"breadcrumb\":{\"@id\":\"https:\\\/\\\/www.aliadospuebla.com\\\/?p=112044#breadcrumb\"},\"inLanguage\":\"es\",\"potentialAction\":[{\"@type\":\"ReadAction\",\"target\":[\"https:\\\/\\\/www.aliadospuebla.com\\\/?p=112044\"]}]},{\"@type\":\"ImageObject\",\"inLanguage\":\"es\",\"@id\":\"https:\\\/\\\/www.aliadospuebla.com\\\/?p=112044#primaryimage\",\"url\":\"https:\\\/\\\/www.aliadospuebla.com\\\/web2017\\\/wp-content\\\/uploads\\\/2026\\\/03\\\/77.jpg\",\"contentUrl\":\"https:\\\/\\\/www.aliadospuebla.com\\\/web2017\\\/wp-content\\\/uploads\\\/2026\\\/03\\\/77.jpg\",\"width\":600,\"height\":450},{\"@type\":\"BreadcrumbList\",\"@id\":\"https:\\\/\\\/www.aliadospuebla.com\\\/?p=112044#breadcrumb\",\"itemListElement\":[{\"@type\":\"ListItem\",\"position\":1,\"name\":\"Portada\",\"item\":\"https:\\\/\\\/www.aliadospuebla.com\\\/\"},{\"@type\":\"ListItem\",\"position\":2,\"name\":\"En Amozoc conmemoran el 8M con Feria Artesanal\"}]},{\"@type\":\"WebSite\",\"@id\":\"https:\\\/\\\/www.aliadospuebla.com\\\/#website\",\"url\":\"https:\\\/\\\/www.aliadospuebla.com\\\/\",\"name\":\"AliadosPuebla\",\"description\":\"La informaci\u00f3n en tus manos\",\"potentialAction\":[{\"@type\":\"SearchAction\",\"target\":{\"@type\":\"EntryPoint\",\"urlTemplate\":\"https:\\\/\\\/www.aliadospuebla.com\\\/?s={search_term_string}\"},\"query-input\":{\"@type\":\"PropertyValueSpecification\",\"valueRequired\":true,\"valueName\":\"search_term_string\"}}],\"inLanguage\":\"es\"},{\"@type\":\"Person\",\"@id\":\"https:\\\/\\\/www.aliadospuebla.com\\\/#\\\/schema\\\/person\\\/5da7dd09320bd4f392b710017ed5f8ad\",\"name\":\"Aliados17\",\"image\":{\"@type\":\"ImageObject\",\"inLanguage\":\"es\",\"@id\":\"https:\\\/\\\/www.aliadospuebla.com\\\/web2017\\\/wp-content\\\/uploads\\\/2025\\\/03\\\/cropped-para-perfil-8-anos-1-96x96.jpg\",\"url\":\"https:\\\/\\\/www.aliadospuebla.com\\\/web2017\\\/wp-content\\\/uploads\\\/2025\\\/03\\\/cropped-para-perfil-8-anos-1-96x96.jpg\",\"contentUrl\":\"https:\\\/\\\/www.aliadospuebla.com\\\/web2017\\\/wp-content\\\/uploads\\\/2025\\\/03\\\/cropped-para-perfil-8-anos-1-96x96.jpg\",\"caption\":\"Aliados17\"},\"sameAs\":[\"https:\\\/\\\/www.aliados17.com\",\"https:\\\/\\\/www.facebook.com\\\/Aliados17Pue\",\"https:\\\/\\\/x.com\\\/AliadosPuebla\"],\"url\":\"https:\\\/\\\/www.aliadospuebla.com\\\/?author=2\"}]}<\/script>\n<!-- \/ Yoast SEO plugin. -->","yoast_head_json":{"title":"En Amozoc conmemoran el 8M con Feria Artesanal - AliadosPuebla","robots":{"index":"index","follow":"follow","max-snippet":"max-snippet:-1","max-image-preview":"max-image-preview:large","max-video-preview":"max-video-preview:-1"},"canonical":"https:\/\/www.aliadospuebla.com\/?p=112044","og_locale":"es_ES","og_type":"article","og_title":"En Amozoc conmemoran el 8M con Feria Artesanal - AliadosPuebla","og_description":"Diputado P\u00e1vel Gaspar, presidente del Congreso del Estado de Puebla, y Severiano de la Rosa encabezan corte de list\u00f3n. Amozoc de Mota, Puebla.- En el marco del D\u00eda Internacional de la Mujer, el Gobierno Municipal de Amozoc realiz\u00f3 el corte de list\u00f3n de la Feria Artesanal 8M, evento encabezado por el presidente municipal Severiano de la Rosa Romero, en compa\u00f1\u00eda del diputado local y presidente del Congreso del Estado de Puebla, P\u00e1vel Gaspar Ram\u00edrez, as\u00ed como de la presidenta del DIF Municipal, Gloria Barrales Mendoza, regidores y directores del Ayuntamiento 2024-2027. Durante el evento se reconoci\u00f3 la importancia de impulsar y respaldar el trabajo, talento y emprendimiento de las mujeres amozoquenses, quienes con su esfuerzo contribuyen al desarrollo econ\u00f3mico y social del municipio. En esta&hellip;Leer m\u00e1s...","og_url":"https:\/\/www.aliadospuebla.com\/?p=112044","og_site_name":"AliadosPuebla","article_author":"https:\/\/www.facebook.com\/Aliados17Pue","article_published_time":"2026-03-09T23:04:17+00:00","og_image":[{"width":600,"height":450,"url":"https:\/\/www.aliadospuebla.com\/web2017\/wp-content\/uploads\/2026\/03\/77.jpg","type":"image\/jpeg"}],"author":"Aliados17","twitter_card":"summary_large_image","twitter_creator":"@AliadosPuebla","twitter_misc":{"Escrito por":"Aliados17","Tiempo de lectura":"2 minutos"},"schema":{"@context":"https:\/\/schema.org","@graph":[{"@type":"Article","@id":"https:\/\/www.aliadospuebla.com\/?p=112044#article","isPartOf":{"@id":"https:\/\/www.aliadospuebla.com\/?p=112044"},"author":{"name":"Aliados17","@id":"https:\/\/www.aliadospuebla.com\/#\/schema\/person\/5da7dd09320bd4f392b710017ed5f8ad"},"headline":"En Amozoc conmemoran el 8M con Feria Artesanal","datePublished":"2026-03-09T23:04:17+00:00","mainEntityOfPage":{"@id":"https:\/\/www.aliadospuebla.com\/?p=112044"},"wordCount":289,"commentCount":0,"image":{"@id":"https:\/\/www.aliadospuebla.com\/?p=112044#primaryimage"},"thumbnailUrl":"https:\/\/www.aliadospuebla.com\/web2017\/wp-content\/uploads\/2026\/03\/77.jpg","keywords":["8M","AMOZOC","CONGRESO DEL ESTADO DE PUEBLA","D\u00cdA INTERNACIONAL DE LA MUJER","DIF MUNICIPAL","Feria artesanal","Gloria Barrales Mendoza","P\u00e1vel Gaspar Ram\u00edrez","Severiano de la Rosa Romero"],"articleSection":["Municipios"],"inLanguage":"es","potentialAction":[{"@type":"CommentAction","name":"Comment","target":["https:\/\/www.aliadospuebla.com\/?p=112044#respond"]}]},{"@type":"WebPage","@id":"https:\/\/www.aliadospuebla.com\/?p=112044","url":"https:\/\/www.aliadospuebla.com\/?p=112044","name":"En Amozoc conmemoran el 8M con Feria Artesanal - AliadosPuebla","isPartOf":{"@id":"https:\/\/www.aliadospuebla.com\/#website"},"primaryImageOfPage":{"@id":"https:\/\/www.aliadospuebla.com\/?p=112044#primaryimage"},"image":{"@id":"https:\/\/www.aliadospuebla.com\/?p=112044#primaryimage"},"thumbnailUrl":"https:\/\/www.aliadospuebla.com\/web2017\/wp-content\/uploads\/2026\/03\/77.jpg","datePublished":"2026-03-09T23:04:17+00:00","author":{"@id":"https:\/\/www.aliadospuebla.com\/#\/schema\/person\/5da7dd09320bd4f392b710017ed5f8ad"},"breadcrumb":{"@id":"https:\/\/www.aliadospuebla.com\/?p=112044#breadcrumb"},"inLanguage":"es","potentialAction":[{"@type":"ReadAction","target":["https:\/\/www.aliadospuebla.com\/?p=112044"]}]},{"@type":"ImageObject","inLanguage":"es","@id":"https:\/\/www.aliadospuebla.com\/?p=112044#primaryimage","url":"https:\/\/www.aliadospuebla.com\/web2017\/wp-content\/uploads\/2026\/03\/77.jpg","contentUrl":"https:\/\/www.aliadospuebla.com\/web2017\/wp-content\/uploads\/2026\/03\/77.jpg","width":600,"height":450},{"@type":"BreadcrumbList","@id":"https:\/\/www.aliadospuebla.com\/?p=112044#breadcrumb","itemListElement":[{"@type":"ListItem","position":1,"name":"Portada","item":"https:\/\/www.aliadospuebla.com\/"},{"@type":"ListItem","position":2,"name":"En Amozoc conmemoran el 8M con Feria Artesanal"}]},{"@type":"WebSite","@id":"https:\/\/www.aliadospuebla.com\/#website","url":"https:\/\/www.aliadospuebla.com\/","name":"AliadosPuebla","description":"La informaci\u00f3n en tus manos","potentialAction":[{"@type":"SearchAction","target":{"@type":"EntryPoint","urlTemplate":"https:\/\/www.aliadospuebla.com\/?s={search_term_string}"},"query-input":{"@type":"PropertyValueSpecification","valueRequired":true,"valueName":"search_term_string"}}],"inLanguage":"es"},{"@type":"Person","@id":"https:\/\/www.aliadospuebla.com\/#\/schema\/person\/5da7dd09320bd4f392b710017ed5f8ad","name":"Aliados17","image":{"@type":"ImageObject","inLanguage":"es","@id":"https:\/\/www.aliadospuebla.com\/web2017\/wp-content\/uploads\/2025\/03\/cropped-para-perfil-8-anos-1-96x96.jpg","url":"https:\/\/www.aliadospuebla.com\/web2017\/wp-content\/uploads\/2025\/03\/cropped-para-perfil-8-anos-1-96x96.jpg","contentUrl":"https:\/\/www.aliadospuebla.com\/web2017\/wp-content\/uploads\/2025\/03\/cropped-para-perfil-8-anos-1-96x96.jpg","caption":"Aliados17"},"sameAs":["https:\/\/www.aliados17.com","https:\/\/www.facebook.com\/Aliados17Pue","https:\/\/x.com\/AliadosPuebla"],"url":"https:\/\/www.aliadospuebla.com\/?author=2"}]}},"views":20,"_links":{"self":[{"href":"https:\/\/www.aliadospuebla.com\/index.php?rest_route=\/wp\/v2\/posts\/112044","targetHints":{"allow":["GET"]}}],"collection":[{"href":"https:\/\/www.aliadospuebla.com\/index.php?rest_route=\/wp\/v2\/posts"}],"about":[{"href":"https:\/\/www.aliadospuebla.com\/index.php?rest_route=\/wp\/v2\/types\/post"}],"author":[{"embeddable":true,"href":"https:\/\/www.aliadospuebla.com\/index.php?rest_route=\/wp\/v2\/users\/2"}],"replies":[{"embeddable":true,"href":"https:\/\/www.aliadospuebla.com\/index.php?rest_route=%2Fwp%2Fv2%2Fcomments&post=112044"}],"version-history":[{"count":1,"href":"https:\/\/www.aliadospuebla.com\/index.php?rest_route=\/wp\/v2\/posts\/112044\/revisions"}],"predecessor-version":[{"id":112046,"href":"https:\/\/www.aliadospuebla.com\/index.php?rest_route=\/wp\/v2\/posts\/112044\/revisions\/112046"}],"wp:featuredmedia":[{"embeddable":true,"href":"https:\/\/www.aliadospuebla.com\/index.php?rest_route=\/wp\/v2\/media\/112045"}],"wp:attachment":[{"href":"https:\/\/www.aliadospuebla.com\/index.php?rest_route=%2Fwp%2Fv2%2Fmedia&parent=112044"}],"wp:term":[{"taxonomy":"category","embeddable":true,"href":"https:\/\/www.aliadospuebla.com\/index.php?rest_route=%2Fwp%2Fv2%2Fcategories&post=112044"},{"taxonomy":"post_tag","embeddable":true,"href":"https:\/\/www.aliadospuebla.com\/index.php?rest_route=%2Fwp%2Fv2%2Ftags&post=112044"}],"curies":[{"name":"wp","href":"https:\/\/api.w.org\/{rel}","templated":true}]}}