{"id":111937,"date":"2026-03-06T12:02:20","date_gmt":"2026-03-06T18:02:20","guid":{"rendered":"https:\/\/www.aliadospuebla.com\/?p=111937"},"modified":"2026-03-06T12:02:20","modified_gmt":"2026-03-06T18:02:20","slug":"fedrha-suriano-fortalece-estructura-territorial-de-movimiento-ciudadano-en-gira-regional","status":"publish","type":"post","link":"https:\/\/www.aliadospuebla.com\/?p=111937","title":{"rendered":"Fedrha Suriano fortalece estructura territorial de Movimiento Ciudadano en gira regional"},"content":{"rendered":"<h4>La Coordinadora Estatal de Movimiento Ciudadano, Fedrha Isabel Suriano Corrales, realiz\u00f3 una gira de trabajo, donde encabez\u00f3 la toma de protesta de las Comisiones Operativas Municipales de Ajalpan, Coyomeapan, Zapotitl\u00e1n, San Jos\u00e9 Miahuatl\u00e1n y Altepexi.<\/h4>\n<p>En cada uno de los encuentros, la dirigente estatal tom\u00f3 protesta a quienes integran las nuevas Comisiones Operativas Municipales, exhort\u00e1ndoles a desempe\u00f1ar su encargo con responsabilidad, compromiso y apego a los principios que distinguen al movimiento.<\/p>\n<p>Subray\u00f3 que el fortalecimiento de la estructura territorial es fundamental para consolidar una organizaci\u00f3n cercana a la ciudadan\u00eda, con capacidad de escucha, gesti\u00f3n y respuesta ante las necesidades de las y los ciudadanos.<\/p>\n<p>Asimismo, destac\u00f3 que Movimiento Ciudadano contin\u00faa avanzando en la consolidaci\u00f3n de liderazgos locales s\u00f3lidos, con mujeres y hombres comprometidos con la participaci\u00f3n democr\u00e1tica, la transparencia y la construcci\u00f3n de una agenda p\u00fablica que atienda las demandas reales de la poblaci\u00f3n.<\/p>\n<p>Con esta gira, la Coordinaci\u00f3n Estatal reafirma su compromiso de trabajo permanente en los municipios, impulsando la organizaci\u00f3n interna, la capacitaci\u00f3n de cuadros y la articulaci\u00f3n de esfuerzos para construir una alternativa pol\u00edtica moderna, responsable y con visi\u00f3n de futuro.<\/p>\n","protected":false},"excerpt":{"rendered":"<p>La Coordinadora Estatal de Movimiento Ciudadano, Fedrha Isabel Suriano Corrales, realiz\u00f3 una gira de trabajo, donde encabez\u00f3 la toma de protesta de las Comisiones Operativas Municipales de Ajalpan, Coyomeapan, Zapotitl\u00e1n, San Jos\u00e9 Miahuatl\u00e1n y Altepexi. En cada uno de los encuentros, la dirigente estatal tom\u00f3 protesta a quienes integran las nuevas Comisiones Operativas Municipales, exhort\u00e1ndoles a desempe\u00f1ar su encargo con responsabilidad, compromiso y apego a los principios que distinguen al movimiento. Subray\u00f3 que el fortalecimiento de la estructura territorial es fundamental para consolidar una organizaci\u00f3n cercana a la ciudadan\u00eda, con capacidad de escucha, gesti\u00f3n y respuesta ante las necesidades de las y los ciudadanos. Asimismo, destac\u00f3 que Movimiento Ciudadano contin\u00faa avanzando en la consolidaci\u00f3n de liderazgos locales s\u00f3lidos, con mujeres y hombres comprometidos con la&hellip;<\/p>\n<p class=\"excerpt-more\"><a class=\"blog-excerpt button\" href=\"https:\/\/www.aliadospuebla.com\/?p=111937\">Leer m\u00e1s&#8230;<\/a><\/p>\n","protected":false},"author":2,"featured_media":111938,"comment_status":"open","ping_status":"open","sticky":false,"template":"","format":"standard","meta":{"_monsterinsights_skip_tracking":false,"footnotes":""},"categories":[6],"tags":[30573,32635,27701,1958,5334],"class_list":["post-111937","post","type-post","status-publish","format-standard","has-post-thumbnail","hentry","category-politica","tag-comisiones-operativas-municipales","tag-estructura-territorial","tag-fedrha-suriano","tag-gira-de-trabajo","tag-movimiento-ciudadano"],"yoast_head":"<!-- This site is optimized with the Yoast SEO plugin v28.4 - https:\/\/yoast.com\/product\/yoast-seo-wordpress\/ -->\n<title>Fedrha Suriano fortalece estructura territorial de Movimiento Ciudadano en gira regional - AliadosPuebla<\/title>\n<meta name=\"robots\" content=\"index, follow, max-snippet:-1, max-image-preview:large, max-video-preview:-1\" \/>\n<link rel=\"canonical\" href=\"https:\/\/www.aliadospuebla.com\/?p=111937\" \/>\n<meta property=\"og:locale\" content=\"es_ES\" \/>\n<meta property=\"og:type\" content=\"article\" \/>\n<meta property=\"og:title\" content=\"Fedrha Suriano fortalece estructura territorial de Movimiento Ciudadano en gira regional - AliadosPuebla\" \/>\n<meta property=\"og:description\" content=\"La Coordinadora Estatal de Movimiento Ciudadano, Fedrha Isabel Suriano Corrales, realiz\u00f3 una gira de trabajo, donde encabez\u00f3 la toma de protesta de las Comisiones Operativas Municipales de Ajalpan, Coyomeapan, Zapotitl\u00e1n, San Jos\u00e9 Miahuatl\u00e1n y Altepexi. En cada uno de los encuentros, la dirigente estatal tom\u00f3 protesta a quienes integran las nuevas Comisiones Operativas Municipales, exhort\u00e1ndoles a desempe\u00f1ar su encargo con responsabilidad, compromiso y apego a los principios que distinguen al movimiento. Subray\u00f3 que el fortalecimiento de la estructura territorial es fundamental para consolidar una organizaci\u00f3n cercana a la ciudadan\u00eda, con capacidad de escucha, gesti\u00f3n y respuesta ante las necesidades de las y los ciudadanos. Asimismo, destac\u00f3 que Movimiento Ciudadano contin\u00faa avanzando en la consolidaci\u00f3n de liderazgos locales s\u00f3lidos, con mujeres y hombres comprometidos con la&hellip;Leer m\u00e1s...\" \/>\n<meta property=\"og:url\" content=\"https:\/\/www.aliadospuebla.com\/?p=111937\" \/>\n<meta property=\"og:site_name\" content=\"AliadosPuebla\" \/>\n<meta property=\"article:author\" content=\"https:\/\/www.facebook.com\/Aliados17Pue\" \/>\n<meta property=\"article:published_time\" content=\"2026-03-06T18:02:20+00:00\" \/>\n<meta property=\"og:image\" content=\"https:\/\/www.aliadospuebla.com\/web2017\/wp-content\/uploads\/2026\/03\/44.jpg\" \/>\n\t<meta property=\"og:image:width\" content=\"600\" \/>\n\t<meta property=\"og:image:height\" content=\"450\" \/>\n\t<meta property=\"og:image:type\" content=\"image\/jpeg\" \/>\n<meta name=\"author\" content=\"Aliados17\" \/>\n<meta name=\"twitter:card\" content=\"summary_large_image\" \/>\n<meta name=\"twitter:creator\" content=\"@AliadosPuebla\" \/>\n<meta name=\"twitter:label1\" content=\"Escrito por\" \/>\n\t<meta name=\"twitter:data1\" content=\"Aliados17\" \/>\n\t<meta name=\"twitter:label2\" content=\"Tiempo de lectura\" \/>\n\t<meta name=\"twitter:data2\" content=\"2 minutos\" \/>\n<script type=\"application\/ld+json\" class=\"yoast-schema-graph\">{\"@context\":\"https:\\\/\\\/schema.org\",\"@graph\":[{\"@type\":\"Article\",\"@id\":\"https:\\\/\\\/www.aliadospuebla.com\\\/?p=111937#article\",\"isPartOf\":{\"@id\":\"https:\\\/\\\/www.aliadospuebla.com\\\/?p=111937\"},\"author\":{\"name\":\"Aliados17\",\"@id\":\"https:\\\/\\\/www.aliadospuebla.com\\\/#\\\/schema\\\/person\\\/5da7dd09320bd4f392b710017ed5f8ad\"},\"headline\":\"Fedrha Suriano fortalece estructura territorial de Movimiento Ciudadano en gira regional\",\"datePublished\":\"2026-03-06T18:02:20+00:00\",\"mainEntityOfPage\":{\"@id\":\"https:\\\/\\\/www.aliadospuebla.com\\\/?p=111937\"},\"wordCount\":216,\"commentCount\":0,\"image\":{\"@id\":\"https:\\\/\\\/www.aliadospuebla.com\\\/?p=111937#primaryimage\"},\"thumbnailUrl\":\"https:\\\/\\\/www.aliadospuebla.com\\\/web2017\\\/wp-content\\\/uploads\\\/2026\\\/03\\\/44.jpg\",\"keywords\":[\"COMISIONES OPERATIVAS MUNICIPALES\",\"estructura territorial\",\"Fedrha Suriano\",\"GIRA DE TRABAJO\",\"MOVIMIENTO CIUDADANO\"],\"articleSection\":[\"Pol\u00edtica\"],\"inLanguage\":\"es\",\"potentialAction\":[{\"@type\":\"CommentAction\",\"name\":\"Comment\",\"target\":[\"https:\\\/\\\/www.aliadospuebla.com\\\/?p=111937#respond\"]}]},{\"@type\":\"WebPage\",\"@id\":\"https:\\\/\\\/www.aliadospuebla.com\\\/?p=111937\",\"url\":\"https:\\\/\\\/www.aliadospuebla.com\\\/?p=111937\",\"name\":\"Fedrha Suriano fortalece estructura territorial de Movimiento Ciudadano en gira regional - AliadosPuebla\",\"isPartOf\":{\"@id\":\"https:\\\/\\\/www.aliadospuebla.com\\\/#website\"},\"primaryImageOfPage\":{\"@id\":\"https:\\\/\\\/www.aliadospuebla.com\\\/?p=111937#primaryimage\"},\"image\":{\"@id\":\"https:\\\/\\\/www.aliadospuebla.com\\\/?p=111937#primaryimage\"},\"thumbnailUrl\":\"https:\\\/\\\/www.aliadospuebla.com\\\/web2017\\\/wp-content\\\/uploads\\\/2026\\\/03\\\/44.jpg\",\"datePublished\":\"2026-03-06T18:02:20+00:00\",\"author\":{\"@id\":\"https:\\\/\\\/www.aliadospuebla.com\\\/#\\\/schema\\\/person\\\/5da7dd09320bd4f392b710017ed5f8ad\"},\"breadcrumb\":{\"@id\":\"https:\\\/\\\/www.aliadospuebla.com\\\/?p=111937#breadcrumb\"},\"inLanguage\":\"es\",\"potentialAction\":[{\"@type\":\"ReadAction\",\"target\":[\"https:\\\/\\\/www.aliadospuebla.com\\\/?p=111937\"]}]},{\"@type\":\"ImageObject\",\"inLanguage\":\"es\",\"@id\":\"https:\\\/\\\/www.aliadospuebla.com\\\/?p=111937#primaryimage\",\"url\":\"https:\\\/\\\/www.aliadospuebla.com\\\/web2017\\\/wp-content\\\/uploads\\\/2026\\\/03\\\/44.jpg\",\"contentUrl\":\"https:\\\/\\\/www.aliadospuebla.com\\\/web2017\\\/wp-content\\\/uploads\\\/2026\\\/03\\\/44.jpg\",\"width\":600,\"height\":450},{\"@type\":\"BreadcrumbList\",\"@id\":\"https:\\\/\\\/www.aliadospuebla.com\\\/?p=111937#breadcrumb\",\"itemListElement\":[{\"@type\":\"ListItem\",\"position\":1,\"name\":\"Portada\",\"item\":\"https:\\\/\\\/www.aliadospuebla.com\\\/\"},{\"@type\":\"ListItem\",\"position\":2,\"name\":\"Fedrha Suriano fortalece estructura territorial de Movimiento Ciudadano en gira regional\"}]},{\"@type\":\"WebSite\",\"@id\":\"https:\\\/\\\/www.aliadospuebla.com\\\/#website\",\"url\":\"https:\\\/\\\/www.aliadospuebla.com\\\/\",\"name\":\"AliadosPuebla\",\"description\":\"La informaci\u00f3n en tus manos\",\"potentialAction\":[{\"@type\":\"SearchAction\",\"target\":{\"@type\":\"EntryPoint\",\"urlTemplate\":\"https:\\\/\\\/www.aliadospuebla.com\\\/?s={search_term_string}\"},\"query-input\":{\"@type\":\"PropertyValueSpecification\",\"valueRequired\":true,\"valueName\":\"search_term_string\"}}],\"inLanguage\":\"es\"},{\"@type\":\"Person\",\"@id\":\"https:\\\/\\\/www.aliadospuebla.com\\\/#\\\/schema\\\/person\\\/5da7dd09320bd4f392b710017ed5f8ad\",\"name\":\"Aliados17\",\"image\":{\"@type\":\"ImageObject\",\"inLanguage\":\"es\",\"@id\":\"https:\\\/\\\/www.aliadospuebla.com\\\/web2017\\\/wp-content\\\/uploads\\\/2025\\\/03\\\/cropped-para-perfil-8-anos-1-96x96.jpg\",\"url\":\"https:\\\/\\\/www.aliadospuebla.com\\\/web2017\\\/wp-content\\\/uploads\\\/2025\\\/03\\\/cropped-para-perfil-8-anos-1-96x96.jpg\",\"contentUrl\":\"https:\\\/\\\/www.aliadospuebla.com\\\/web2017\\\/wp-content\\\/uploads\\\/2025\\\/03\\\/cropped-para-perfil-8-anos-1-96x96.jpg\",\"caption\":\"Aliados17\"},\"sameAs\":[\"https:\\\/\\\/www.aliados17.com\",\"https:\\\/\\\/www.facebook.com\\\/Aliados17Pue\",\"https:\\\/\\\/x.com\\\/AliadosPuebla\"],\"url\":\"https:\\\/\\\/www.aliadospuebla.com\\\/?author=2\"}]}<\/script>\n<!-- \/ Yoast SEO plugin. -->","yoast_head_json":{"title":"Fedrha Suriano fortalece estructura territorial de Movimiento Ciudadano en gira regional - AliadosPuebla","robots":{"index":"index","follow":"follow","max-snippet":"max-snippet:-1","max-image-preview":"max-image-preview:large","max-video-preview":"max-video-preview:-1"},"canonical":"https:\/\/www.aliadospuebla.com\/?p=111937","og_locale":"es_ES","og_type":"article","og_title":"Fedrha Suriano fortalece estructura territorial de Movimiento Ciudadano en gira regional - AliadosPuebla","og_description":"La Coordinadora Estatal de Movimiento Ciudadano, Fedrha Isabel Suriano Corrales, realiz\u00f3 una gira de trabajo, donde encabez\u00f3 la toma de protesta de las Comisiones Operativas Municipales de Ajalpan, Coyomeapan, Zapotitl\u00e1n, San Jos\u00e9 Miahuatl\u00e1n y Altepexi. En cada uno de los encuentros, la dirigente estatal tom\u00f3 protesta a quienes integran las nuevas Comisiones Operativas Municipales, exhort\u00e1ndoles a desempe\u00f1ar su encargo con responsabilidad, compromiso y apego a los principios que distinguen al movimiento. Subray\u00f3 que el fortalecimiento de la estructura territorial es fundamental para consolidar una organizaci\u00f3n cercana a la ciudadan\u00eda, con capacidad de escucha, gesti\u00f3n y respuesta ante las necesidades de las y los ciudadanos. Asimismo, destac\u00f3 que Movimiento Ciudadano contin\u00faa avanzando en la consolidaci\u00f3n de liderazgos locales s\u00f3lidos, con mujeres y hombres comprometidos con la&hellip;Leer m\u00e1s...","og_url":"https:\/\/www.aliadospuebla.com\/?p=111937","og_site_name":"AliadosPuebla","article_author":"https:\/\/www.facebook.com\/Aliados17Pue","article_published_time":"2026-03-06T18:02:20+00:00","og_image":[{"width":600,"height":450,"url":"https:\/\/www.aliadospuebla.com\/web2017\/wp-content\/uploads\/2026\/03\/44.jpg","type":"image\/jpeg"}],"author":"Aliados17","twitter_card":"summary_large_image","twitter_creator":"@AliadosPuebla","twitter_misc":{"Escrito por":"Aliados17","Tiempo de lectura":"2 minutos"},"schema":{"@context":"https:\/\/schema.org","@graph":[{"@type":"Article","@id":"https:\/\/www.aliadospuebla.com\/?p=111937#article","isPartOf":{"@id":"https:\/\/www.aliadospuebla.com\/?p=111937"},"author":{"name":"Aliados17","@id":"https:\/\/www.aliadospuebla.com\/#\/schema\/person\/5da7dd09320bd4f392b710017ed5f8ad"},"headline":"Fedrha Suriano fortalece estructura territorial de Movimiento Ciudadano en gira regional","datePublished":"2026-03-06T18:02:20+00:00","mainEntityOfPage":{"@id":"https:\/\/www.aliadospuebla.com\/?p=111937"},"wordCount":216,"commentCount":0,"image":{"@id":"https:\/\/www.aliadospuebla.com\/?p=111937#primaryimage"},"thumbnailUrl":"https:\/\/www.aliadospuebla.com\/web2017\/wp-content\/uploads\/2026\/03\/44.jpg","keywords":["COMISIONES OPERATIVAS MUNICIPALES","estructura territorial","Fedrha Suriano","GIRA DE TRABAJO","MOVIMIENTO CIUDADANO"],"articleSection":["Pol\u00edtica"],"inLanguage":"es","potentialAction":[{"@type":"CommentAction","name":"Comment","target":["https:\/\/www.aliadospuebla.com\/?p=111937#respond"]}]},{"@type":"WebPage","@id":"https:\/\/www.aliadospuebla.com\/?p=111937","url":"https:\/\/www.aliadospuebla.com\/?p=111937","name":"Fedrha Suriano fortalece estructura territorial de Movimiento Ciudadano en gira regional - AliadosPuebla","isPartOf":{"@id":"https:\/\/www.aliadospuebla.com\/#website"},"primaryImageOfPage":{"@id":"https:\/\/www.aliadospuebla.com\/?p=111937#primaryimage"},"image":{"@id":"https:\/\/www.aliadospuebla.com\/?p=111937#primaryimage"},"thumbnailUrl":"https:\/\/www.aliadospuebla.com\/web2017\/wp-content\/uploads\/2026\/03\/44.jpg","datePublished":"2026-03-06T18:02:20+00:00","author":{"@id":"https:\/\/www.aliadospuebla.com\/#\/schema\/person\/5da7dd09320bd4f392b710017ed5f8ad"},"breadcrumb":{"@id":"https:\/\/www.aliadospuebla.com\/?p=111937#breadcrumb"},"inLanguage":"es","potentialAction":[{"@type":"ReadAction","target":["https:\/\/www.aliadospuebla.com\/?p=111937"]}]},{"@type":"ImageObject","inLanguage":"es","@id":"https:\/\/www.aliadospuebla.com\/?p=111937#primaryimage","url":"https:\/\/www.aliadospuebla.com\/web2017\/wp-content\/uploads\/2026\/03\/44.jpg","contentUrl":"https:\/\/www.aliadospuebla.com\/web2017\/wp-content\/uploads\/2026\/03\/44.jpg","width":600,"height":450},{"@type":"BreadcrumbList","@id":"https:\/\/www.aliadospuebla.com\/?p=111937#breadcrumb","itemListElement":[{"@type":"ListItem","position":1,"name":"Portada","item":"https:\/\/www.aliadospuebla.com\/"},{"@type":"ListItem","position":2,"name":"Fedrha Suriano fortalece estructura territorial de Movimiento Ciudadano en gira regional"}]},{"@type":"WebSite","@id":"https:\/\/www.aliadospuebla.com\/#website","url":"https:\/\/www.aliadospuebla.com\/","name":"AliadosPuebla","description":"La informaci\u00f3n en tus manos","potentialAction":[{"@type":"SearchAction","target":{"@type":"EntryPoint","urlTemplate":"https:\/\/www.aliadospuebla.com\/?s={search_term_string}"},"query-input":{"@type":"PropertyValueSpecification","valueRequired":true,"valueName":"search_term_string"}}],"inLanguage":"es"},{"@type":"Person","@id":"https:\/\/www.aliadospuebla.com\/#\/schema\/person\/5da7dd09320bd4f392b710017ed5f8ad","name":"Aliados17","image":{"@type":"ImageObject","inLanguage":"es","@id":"https:\/\/www.aliadospuebla.com\/web2017\/wp-content\/uploads\/2025\/03\/cropped-para-perfil-8-anos-1-96x96.jpg","url":"https:\/\/www.aliadospuebla.com\/web2017\/wp-content\/uploads\/2025\/03\/cropped-para-perfil-8-anos-1-96x96.jpg","contentUrl":"https:\/\/www.aliadospuebla.com\/web2017\/wp-content\/uploads\/2025\/03\/cropped-para-perfil-8-anos-1-96x96.jpg","caption":"Aliados17"},"sameAs":["https:\/\/www.aliados17.com","https:\/\/www.facebook.com\/Aliados17Pue","https:\/\/x.com\/AliadosPuebla"],"url":"https:\/\/www.aliadospuebla.com\/?author=2"}]}},"views":11,"_links":{"self":[{"href":"https:\/\/www.aliadospuebla.com\/index.php?rest_route=\/wp\/v2\/posts\/111937","targetHints":{"allow":["GET"]}}],"collection":[{"href":"https:\/\/www.aliadospuebla.com\/index.php?rest_route=\/wp\/v2\/posts"}],"about":[{"href":"https:\/\/www.aliadospuebla.com\/index.php?rest_route=\/wp\/v2\/types\/post"}],"author":[{"embeddable":true,"href":"https:\/\/www.aliadospuebla.com\/index.php?rest_route=\/wp\/v2\/users\/2"}],"replies":[{"embeddable":true,"href":"https:\/\/www.aliadospuebla.com\/index.php?rest_route=%2Fwp%2Fv2%2Fcomments&post=111937"}],"version-history":[{"count":1,"href":"https:\/\/www.aliadospuebla.com\/index.php?rest_route=\/wp\/v2\/posts\/111937\/revisions"}],"predecessor-version":[{"id":111939,"href":"https:\/\/www.aliadospuebla.com\/index.php?rest_route=\/wp\/v2\/posts\/111937\/revisions\/111939"}],"wp:featuredmedia":[{"embeddable":true,"href":"https:\/\/www.aliadospuebla.com\/index.php?rest_route=\/wp\/v2\/media\/111938"}],"wp:attachment":[{"href":"https:\/\/www.aliadospuebla.com\/index.php?rest_route=%2Fwp%2Fv2%2Fmedia&parent=111937"}],"wp:term":[{"taxonomy":"category","embeddable":true,"href":"https:\/\/www.aliadospuebla.com\/index.php?rest_route=%2Fwp%2Fv2%2Fcategories&post=111937"},{"taxonomy":"post_tag","embeddable":true,"href":"https:\/\/www.aliadospuebla.com\/index.php?rest_route=%2Fwp%2Fv2%2Ftags&post=111937"}],"curies":[{"name":"wp","href":"https:\/\/api.w.org\/{rel}","templated":true}]}}