{"id":111908,"date":"2026-03-06T09:10:23","date_gmt":"2026-03-06T15:10:23","guid":{"rendered":"https:\/\/www.aliadospuebla.com\/?p=111908"},"modified":"2026-03-06T09:10:23","modified_gmt":"2026-03-06T15:10:23","slug":"impulsa-fedrha-suriano-iniciativa-en-materia-de-prevencion-y-sancion-del-embarazo-infantil-y-adolescente","status":"publish","type":"post","link":"https:\/\/www.aliadospuebla.com\/?p=111908","title":{"rendered":"Impulsa Fedrha Suriano iniciativa en materia de prevenci\u00f3n y sanci\u00f3n del embarazo infantil y adolescente"},"content":{"rendered":"<h4><em>Diputadas y diputados presentan iniciativas en materia de procuraci\u00f3n de justicia, igualdad, salud y deporte <\/em><\/h4>\n<p>Con el prop\u00f3sito de reconocer expresamente la violencia por embarazo infantil y adolescente,<\/p>\n<p>como una manifestaci\u00f3n de violencia estructural que afecta el desarrollo integral<\/p>\n<p>y el proyecto de vida de ni\u00f1as y adolescentes, la diputada Fedrha Isabel Suriano Corrales<\/p>\n<p>present\u00f3 una iniciativa.<\/p>\n<p>&nbsp;<\/p>\n<p>La propuesta legislativa incorpora mandatos claros para el Gobierno del Estado,<\/p>\n<p>por conducto de las autoridades competentes en materia de salud y educaci\u00f3n,<\/p>\n<p>a fin de implementar acciones integrales que garanticen el acceso oportuno,<\/p>\n<p>confidencial y gratuito a servicios de salud sexual y reproductiva, incluyendo<\/p>\n<p>orientaci\u00f3n y suministro de m\u00e9todos anticonceptivos, con enfoque de prevenci\u00f3n<\/p>\n<p>del embarazo infantil y adolescente.<\/p>\n<p>&nbsp;<\/p>\n<p>Tambi\u00e9n, se establece la obligaci\u00f3n de garantizar la permanencia escolar de ni\u00f1as<\/p>\n<p>y adolescentes en situaci\u00f3n de embarazo, mediante medidas de flexibilidad acad\u00e9mica y programas de acompa\u00f1amiento educativo que aseguren la continuidad de sus estudios y prevengan la deserci\u00f3n escolar.<\/p>\n<h4>Adem\u00e1s, la iniciativa fortalece la respuesta penal frente a los casos en que el embarazo sea consecuencia de conductas delictivas.<\/h4>\n<p>La propuesta mediante la cual se adiciona el art\u00edculo 18 Ter a la Ley para el Acceso<\/p>\n<p>de las Mujeres a una Vida Libre de Violencia del Estado de Puebla,<\/p>\n<p>y se reforman los art\u00edculos 266 y 272 del C\u00f3digo Penal del Estado Libre y Soberano de Puebla,<\/p>\n<p>fue enviada a la Comisi\u00f3n de Procuraci\u00f3n y Administraci\u00f3n de Justicia para su an\u00e1lisis.<\/p>\n<p>&nbsp;<\/p>\n<p>Por otra parte, la diputada Celia Bonaga Ruiz present\u00f3 una iniciativa de reforma<\/p>\n<p>a la Ley para el Acceso de las Mujeres a una Vida Libre de Violencia del Estado de Puebla,<\/p>\n<p>para adicionar dentro de las modalidades de violencia contra las mujeres,<\/p>\n<p>particularmente en el \u00e1mbito laboral, la negativa u obstaculizaci\u00f3n para otorgar permisos<\/p>\n<p>o licencias con goce de sueldo, debidamente acreditados mediante constancia m\u00e9dica<\/p>\n<p>expedida por instituci\u00f3n p\u00fablica de salud, cuando las trabajadoras<\/p>\n<p>padezcan endometriosis severa o dismenorrea primaria o secundaria en grado incapacitante.<\/p>\n<p>&nbsp;<\/p>\n<p>Adem\u00e1s, de la negativa, restricci\u00f3n u obstaculizaci\u00f3n para justificar inasistencias,<\/p>\n<p>otorgar facilidades acad\u00e9micas o reconocer constancias m\u00e9dicas expedidas<\/p>\n<p>por instituciones p\u00fablicas de salud, cuando las estudiantes padezcan endometriosis severa<\/p>\n<p>o dismenorrea primaria o secundaria en grado incapacitante,<\/p>\n<p>afectando su permanencia o desarrollo educativo en condiciones de igualdad.<\/p>\n<h4>La propuesta legislativa de la diputada Fedrha Suriano fue turnada a la Comisi\u00f3n de Procuraci\u00f3n y Administraci\u00f3n de Justicia, mientras que la de la diputada Celia Bonaga fue enviada a la Comisi\u00f3n de Igualdad de G\u00e9nero para su an\u00e1lisis.<\/h4>\n<p>Por otra parte, la diputada Mar\u00eda Soledad Amieva Zamora present\u00f3 una iniciativa<\/p>\n<p>para reformar y adicionar diversas disposiciones de la Ley de Seguridad P\u00fablica para,<\/p>\n<p>entre otros aspectos, promover que el trabajo penitenciario se realice bajo esquemas<\/p>\n<p>de formalizaci\u00f3n laboral, con capacitaci\u00f3n certificable y condiciones equiparables al trabajo en libertad.<\/p>\n<p>&nbsp;<\/p>\n<p>La propuesta legislativa fue turnada a la Comisi\u00f3n de Seguridad P\u00fablica para<\/p>\n<p>su estudio y resoluci\u00f3n procedente.<\/p>\n<p>&nbsp;<\/p>\n<p>Adem\u00e1s, el diputado Jos\u00e9 Luis Figueroa Cort\u00e9s present\u00f3 una iniciativa<\/p>\n<p>para adicionar el art\u00edculo 30 Quinquies a la Ley Estatal del Deporte,<\/p>\n<p>con la finalidad de establecer que la Universidad del Deporte del Estado de Puebla<\/p>\n<p>deber\u00e1 dise\u00f1ar, implementar y ofertar programas acad\u00e9micos, de formaci\u00f3n profesional,<\/p>\n<p>capacitaci\u00f3n, investigaci\u00f3n y actualizaci\u00f3n, orientados al desarrollo,<\/p>\n<p>promoci\u00f3n y fortalecimiento del deporte adaptado y de las actividades f\u00edsicas<\/p>\n<p>dirigidas a personas con discapacidad.<\/p>\n<p>&nbsp;<\/p>\n<h4>Esta iniciativa fue turnada a la Comisi\u00f3n de Juventud y Deporte para su estudio y resoluci\u00f3n correspondiente.<\/h4>\n<p>Durante la sesi\u00f3n, la Mesa Directiva dio cuenta de los siguientes asuntos:<\/p>\n<p>Iniciativa de la diputada Floricel Gonz\u00e1lez M\u00e9ndez para reformar y adicionar diversas disposiciones de la Ley de Fraccionamientos y Acciones Urban\u00edsticas del Estado, mediante la cual se propone reforzar el car\u00e1cter preventivo de la actuaci\u00f3n municipal, estableciendo de manera expresa que, previo a la autorizaci\u00f3n de fraccionamientos y desarrollos en r\u00e9gimen de propiedad y condominio, se verifique la viabilidad real de los servicios p\u00fablicos, el impacto en el entorno y las condiciones de movilidad.<\/p>\n<p>&nbsp;<\/p>\n<h4>La propuesta legislativa fue enviada a la Comisi\u00f3n de Desarrollo Urbano para su estudio y resoluci\u00f3n procedente.<\/h4>\n<p>&nbsp;<\/p>\n<p>&#8211; Iniciativa de la diputada Mar\u00eda Soledad Amieva Zamora para adicionar diversas disposiciones de la Ley Estatal de Salud, con la finalidad de establecer el reconocimiento y la garant\u00eda de la salud menstrual como un componente indispensable del bienestar f\u00edsico y mental, asegurando que las mujeres, adolescentes y ni\u00f1as vivan su ciclo fisiol\u00f3gico con dignidad, libertad y sin estigmas, mediante el acceso a condiciones adecuadas que mejoren su calidad de vida y el ejercicio pleno de sus derechos humanos.<\/p>\n<p>&nbsp;<\/p>\n<p>La propuesta legislativa fue enviada a la Comisi\u00f3n de Salud para su an\u00e1lisis.<\/p>\n<p>&nbsp;<\/p>\n<p>-Iniciativa del diputado Elpidio D\u00edaz Escobar y la diputada Azucena Rosas Tapia, mediante la cual se reforman y adicionan diversas disposiciones de la Ley Org\u00e1nica Municipal, en materia de adopci\u00f3n de medidas para combatir el cambio clim\u00e1tico y sus efectos a trav\u00e9s del uso de \u201cenerg\u00edas renovables\u201d.<\/p>\n<p>&nbsp;<\/p>\n<p>Esta iniciativa fue enviada a la Comisi\u00f3n de Asuntos Municipales para su estudio y resoluci\u00f3n procedente.<\/p>\n<p>&nbsp;<\/p>\n<p>&#8211; Iniciativa del diputado Elpidio D\u00edaz Escobar y la diputada Azucena Rosas Tapia presentaron una iniciativa mediante la cual se reforman diversas disposiciones del C\u00f3digo Civil, para incorporar lenguaje incluyente no discriminatorio, a fin de proteger a personas con discapacidad.<\/p>\n<p>&nbsp;<\/p>\n<p>La propuesta legislativa fue turnada a la Comisi\u00f3n de Procuraci\u00f3n y Administraci\u00f3n de Justicia para su an\u00e1lisis.<\/p>\n<p>&nbsp;<\/p>\n<p>&#8211; Iniciativa del diputado Julio Miguel Huerta G\u00f3mez para adicionar y derogar<\/p>\n<p>diversas disposiciones de la Ley Org\u00e1nica del Centro de Conciliaci\u00f3n Laboral del Estado de Puebla,<\/p>\n<p>con la finalidad de actualizar la denominaci\u00f3n de dependencias y establecer que<\/p>\n<p>es facultad \u00fanica y exclusiva de los miembros propietarios designar a sus suplentes,<\/p>\n<p>quienes deber\u00e1n tener cuando menos el cargo de director general.<\/p>\n<h4>Esta iniciativa fue enviada a la Comisi\u00f3n de Trabajo, Competitividad y Previsi\u00f3n Social para su estudio y resoluci\u00f3n procedente.<\/h4>\n<p>Iniciativa del diputado Julio Miguel Huerta G\u00f3mez para reformar el inciso c)<\/p>\n<p>de la fracci\u00f3n III del Apartado B del art\u00edculo 40 de la Ley de Ingresos del Estado de Puebla,<\/p>\n<p>para el Ejercicio Fiscal 2026, con la finalidad de suprimir la referencia restrictiva<\/p>\n<p>a la modalidad de taxi, de modo que la licencia transitoria de seis meses<\/p>\n<p>con cuota accesible de $375.00 pueda ser tramitada por cualquier persona<\/p>\n<p>que aspire a desempe\u00f1arse como chofer en el sector.<\/p>\n<h4>La propuesta legislativa fue turnada a la Comisi\u00f3n de Hacienda y Patrimonio Municipal para su estudio y resoluci\u00f3n correspondiente.<\/h4>\n<p>Iniciativa del diputado Julio Miguel Huerta G\u00f3mez, mediante la cual se reforman<\/p>\n<p>y adicionan diversas disposiciones de la Ley de Bibliotecas, con la finalidad de establecer<\/p>\n<p>que el Gobierno del Estado y los municipales, garantizar\u00e1n el establecimiento,<\/p>\n<p>organizaci\u00f3n y sostenimiento de bibliotecas p\u00fablicas, impulsando su integraci\u00f3n<\/p>\n<p>a la Red Nacional y asegurando su funcionamiento, equipamiento, mantenimiento<\/p>\n<p>y actualizaci\u00f3n permanente; as\u00ed como la provisi\u00f3n de un \u00e1rea de servicios de c\u00f3mputo<\/p>\n<p>y los servicios culturales complementarios que a trav\u00e9s de \u00e9stas se otorguen.<\/p>\n<h4>La iniciativa mediante la cual se reforma y se adiciona un segundo p\u00e1rrafo al art\u00edculo 9 de la Ley de Bibliotecas del Estado de Puebla fue enviada a la Comisi\u00f3n de Cultura para su an\u00e1lisis.<\/h4>\n<p>Iniciativa del diputado El\u00edas Lozada Ortega y la diputada Leonela Jazm\u00edn Mart\u00ednez Ayala<\/p>\n<p>para adicionar diversas disposiciones al C\u00f3digo Penal, con el objetivo de establecer que,<\/p>\n<p>a quien cometa el delito de maltrato animal, adem\u00e1s de las penas de prisi\u00f3n y multa previstas,<\/p>\n<p>el Juez deber\u00e1 imponer como sanci\u00f3n accesoria la inhabilitaci\u00f3n para la tenencia, cuidado,<\/p>\n<p>posesi\u00f3n, adopci\u00f3n o custodia de animales.<\/p>\n","protected":false},"excerpt":{"rendered":"<p>Diputadas y diputados presentan iniciativas en materia de procuraci\u00f3n de justicia, igualdad, salud y deporte Con el prop\u00f3sito de reconocer expresamente la violencia por embarazo infantil y adolescente, como una manifestaci\u00f3n de violencia estructural que afecta el desarrollo integral y el proyecto de vida de ni\u00f1as y adolescentes, la diputada Fedrha Isabel Suriano Corrales present\u00f3 una iniciativa. &nbsp; La propuesta legislativa incorpora mandatos claros para el Gobierno del Estado, por conducto de las autoridades competentes en materia de salud y educaci\u00f3n, a fin de implementar acciones integrales que garanticen el acceso oportuno, confidencial y gratuito a servicios de salud sexual y reproductiva, incluyendo orientaci\u00f3n y suministro de m\u00e9todos anticonceptivos, con enfoque de prevenci\u00f3n del embarazo infantil y adolescente. &nbsp; Tambi\u00e9n, se establece la obligaci\u00f3n de&hellip;<\/p>\n<p class=\"excerpt-more\"><a class=\"blog-excerpt button\" href=\"https:\/\/www.aliadospuebla.com\/?p=111908\">Leer m\u00e1s&#8230;<\/a><\/p>\n","protected":false},"author":2,"featured_media":111909,"comment_status":"open","ping_status":"open","sticky":false,"template":"","format":"standard","meta":{"_monsterinsights_skip_tracking":false,"footnotes":""},"categories":[6],"tags":[17275,24481,836,259,32618,24546,31977,365,32617,32619],"class_list":["post-111908","post","type-post","status-publish","format-standard","has-post-thumbnail","hentry","category-politica","tag-embarazo-infantil","tag-fedrha-isabel-suriano-corrales","tag-igualdad","tag-iniciativa","tag-prevencion-del-embarazo-infantil","tag-procuracion-de-justicia","tag-propuesta-legislativa","tag-salud","tag-violencia-estructural","tag-violencia-por-embarazo-infantil"],"yoast_head":"<!-- This site is optimized with the Yoast SEO plugin v28.4 - https:\/\/yoast.com\/product\/yoast-seo-wordpress\/ -->\n<title>Impulsa Fedrha Suriano iniciativa en materia de prevenci\u00f3n y sanci\u00f3n del embarazo infantil y adolescente - AliadosPuebla<\/title>\n<meta name=\"robots\" content=\"index, follow, max-snippet:-1, max-image-preview:large, max-video-preview:-1\" \/>\n<link rel=\"canonical\" href=\"https:\/\/www.aliadospuebla.com\/?p=111908\" \/>\n<meta property=\"og:locale\" content=\"es_ES\" \/>\n<meta property=\"og:type\" content=\"article\" \/>\n<meta property=\"og:title\" content=\"Impulsa Fedrha Suriano iniciativa en materia de prevenci\u00f3n y sanci\u00f3n del embarazo infantil y adolescente - AliadosPuebla\" \/>\n<meta property=\"og:description\" content=\"Diputadas y diputados presentan iniciativas en materia de procuraci\u00f3n de justicia, igualdad, salud y deporte Con el prop\u00f3sito de reconocer expresamente la violencia por embarazo infantil y adolescente, como una manifestaci\u00f3n de violencia estructural que afecta el desarrollo integral y el proyecto de vida de ni\u00f1as y adolescentes, la diputada Fedrha Isabel Suriano Corrales present\u00f3 una iniciativa. &nbsp; La propuesta legislativa incorpora mandatos claros para el Gobierno del Estado, por conducto de las autoridades competentes en materia de salud y educaci\u00f3n, a fin de implementar acciones integrales que garanticen el acceso oportuno, confidencial y gratuito a servicios de salud sexual y reproductiva, incluyendo orientaci\u00f3n y suministro de m\u00e9todos anticonceptivos, con enfoque de prevenci\u00f3n del embarazo infantil y adolescente. &nbsp; Tambi\u00e9n, se establece la obligaci\u00f3n de&hellip;Leer m\u00e1s...\" \/>\n<meta property=\"og:url\" content=\"https:\/\/www.aliadospuebla.com\/?p=111908\" \/>\n<meta property=\"og:site_name\" content=\"AliadosPuebla\" \/>\n<meta property=\"article:author\" content=\"https:\/\/www.facebook.com\/Aliados17Pue\" \/>\n<meta property=\"article:published_time\" content=\"2026-03-06T15:10:23+00:00\" \/>\n<meta property=\"og:image\" content=\"https:\/\/www.aliadospuebla.com\/web2017\/wp-content\/uploads\/2026\/03\/35.jpg\" \/>\n\t<meta property=\"og:image:width\" content=\"600\" \/>\n\t<meta property=\"og:image:height\" content=\"450\" \/>\n\t<meta property=\"og:image:type\" content=\"image\/jpeg\" \/>\n<meta name=\"author\" content=\"Aliados17\" \/>\n<meta name=\"twitter:card\" content=\"summary_large_image\" \/>\n<meta name=\"twitter:creator\" content=\"@AliadosPuebla\" \/>\n<meta name=\"twitter:label1\" content=\"Escrito por\" \/>\n\t<meta name=\"twitter:data1\" content=\"Aliados17\" \/>\n\t<meta name=\"twitter:label2\" content=\"Tiempo de lectura\" \/>\n\t<meta name=\"twitter:data2\" content=\"6 minutos\" \/>\n<script type=\"application\/ld+json\" class=\"yoast-schema-graph\">{\"@context\":\"https:\\\/\\\/schema.org\",\"@graph\":[{\"@type\":\"Article\",\"@id\":\"https:\\\/\\\/www.aliadospuebla.com\\\/?p=111908#article\",\"isPartOf\":{\"@id\":\"https:\\\/\\\/www.aliadospuebla.com\\\/?p=111908\"},\"author\":{\"name\":\"Aliados17\",\"@id\":\"https:\\\/\\\/www.aliadospuebla.com\\\/#\\\/schema\\\/person\\\/5da7dd09320bd4f392b710017ed5f8ad\"},\"headline\":\"Impulsa Fedrha Suriano iniciativa en materia de prevenci\u00f3n y sanci\u00f3n del embarazo infantil y adolescente\",\"datePublished\":\"2026-03-06T15:10:23+00:00\",\"mainEntityOfPage\":{\"@id\":\"https:\\\/\\\/www.aliadospuebla.com\\\/?p=111908\"},\"wordCount\":1388,\"commentCount\":0,\"image\":{\"@id\":\"https:\\\/\\\/www.aliadospuebla.com\\\/?p=111908#primaryimage\"},\"thumbnailUrl\":\"https:\\\/\\\/www.aliadospuebla.com\\\/web2017\\\/wp-content\\\/uploads\\\/2026\\\/03\\\/35.jpg\",\"keywords\":[\"embarazo infantil\",\"Fedrha Isabel Suriano Corrales\",\"IGUALDAD\",\"iniciativa\",\"prevenci\u00f3n del embarazo infantil\",\"procuraci\u00f3n de justicia\",\"propuesta legislativa\",\"SALUD\",\"violencia estructural\",\"violencia por embarazo infantil\"],\"articleSection\":[\"Pol\u00edtica\"],\"inLanguage\":\"es\",\"potentialAction\":[{\"@type\":\"CommentAction\",\"name\":\"Comment\",\"target\":[\"https:\\\/\\\/www.aliadospuebla.com\\\/?p=111908#respond\"]}]},{\"@type\":\"WebPage\",\"@id\":\"https:\\\/\\\/www.aliadospuebla.com\\\/?p=111908\",\"url\":\"https:\\\/\\\/www.aliadospuebla.com\\\/?p=111908\",\"name\":\"Impulsa Fedrha Suriano iniciativa en materia de prevenci\u00f3n y sanci\u00f3n del embarazo infantil y adolescente - AliadosPuebla\",\"isPartOf\":{\"@id\":\"https:\\\/\\\/www.aliadospuebla.com\\\/#website\"},\"primaryImageOfPage\":{\"@id\":\"https:\\\/\\\/www.aliadospuebla.com\\\/?p=111908#primaryimage\"},\"image\":{\"@id\":\"https:\\\/\\\/www.aliadospuebla.com\\\/?p=111908#primaryimage\"},\"thumbnailUrl\":\"https:\\\/\\\/www.aliadospuebla.com\\\/web2017\\\/wp-content\\\/uploads\\\/2026\\\/03\\\/35.jpg\",\"datePublished\":\"2026-03-06T15:10:23+00:00\",\"author\":{\"@id\":\"https:\\\/\\\/www.aliadospuebla.com\\\/#\\\/schema\\\/person\\\/5da7dd09320bd4f392b710017ed5f8ad\"},\"breadcrumb\":{\"@id\":\"https:\\\/\\\/www.aliadospuebla.com\\\/?p=111908#breadcrumb\"},\"inLanguage\":\"es\",\"potentialAction\":[{\"@type\":\"ReadAction\",\"target\":[\"https:\\\/\\\/www.aliadospuebla.com\\\/?p=111908\"]}]},{\"@type\":\"ImageObject\",\"inLanguage\":\"es\",\"@id\":\"https:\\\/\\\/www.aliadospuebla.com\\\/?p=111908#primaryimage\",\"url\":\"https:\\\/\\\/www.aliadospuebla.com\\\/web2017\\\/wp-content\\\/uploads\\\/2026\\\/03\\\/35.jpg\",\"contentUrl\":\"https:\\\/\\\/www.aliadospuebla.com\\\/web2017\\\/wp-content\\\/uploads\\\/2026\\\/03\\\/35.jpg\",\"width\":600,\"height\":450},{\"@type\":\"BreadcrumbList\",\"@id\":\"https:\\\/\\\/www.aliadospuebla.com\\\/?p=111908#breadcrumb\",\"itemListElement\":[{\"@type\":\"ListItem\",\"position\":1,\"name\":\"Portada\",\"item\":\"https:\\\/\\\/www.aliadospuebla.com\\\/\"},{\"@type\":\"ListItem\",\"position\":2,\"name\":\"Impulsa Fedrha Suriano iniciativa en materia de prevenci\u00f3n y sanci\u00f3n del embarazo infantil y adolescente\"}]},{\"@type\":\"WebSite\",\"@id\":\"https:\\\/\\\/www.aliadospuebla.com\\\/#website\",\"url\":\"https:\\\/\\\/www.aliadospuebla.com\\\/\",\"name\":\"AliadosPuebla\",\"description\":\"La informaci\u00f3n en tus manos\",\"potentialAction\":[{\"@type\":\"SearchAction\",\"target\":{\"@type\":\"EntryPoint\",\"urlTemplate\":\"https:\\\/\\\/www.aliadospuebla.com\\\/?s={search_term_string}\"},\"query-input\":{\"@type\":\"PropertyValueSpecification\",\"valueRequired\":true,\"valueName\":\"search_term_string\"}}],\"inLanguage\":\"es\"},{\"@type\":\"Person\",\"@id\":\"https:\\\/\\\/www.aliadospuebla.com\\\/#\\\/schema\\\/person\\\/5da7dd09320bd4f392b710017ed5f8ad\",\"name\":\"Aliados17\",\"image\":{\"@type\":\"ImageObject\",\"inLanguage\":\"es\",\"@id\":\"https:\\\/\\\/www.aliadospuebla.com\\\/web2017\\\/wp-content\\\/uploads\\\/2025\\\/03\\\/cropped-para-perfil-8-anos-1-96x96.jpg\",\"url\":\"https:\\\/\\\/www.aliadospuebla.com\\\/web2017\\\/wp-content\\\/uploads\\\/2025\\\/03\\\/cropped-para-perfil-8-anos-1-96x96.jpg\",\"contentUrl\":\"https:\\\/\\\/www.aliadospuebla.com\\\/web2017\\\/wp-content\\\/uploads\\\/2025\\\/03\\\/cropped-para-perfil-8-anos-1-96x96.jpg\",\"caption\":\"Aliados17\"},\"sameAs\":[\"https:\\\/\\\/www.aliados17.com\",\"https:\\\/\\\/www.facebook.com\\\/Aliados17Pue\",\"https:\\\/\\\/x.com\\\/AliadosPuebla\"],\"url\":\"https:\\\/\\\/www.aliadospuebla.com\\\/?author=2\"}]}<\/script>\n<!-- \/ Yoast SEO plugin. -->","yoast_head_json":{"title":"Impulsa Fedrha Suriano iniciativa en materia de prevenci\u00f3n y sanci\u00f3n del embarazo infantil y adolescente - AliadosPuebla","robots":{"index":"index","follow":"follow","max-snippet":"max-snippet:-1","max-image-preview":"max-image-preview:large","max-video-preview":"max-video-preview:-1"},"canonical":"https:\/\/www.aliadospuebla.com\/?p=111908","og_locale":"es_ES","og_type":"article","og_title":"Impulsa Fedrha Suriano iniciativa en materia de prevenci\u00f3n y sanci\u00f3n del embarazo infantil y adolescente - AliadosPuebla","og_description":"Diputadas y diputados presentan iniciativas en materia de procuraci\u00f3n de justicia, igualdad, salud y deporte Con el prop\u00f3sito de reconocer expresamente la violencia por embarazo infantil y adolescente, como una manifestaci\u00f3n de violencia estructural que afecta el desarrollo integral y el proyecto de vida de ni\u00f1as y adolescentes, la diputada Fedrha Isabel Suriano Corrales present\u00f3 una iniciativa. &nbsp; La propuesta legislativa incorpora mandatos claros para el Gobierno del Estado, por conducto de las autoridades competentes en materia de salud y educaci\u00f3n, a fin de implementar acciones integrales que garanticen el acceso oportuno, confidencial y gratuito a servicios de salud sexual y reproductiva, incluyendo orientaci\u00f3n y suministro de m\u00e9todos anticonceptivos, con enfoque de prevenci\u00f3n del embarazo infantil y adolescente. &nbsp; Tambi\u00e9n, se establece la obligaci\u00f3n de&hellip;Leer m\u00e1s...","og_url":"https:\/\/www.aliadospuebla.com\/?p=111908","og_site_name":"AliadosPuebla","article_author":"https:\/\/www.facebook.com\/Aliados17Pue","article_published_time":"2026-03-06T15:10:23+00:00","og_image":[{"width":600,"height":450,"url":"https:\/\/www.aliadospuebla.com\/web2017\/wp-content\/uploads\/2026\/03\/35.jpg","type":"image\/jpeg"}],"author":"Aliados17","twitter_card":"summary_large_image","twitter_creator":"@AliadosPuebla","twitter_misc":{"Escrito por":"Aliados17","Tiempo de lectura":"6 minutos"},"schema":{"@context":"https:\/\/schema.org","@graph":[{"@type":"Article","@id":"https:\/\/www.aliadospuebla.com\/?p=111908#article","isPartOf":{"@id":"https:\/\/www.aliadospuebla.com\/?p=111908"},"author":{"name":"Aliados17","@id":"https:\/\/www.aliadospuebla.com\/#\/schema\/person\/5da7dd09320bd4f392b710017ed5f8ad"},"headline":"Impulsa Fedrha Suriano iniciativa en materia de prevenci\u00f3n y sanci\u00f3n del embarazo infantil y adolescente","datePublished":"2026-03-06T15:10:23+00:00","mainEntityOfPage":{"@id":"https:\/\/www.aliadospuebla.com\/?p=111908"},"wordCount":1388,"commentCount":0,"image":{"@id":"https:\/\/www.aliadospuebla.com\/?p=111908#primaryimage"},"thumbnailUrl":"https:\/\/www.aliadospuebla.com\/web2017\/wp-content\/uploads\/2026\/03\/35.jpg","keywords":["embarazo infantil","Fedrha Isabel Suriano Corrales","IGUALDAD","iniciativa","prevenci\u00f3n del embarazo infantil","procuraci\u00f3n de justicia","propuesta legislativa","SALUD","violencia estructural","violencia por embarazo infantil"],"articleSection":["Pol\u00edtica"],"inLanguage":"es","potentialAction":[{"@type":"CommentAction","name":"Comment","target":["https:\/\/www.aliadospuebla.com\/?p=111908#respond"]}]},{"@type":"WebPage","@id":"https:\/\/www.aliadospuebla.com\/?p=111908","url":"https:\/\/www.aliadospuebla.com\/?p=111908","name":"Impulsa Fedrha Suriano iniciativa en materia de prevenci\u00f3n y sanci\u00f3n del embarazo infantil y adolescente - AliadosPuebla","isPartOf":{"@id":"https:\/\/www.aliadospuebla.com\/#website"},"primaryImageOfPage":{"@id":"https:\/\/www.aliadospuebla.com\/?p=111908#primaryimage"},"image":{"@id":"https:\/\/www.aliadospuebla.com\/?p=111908#primaryimage"},"thumbnailUrl":"https:\/\/www.aliadospuebla.com\/web2017\/wp-content\/uploads\/2026\/03\/35.jpg","datePublished":"2026-03-06T15:10:23+00:00","author":{"@id":"https:\/\/www.aliadospuebla.com\/#\/schema\/person\/5da7dd09320bd4f392b710017ed5f8ad"},"breadcrumb":{"@id":"https:\/\/www.aliadospuebla.com\/?p=111908#breadcrumb"},"inLanguage":"es","potentialAction":[{"@type":"ReadAction","target":["https:\/\/www.aliadospuebla.com\/?p=111908"]}]},{"@type":"ImageObject","inLanguage":"es","@id":"https:\/\/www.aliadospuebla.com\/?p=111908#primaryimage","url":"https:\/\/www.aliadospuebla.com\/web2017\/wp-content\/uploads\/2026\/03\/35.jpg","contentUrl":"https:\/\/www.aliadospuebla.com\/web2017\/wp-content\/uploads\/2026\/03\/35.jpg","width":600,"height":450},{"@type":"BreadcrumbList","@id":"https:\/\/www.aliadospuebla.com\/?p=111908#breadcrumb","itemListElement":[{"@type":"ListItem","position":1,"name":"Portada","item":"https:\/\/www.aliadospuebla.com\/"},{"@type":"ListItem","position":2,"name":"Impulsa Fedrha Suriano iniciativa en materia de prevenci\u00f3n y sanci\u00f3n del embarazo infantil y adolescente"}]},{"@type":"WebSite","@id":"https:\/\/www.aliadospuebla.com\/#website","url":"https:\/\/www.aliadospuebla.com\/","name":"AliadosPuebla","description":"La informaci\u00f3n en tus manos","potentialAction":[{"@type":"SearchAction","target":{"@type":"EntryPoint","urlTemplate":"https:\/\/www.aliadospuebla.com\/?s={search_term_string}"},"query-input":{"@type":"PropertyValueSpecification","valueRequired":true,"valueName":"search_term_string"}}],"inLanguage":"es"},{"@type":"Person","@id":"https:\/\/www.aliadospuebla.com\/#\/schema\/person\/5da7dd09320bd4f392b710017ed5f8ad","name":"Aliados17","image":{"@type":"ImageObject","inLanguage":"es","@id":"https:\/\/www.aliadospuebla.com\/web2017\/wp-content\/uploads\/2025\/03\/cropped-para-perfil-8-anos-1-96x96.jpg","url":"https:\/\/www.aliadospuebla.com\/web2017\/wp-content\/uploads\/2025\/03\/cropped-para-perfil-8-anos-1-96x96.jpg","contentUrl":"https:\/\/www.aliadospuebla.com\/web2017\/wp-content\/uploads\/2025\/03\/cropped-para-perfil-8-anos-1-96x96.jpg","caption":"Aliados17"},"sameAs":["https:\/\/www.aliados17.com","https:\/\/www.facebook.com\/Aliados17Pue","https:\/\/x.com\/AliadosPuebla"],"url":"https:\/\/www.aliadospuebla.com\/?author=2"}]}},"views":21,"_links":{"self":[{"href":"https:\/\/www.aliadospuebla.com\/index.php?rest_route=\/wp\/v2\/posts\/111908","targetHints":{"allow":["GET"]}}],"collection":[{"href":"https:\/\/www.aliadospuebla.com\/index.php?rest_route=\/wp\/v2\/posts"}],"about":[{"href":"https:\/\/www.aliadospuebla.com\/index.php?rest_route=\/wp\/v2\/types\/post"}],"author":[{"embeddable":true,"href":"https:\/\/www.aliadospuebla.com\/index.php?rest_route=\/wp\/v2\/users\/2"}],"replies":[{"embeddable":true,"href":"https:\/\/www.aliadospuebla.com\/index.php?rest_route=%2Fwp%2Fv2%2Fcomments&post=111908"}],"version-history":[{"count":1,"href":"https:\/\/www.aliadospuebla.com\/index.php?rest_route=\/wp\/v2\/posts\/111908\/revisions"}],"predecessor-version":[{"id":111910,"href":"https:\/\/www.aliadospuebla.com\/index.php?rest_route=\/wp\/v2\/posts\/111908\/revisions\/111910"}],"wp:featuredmedia":[{"embeddable":true,"href":"https:\/\/www.aliadospuebla.com\/index.php?rest_route=\/wp\/v2\/media\/111909"}],"wp:attachment":[{"href":"https:\/\/www.aliadospuebla.com\/index.php?rest_route=%2Fwp%2Fv2%2Fmedia&parent=111908"}],"wp:term":[{"taxonomy":"category","embeddable":true,"href":"https:\/\/www.aliadospuebla.com\/index.php?rest_route=%2Fwp%2Fv2%2Fcategories&post=111908"},{"taxonomy":"post_tag","embeddable":true,"href":"https:\/\/www.aliadospuebla.com\/index.php?rest_route=%2Fwp%2Fv2%2Ftags&post=111908"}],"curies":[{"name":"wp","href":"https:\/\/api.w.org\/{rel}","templated":true}]}}