{"id":111767,"date":"2026-02-24T22:27:23","date_gmt":"2026-02-25T04:27:23","guid":{"rendered":"https:\/\/www.aliadospuebla.com\/?p=111767"},"modified":"2026-03-01T22:39:11","modified_gmt":"2026-03-02T04:39:11","slug":"ayuntamiento-de-tecamachalco-controla-oportunamente-incendio-en-faldas-del-cerro-monumento","status":"publish","type":"post","link":"https:\/\/www.aliadospuebla.com\/?p=111767","title":{"rendered":"Ayuntamiento de Tecamachalco controla oportunamente incendio en faldas del Cerro Monumento"},"content":{"rendered":"<h4>Tecamachalco, Puebla. \u2013 El H. Ayuntamiento de Tecamachalco informa que, derivado de un reporte recibido a trav\u00e9s del 911 por la visualizaci\u00f3n de una posible reactivaci\u00f3n de incendio forestal en el Cerro Monumento, se despleg\u00f3 de inmediato un operativo de atenci\u00f3n en la zona.<\/h4>\n<p>El incendio se registr\u00f3 en las faldas del cerro, en un punto distinto al afectado el pasado s\u00e1bado,<\/p>\n<p>por lo que se descarta que se trate de una reactivaci\u00f3n.<\/p>\n<p>Gracias a la pronta intervenci\u00f3n de los cuerpos de emergencia,<\/p>\n<p>el fuego fue controlado oportunamente, evitando su propagaci\u00f3n y que alcanzara la zona del cerro.<\/p>\n<p>En las labores participaron elementos de Protecci\u00f3n Civil, Bomberos,<\/p>\n<p>Direcci\u00f3n de Servicios Generales, as\u00ed como personal de Desarrollo Urbano,<\/p>\n<p>quienes trabajaron de manera coordinada para contener la situaci\u00f3n.<\/p>\n<p>El Gobierno Municipal exhorta a la ciudadan\u00eda a evitar quemas, no arrojar colillas de cigarro en \u00e1reas naturales y reportar de inmediato cualquier columna de humo a los n\u00fameros de emergencia.<\/p>\n","protected":false},"excerpt":{"rendered":"<p>Tecamachalco, Puebla. \u2013 El H. Ayuntamiento de Tecamachalco informa que, derivado de un reporte recibido a trav\u00e9s del 911 por la visualizaci\u00f3n de una posible reactivaci\u00f3n de incendio forestal en el Cerro Monumento, se despleg\u00f3 de inmediato un operativo de atenci\u00f3n en la zona. El incendio se registr\u00f3 en las faldas del cerro, en un punto distinto al afectado el pasado s\u00e1bado, por lo que se descarta que se trate de una reactivaci\u00f3n. Gracias a la pronta intervenci\u00f3n de los cuerpos de emergencia, el fuego fue controlado oportunamente, evitando su propagaci\u00f3n y que alcanzara la zona del cerro. En las labores participaron elementos de Protecci\u00f3n Civil, Bomberos, Direcci\u00f3n de Servicios Generales, as\u00ed como personal de Desarrollo Urbano, quienes trabajaron de manera coordinada para contener la&hellip;<\/p>\n<p class=\"excerpt-more\"><a class=\"blog-excerpt button\" href=\"https:\/\/www.aliadospuebla.com\/?p=111767\">Leer m\u00e1s&#8230;<\/a><\/p>\n","protected":false},"author":2,"featured_media":111768,"comment_status":"open","ping_status":"open","sticky":false,"template":"","format":"standard","meta":{"_monsterinsights_skip_tracking":false,"footnotes":""},"categories":[4],"tags":[32556,32557,21914,129],"class_list":["post-111767","post","type-post","status-publish","format-standard","has-post-thumbnail","hentry","category-municipios","tag-cerro-monumento","tag-cuerpos-de-emergencia","tag-incendio-forestal","tag-tecamachalco"],"yoast_head":"<!-- This site is optimized with the Yoast SEO plugin v28.4 - https:\/\/yoast.com\/product\/yoast-seo-wordpress\/ -->\n<title>Ayuntamiento de Tecamachalco controla oportunamente incendio en faldas del Cerro Monumento - AliadosPuebla<\/title>\n<meta name=\"robots\" content=\"index, follow, max-snippet:-1, max-image-preview:large, max-video-preview:-1\" \/>\n<link rel=\"canonical\" href=\"https:\/\/www.aliadospuebla.com\/?p=111767\" \/>\n<meta property=\"og:locale\" content=\"es_ES\" \/>\n<meta property=\"og:type\" content=\"article\" \/>\n<meta property=\"og:title\" content=\"Ayuntamiento de Tecamachalco controla oportunamente incendio en faldas del Cerro Monumento - AliadosPuebla\" \/>\n<meta property=\"og:description\" content=\"Tecamachalco, Puebla. \u2013 El H. Ayuntamiento de Tecamachalco informa que, derivado de un reporte recibido a trav\u00e9s del 911 por la visualizaci\u00f3n de una posible reactivaci\u00f3n de incendio forestal en el Cerro Monumento, se despleg\u00f3 de inmediato un operativo de atenci\u00f3n en la zona. El incendio se registr\u00f3 en las faldas del cerro, en un punto distinto al afectado el pasado s\u00e1bado, por lo que se descarta que se trate de una reactivaci\u00f3n. Gracias a la pronta intervenci\u00f3n de los cuerpos de emergencia, el fuego fue controlado oportunamente, evitando su propagaci\u00f3n y que alcanzara la zona del cerro. En las labores participaron elementos de Protecci\u00f3n Civil, Bomberos, Direcci\u00f3n de Servicios Generales, as\u00ed como personal de Desarrollo Urbano, quienes trabajaron de manera coordinada para contener la&hellip;Leer m\u00e1s...\" \/>\n<meta property=\"og:url\" content=\"https:\/\/www.aliadospuebla.com\/?p=111767\" \/>\n<meta property=\"og:site_name\" content=\"AliadosPuebla\" \/>\n<meta property=\"article:author\" content=\"https:\/\/www.facebook.com\/Aliados17Pue\" \/>\n<meta property=\"article:published_time\" content=\"2026-02-25T04:27:23+00:00\" \/>\n<meta property=\"article:modified_time\" content=\"2026-03-02T04:39:11+00:00\" \/>\n<meta property=\"og:image\" content=\"https:\/\/www.aliadospuebla.com\/web2017\/wp-content\/uploads\/2026\/03\/169.jpg\" \/>\n\t<meta property=\"og:image:width\" content=\"600\" \/>\n\t<meta property=\"og:image:height\" content=\"450\" \/>\n\t<meta property=\"og:image:type\" content=\"image\/jpeg\" \/>\n<meta name=\"author\" content=\"Aliados17\" \/>\n<meta name=\"twitter:card\" content=\"summary_large_image\" \/>\n<meta name=\"twitter:creator\" content=\"@AliadosPuebla\" \/>\n<meta name=\"twitter:label1\" content=\"Escrito por\" \/>\n\t<meta name=\"twitter:data1\" content=\"Aliados17\" \/>\n\t<meta name=\"twitter:label2\" content=\"Tiempo de lectura\" \/>\n\t<meta name=\"twitter:data2\" content=\"1 minuto\" \/>\n<script type=\"application\/ld+json\" class=\"yoast-schema-graph\">{\"@context\":\"https:\\\/\\\/schema.org\",\"@graph\":[{\"@type\":\"Article\",\"@id\":\"https:\\\/\\\/www.aliadospuebla.com\\\/?p=111767#article\",\"isPartOf\":{\"@id\":\"https:\\\/\\\/www.aliadospuebla.com\\\/?p=111767\"},\"author\":{\"name\":\"Aliados17\",\"@id\":\"https:\\\/\\\/www.aliadospuebla.com\\\/#\\\/schema\\\/person\\\/5da7dd09320bd4f392b710017ed5f8ad\"},\"headline\":\"Ayuntamiento de Tecamachalco controla oportunamente incendio en faldas del Cerro Monumento\",\"datePublished\":\"2026-02-25T04:27:23+00:00\",\"dateModified\":\"2026-03-02T04:39:11+00:00\",\"mainEntityOfPage\":{\"@id\":\"https:\\\/\\\/www.aliadospuebla.com\\\/?p=111767\"},\"wordCount\":179,\"commentCount\":0,\"image\":{\"@id\":\"https:\\\/\\\/www.aliadospuebla.com\\\/?p=111767#primaryimage\"},\"thumbnailUrl\":\"https:\\\/\\\/www.aliadospuebla.com\\\/web2017\\\/wp-content\\\/uploads\\\/2026\\\/03\\\/169.jpg\",\"keywords\":[\"Cerro Monumento\",\"cuerpos de emergencia\",\"Incendio forestal\",\"Tecamachalco\"],\"articleSection\":[\"Municipios\"],\"inLanguage\":\"es\",\"potentialAction\":[{\"@type\":\"CommentAction\",\"name\":\"Comment\",\"target\":[\"https:\\\/\\\/www.aliadospuebla.com\\\/?p=111767#respond\"]}]},{\"@type\":\"WebPage\",\"@id\":\"https:\\\/\\\/www.aliadospuebla.com\\\/?p=111767\",\"url\":\"https:\\\/\\\/www.aliadospuebla.com\\\/?p=111767\",\"name\":\"Ayuntamiento de Tecamachalco controla oportunamente incendio en faldas del Cerro Monumento - AliadosPuebla\",\"isPartOf\":{\"@id\":\"https:\\\/\\\/www.aliadospuebla.com\\\/#website\"},\"primaryImageOfPage\":{\"@id\":\"https:\\\/\\\/www.aliadospuebla.com\\\/?p=111767#primaryimage\"},\"image\":{\"@id\":\"https:\\\/\\\/www.aliadospuebla.com\\\/?p=111767#primaryimage\"},\"thumbnailUrl\":\"https:\\\/\\\/www.aliadospuebla.com\\\/web2017\\\/wp-content\\\/uploads\\\/2026\\\/03\\\/169.jpg\",\"datePublished\":\"2026-02-25T04:27:23+00:00\",\"dateModified\":\"2026-03-02T04:39:11+00:00\",\"author\":{\"@id\":\"https:\\\/\\\/www.aliadospuebla.com\\\/#\\\/schema\\\/person\\\/5da7dd09320bd4f392b710017ed5f8ad\"},\"breadcrumb\":{\"@id\":\"https:\\\/\\\/www.aliadospuebla.com\\\/?p=111767#breadcrumb\"},\"inLanguage\":\"es\",\"potentialAction\":[{\"@type\":\"ReadAction\",\"target\":[\"https:\\\/\\\/www.aliadospuebla.com\\\/?p=111767\"]}]},{\"@type\":\"ImageObject\",\"inLanguage\":\"es\",\"@id\":\"https:\\\/\\\/www.aliadospuebla.com\\\/?p=111767#primaryimage\",\"url\":\"https:\\\/\\\/www.aliadospuebla.com\\\/web2017\\\/wp-content\\\/uploads\\\/2026\\\/03\\\/169.jpg\",\"contentUrl\":\"https:\\\/\\\/www.aliadospuebla.com\\\/web2017\\\/wp-content\\\/uploads\\\/2026\\\/03\\\/169.jpg\",\"width\":600,\"height\":450},{\"@type\":\"BreadcrumbList\",\"@id\":\"https:\\\/\\\/www.aliadospuebla.com\\\/?p=111767#breadcrumb\",\"itemListElement\":[{\"@type\":\"ListItem\",\"position\":1,\"name\":\"Portada\",\"item\":\"https:\\\/\\\/www.aliadospuebla.com\\\/\"},{\"@type\":\"ListItem\",\"position\":2,\"name\":\"Ayuntamiento de Tecamachalco controla oportunamente incendio en faldas del Cerro Monumento\"}]},{\"@type\":\"WebSite\",\"@id\":\"https:\\\/\\\/www.aliadospuebla.com\\\/#website\",\"url\":\"https:\\\/\\\/www.aliadospuebla.com\\\/\",\"name\":\"AliadosPuebla\",\"description\":\"La informaci\u00f3n en tus manos\",\"potentialAction\":[{\"@type\":\"SearchAction\",\"target\":{\"@type\":\"EntryPoint\",\"urlTemplate\":\"https:\\\/\\\/www.aliadospuebla.com\\\/?s={search_term_string}\"},\"query-input\":{\"@type\":\"PropertyValueSpecification\",\"valueRequired\":true,\"valueName\":\"search_term_string\"}}],\"inLanguage\":\"es\"},{\"@type\":\"Person\",\"@id\":\"https:\\\/\\\/www.aliadospuebla.com\\\/#\\\/schema\\\/person\\\/5da7dd09320bd4f392b710017ed5f8ad\",\"name\":\"Aliados17\",\"image\":{\"@type\":\"ImageObject\",\"inLanguage\":\"es\",\"@id\":\"https:\\\/\\\/www.aliadospuebla.com\\\/web2017\\\/wp-content\\\/uploads\\\/2025\\\/03\\\/cropped-para-perfil-8-anos-1-96x96.jpg\",\"url\":\"https:\\\/\\\/www.aliadospuebla.com\\\/web2017\\\/wp-content\\\/uploads\\\/2025\\\/03\\\/cropped-para-perfil-8-anos-1-96x96.jpg\",\"contentUrl\":\"https:\\\/\\\/www.aliadospuebla.com\\\/web2017\\\/wp-content\\\/uploads\\\/2025\\\/03\\\/cropped-para-perfil-8-anos-1-96x96.jpg\",\"caption\":\"Aliados17\"},\"sameAs\":[\"https:\\\/\\\/www.aliados17.com\",\"https:\\\/\\\/www.facebook.com\\\/Aliados17Pue\",\"https:\\\/\\\/x.com\\\/AliadosPuebla\"],\"url\":\"https:\\\/\\\/www.aliadospuebla.com\\\/?author=2\"}]}<\/script>\n<!-- \/ Yoast SEO plugin. -->","yoast_head_json":{"title":"Ayuntamiento de Tecamachalco controla oportunamente incendio en faldas del Cerro Monumento - AliadosPuebla","robots":{"index":"index","follow":"follow","max-snippet":"max-snippet:-1","max-image-preview":"max-image-preview:large","max-video-preview":"max-video-preview:-1"},"canonical":"https:\/\/www.aliadospuebla.com\/?p=111767","og_locale":"es_ES","og_type":"article","og_title":"Ayuntamiento de Tecamachalco controla oportunamente incendio en faldas del Cerro Monumento - AliadosPuebla","og_description":"Tecamachalco, Puebla. \u2013 El H. Ayuntamiento de Tecamachalco informa que, derivado de un reporte recibido a trav\u00e9s del 911 por la visualizaci\u00f3n de una posible reactivaci\u00f3n de incendio forestal en el Cerro Monumento, se despleg\u00f3 de inmediato un operativo de atenci\u00f3n en la zona. El incendio se registr\u00f3 en las faldas del cerro, en un punto distinto al afectado el pasado s\u00e1bado, por lo que se descarta que se trate de una reactivaci\u00f3n. Gracias a la pronta intervenci\u00f3n de los cuerpos de emergencia, el fuego fue controlado oportunamente, evitando su propagaci\u00f3n y que alcanzara la zona del cerro. En las labores participaron elementos de Protecci\u00f3n Civil, Bomberos, Direcci\u00f3n de Servicios Generales, as\u00ed como personal de Desarrollo Urbano, quienes trabajaron de manera coordinada para contener la&hellip;Leer m\u00e1s...","og_url":"https:\/\/www.aliadospuebla.com\/?p=111767","og_site_name":"AliadosPuebla","article_author":"https:\/\/www.facebook.com\/Aliados17Pue","article_published_time":"2026-02-25T04:27:23+00:00","article_modified_time":"2026-03-02T04:39:11+00:00","og_image":[{"width":600,"height":450,"url":"https:\/\/www.aliadospuebla.com\/web2017\/wp-content\/uploads\/2026\/03\/169.jpg","type":"image\/jpeg"}],"author":"Aliados17","twitter_card":"summary_large_image","twitter_creator":"@AliadosPuebla","twitter_misc":{"Escrito por":"Aliados17","Tiempo de lectura":"1 minuto"},"schema":{"@context":"https:\/\/schema.org","@graph":[{"@type":"Article","@id":"https:\/\/www.aliadospuebla.com\/?p=111767#article","isPartOf":{"@id":"https:\/\/www.aliadospuebla.com\/?p=111767"},"author":{"name":"Aliados17","@id":"https:\/\/www.aliadospuebla.com\/#\/schema\/person\/5da7dd09320bd4f392b710017ed5f8ad"},"headline":"Ayuntamiento de Tecamachalco controla oportunamente incendio en faldas del Cerro Monumento","datePublished":"2026-02-25T04:27:23+00:00","dateModified":"2026-03-02T04:39:11+00:00","mainEntityOfPage":{"@id":"https:\/\/www.aliadospuebla.com\/?p=111767"},"wordCount":179,"commentCount":0,"image":{"@id":"https:\/\/www.aliadospuebla.com\/?p=111767#primaryimage"},"thumbnailUrl":"https:\/\/www.aliadospuebla.com\/web2017\/wp-content\/uploads\/2026\/03\/169.jpg","keywords":["Cerro Monumento","cuerpos de emergencia","Incendio forestal","Tecamachalco"],"articleSection":["Municipios"],"inLanguage":"es","potentialAction":[{"@type":"CommentAction","name":"Comment","target":["https:\/\/www.aliadospuebla.com\/?p=111767#respond"]}]},{"@type":"WebPage","@id":"https:\/\/www.aliadospuebla.com\/?p=111767","url":"https:\/\/www.aliadospuebla.com\/?p=111767","name":"Ayuntamiento de Tecamachalco controla oportunamente incendio en faldas del Cerro Monumento - AliadosPuebla","isPartOf":{"@id":"https:\/\/www.aliadospuebla.com\/#website"},"primaryImageOfPage":{"@id":"https:\/\/www.aliadospuebla.com\/?p=111767#primaryimage"},"image":{"@id":"https:\/\/www.aliadospuebla.com\/?p=111767#primaryimage"},"thumbnailUrl":"https:\/\/www.aliadospuebla.com\/web2017\/wp-content\/uploads\/2026\/03\/169.jpg","datePublished":"2026-02-25T04:27:23+00:00","dateModified":"2026-03-02T04:39:11+00:00","author":{"@id":"https:\/\/www.aliadospuebla.com\/#\/schema\/person\/5da7dd09320bd4f392b710017ed5f8ad"},"breadcrumb":{"@id":"https:\/\/www.aliadospuebla.com\/?p=111767#breadcrumb"},"inLanguage":"es","potentialAction":[{"@type":"ReadAction","target":["https:\/\/www.aliadospuebla.com\/?p=111767"]}]},{"@type":"ImageObject","inLanguage":"es","@id":"https:\/\/www.aliadospuebla.com\/?p=111767#primaryimage","url":"https:\/\/www.aliadospuebla.com\/web2017\/wp-content\/uploads\/2026\/03\/169.jpg","contentUrl":"https:\/\/www.aliadospuebla.com\/web2017\/wp-content\/uploads\/2026\/03\/169.jpg","width":600,"height":450},{"@type":"BreadcrumbList","@id":"https:\/\/www.aliadospuebla.com\/?p=111767#breadcrumb","itemListElement":[{"@type":"ListItem","position":1,"name":"Portada","item":"https:\/\/www.aliadospuebla.com\/"},{"@type":"ListItem","position":2,"name":"Ayuntamiento de Tecamachalco controla oportunamente incendio en faldas del Cerro Monumento"}]},{"@type":"WebSite","@id":"https:\/\/www.aliadospuebla.com\/#website","url":"https:\/\/www.aliadospuebla.com\/","name":"AliadosPuebla","description":"La informaci\u00f3n en tus manos","potentialAction":[{"@type":"SearchAction","target":{"@type":"EntryPoint","urlTemplate":"https:\/\/www.aliadospuebla.com\/?s={search_term_string}"},"query-input":{"@type":"PropertyValueSpecification","valueRequired":true,"valueName":"search_term_string"}}],"inLanguage":"es"},{"@type":"Person","@id":"https:\/\/www.aliadospuebla.com\/#\/schema\/person\/5da7dd09320bd4f392b710017ed5f8ad","name":"Aliados17","image":{"@type":"ImageObject","inLanguage":"es","@id":"https:\/\/www.aliadospuebla.com\/web2017\/wp-content\/uploads\/2025\/03\/cropped-para-perfil-8-anos-1-96x96.jpg","url":"https:\/\/www.aliadospuebla.com\/web2017\/wp-content\/uploads\/2025\/03\/cropped-para-perfil-8-anos-1-96x96.jpg","contentUrl":"https:\/\/www.aliadospuebla.com\/web2017\/wp-content\/uploads\/2025\/03\/cropped-para-perfil-8-anos-1-96x96.jpg","caption":"Aliados17"},"sameAs":["https:\/\/www.aliados17.com","https:\/\/www.facebook.com\/Aliados17Pue","https:\/\/x.com\/AliadosPuebla"],"url":"https:\/\/www.aliadospuebla.com\/?author=2"}]}},"views":8,"_links":{"self":[{"href":"https:\/\/www.aliadospuebla.com\/index.php?rest_route=\/wp\/v2\/posts\/111767","targetHints":{"allow":["GET"]}}],"collection":[{"href":"https:\/\/www.aliadospuebla.com\/index.php?rest_route=\/wp\/v2\/posts"}],"about":[{"href":"https:\/\/www.aliadospuebla.com\/index.php?rest_route=\/wp\/v2\/types\/post"}],"author":[{"embeddable":true,"href":"https:\/\/www.aliadospuebla.com\/index.php?rest_route=\/wp\/v2\/users\/2"}],"replies":[{"embeddable":true,"href":"https:\/\/www.aliadospuebla.com\/index.php?rest_route=%2Fwp%2Fv2%2Fcomments&post=111767"}],"version-history":[{"count":1,"href":"https:\/\/www.aliadospuebla.com\/index.php?rest_route=\/wp\/v2\/posts\/111767\/revisions"}],"predecessor-version":[{"id":111769,"href":"https:\/\/www.aliadospuebla.com\/index.php?rest_route=\/wp\/v2\/posts\/111767\/revisions\/111769"}],"wp:featuredmedia":[{"embeddable":true,"href":"https:\/\/www.aliadospuebla.com\/index.php?rest_route=\/wp\/v2\/media\/111768"}],"wp:attachment":[{"href":"https:\/\/www.aliadospuebla.com\/index.php?rest_route=%2Fwp%2Fv2%2Fmedia&parent=111767"}],"wp:term":[{"taxonomy":"category","embeddable":true,"href":"https:\/\/www.aliadospuebla.com\/index.php?rest_route=%2Fwp%2Fv2%2Fcategories&post=111767"},{"taxonomy":"post_tag","embeddable":true,"href":"https:\/\/www.aliadospuebla.com\/index.php?rest_route=%2Fwp%2Fv2%2Ftags&post=111767"}],"curies":[{"name":"wp","href":"https:\/\/api.w.org\/{rel}","templated":true}]}}