{"id":111760,"date":"2026-02-28T06:19:56","date_gmt":"2026-02-28T12:19:56","guid":{"rendered":"https:\/\/www.aliadospuebla.com\/?p=111760"},"modified":"2026-02-28T06:19:56","modified_gmt":"2026-02-28T12:19:56","slug":"guardia-nacional-rinde-honores-postumos-a-sargento-poblano-caido-en-jalisco","status":"publish","type":"post","link":"https:\/\/www.aliadospuebla.com\/?p=111760","title":{"rendered":"GUARDIA NACIONAL RINDE HONORES P\u00d3STUMOS A SARGENTO POBLANO CA\u00cdDO EN JALISCO"},"content":{"rendered":"<h4>&#8211; Habitantes de Chicontla acompa\u00f1aron el cortejo hasta el pante\u00f3n, donde se realiz\u00f3 el \u00faltimo pase de lista y se retir\u00f3 la bandera nacional como se\u00f1al de respeto.<\/h4>\n<p>JOPALA, Pue.- Con el fin de reconocer su entrega a M\u00e9xico, elementos de la Guardia Nacional despidieron con honores al sargento segundo Juan V\u00e1zquez Garc\u00eda, quien muri\u00f3 en cumplimiento de su deber durante el operativo que se llev\u00f3 a cabo en el estado de Jalisco.<\/p>\n<p>Durante la ceremonia de honores f\u00fanebres, que se realiz\u00f3 en la presidencia auxiliar de Chicontla, comunidad de origen de V\u00e1zquez Garc\u00eda, se reunieron familiares, amigos, autoridades y habitantes que exaltaron su valent\u00eda en la protecci\u00f3n de la patria.<\/p>\n<p>El coordinador estatal de la Guardia Nacional en Puebla, general brigadier del Estado Mayor, Jos\u00e9 Luis S\u00e1nchez Castro, afirm\u00f3 que el sargento cumpli\u00f3 con su deber hasta el \u00faltimo aliento y destac\u00f3 que fue un servidor p\u00fablico \u00edntegro, solidario y comprometido con la paz. Expres\u00f3 condolencias a sus padres, Juan V\u00e1zquez Francisco y Mar\u00eda de Jes\u00fas Francisco Mendoza, y sostuvo que el sacrificio del sargento segundo dignifica el uniforme y fortalece la misi\u00f3n institucional.<\/p>\n<p>Habitantes acudieron al palacio auxiliar con arreglos florales para acompa\u00f1ar a la familia. La corporaci\u00f3n realiz\u00f3 el \u00faltimo pase de lista, enton\u00f3 su himno y escolt\u00f3 el f\u00e9retro hasta el pante\u00f3n de Chicontla, donde se le retir\u00f3 la bandera nacional antes de la inhumaci\u00f3n.<\/p>\n<p>Juan V\u00e1zquez Garc\u00eda ingres\u00f3 al Ej\u00e9rcito en 2018 en el 70 Batall\u00f3n de Infanter\u00eda con sede en Xicotepec y obtuvo ascensos y cursos que respaldaron su trayectoria. En 2024 ascendi\u00f3 a sargento segundo y en 2025 fue reclasificado a la Guardia Nacional. Su muerte representa una p\u00e9rdida irreparable para la instituci\u00f3n y para el Gobierno de Puebla que encabeza Alejandro Armenta Mier, y que reconoce al hijo de Chicontla como h\u00e9roe poblano.<\/p>\n","protected":false},"excerpt":{"rendered":"<p>&#8211; Habitantes de Chicontla acompa\u00f1aron el cortejo hasta el pante\u00f3n, donde se realiz\u00f3 el \u00faltimo pase de lista y se retir\u00f3 la bandera nacional como se\u00f1al de respeto. JOPALA, Pue.- Con el fin de reconocer su entrega a M\u00e9xico, elementos de la Guardia Nacional despidieron con honores al sargento segundo Juan V\u00e1zquez Garc\u00eda, quien muri\u00f3 en cumplimiento de su deber durante el operativo que se llev\u00f3 a cabo en el estado de Jalisco. Durante la ceremonia de honores f\u00fanebres, que se realiz\u00f3 en la presidencia auxiliar de Chicontla, comunidad de origen de V\u00e1zquez Garc\u00eda, se reunieron familiares, amigos, autoridades y habitantes que exaltaron su valent\u00eda en la protecci\u00f3n de la patria. El coordinador estatal de la Guardia Nacional en Puebla, general brigadier del Estado Mayor,&hellip;<\/p>\n<p class=\"excerpt-more\"><a class=\"blog-excerpt button\" href=\"https:\/\/www.aliadospuebla.com\/?p=111760\">Leer m\u00e1s&#8230;<\/a><\/p>\n","protected":false},"author":2,"featured_media":111761,"comment_status":"open","ping_status":"open","sticky":false,"template":"","format":"standard","meta":{"_monsterinsights_skip_tracking":false,"footnotes":""},"categories":[61],"tags":[32552,7890,1506,32553,32554],"class_list":["post-111760","post","type-post","status-publish","format-standard","has-post-thumbnail","hentry","category-gobierno","tag-chicontla","tag-guardia-nacional","tag-honores","tag-honores-funebres","tag-proteccion-de-la-patria"],"yoast_head":"<!-- This site is optimized with the Yoast SEO plugin v28.3 - https:\/\/yoast.com\/product\/yoast-seo-wordpress\/ -->\n<title>GUARDIA NACIONAL RINDE HONORES P\u00d3STUMOS A SARGENTO POBLANO CA\u00cdDO EN JALISCO - AliadosPuebla<\/title>\n<meta name=\"robots\" content=\"index, follow, max-snippet:-1, max-image-preview:large, max-video-preview:-1\" \/>\n<link rel=\"canonical\" href=\"https:\/\/www.aliadospuebla.com\/?p=111760\" \/>\n<meta property=\"og:locale\" content=\"es_ES\" \/>\n<meta property=\"og:type\" content=\"article\" \/>\n<meta property=\"og:title\" content=\"GUARDIA NACIONAL RINDE HONORES P\u00d3STUMOS A SARGENTO POBLANO CA\u00cdDO EN JALISCO - AliadosPuebla\" \/>\n<meta property=\"og:description\" content=\"&#8211; Habitantes de Chicontla acompa\u00f1aron el cortejo hasta el pante\u00f3n, donde se realiz\u00f3 el \u00faltimo pase de lista y se retir\u00f3 la bandera nacional como se\u00f1al de respeto. JOPALA, Pue.- Con el fin de reconocer su entrega a M\u00e9xico, elementos de la Guardia Nacional despidieron con honores al sargento segundo Juan V\u00e1zquez Garc\u00eda, quien muri\u00f3 en cumplimiento de su deber durante el operativo que se llev\u00f3 a cabo en el estado de Jalisco. Durante la ceremonia de honores f\u00fanebres, que se realiz\u00f3 en la presidencia auxiliar de Chicontla, comunidad de origen de V\u00e1zquez Garc\u00eda, se reunieron familiares, amigos, autoridades y habitantes que exaltaron su valent\u00eda en la protecci\u00f3n de la patria. El coordinador estatal de la Guardia Nacional en Puebla, general brigadier del Estado Mayor,&hellip;Leer m\u00e1s...\" \/>\n<meta property=\"og:url\" content=\"https:\/\/www.aliadospuebla.com\/?p=111760\" \/>\n<meta property=\"og:site_name\" content=\"AliadosPuebla\" \/>\n<meta property=\"article:author\" content=\"https:\/\/www.facebook.com\/Aliados17Pue\" \/>\n<meta property=\"article:published_time\" content=\"2026-02-28T12:19:56+00:00\" \/>\n<meta property=\"og:image\" content=\"https:\/\/www.aliadospuebla.com\/web2017\/wp-content\/uploads\/2026\/02\/167.jpg\" \/>\n\t<meta property=\"og:image:width\" content=\"600\" \/>\n\t<meta property=\"og:image:height\" content=\"450\" \/>\n\t<meta property=\"og:image:type\" content=\"image\/jpeg\" \/>\n<meta name=\"author\" content=\"Aliados17\" \/>\n<meta name=\"twitter:card\" content=\"summary_large_image\" \/>\n<meta name=\"twitter:creator\" content=\"@AliadosPuebla\" \/>\n<meta name=\"twitter:label1\" content=\"Escrito por\" \/>\n\t<meta name=\"twitter:data1\" content=\"Aliados17\" \/>\n\t<meta name=\"twitter:label2\" content=\"Tiempo de lectura\" \/>\n\t<meta name=\"twitter:data2\" content=\"2 minutos\" \/>\n<script type=\"application\/ld+json\" class=\"yoast-schema-graph\">{\"@context\":\"https:\\\/\\\/schema.org\",\"@graph\":[{\"@type\":\"Article\",\"@id\":\"https:\\\/\\\/www.aliadospuebla.com\\\/?p=111760#article\",\"isPartOf\":{\"@id\":\"https:\\\/\\\/www.aliadospuebla.com\\\/?p=111760\"},\"author\":{\"name\":\"Aliados17\",\"@id\":\"https:\\\/\\\/www.aliadospuebla.com\\\/#\\\/schema\\\/person\\\/5da7dd09320bd4f392b710017ed5f8ad\"},\"headline\":\"GUARDIA NACIONAL RINDE HONORES P\u00d3STUMOS A SARGENTO POBLANO CA\u00cdDO EN JALISCO\",\"datePublished\":\"2026-02-28T12:19:56+00:00\",\"mainEntityOfPage\":{\"@id\":\"https:\\\/\\\/www.aliadospuebla.com\\\/?p=111760\"},\"wordCount\":341,\"commentCount\":0,\"image\":{\"@id\":\"https:\\\/\\\/www.aliadospuebla.com\\\/?p=111760#primaryimage\"},\"thumbnailUrl\":\"https:\\\/\\\/www.aliadospuebla.com\\\/web2017\\\/wp-content\\\/uploads\\\/2026\\\/02\\\/167.jpg\",\"keywords\":[\"Chicontla\",\"GUARDIA NACIONAL\",\"HONORES\",\"honores f\u00fanebres\",\"protecci\u00f3n de la patria\"],\"articleSection\":[\"Gobierno\"],\"inLanguage\":\"es\",\"potentialAction\":[{\"@type\":\"CommentAction\",\"name\":\"Comment\",\"target\":[\"https:\\\/\\\/www.aliadospuebla.com\\\/?p=111760#respond\"]}]},{\"@type\":\"WebPage\",\"@id\":\"https:\\\/\\\/www.aliadospuebla.com\\\/?p=111760\",\"url\":\"https:\\\/\\\/www.aliadospuebla.com\\\/?p=111760\",\"name\":\"GUARDIA NACIONAL RINDE HONORES P\u00d3STUMOS A SARGENTO POBLANO CA\u00cdDO EN JALISCO - AliadosPuebla\",\"isPartOf\":{\"@id\":\"https:\\\/\\\/www.aliadospuebla.com\\\/#website\"},\"primaryImageOfPage\":{\"@id\":\"https:\\\/\\\/www.aliadospuebla.com\\\/?p=111760#primaryimage\"},\"image\":{\"@id\":\"https:\\\/\\\/www.aliadospuebla.com\\\/?p=111760#primaryimage\"},\"thumbnailUrl\":\"https:\\\/\\\/www.aliadospuebla.com\\\/web2017\\\/wp-content\\\/uploads\\\/2026\\\/02\\\/167.jpg\",\"datePublished\":\"2026-02-28T12:19:56+00:00\",\"author\":{\"@id\":\"https:\\\/\\\/www.aliadospuebla.com\\\/#\\\/schema\\\/person\\\/5da7dd09320bd4f392b710017ed5f8ad\"},\"breadcrumb\":{\"@id\":\"https:\\\/\\\/www.aliadospuebla.com\\\/?p=111760#breadcrumb\"},\"inLanguage\":\"es\",\"potentialAction\":[{\"@type\":\"ReadAction\",\"target\":[\"https:\\\/\\\/www.aliadospuebla.com\\\/?p=111760\"]}]},{\"@type\":\"ImageObject\",\"inLanguage\":\"es\",\"@id\":\"https:\\\/\\\/www.aliadospuebla.com\\\/?p=111760#primaryimage\",\"url\":\"https:\\\/\\\/www.aliadospuebla.com\\\/web2017\\\/wp-content\\\/uploads\\\/2026\\\/02\\\/167.jpg\",\"contentUrl\":\"https:\\\/\\\/www.aliadospuebla.com\\\/web2017\\\/wp-content\\\/uploads\\\/2026\\\/02\\\/167.jpg\",\"width\":600,\"height\":450},{\"@type\":\"BreadcrumbList\",\"@id\":\"https:\\\/\\\/www.aliadospuebla.com\\\/?p=111760#breadcrumb\",\"itemListElement\":[{\"@type\":\"ListItem\",\"position\":1,\"name\":\"Portada\",\"item\":\"https:\\\/\\\/www.aliadospuebla.com\\\/\"},{\"@type\":\"ListItem\",\"position\":2,\"name\":\"GUARDIA NACIONAL RINDE HONORES P\u00d3STUMOS A SARGENTO POBLANO CA\u00cdDO EN JALISCO\"}]},{\"@type\":\"WebSite\",\"@id\":\"https:\\\/\\\/www.aliadospuebla.com\\\/#website\",\"url\":\"https:\\\/\\\/www.aliadospuebla.com\\\/\",\"name\":\"AliadosPuebla\",\"description\":\"La informaci\u00f3n en tus manos\",\"potentialAction\":[{\"@type\":\"SearchAction\",\"target\":{\"@type\":\"EntryPoint\",\"urlTemplate\":\"https:\\\/\\\/www.aliadospuebla.com\\\/?s={search_term_string}\"},\"query-input\":{\"@type\":\"PropertyValueSpecification\",\"valueRequired\":true,\"valueName\":\"search_term_string\"}}],\"inLanguage\":\"es\"},{\"@type\":\"Person\",\"@id\":\"https:\\\/\\\/www.aliadospuebla.com\\\/#\\\/schema\\\/person\\\/5da7dd09320bd4f392b710017ed5f8ad\",\"name\":\"Aliados17\",\"image\":{\"@type\":\"ImageObject\",\"inLanguage\":\"es\",\"@id\":\"https:\\\/\\\/www.aliadospuebla.com\\\/web2017\\\/wp-content\\\/uploads\\\/2025\\\/03\\\/cropped-para-perfil-8-anos-1-96x96.jpg\",\"url\":\"https:\\\/\\\/www.aliadospuebla.com\\\/web2017\\\/wp-content\\\/uploads\\\/2025\\\/03\\\/cropped-para-perfil-8-anos-1-96x96.jpg\",\"contentUrl\":\"https:\\\/\\\/www.aliadospuebla.com\\\/web2017\\\/wp-content\\\/uploads\\\/2025\\\/03\\\/cropped-para-perfil-8-anos-1-96x96.jpg\",\"caption\":\"Aliados17\"},\"sameAs\":[\"https:\\\/\\\/www.aliados17.com\",\"https:\\\/\\\/www.facebook.com\\\/Aliados17Pue\",\"https:\\\/\\\/x.com\\\/AliadosPuebla\"],\"url\":\"https:\\\/\\\/www.aliadospuebla.com\\\/?author=2\"}]}<\/script>\n<!-- \/ Yoast SEO plugin. -->","yoast_head_json":{"title":"GUARDIA NACIONAL RINDE HONORES P\u00d3STUMOS A SARGENTO POBLANO CA\u00cdDO EN JALISCO - AliadosPuebla","robots":{"index":"index","follow":"follow","max-snippet":"max-snippet:-1","max-image-preview":"max-image-preview:large","max-video-preview":"max-video-preview:-1"},"canonical":"https:\/\/www.aliadospuebla.com\/?p=111760","og_locale":"es_ES","og_type":"article","og_title":"GUARDIA NACIONAL RINDE HONORES P\u00d3STUMOS A SARGENTO POBLANO CA\u00cdDO EN JALISCO - AliadosPuebla","og_description":"&#8211; Habitantes de Chicontla acompa\u00f1aron el cortejo hasta el pante\u00f3n, donde se realiz\u00f3 el \u00faltimo pase de lista y se retir\u00f3 la bandera nacional como se\u00f1al de respeto. JOPALA, Pue.- Con el fin de reconocer su entrega a M\u00e9xico, elementos de la Guardia Nacional despidieron con honores al sargento segundo Juan V\u00e1zquez Garc\u00eda, quien muri\u00f3 en cumplimiento de su deber durante el operativo que se llev\u00f3 a cabo en el estado de Jalisco. Durante la ceremonia de honores f\u00fanebres, que se realiz\u00f3 en la presidencia auxiliar de Chicontla, comunidad de origen de V\u00e1zquez Garc\u00eda, se reunieron familiares, amigos, autoridades y habitantes que exaltaron su valent\u00eda en la protecci\u00f3n de la patria. El coordinador estatal de la Guardia Nacional en Puebla, general brigadier del Estado Mayor,&hellip;Leer m\u00e1s...","og_url":"https:\/\/www.aliadospuebla.com\/?p=111760","og_site_name":"AliadosPuebla","article_author":"https:\/\/www.facebook.com\/Aliados17Pue","article_published_time":"2026-02-28T12:19:56+00:00","og_image":[{"width":600,"height":450,"url":"https:\/\/www.aliadospuebla.com\/web2017\/wp-content\/uploads\/2026\/02\/167.jpg","type":"image\/jpeg"}],"author":"Aliados17","twitter_card":"summary_large_image","twitter_creator":"@AliadosPuebla","twitter_misc":{"Escrito por":"Aliados17","Tiempo de lectura":"2 minutos"},"schema":{"@context":"https:\/\/schema.org","@graph":[{"@type":"Article","@id":"https:\/\/www.aliadospuebla.com\/?p=111760#article","isPartOf":{"@id":"https:\/\/www.aliadospuebla.com\/?p=111760"},"author":{"name":"Aliados17","@id":"https:\/\/www.aliadospuebla.com\/#\/schema\/person\/5da7dd09320bd4f392b710017ed5f8ad"},"headline":"GUARDIA NACIONAL RINDE HONORES P\u00d3STUMOS A SARGENTO POBLANO CA\u00cdDO EN JALISCO","datePublished":"2026-02-28T12:19:56+00:00","mainEntityOfPage":{"@id":"https:\/\/www.aliadospuebla.com\/?p=111760"},"wordCount":341,"commentCount":0,"image":{"@id":"https:\/\/www.aliadospuebla.com\/?p=111760#primaryimage"},"thumbnailUrl":"https:\/\/www.aliadospuebla.com\/web2017\/wp-content\/uploads\/2026\/02\/167.jpg","keywords":["Chicontla","GUARDIA NACIONAL","HONORES","honores f\u00fanebres","protecci\u00f3n de la patria"],"articleSection":["Gobierno"],"inLanguage":"es","potentialAction":[{"@type":"CommentAction","name":"Comment","target":["https:\/\/www.aliadospuebla.com\/?p=111760#respond"]}]},{"@type":"WebPage","@id":"https:\/\/www.aliadospuebla.com\/?p=111760","url":"https:\/\/www.aliadospuebla.com\/?p=111760","name":"GUARDIA NACIONAL RINDE HONORES P\u00d3STUMOS A SARGENTO POBLANO CA\u00cdDO EN JALISCO - AliadosPuebla","isPartOf":{"@id":"https:\/\/www.aliadospuebla.com\/#website"},"primaryImageOfPage":{"@id":"https:\/\/www.aliadospuebla.com\/?p=111760#primaryimage"},"image":{"@id":"https:\/\/www.aliadospuebla.com\/?p=111760#primaryimage"},"thumbnailUrl":"https:\/\/www.aliadospuebla.com\/web2017\/wp-content\/uploads\/2026\/02\/167.jpg","datePublished":"2026-02-28T12:19:56+00:00","author":{"@id":"https:\/\/www.aliadospuebla.com\/#\/schema\/person\/5da7dd09320bd4f392b710017ed5f8ad"},"breadcrumb":{"@id":"https:\/\/www.aliadospuebla.com\/?p=111760#breadcrumb"},"inLanguage":"es","potentialAction":[{"@type":"ReadAction","target":["https:\/\/www.aliadospuebla.com\/?p=111760"]}]},{"@type":"ImageObject","inLanguage":"es","@id":"https:\/\/www.aliadospuebla.com\/?p=111760#primaryimage","url":"https:\/\/www.aliadospuebla.com\/web2017\/wp-content\/uploads\/2026\/02\/167.jpg","contentUrl":"https:\/\/www.aliadospuebla.com\/web2017\/wp-content\/uploads\/2026\/02\/167.jpg","width":600,"height":450},{"@type":"BreadcrumbList","@id":"https:\/\/www.aliadospuebla.com\/?p=111760#breadcrumb","itemListElement":[{"@type":"ListItem","position":1,"name":"Portada","item":"https:\/\/www.aliadospuebla.com\/"},{"@type":"ListItem","position":2,"name":"GUARDIA NACIONAL RINDE HONORES P\u00d3STUMOS A SARGENTO POBLANO CA\u00cdDO EN JALISCO"}]},{"@type":"WebSite","@id":"https:\/\/www.aliadospuebla.com\/#website","url":"https:\/\/www.aliadospuebla.com\/","name":"AliadosPuebla","description":"La informaci\u00f3n en tus manos","potentialAction":[{"@type":"SearchAction","target":{"@type":"EntryPoint","urlTemplate":"https:\/\/www.aliadospuebla.com\/?s={search_term_string}"},"query-input":{"@type":"PropertyValueSpecification","valueRequired":true,"valueName":"search_term_string"}}],"inLanguage":"es"},{"@type":"Person","@id":"https:\/\/www.aliadospuebla.com\/#\/schema\/person\/5da7dd09320bd4f392b710017ed5f8ad","name":"Aliados17","image":{"@type":"ImageObject","inLanguage":"es","@id":"https:\/\/www.aliadospuebla.com\/web2017\/wp-content\/uploads\/2025\/03\/cropped-para-perfil-8-anos-1-96x96.jpg","url":"https:\/\/www.aliadospuebla.com\/web2017\/wp-content\/uploads\/2025\/03\/cropped-para-perfil-8-anos-1-96x96.jpg","contentUrl":"https:\/\/www.aliadospuebla.com\/web2017\/wp-content\/uploads\/2025\/03\/cropped-para-perfil-8-anos-1-96x96.jpg","caption":"Aliados17"},"sameAs":["https:\/\/www.aliados17.com","https:\/\/www.facebook.com\/Aliados17Pue","https:\/\/x.com\/AliadosPuebla"],"url":"https:\/\/www.aliadospuebla.com\/?author=2"}]}},"views":15,"_links":{"self":[{"href":"https:\/\/www.aliadospuebla.com\/index.php?rest_route=\/wp\/v2\/posts\/111760","targetHints":{"allow":["GET"]}}],"collection":[{"href":"https:\/\/www.aliadospuebla.com\/index.php?rest_route=\/wp\/v2\/posts"}],"about":[{"href":"https:\/\/www.aliadospuebla.com\/index.php?rest_route=\/wp\/v2\/types\/post"}],"author":[{"embeddable":true,"href":"https:\/\/www.aliadospuebla.com\/index.php?rest_route=\/wp\/v2\/users\/2"}],"replies":[{"embeddable":true,"href":"https:\/\/www.aliadospuebla.com\/index.php?rest_route=%2Fwp%2Fv2%2Fcomments&post=111760"}],"version-history":[{"count":1,"href":"https:\/\/www.aliadospuebla.com\/index.php?rest_route=\/wp\/v2\/posts\/111760\/revisions"}],"predecessor-version":[{"id":111762,"href":"https:\/\/www.aliadospuebla.com\/index.php?rest_route=\/wp\/v2\/posts\/111760\/revisions\/111762"}],"wp:featuredmedia":[{"embeddable":true,"href":"https:\/\/www.aliadospuebla.com\/index.php?rest_route=\/wp\/v2\/media\/111761"}],"wp:attachment":[{"href":"https:\/\/www.aliadospuebla.com\/index.php?rest_route=%2Fwp%2Fv2%2Fmedia&parent=111760"}],"wp:term":[{"taxonomy":"category","embeddable":true,"href":"https:\/\/www.aliadospuebla.com\/index.php?rest_route=%2Fwp%2Fv2%2Fcategories&post=111760"},{"taxonomy":"post_tag","embeddable":true,"href":"https:\/\/www.aliadospuebla.com\/index.php?rest_route=%2Fwp%2Fv2%2Ftags&post=111760"}],"curies":[{"name":"wp","href":"https:\/\/api.w.org\/{rel}","templated":true}]}}