{"id":111655,"date":"2026-02-22T18:56:03","date_gmt":"2026-02-23T00:56:03","guid":{"rendered":"https:\/\/www.aliadospuebla.com\/?p=111655"},"modified":"2026-02-22T18:56:03","modified_gmt":"2026-02-23T00:56:03","slug":"concluye-con-exito-la-campana-verde-navidad-en-coordinacion-con-africam-safari-y-el-gobierno-de-pepe-chedraui","status":"publish","type":"post","link":"https:\/\/www.aliadospuebla.com\/?p=111655","title":{"rendered":"Concluye con \u00e9xito la campa\u00f1a Verde Navidad, en coordinaci\u00f3n con Africam Safari y el Gobierno de Pepe Chedraui"},"content":{"rendered":"<h4>Puebla, Puebla.- El Gobierno de la Ciudad que encabeza el presidente municipal, Pepe Chedraui, informa que la campa\u00f1a Verde Navidad 2025, impulsada en coordinaci\u00f3n con Africam Safari y con el respaldo operativo del Organismo Operador del Servicio de Limpia (OOSL), concluy\u00f3 de manera satisfactoria al cumplir la meta establecida de acopio de \u00e1rboles naturales de Navidad.<\/h4>\n<p>Gracias a la participaci\u00f3n responsable de las familias poblanas,<\/p>\n<p>los \u00e1rboles recolectados no terminar\u00e1n en el relleno sanitario,<\/p>\n<p>barrancas o incinerados en la v\u00eda p\u00fablica.<\/p>\n<p>Por el contrario, ser\u00e1n aprovechados como materia prima para la elaboraci\u00f3n<\/p>\n<p>de composta que permitir\u00e1 mejorar los suelos de Valsequillo,<\/p>\n<p>elaborar materiales de enriquecimiento animal y construir terrazas<\/p>\n<p>que ayudan a retener suelo, evitando la erosi\u00f3n y la p\u00e9rdida de nutrientes.<\/p>\n<p>La Campa\u00f1a Verde Navidad promueve desde hace 21 a\u00f1os el reciclaje<\/p>\n<p>de \u00e1rboles naturales una vez concluida la temporada decembrina. Desde 2004 y hasta antes del inicio de la campa\u00f1a 2025, se han reciclado 126 mil 882 \u00e1rboles navide\u00f1os, consolid\u00e1ndose como una de las estrategias ambientales con mayor continuidad en el municipio.<\/p>\n<p>Muchos de los \u00e1rboles son destinados como materiales de enriquecimiento para diversas especies como elefantes, chimpanc\u00e9s, leones y aves. El Gobierno de la Ciudad reconoce la participaci\u00f3n activa de la ciudadan\u00eda y la suma de esfuerzos que hacen posible este tipo de iniciativas sustentables, que generan beneficios ambientales tangibles para Puebla.<\/p>\n<p>Finalmente, se recuerda a las y los participantes que podr\u00e1n hacer v\u00e1lido su cup\u00f3n 2&#215;1 para ingresar a Africam Safari o Arboterra hasta el pr\u00f3ximo 15 de marzo, por lo que se invita a aprovechar este beneficio<\/p>\n","protected":false},"excerpt":{"rendered":"<p>Puebla, Puebla.- El Gobierno de la Ciudad que encabeza el presidente municipal, Pepe Chedraui, informa que la campa\u00f1a Verde Navidad 2025, impulsada en coordinaci\u00f3n con Africam Safari y con el respaldo operativo del Organismo Operador del Servicio de Limpia (OOSL), concluy\u00f3 de manera satisfactoria al cumplir la meta establecida de acopio de \u00e1rboles naturales de Navidad. Gracias a la participaci\u00f3n responsable de las familias poblanas, los \u00e1rboles recolectados no terminar\u00e1n en el relleno sanitario, barrancas o incinerados en la v\u00eda p\u00fablica. Por el contrario, ser\u00e1n aprovechados como materia prima para la elaboraci\u00f3n de composta que permitir\u00e1 mejorar los suelos de Valsequillo, elaborar materiales de enriquecimiento animal y construir terrazas que ayudan a retener suelo, evitando la erosi\u00f3n y la p\u00e9rdida de nutrientes. La Campa\u00f1a Verde&hellip;<\/p>\n<p class=\"excerpt-more\"><a class=\"blog-excerpt button\" href=\"https:\/\/www.aliadospuebla.com\/?p=111655\">Leer m\u00e1s&#8230;<\/a><\/p>\n","protected":false},"author":2,"featured_media":111656,"comment_status":"open","ping_status":"open","sticky":false,"template":"","format":"standard","meta":{"_monsterinsights_skip_tracking":false,"footnotes":""},"categories":[62],"tags":[3768,32491,26461,10582,7001,32490,20612,5633],"class_list":["post-111655","post","type-post","status-publish","format-standard","has-post-thumbnail","hentry","category-capital","tag-africam-safari","tag-arboles-naturales","tag-campana-verde-navidad","tag-gobierno-de-la-ciudad","tag-oosl","tag-participacion-responsable","tag-pepe-chedraui","tag-reciclaje"],"yoast_head":"<!-- This site is optimized with the Yoast SEO plugin v28.3 - https:\/\/yoast.com\/product\/yoast-seo-wordpress\/ -->\n<title>Concluye con \u00e9xito la campa\u00f1a Verde Navidad, en coordinaci\u00f3n con Africam Safari y el Gobierno de Pepe Chedraui - AliadosPuebla<\/title>\n<meta name=\"robots\" content=\"index, follow, max-snippet:-1, max-image-preview:large, max-video-preview:-1\" \/>\n<link rel=\"canonical\" href=\"https:\/\/www.aliadospuebla.com\/?p=111655\" \/>\n<meta property=\"og:locale\" content=\"es_ES\" \/>\n<meta property=\"og:type\" content=\"article\" \/>\n<meta property=\"og:title\" content=\"Concluye con \u00e9xito la campa\u00f1a Verde Navidad, en coordinaci\u00f3n con Africam Safari y el Gobierno de Pepe Chedraui - AliadosPuebla\" \/>\n<meta property=\"og:description\" content=\"Puebla, Puebla.- El Gobierno de la Ciudad que encabeza el presidente municipal, Pepe Chedraui, informa que la campa\u00f1a Verde Navidad 2025, impulsada en coordinaci\u00f3n con Africam Safari y con el respaldo operativo del Organismo Operador del Servicio de Limpia (OOSL), concluy\u00f3 de manera satisfactoria al cumplir la meta establecida de acopio de \u00e1rboles naturales de Navidad. Gracias a la participaci\u00f3n responsable de las familias poblanas, los \u00e1rboles recolectados no terminar\u00e1n en el relleno sanitario, barrancas o incinerados en la v\u00eda p\u00fablica. Por el contrario, ser\u00e1n aprovechados como materia prima para la elaboraci\u00f3n de composta que permitir\u00e1 mejorar los suelos de Valsequillo, elaborar materiales de enriquecimiento animal y construir terrazas que ayudan a retener suelo, evitando la erosi\u00f3n y la p\u00e9rdida de nutrientes. La Campa\u00f1a Verde&hellip;Leer m\u00e1s...\" \/>\n<meta property=\"og:url\" content=\"https:\/\/www.aliadospuebla.com\/?p=111655\" \/>\n<meta property=\"og:site_name\" content=\"AliadosPuebla\" \/>\n<meta property=\"article:author\" content=\"https:\/\/www.facebook.com\/Aliados17Pue\" \/>\n<meta property=\"article:published_time\" content=\"2026-02-23T00:56:03+00:00\" \/>\n<meta property=\"og:image\" content=\"https:\/\/www.aliadospuebla.com\/web2017\/wp-content\/uploads\/2026\/02\/136.jpg\" \/>\n\t<meta property=\"og:image:width\" content=\"600\" \/>\n\t<meta property=\"og:image:height\" content=\"450\" \/>\n\t<meta property=\"og:image:type\" content=\"image\/jpeg\" \/>\n<meta name=\"author\" content=\"Aliados17\" \/>\n<meta name=\"twitter:card\" content=\"summary_large_image\" \/>\n<meta name=\"twitter:creator\" content=\"@AliadosPuebla\" \/>\n<meta name=\"twitter:label1\" content=\"Escrito por\" \/>\n\t<meta name=\"twitter:data1\" content=\"Aliados17\" \/>\n\t<meta name=\"twitter:label2\" content=\"Tiempo de lectura\" \/>\n\t<meta name=\"twitter:data2\" content=\"2 minutos\" \/>\n<script type=\"application\/ld+json\" class=\"yoast-schema-graph\">{\"@context\":\"https:\\\/\\\/schema.org\",\"@graph\":[{\"@type\":\"Article\",\"@id\":\"https:\\\/\\\/www.aliadospuebla.com\\\/?p=111655#article\",\"isPartOf\":{\"@id\":\"https:\\\/\\\/www.aliadospuebla.com\\\/?p=111655\"},\"author\":{\"name\":\"Aliados17\",\"@id\":\"https:\\\/\\\/www.aliadospuebla.com\\\/#\\\/schema\\\/person\\\/5da7dd09320bd4f392b710017ed5f8ad\"},\"headline\":\"Concluye con \u00e9xito la campa\u00f1a Verde Navidad, en coordinaci\u00f3n con Africam Safari y el Gobierno de Pepe Chedraui\",\"datePublished\":\"2026-02-23T00:56:03+00:00\",\"mainEntityOfPage\":{\"@id\":\"https:\\\/\\\/www.aliadospuebla.com\\\/?p=111655\"},\"wordCount\":298,\"commentCount\":0,\"image\":{\"@id\":\"https:\\\/\\\/www.aliadospuebla.com\\\/?p=111655#primaryimage\"},\"thumbnailUrl\":\"https:\\\/\\\/www.aliadospuebla.com\\\/web2017\\\/wp-content\\\/uploads\\\/2026\\\/02\\\/136.jpg\",\"keywords\":[\"AFRICAM SAFARI\",\"\u00e1rboles naturales\",\"Campa\u00f1a Verde Navidad\",\"GOBIERNO DE LA CIUDAD\",\"OOSL\",\"participaci\u00f3n responsable\",\"Pepe Chedraui\",\"RECICLAJE\"],\"articleSection\":[\"Capital\"],\"inLanguage\":\"es\",\"potentialAction\":[{\"@type\":\"CommentAction\",\"name\":\"Comment\",\"target\":[\"https:\\\/\\\/www.aliadospuebla.com\\\/?p=111655#respond\"]}]},{\"@type\":\"WebPage\",\"@id\":\"https:\\\/\\\/www.aliadospuebla.com\\\/?p=111655\",\"url\":\"https:\\\/\\\/www.aliadospuebla.com\\\/?p=111655\",\"name\":\"Concluye con \u00e9xito la campa\u00f1a Verde Navidad, en coordinaci\u00f3n con Africam Safari y el Gobierno de Pepe Chedraui - AliadosPuebla\",\"isPartOf\":{\"@id\":\"https:\\\/\\\/www.aliadospuebla.com\\\/#website\"},\"primaryImageOfPage\":{\"@id\":\"https:\\\/\\\/www.aliadospuebla.com\\\/?p=111655#primaryimage\"},\"image\":{\"@id\":\"https:\\\/\\\/www.aliadospuebla.com\\\/?p=111655#primaryimage\"},\"thumbnailUrl\":\"https:\\\/\\\/www.aliadospuebla.com\\\/web2017\\\/wp-content\\\/uploads\\\/2026\\\/02\\\/136.jpg\",\"datePublished\":\"2026-02-23T00:56:03+00:00\",\"author\":{\"@id\":\"https:\\\/\\\/www.aliadospuebla.com\\\/#\\\/schema\\\/person\\\/5da7dd09320bd4f392b710017ed5f8ad\"},\"breadcrumb\":{\"@id\":\"https:\\\/\\\/www.aliadospuebla.com\\\/?p=111655#breadcrumb\"},\"inLanguage\":\"es\",\"potentialAction\":[{\"@type\":\"ReadAction\",\"target\":[\"https:\\\/\\\/www.aliadospuebla.com\\\/?p=111655\"]}]},{\"@type\":\"ImageObject\",\"inLanguage\":\"es\",\"@id\":\"https:\\\/\\\/www.aliadospuebla.com\\\/?p=111655#primaryimage\",\"url\":\"https:\\\/\\\/www.aliadospuebla.com\\\/web2017\\\/wp-content\\\/uploads\\\/2026\\\/02\\\/136.jpg\",\"contentUrl\":\"https:\\\/\\\/www.aliadospuebla.com\\\/web2017\\\/wp-content\\\/uploads\\\/2026\\\/02\\\/136.jpg\",\"width\":600,\"height\":450},{\"@type\":\"BreadcrumbList\",\"@id\":\"https:\\\/\\\/www.aliadospuebla.com\\\/?p=111655#breadcrumb\",\"itemListElement\":[{\"@type\":\"ListItem\",\"position\":1,\"name\":\"Portada\",\"item\":\"https:\\\/\\\/www.aliadospuebla.com\\\/\"},{\"@type\":\"ListItem\",\"position\":2,\"name\":\"Concluye con \u00e9xito la campa\u00f1a Verde Navidad, en coordinaci\u00f3n con Africam Safari y el Gobierno de Pepe Chedraui\"}]},{\"@type\":\"WebSite\",\"@id\":\"https:\\\/\\\/www.aliadospuebla.com\\\/#website\",\"url\":\"https:\\\/\\\/www.aliadospuebla.com\\\/\",\"name\":\"AliadosPuebla\",\"description\":\"La informaci\u00f3n en tus manos\",\"potentialAction\":[{\"@type\":\"SearchAction\",\"target\":{\"@type\":\"EntryPoint\",\"urlTemplate\":\"https:\\\/\\\/www.aliadospuebla.com\\\/?s={search_term_string}\"},\"query-input\":{\"@type\":\"PropertyValueSpecification\",\"valueRequired\":true,\"valueName\":\"search_term_string\"}}],\"inLanguage\":\"es\"},{\"@type\":\"Person\",\"@id\":\"https:\\\/\\\/www.aliadospuebla.com\\\/#\\\/schema\\\/person\\\/5da7dd09320bd4f392b710017ed5f8ad\",\"name\":\"Aliados17\",\"image\":{\"@type\":\"ImageObject\",\"inLanguage\":\"es\",\"@id\":\"https:\\\/\\\/www.aliadospuebla.com\\\/web2017\\\/wp-content\\\/uploads\\\/2025\\\/03\\\/cropped-para-perfil-8-anos-1-96x96.jpg\",\"url\":\"https:\\\/\\\/www.aliadospuebla.com\\\/web2017\\\/wp-content\\\/uploads\\\/2025\\\/03\\\/cropped-para-perfil-8-anos-1-96x96.jpg\",\"contentUrl\":\"https:\\\/\\\/www.aliadospuebla.com\\\/web2017\\\/wp-content\\\/uploads\\\/2025\\\/03\\\/cropped-para-perfil-8-anos-1-96x96.jpg\",\"caption\":\"Aliados17\"},\"sameAs\":[\"https:\\\/\\\/www.aliados17.com\",\"https:\\\/\\\/www.facebook.com\\\/Aliados17Pue\",\"https:\\\/\\\/x.com\\\/AliadosPuebla\"],\"url\":\"https:\\\/\\\/www.aliadospuebla.com\\\/?author=2\"}]}<\/script>\n<!-- \/ Yoast SEO plugin. -->","yoast_head_json":{"title":"Concluye con \u00e9xito la campa\u00f1a Verde Navidad, en coordinaci\u00f3n con Africam Safari y el Gobierno de Pepe Chedraui - AliadosPuebla","robots":{"index":"index","follow":"follow","max-snippet":"max-snippet:-1","max-image-preview":"max-image-preview:large","max-video-preview":"max-video-preview:-1"},"canonical":"https:\/\/www.aliadospuebla.com\/?p=111655","og_locale":"es_ES","og_type":"article","og_title":"Concluye con \u00e9xito la campa\u00f1a Verde Navidad, en coordinaci\u00f3n con Africam Safari y el Gobierno de Pepe Chedraui - AliadosPuebla","og_description":"Puebla, Puebla.- El Gobierno de la Ciudad que encabeza el presidente municipal, Pepe Chedraui, informa que la campa\u00f1a Verde Navidad 2025, impulsada en coordinaci\u00f3n con Africam Safari y con el respaldo operativo del Organismo Operador del Servicio de Limpia (OOSL), concluy\u00f3 de manera satisfactoria al cumplir la meta establecida de acopio de \u00e1rboles naturales de Navidad. Gracias a la participaci\u00f3n responsable de las familias poblanas, los \u00e1rboles recolectados no terminar\u00e1n en el relleno sanitario, barrancas o incinerados en la v\u00eda p\u00fablica. Por el contrario, ser\u00e1n aprovechados como materia prima para la elaboraci\u00f3n de composta que permitir\u00e1 mejorar los suelos de Valsequillo, elaborar materiales de enriquecimiento animal y construir terrazas que ayudan a retener suelo, evitando la erosi\u00f3n y la p\u00e9rdida de nutrientes. La Campa\u00f1a Verde&hellip;Leer m\u00e1s...","og_url":"https:\/\/www.aliadospuebla.com\/?p=111655","og_site_name":"AliadosPuebla","article_author":"https:\/\/www.facebook.com\/Aliados17Pue","article_published_time":"2026-02-23T00:56:03+00:00","og_image":[{"width":600,"height":450,"url":"https:\/\/www.aliadospuebla.com\/web2017\/wp-content\/uploads\/2026\/02\/136.jpg","type":"image\/jpeg"}],"author":"Aliados17","twitter_card":"summary_large_image","twitter_creator":"@AliadosPuebla","twitter_misc":{"Escrito por":"Aliados17","Tiempo de lectura":"2 minutos"},"schema":{"@context":"https:\/\/schema.org","@graph":[{"@type":"Article","@id":"https:\/\/www.aliadospuebla.com\/?p=111655#article","isPartOf":{"@id":"https:\/\/www.aliadospuebla.com\/?p=111655"},"author":{"name":"Aliados17","@id":"https:\/\/www.aliadospuebla.com\/#\/schema\/person\/5da7dd09320bd4f392b710017ed5f8ad"},"headline":"Concluye con \u00e9xito la campa\u00f1a Verde Navidad, en coordinaci\u00f3n con Africam Safari y el Gobierno de Pepe Chedraui","datePublished":"2026-02-23T00:56:03+00:00","mainEntityOfPage":{"@id":"https:\/\/www.aliadospuebla.com\/?p=111655"},"wordCount":298,"commentCount":0,"image":{"@id":"https:\/\/www.aliadospuebla.com\/?p=111655#primaryimage"},"thumbnailUrl":"https:\/\/www.aliadospuebla.com\/web2017\/wp-content\/uploads\/2026\/02\/136.jpg","keywords":["AFRICAM SAFARI","\u00e1rboles naturales","Campa\u00f1a Verde Navidad","GOBIERNO DE LA CIUDAD","OOSL","participaci\u00f3n responsable","Pepe Chedraui","RECICLAJE"],"articleSection":["Capital"],"inLanguage":"es","potentialAction":[{"@type":"CommentAction","name":"Comment","target":["https:\/\/www.aliadospuebla.com\/?p=111655#respond"]}]},{"@type":"WebPage","@id":"https:\/\/www.aliadospuebla.com\/?p=111655","url":"https:\/\/www.aliadospuebla.com\/?p=111655","name":"Concluye con \u00e9xito la campa\u00f1a Verde Navidad, en coordinaci\u00f3n con Africam Safari y el Gobierno de Pepe Chedraui - AliadosPuebla","isPartOf":{"@id":"https:\/\/www.aliadospuebla.com\/#website"},"primaryImageOfPage":{"@id":"https:\/\/www.aliadospuebla.com\/?p=111655#primaryimage"},"image":{"@id":"https:\/\/www.aliadospuebla.com\/?p=111655#primaryimage"},"thumbnailUrl":"https:\/\/www.aliadospuebla.com\/web2017\/wp-content\/uploads\/2026\/02\/136.jpg","datePublished":"2026-02-23T00:56:03+00:00","author":{"@id":"https:\/\/www.aliadospuebla.com\/#\/schema\/person\/5da7dd09320bd4f392b710017ed5f8ad"},"breadcrumb":{"@id":"https:\/\/www.aliadospuebla.com\/?p=111655#breadcrumb"},"inLanguage":"es","potentialAction":[{"@type":"ReadAction","target":["https:\/\/www.aliadospuebla.com\/?p=111655"]}]},{"@type":"ImageObject","inLanguage":"es","@id":"https:\/\/www.aliadospuebla.com\/?p=111655#primaryimage","url":"https:\/\/www.aliadospuebla.com\/web2017\/wp-content\/uploads\/2026\/02\/136.jpg","contentUrl":"https:\/\/www.aliadospuebla.com\/web2017\/wp-content\/uploads\/2026\/02\/136.jpg","width":600,"height":450},{"@type":"BreadcrumbList","@id":"https:\/\/www.aliadospuebla.com\/?p=111655#breadcrumb","itemListElement":[{"@type":"ListItem","position":1,"name":"Portada","item":"https:\/\/www.aliadospuebla.com\/"},{"@type":"ListItem","position":2,"name":"Concluye con \u00e9xito la campa\u00f1a Verde Navidad, en coordinaci\u00f3n con Africam Safari y el Gobierno de Pepe Chedraui"}]},{"@type":"WebSite","@id":"https:\/\/www.aliadospuebla.com\/#website","url":"https:\/\/www.aliadospuebla.com\/","name":"AliadosPuebla","description":"La informaci\u00f3n en tus manos","potentialAction":[{"@type":"SearchAction","target":{"@type":"EntryPoint","urlTemplate":"https:\/\/www.aliadospuebla.com\/?s={search_term_string}"},"query-input":{"@type":"PropertyValueSpecification","valueRequired":true,"valueName":"search_term_string"}}],"inLanguage":"es"},{"@type":"Person","@id":"https:\/\/www.aliadospuebla.com\/#\/schema\/person\/5da7dd09320bd4f392b710017ed5f8ad","name":"Aliados17","image":{"@type":"ImageObject","inLanguage":"es","@id":"https:\/\/www.aliadospuebla.com\/web2017\/wp-content\/uploads\/2025\/03\/cropped-para-perfil-8-anos-1-96x96.jpg","url":"https:\/\/www.aliadospuebla.com\/web2017\/wp-content\/uploads\/2025\/03\/cropped-para-perfil-8-anos-1-96x96.jpg","contentUrl":"https:\/\/www.aliadospuebla.com\/web2017\/wp-content\/uploads\/2025\/03\/cropped-para-perfil-8-anos-1-96x96.jpg","caption":"Aliados17"},"sameAs":["https:\/\/www.aliados17.com","https:\/\/www.facebook.com\/Aliados17Pue","https:\/\/x.com\/AliadosPuebla"],"url":"https:\/\/www.aliadospuebla.com\/?author=2"}]}},"views":14,"_links":{"self":[{"href":"https:\/\/www.aliadospuebla.com\/index.php?rest_route=\/wp\/v2\/posts\/111655","targetHints":{"allow":["GET"]}}],"collection":[{"href":"https:\/\/www.aliadospuebla.com\/index.php?rest_route=\/wp\/v2\/posts"}],"about":[{"href":"https:\/\/www.aliadospuebla.com\/index.php?rest_route=\/wp\/v2\/types\/post"}],"author":[{"embeddable":true,"href":"https:\/\/www.aliadospuebla.com\/index.php?rest_route=\/wp\/v2\/users\/2"}],"replies":[{"embeddable":true,"href":"https:\/\/www.aliadospuebla.com\/index.php?rest_route=%2Fwp%2Fv2%2Fcomments&post=111655"}],"version-history":[{"count":1,"href":"https:\/\/www.aliadospuebla.com\/index.php?rest_route=\/wp\/v2\/posts\/111655\/revisions"}],"predecessor-version":[{"id":111657,"href":"https:\/\/www.aliadospuebla.com\/index.php?rest_route=\/wp\/v2\/posts\/111655\/revisions\/111657"}],"wp:featuredmedia":[{"embeddable":true,"href":"https:\/\/www.aliadospuebla.com\/index.php?rest_route=\/wp\/v2\/media\/111656"}],"wp:attachment":[{"href":"https:\/\/www.aliadospuebla.com\/index.php?rest_route=%2Fwp%2Fv2%2Fmedia&parent=111655"}],"wp:term":[{"taxonomy":"category","embeddable":true,"href":"https:\/\/www.aliadospuebla.com\/index.php?rest_route=%2Fwp%2Fv2%2Fcategories&post=111655"},{"taxonomy":"post_tag","embeddable":true,"href":"https:\/\/www.aliadospuebla.com\/index.php?rest_route=%2Fwp%2Fv2%2Ftags&post=111655"}],"curies":[{"name":"wp","href":"https:\/\/api.w.org\/{rel}","templated":true}]}}