{"id":111532,"date":"2026-02-18T07:18:16","date_gmt":"2026-02-18T13:18:16","guid":{"rendered":"https:\/\/www.aliadospuebla.com\/?p=111532"},"modified":"2026-02-18T07:18:16","modified_gmt":"2026-02-18T13:18:16","slug":"llama-pavel-gaspar-a-fortalecer-la-coordinacion-de-autoridades-municipales-en-materia-de-seguridad","status":"publish","type":"post","link":"https:\/\/www.aliadospuebla.com\/?p=111532","title":{"rendered":"Llama P\u00e1vel Gaspar a fortalecer la coordinaci\u00f3n de autoridades municipales en materia de seguridad"},"content":{"rendered":"<h4>El presidente de la Junta de Gobierno y Coordinaci\u00f3n Pol\u00edtica del Congreso del Estado, P\u00e1vel Gaspar Ram\u00edrez, llam\u00f3 a las autoridades municipales a reforzar la coordinaci\u00f3n en materia de seguridad.<\/h4>\n<p>\u201cEl Congreso hace un llamado a las autoridades de seguridad de los municipios de la zona metropolitana (\u2026) a mejorar la coordinaci\u00f3n con el Estado y la Federaci\u00f3n\u201d, indic\u00f3 tras los hechos ocurridos el 14 de febrero en la zona de Angel\u00f3polis.<\/p>\n<p>De igual forma, pidi\u00f3 a las autoridades encargadas de la procuraci\u00f3n y administraci\u00f3n de justicia que apliquen y act\u00faen en el marco de la Ley, pues el objetivo com\u00fan es trabajar por la tranquilidad de las familias poblanas.<\/p>\n<p>Pavel Gaspar se\u00f1al\u00f3 que la labor conjunta genera mejores resultados, en este sentido reconoci\u00f3 las acciones implementadas por el Ejecutivo, que tiene como prioridad garantizar la seguridad en el Estado.<\/p>\n","protected":false},"excerpt":{"rendered":"<p>El presidente de la Junta de Gobierno y Coordinaci\u00f3n Pol\u00edtica del Congreso del Estado, P\u00e1vel Gaspar Ram\u00edrez, llam\u00f3 a las autoridades municipales a reforzar la coordinaci\u00f3n en materia de seguridad. \u201cEl Congreso hace un llamado a las autoridades de seguridad de los municipios de la zona metropolitana (\u2026) a mejorar la coordinaci\u00f3n con el Estado y la Federaci\u00f3n\u201d, indic\u00f3 tras los hechos ocurridos el 14 de febrero en la zona de Angel\u00f3polis. De igual forma, pidi\u00f3 a las autoridades encargadas de la procuraci\u00f3n y administraci\u00f3n de justicia que apliquen y act\u00faen en el marco de la Ley, pues el objetivo com\u00fan es trabajar por la tranquilidad de las familias poblanas. Pavel Gaspar se\u00f1al\u00f3 que la labor conjunta genera mejores resultados, en este sentido reconoci\u00f3 las&hellip;<\/p>\n<p class=\"excerpt-more\"><a class=\"blog-excerpt button\" href=\"https:\/\/www.aliadospuebla.com\/?p=111532\">Leer m\u00e1s&#8230;<\/a><\/p>\n","protected":false},"author":2,"featured_media":111533,"comment_status":"open","ping_status":"open","sticky":false,"template":"","format":"standard","meta":{"_monsterinsights_skip_tracking":false,"footnotes":""},"categories":[6],"tags":[26436,88,24915,20],"class_list":["post-111532","post","type-post","status-publish","format-standard","has-post-thumbnail","hentry","category-politica","tag-administracion-de-justicia","tag-congreso-del-estado","tag-pavel-gaspar-ramirez","tag-seguridad"],"yoast_head":"<!-- This site is optimized with the Yoast SEO plugin v28.4 - https:\/\/yoast.com\/product\/yoast-seo-wordpress\/ -->\n<title>Llama P\u00e1vel Gaspar a fortalecer la coordinaci\u00f3n de autoridades municipales en materia de seguridad - AliadosPuebla<\/title>\n<meta name=\"robots\" content=\"index, follow, max-snippet:-1, max-image-preview:large, max-video-preview:-1\" \/>\n<link rel=\"canonical\" href=\"https:\/\/www.aliadospuebla.com\/?p=111532\" \/>\n<meta property=\"og:locale\" content=\"es_ES\" \/>\n<meta property=\"og:type\" content=\"article\" \/>\n<meta property=\"og:title\" content=\"Llama P\u00e1vel Gaspar a fortalecer la coordinaci\u00f3n de autoridades municipales en materia de seguridad - AliadosPuebla\" \/>\n<meta property=\"og:description\" content=\"El presidente de la Junta de Gobierno y Coordinaci\u00f3n Pol\u00edtica del Congreso del Estado, P\u00e1vel Gaspar Ram\u00edrez, llam\u00f3 a las autoridades municipales a reforzar la coordinaci\u00f3n en materia de seguridad. \u201cEl Congreso hace un llamado a las autoridades de seguridad de los municipios de la zona metropolitana (\u2026) a mejorar la coordinaci\u00f3n con el Estado y la Federaci\u00f3n\u201d, indic\u00f3 tras los hechos ocurridos el 14 de febrero en la zona de Angel\u00f3polis. De igual forma, pidi\u00f3 a las autoridades encargadas de la procuraci\u00f3n y administraci\u00f3n de justicia que apliquen y act\u00faen en el marco de la Ley, pues el objetivo com\u00fan es trabajar por la tranquilidad de las familias poblanas. Pavel Gaspar se\u00f1al\u00f3 que la labor conjunta genera mejores resultados, en este sentido reconoci\u00f3 las&hellip;Leer m\u00e1s...\" \/>\n<meta property=\"og:url\" content=\"https:\/\/www.aliadospuebla.com\/?p=111532\" \/>\n<meta property=\"og:site_name\" content=\"AliadosPuebla\" \/>\n<meta property=\"article:author\" content=\"https:\/\/www.facebook.com\/Aliados17Pue\" \/>\n<meta property=\"article:published_time\" content=\"2026-02-18T13:18:16+00:00\" \/>\n<meta property=\"og:image\" content=\"https:\/\/www.aliadospuebla.com\/web2017\/wp-content\/uploads\/2026\/02\/104.jpg\" \/>\n\t<meta property=\"og:image:width\" content=\"600\" \/>\n\t<meta property=\"og:image:height\" content=\"450\" \/>\n\t<meta property=\"og:image:type\" content=\"image\/jpeg\" \/>\n<meta name=\"author\" content=\"Aliados17\" \/>\n<meta name=\"twitter:card\" content=\"summary_large_image\" \/>\n<meta name=\"twitter:creator\" content=\"@AliadosPuebla\" \/>\n<meta name=\"twitter:label1\" content=\"Escrito por\" \/>\n\t<meta name=\"twitter:data1\" content=\"Aliados17\" \/>\n\t<meta name=\"twitter:label2\" content=\"Tiempo de lectura\" \/>\n\t<meta name=\"twitter:data2\" content=\"1 minuto\" \/>\n<script type=\"application\/ld+json\" class=\"yoast-schema-graph\">{\"@context\":\"https:\\\/\\\/schema.org\",\"@graph\":[{\"@type\":\"Article\",\"@id\":\"https:\\\/\\\/www.aliadospuebla.com\\\/?p=111532#article\",\"isPartOf\":{\"@id\":\"https:\\\/\\\/www.aliadospuebla.com\\\/?p=111532\"},\"author\":{\"name\":\"Aliados17\",\"@id\":\"https:\\\/\\\/www.aliadospuebla.com\\\/#\\\/schema\\\/person\\\/5da7dd09320bd4f392b710017ed5f8ad\"},\"headline\":\"Llama P\u00e1vel Gaspar a fortalecer la coordinaci\u00f3n de autoridades municipales en materia de seguridad\",\"datePublished\":\"2026-02-18T13:18:16+00:00\",\"mainEntityOfPage\":{\"@id\":\"https:\\\/\\\/www.aliadospuebla.com\\\/?p=111532\"},\"wordCount\":167,\"commentCount\":0,\"image\":{\"@id\":\"https:\\\/\\\/www.aliadospuebla.com\\\/?p=111532#primaryimage\"},\"thumbnailUrl\":\"https:\\\/\\\/www.aliadospuebla.com\\\/web2017\\\/wp-content\\\/uploads\\\/2026\\\/02\\\/104.jpg\",\"keywords\":[\"administraci\u00f3n de justicia\",\"Congreso del Estado\",\"P\u00e1vel Gaspar Ram\u00edrez\",\"Seguridad\"],\"articleSection\":[\"Pol\u00edtica\"],\"inLanguage\":\"es\",\"potentialAction\":[{\"@type\":\"CommentAction\",\"name\":\"Comment\",\"target\":[\"https:\\\/\\\/www.aliadospuebla.com\\\/?p=111532#respond\"]}]},{\"@type\":\"WebPage\",\"@id\":\"https:\\\/\\\/www.aliadospuebla.com\\\/?p=111532\",\"url\":\"https:\\\/\\\/www.aliadospuebla.com\\\/?p=111532\",\"name\":\"Llama P\u00e1vel Gaspar a fortalecer la coordinaci\u00f3n de autoridades municipales en materia de seguridad - AliadosPuebla\",\"isPartOf\":{\"@id\":\"https:\\\/\\\/www.aliadospuebla.com\\\/#website\"},\"primaryImageOfPage\":{\"@id\":\"https:\\\/\\\/www.aliadospuebla.com\\\/?p=111532#primaryimage\"},\"image\":{\"@id\":\"https:\\\/\\\/www.aliadospuebla.com\\\/?p=111532#primaryimage\"},\"thumbnailUrl\":\"https:\\\/\\\/www.aliadospuebla.com\\\/web2017\\\/wp-content\\\/uploads\\\/2026\\\/02\\\/104.jpg\",\"datePublished\":\"2026-02-18T13:18:16+00:00\",\"author\":{\"@id\":\"https:\\\/\\\/www.aliadospuebla.com\\\/#\\\/schema\\\/person\\\/5da7dd09320bd4f392b710017ed5f8ad\"},\"breadcrumb\":{\"@id\":\"https:\\\/\\\/www.aliadospuebla.com\\\/?p=111532#breadcrumb\"},\"inLanguage\":\"es\",\"potentialAction\":[{\"@type\":\"ReadAction\",\"target\":[\"https:\\\/\\\/www.aliadospuebla.com\\\/?p=111532\"]}]},{\"@type\":\"ImageObject\",\"inLanguage\":\"es\",\"@id\":\"https:\\\/\\\/www.aliadospuebla.com\\\/?p=111532#primaryimage\",\"url\":\"https:\\\/\\\/www.aliadospuebla.com\\\/web2017\\\/wp-content\\\/uploads\\\/2026\\\/02\\\/104.jpg\",\"contentUrl\":\"https:\\\/\\\/www.aliadospuebla.com\\\/web2017\\\/wp-content\\\/uploads\\\/2026\\\/02\\\/104.jpg\",\"width\":600,\"height\":450},{\"@type\":\"BreadcrumbList\",\"@id\":\"https:\\\/\\\/www.aliadospuebla.com\\\/?p=111532#breadcrumb\",\"itemListElement\":[{\"@type\":\"ListItem\",\"position\":1,\"name\":\"Portada\",\"item\":\"https:\\\/\\\/www.aliadospuebla.com\\\/\"},{\"@type\":\"ListItem\",\"position\":2,\"name\":\"Llama P\u00e1vel Gaspar a fortalecer la coordinaci\u00f3n de autoridades municipales en materia de seguridad\"}]},{\"@type\":\"WebSite\",\"@id\":\"https:\\\/\\\/www.aliadospuebla.com\\\/#website\",\"url\":\"https:\\\/\\\/www.aliadospuebla.com\\\/\",\"name\":\"AliadosPuebla\",\"description\":\"La informaci\u00f3n en tus manos\",\"potentialAction\":[{\"@type\":\"SearchAction\",\"target\":{\"@type\":\"EntryPoint\",\"urlTemplate\":\"https:\\\/\\\/www.aliadospuebla.com\\\/?s={search_term_string}\"},\"query-input\":{\"@type\":\"PropertyValueSpecification\",\"valueRequired\":true,\"valueName\":\"search_term_string\"}}],\"inLanguage\":\"es\"},{\"@type\":\"Person\",\"@id\":\"https:\\\/\\\/www.aliadospuebla.com\\\/#\\\/schema\\\/person\\\/5da7dd09320bd4f392b710017ed5f8ad\",\"name\":\"Aliados17\",\"image\":{\"@type\":\"ImageObject\",\"inLanguage\":\"es\",\"@id\":\"https:\\\/\\\/www.aliadospuebla.com\\\/web2017\\\/wp-content\\\/uploads\\\/2025\\\/03\\\/cropped-para-perfil-8-anos-1-96x96.jpg\",\"url\":\"https:\\\/\\\/www.aliadospuebla.com\\\/web2017\\\/wp-content\\\/uploads\\\/2025\\\/03\\\/cropped-para-perfil-8-anos-1-96x96.jpg\",\"contentUrl\":\"https:\\\/\\\/www.aliadospuebla.com\\\/web2017\\\/wp-content\\\/uploads\\\/2025\\\/03\\\/cropped-para-perfil-8-anos-1-96x96.jpg\",\"caption\":\"Aliados17\"},\"sameAs\":[\"https:\\\/\\\/www.aliados17.com\",\"https:\\\/\\\/www.facebook.com\\\/Aliados17Pue\",\"https:\\\/\\\/x.com\\\/AliadosPuebla\"],\"url\":\"https:\\\/\\\/www.aliadospuebla.com\\\/?author=2\"}]}<\/script>\n<!-- \/ Yoast SEO plugin. -->","yoast_head_json":{"title":"Llama P\u00e1vel Gaspar a fortalecer la coordinaci\u00f3n de autoridades municipales en materia de seguridad - AliadosPuebla","robots":{"index":"index","follow":"follow","max-snippet":"max-snippet:-1","max-image-preview":"max-image-preview:large","max-video-preview":"max-video-preview:-1"},"canonical":"https:\/\/www.aliadospuebla.com\/?p=111532","og_locale":"es_ES","og_type":"article","og_title":"Llama P\u00e1vel Gaspar a fortalecer la coordinaci\u00f3n de autoridades municipales en materia de seguridad - AliadosPuebla","og_description":"El presidente de la Junta de Gobierno y Coordinaci\u00f3n Pol\u00edtica del Congreso del Estado, P\u00e1vel Gaspar Ram\u00edrez, llam\u00f3 a las autoridades municipales a reforzar la coordinaci\u00f3n en materia de seguridad. \u201cEl Congreso hace un llamado a las autoridades de seguridad de los municipios de la zona metropolitana (\u2026) a mejorar la coordinaci\u00f3n con el Estado y la Federaci\u00f3n\u201d, indic\u00f3 tras los hechos ocurridos el 14 de febrero en la zona de Angel\u00f3polis. De igual forma, pidi\u00f3 a las autoridades encargadas de la procuraci\u00f3n y administraci\u00f3n de justicia que apliquen y act\u00faen en el marco de la Ley, pues el objetivo com\u00fan es trabajar por la tranquilidad de las familias poblanas. Pavel Gaspar se\u00f1al\u00f3 que la labor conjunta genera mejores resultados, en este sentido reconoci\u00f3 las&hellip;Leer m\u00e1s...","og_url":"https:\/\/www.aliadospuebla.com\/?p=111532","og_site_name":"AliadosPuebla","article_author":"https:\/\/www.facebook.com\/Aliados17Pue","article_published_time":"2026-02-18T13:18:16+00:00","og_image":[{"width":600,"height":450,"url":"https:\/\/www.aliadospuebla.com\/web2017\/wp-content\/uploads\/2026\/02\/104.jpg","type":"image\/jpeg"}],"author":"Aliados17","twitter_card":"summary_large_image","twitter_creator":"@AliadosPuebla","twitter_misc":{"Escrito por":"Aliados17","Tiempo de lectura":"1 minuto"},"schema":{"@context":"https:\/\/schema.org","@graph":[{"@type":"Article","@id":"https:\/\/www.aliadospuebla.com\/?p=111532#article","isPartOf":{"@id":"https:\/\/www.aliadospuebla.com\/?p=111532"},"author":{"name":"Aliados17","@id":"https:\/\/www.aliadospuebla.com\/#\/schema\/person\/5da7dd09320bd4f392b710017ed5f8ad"},"headline":"Llama P\u00e1vel Gaspar a fortalecer la coordinaci\u00f3n de autoridades municipales en materia de seguridad","datePublished":"2026-02-18T13:18:16+00:00","mainEntityOfPage":{"@id":"https:\/\/www.aliadospuebla.com\/?p=111532"},"wordCount":167,"commentCount":0,"image":{"@id":"https:\/\/www.aliadospuebla.com\/?p=111532#primaryimage"},"thumbnailUrl":"https:\/\/www.aliadospuebla.com\/web2017\/wp-content\/uploads\/2026\/02\/104.jpg","keywords":["administraci\u00f3n de justicia","Congreso del Estado","P\u00e1vel Gaspar Ram\u00edrez","Seguridad"],"articleSection":["Pol\u00edtica"],"inLanguage":"es","potentialAction":[{"@type":"CommentAction","name":"Comment","target":["https:\/\/www.aliadospuebla.com\/?p=111532#respond"]}]},{"@type":"WebPage","@id":"https:\/\/www.aliadospuebla.com\/?p=111532","url":"https:\/\/www.aliadospuebla.com\/?p=111532","name":"Llama P\u00e1vel Gaspar a fortalecer la coordinaci\u00f3n de autoridades municipales en materia de seguridad - AliadosPuebla","isPartOf":{"@id":"https:\/\/www.aliadospuebla.com\/#website"},"primaryImageOfPage":{"@id":"https:\/\/www.aliadospuebla.com\/?p=111532#primaryimage"},"image":{"@id":"https:\/\/www.aliadospuebla.com\/?p=111532#primaryimage"},"thumbnailUrl":"https:\/\/www.aliadospuebla.com\/web2017\/wp-content\/uploads\/2026\/02\/104.jpg","datePublished":"2026-02-18T13:18:16+00:00","author":{"@id":"https:\/\/www.aliadospuebla.com\/#\/schema\/person\/5da7dd09320bd4f392b710017ed5f8ad"},"breadcrumb":{"@id":"https:\/\/www.aliadospuebla.com\/?p=111532#breadcrumb"},"inLanguage":"es","potentialAction":[{"@type":"ReadAction","target":["https:\/\/www.aliadospuebla.com\/?p=111532"]}]},{"@type":"ImageObject","inLanguage":"es","@id":"https:\/\/www.aliadospuebla.com\/?p=111532#primaryimage","url":"https:\/\/www.aliadospuebla.com\/web2017\/wp-content\/uploads\/2026\/02\/104.jpg","contentUrl":"https:\/\/www.aliadospuebla.com\/web2017\/wp-content\/uploads\/2026\/02\/104.jpg","width":600,"height":450},{"@type":"BreadcrumbList","@id":"https:\/\/www.aliadospuebla.com\/?p=111532#breadcrumb","itemListElement":[{"@type":"ListItem","position":1,"name":"Portada","item":"https:\/\/www.aliadospuebla.com\/"},{"@type":"ListItem","position":2,"name":"Llama P\u00e1vel Gaspar a fortalecer la coordinaci\u00f3n de autoridades municipales en materia de seguridad"}]},{"@type":"WebSite","@id":"https:\/\/www.aliadospuebla.com\/#website","url":"https:\/\/www.aliadospuebla.com\/","name":"AliadosPuebla","description":"La informaci\u00f3n en tus manos","potentialAction":[{"@type":"SearchAction","target":{"@type":"EntryPoint","urlTemplate":"https:\/\/www.aliadospuebla.com\/?s={search_term_string}"},"query-input":{"@type":"PropertyValueSpecification","valueRequired":true,"valueName":"search_term_string"}}],"inLanguage":"es"},{"@type":"Person","@id":"https:\/\/www.aliadospuebla.com\/#\/schema\/person\/5da7dd09320bd4f392b710017ed5f8ad","name":"Aliados17","image":{"@type":"ImageObject","inLanguage":"es","@id":"https:\/\/www.aliadospuebla.com\/web2017\/wp-content\/uploads\/2025\/03\/cropped-para-perfil-8-anos-1-96x96.jpg","url":"https:\/\/www.aliadospuebla.com\/web2017\/wp-content\/uploads\/2025\/03\/cropped-para-perfil-8-anos-1-96x96.jpg","contentUrl":"https:\/\/www.aliadospuebla.com\/web2017\/wp-content\/uploads\/2025\/03\/cropped-para-perfil-8-anos-1-96x96.jpg","caption":"Aliados17"},"sameAs":["https:\/\/www.aliados17.com","https:\/\/www.facebook.com\/Aliados17Pue","https:\/\/x.com\/AliadosPuebla"],"url":"https:\/\/www.aliadospuebla.com\/?author=2"}]}},"views":28,"_links":{"self":[{"href":"https:\/\/www.aliadospuebla.com\/index.php?rest_route=\/wp\/v2\/posts\/111532","targetHints":{"allow":["GET"]}}],"collection":[{"href":"https:\/\/www.aliadospuebla.com\/index.php?rest_route=\/wp\/v2\/posts"}],"about":[{"href":"https:\/\/www.aliadospuebla.com\/index.php?rest_route=\/wp\/v2\/types\/post"}],"author":[{"embeddable":true,"href":"https:\/\/www.aliadospuebla.com\/index.php?rest_route=\/wp\/v2\/users\/2"}],"replies":[{"embeddable":true,"href":"https:\/\/www.aliadospuebla.com\/index.php?rest_route=%2Fwp%2Fv2%2Fcomments&post=111532"}],"version-history":[{"count":1,"href":"https:\/\/www.aliadospuebla.com\/index.php?rest_route=\/wp\/v2\/posts\/111532\/revisions"}],"predecessor-version":[{"id":111534,"href":"https:\/\/www.aliadospuebla.com\/index.php?rest_route=\/wp\/v2\/posts\/111532\/revisions\/111534"}],"wp:featuredmedia":[{"embeddable":true,"href":"https:\/\/www.aliadospuebla.com\/index.php?rest_route=\/wp\/v2\/media\/111533"}],"wp:attachment":[{"href":"https:\/\/www.aliadospuebla.com\/index.php?rest_route=%2Fwp%2Fv2%2Fmedia&parent=111532"}],"wp:term":[{"taxonomy":"category","embeddable":true,"href":"https:\/\/www.aliadospuebla.com\/index.php?rest_route=%2Fwp%2Fv2%2Fcategories&post=111532"},{"taxonomy":"post_tag","embeddable":true,"href":"https:\/\/www.aliadospuebla.com\/index.php?rest_route=%2Fwp%2Fv2%2Ftags&post=111532"}],"curies":[{"name":"wp","href":"https:\/\/api.w.org\/{rel}","templated":true}]}}