{"id":111496,"date":"2026-02-16T23:22:59","date_gmt":"2026-02-17T05:22:59","guid":{"rendered":"https:\/\/www.aliadospuebla.com\/?p=111496"},"modified":"2026-02-16T23:22:59","modified_gmt":"2026-02-17T05:22:59","slug":"mateo-hernandez-inicia-adoquinamiento-en-calle-12-sur-barrio-san-jose","status":"publish","type":"post","link":"https:\/\/www.aliadospuebla.com\/?p=111496","title":{"rendered":"Mateo Hern\u00e1ndez Inicia adoquinamiento en Calle 12 Sur, Barrio San Jos\u00e9"},"content":{"rendered":"<h4>Tecamachalco, Puebla. \u2013 El H. Ayuntamiento de Tecamachalco, encabezado por el Presidente Municipal Mateo Hern\u00e1ndez L\u00f3pez, dio el banderazo de inicio a los trabajos de adoquinamiento en la Calle 12 Sur, entre 3 Oriente y 7 Oriente, en el Barrio San Jos\u00e9.<\/h4>\n<p>La obra abarca 235 metros lineales con un \u00e1rea de intervenci\u00f3n de 1,880 metros cuadrados (ancho promedio de 8 metros) y un plazo de ejecuci\u00f3n de 60 d\u00edas, para mejorar esta vialidad de alta demanda que no hab\u00eda recibido rehabilitaci\u00f3n en los \u00faltimos 30 a\u00f1os. En una primera etapa se reemplaz\u00f3 el drenaje sanitario colapsado, mejorando significativamente la salubridad y calidad de vida de los vecinos de esta vialidad.<\/p>\n<p>Gracias al esfuerzo coordinado de las dependencias municipales as\u00ed como a la comprensi\u00f3n y apoyo de los vecinos, esta intervenci\u00f3n refuerza el compromiso del gobierno por modernizar la infraestructura vial prioritaria, beneficiando directamente a las familias del Barrio San Jos\u00e9 y facilitando la movilidad diaria en la zona.<\/p>\n","protected":false},"excerpt":{"rendered":"<p>Tecamachalco, Puebla. \u2013 El H. Ayuntamiento de Tecamachalco, encabezado por el Presidente Municipal Mateo Hern\u00e1ndez L\u00f3pez, dio el banderazo de inicio a los trabajos de adoquinamiento en la Calle 12 Sur, entre 3 Oriente y 7 Oriente, en el Barrio San Jos\u00e9. La obra abarca 235 metros lineales con un \u00e1rea de intervenci\u00f3n de 1,880 metros cuadrados (ancho promedio de 8 metros) y un plazo de ejecuci\u00f3n de 60 d\u00edas, para mejorar esta vialidad de alta demanda que no hab\u00eda recibido rehabilitaci\u00f3n en los \u00faltimos 30 a\u00f1os. En una primera etapa se reemplaz\u00f3 el drenaje sanitario colapsado, mejorando significativamente la salubridad y calidad de vida de los vecinos de esta vialidad. Gracias al esfuerzo coordinado de las dependencias municipales as\u00ed como a la comprensi\u00f3n y&hellip;<\/p>\n<p class=\"excerpt-more\"><a class=\"blog-excerpt button\" href=\"https:\/\/www.aliadospuebla.com\/?p=111496\">Leer m\u00e1s&#8230;<\/a><\/p>\n","protected":false},"author":2,"featured_media":111497,"comment_status":"open","ping_status":"open","sticky":false,"template":"","format":"standard","meta":{"_monsterinsights_skip_tracking":false,"footnotes":""},"categories":[4],"tags":[565,27020,32415,28053,129],"class_list":["post-111496","post","type-post","status-publish","format-standard","has-post-thumbnail","hentry","category-municipios","tag-adoquinamiento","tag-banderazo-de-inicio","tag-barrio-san-jose","tag-mateo-hernandez-lopez","tag-tecamachalco"],"yoast_head":"<!-- This site is optimized with the Yoast SEO plugin v28.4 - https:\/\/yoast.com\/product\/yoast-seo-wordpress\/ -->\n<title>Mateo Hern\u00e1ndez Inicia adoquinamiento en Calle 12 Sur, Barrio San Jos\u00e9 - AliadosPuebla<\/title>\n<meta name=\"robots\" content=\"index, follow, max-snippet:-1, max-image-preview:large, max-video-preview:-1\" \/>\n<link rel=\"canonical\" href=\"https:\/\/www.aliadospuebla.com\/?p=111496\" \/>\n<meta property=\"og:locale\" content=\"es_ES\" \/>\n<meta property=\"og:type\" content=\"article\" \/>\n<meta property=\"og:title\" content=\"Mateo Hern\u00e1ndez Inicia adoquinamiento en Calle 12 Sur, Barrio San Jos\u00e9 - AliadosPuebla\" \/>\n<meta property=\"og:description\" content=\"Tecamachalco, Puebla. \u2013 El H. Ayuntamiento de Tecamachalco, encabezado por el Presidente Municipal Mateo Hern\u00e1ndez L\u00f3pez, dio el banderazo de inicio a los trabajos de adoquinamiento en la Calle 12 Sur, entre 3 Oriente y 7 Oriente, en el Barrio San Jos\u00e9. La obra abarca 235 metros lineales con un \u00e1rea de intervenci\u00f3n de 1,880 metros cuadrados (ancho promedio de 8 metros) y un plazo de ejecuci\u00f3n de 60 d\u00edas, para mejorar esta vialidad de alta demanda que no hab\u00eda recibido rehabilitaci\u00f3n en los \u00faltimos 30 a\u00f1os. En una primera etapa se reemplaz\u00f3 el drenaje sanitario colapsado, mejorando significativamente la salubridad y calidad de vida de los vecinos de esta vialidad. Gracias al esfuerzo coordinado de las dependencias municipales as\u00ed como a la comprensi\u00f3n y&hellip;Leer m\u00e1s...\" \/>\n<meta property=\"og:url\" content=\"https:\/\/www.aliadospuebla.com\/?p=111496\" \/>\n<meta property=\"og:site_name\" content=\"AliadosPuebla\" \/>\n<meta property=\"article:author\" content=\"https:\/\/www.facebook.com\/Aliados17Pue\" \/>\n<meta property=\"article:published_time\" content=\"2026-02-17T05:22:59+00:00\" \/>\n<meta property=\"og:image\" content=\"https:\/\/www.aliadospuebla.com\/web2017\/wp-content\/uploads\/2026\/02\/94.jpg\" \/>\n\t<meta property=\"og:image:width\" content=\"600\" \/>\n\t<meta property=\"og:image:height\" content=\"450\" \/>\n\t<meta property=\"og:image:type\" content=\"image\/jpeg\" \/>\n<meta name=\"author\" content=\"Aliados17\" \/>\n<meta name=\"twitter:card\" content=\"summary_large_image\" \/>\n<meta name=\"twitter:creator\" content=\"@AliadosPuebla\" \/>\n<meta name=\"twitter:label1\" content=\"Escrito por\" \/>\n\t<meta name=\"twitter:data1\" content=\"Aliados17\" \/>\n\t<meta name=\"twitter:label2\" content=\"Tiempo de lectura\" \/>\n\t<meta name=\"twitter:data2\" content=\"1 minuto\" \/>\n<script type=\"application\/ld+json\" class=\"yoast-schema-graph\">{\"@context\":\"https:\\\/\\\/schema.org\",\"@graph\":[{\"@type\":\"Article\",\"@id\":\"https:\\\/\\\/www.aliadospuebla.com\\\/?p=111496#article\",\"isPartOf\":{\"@id\":\"https:\\\/\\\/www.aliadospuebla.com\\\/?p=111496\"},\"author\":{\"name\":\"Aliados17\",\"@id\":\"https:\\\/\\\/www.aliadospuebla.com\\\/#\\\/schema\\\/person\\\/5da7dd09320bd4f392b710017ed5f8ad\"},\"headline\":\"Mateo Hern\u00e1ndez Inicia adoquinamiento en Calle 12 Sur, Barrio San Jos\u00e9\",\"datePublished\":\"2026-02-17T05:22:59+00:00\",\"mainEntityOfPage\":{\"@id\":\"https:\\\/\\\/www.aliadospuebla.com\\\/?p=111496\"},\"wordCount\":171,\"commentCount\":0,\"image\":{\"@id\":\"https:\\\/\\\/www.aliadospuebla.com\\\/?p=111496#primaryimage\"},\"thumbnailUrl\":\"https:\\\/\\\/www.aliadospuebla.com\\\/web2017\\\/wp-content\\\/uploads\\\/2026\\\/02\\\/94.jpg\",\"keywords\":[\"ADOQUINAMIENTO\",\"banderazo de inicio\",\"Barrio San Jos\u00e9\",\"Mateo Hern\u00e1ndez L\u00f3pez\",\"Tecamachalco\"],\"articleSection\":[\"Municipios\"],\"inLanguage\":\"es\",\"potentialAction\":[{\"@type\":\"CommentAction\",\"name\":\"Comment\",\"target\":[\"https:\\\/\\\/www.aliadospuebla.com\\\/?p=111496#respond\"]}]},{\"@type\":\"WebPage\",\"@id\":\"https:\\\/\\\/www.aliadospuebla.com\\\/?p=111496\",\"url\":\"https:\\\/\\\/www.aliadospuebla.com\\\/?p=111496\",\"name\":\"Mateo Hern\u00e1ndez Inicia adoquinamiento en Calle 12 Sur, Barrio San Jos\u00e9 - AliadosPuebla\",\"isPartOf\":{\"@id\":\"https:\\\/\\\/www.aliadospuebla.com\\\/#website\"},\"primaryImageOfPage\":{\"@id\":\"https:\\\/\\\/www.aliadospuebla.com\\\/?p=111496#primaryimage\"},\"image\":{\"@id\":\"https:\\\/\\\/www.aliadospuebla.com\\\/?p=111496#primaryimage\"},\"thumbnailUrl\":\"https:\\\/\\\/www.aliadospuebla.com\\\/web2017\\\/wp-content\\\/uploads\\\/2026\\\/02\\\/94.jpg\",\"datePublished\":\"2026-02-17T05:22:59+00:00\",\"author\":{\"@id\":\"https:\\\/\\\/www.aliadospuebla.com\\\/#\\\/schema\\\/person\\\/5da7dd09320bd4f392b710017ed5f8ad\"},\"breadcrumb\":{\"@id\":\"https:\\\/\\\/www.aliadospuebla.com\\\/?p=111496#breadcrumb\"},\"inLanguage\":\"es\",\"potentialAction\":[{\"@type\":\"ReadAction\",\"target\":[\"https:\\\/\\\/www.aliadospuebla.com\\\/?p=111496\"]}]},{\"@type\":\"ImageObject\",\"inLanguage\":\"es\",\"@id\":\"https:\\\/\\\/www.aliadospuebla.com\\\/?p=111496#primaryimage\",\"url\":\"https:\\\/\\\/www.aliadospuebla.com\\\/web2017\\\/wp-content\\\/uploads\\\/2026\\\/02\\\/94.jpg\",\"contentUrl\":\"https:\\\/\\\/www.aliadospuebla.com\\\/web2017\\\/wp-content\\\/uploads\\\/2026\\\/02\\\/94.jpg\",\"width\":600,\"height\":450},{\"@type\":\"BreadcrumbList\",\"@id\":\"https:\\\/\\\/www.aliadospuebla.com\\\/?p=111496#breadcrumb\",\"itemListElement\":[{\"@type\":\"ListItem\",\"position\":1,\"name\":\"Portada\",\"item\":\"https:\\\/\\\/www.aliadospuebla.com\\\/\"},{\"@type\":\"ListItem\",\"position\":2,\"name\":\"Mateo Hern\u00e1ndez Inicia adoquinamiento en Calle 12 Sur, Barrio San Jos\u00e9\"}]},{\"@type\":\"WebSite\",\"@id\":\"https:\\\/\\\/www.aliadospuebla.com\\\/#website\",\"url\":\"https:\\\/\\\/www.aliadospuebla.com\\\/\",\"name\":\"AliadosPuebla\",\"description\":\"La informaci\u00f3n en tus manos\",\"potentialAction\":[{\"@type\":\"SearchAction\",\"target\":{\"@type\":\"EntryPoint\",\"urlTemplate\":\"https:\\\/\\\/www.aliadospuebla.com\\\/?s={search_term_string}\"},\"query-input\":{\"@type\":\"PropertyValueSpecification\",\"valueRequired\":true,\"valueName\":\"search_term_string\"}}],\"inLanguage\":\"es\"},{\"@type\":\"Person\",\"@id\":\"https:\\\/\\\/www.aliadospuebla.com\\\/#\\\/schema\\\/person\\\/5da7dd09320bd4f392b710017ed5f8ad\",\"name\":\"Aliados17\",\"image\":{\"@type\":\"ImageObject\",\"inLanguage\":\"es\",\"@id\":\"https:\\\/\\\/www.aliadospuebla.com\\\/web2017\\\/wp-content\\\/uploads\\\/2025\\\/03\\\/cropped-para-perfil-8-anos-1-96x96.jpg\",\"url\":\"https:\\\/\\\/www.aliadospuebla.com\\\/web2017\\\/wp-content\\\/uploads\\\/2025\\\/03\\\/cropped-para-perfil-8-anos-1-96x96.jpg\",\"contentUrl\":\"https:\\\/\\\/www.aliadospuebla.com\\\/web2017\\\/wp-content\\\/uploads\\\/2025\\\/03\\\/cropped-para-perfil-8-anos-1-96x96.jpg\",\"caption\":\"Aliados17\"},\"sameAs\":[\"https:\\\/\\\/www.aliados17.com\",\"https:\\\/\\\/www.facebook.com\\\/Aliados17Pue\",\"https:\\\/\\\/x.com\\\/AliadosPuebla\"],\"url\":\"https:\\\/\\\/www.aliadospuebla.com\\\/?author=2\"}]}<\/script>\n<!-- \/ Yoast SEO plugin. -->","yoast_head_json":{"title":"Mateo Hern\u00e1ndez Inicia adoquinamiento en Calle 12 Sur, Barrio San Jos\u00e9 - AliadosPuebla","robots":{"index":"index","follow":"follow","max-snippet":"max-snippet:-1","max-image-preview":"max-image-preview:large","max-video-preview":"max-video-preview:-1"},"canonical":"https:\/\/www.aliadospuebla.com\/?p=111496","og_locale":"es_ES","og_type":"article","og_title":"Mateo Hern\u00e1ndez Inicia adoquinamiento en Calle 12 Sur, Barrio San Jos\u00e9 - AliadosPuebla","og_description":"Tecamachalco, Puebla. \u2013 El H. Ayuntamiento de Tecamachalco, encabezado por el Presidente Municipal Mateo Hern\u00e1ndez L\u00f3pez, dio el banderazo de inicio a los trabajos de adoquinamiento en la Calle 12 Sur, entre 3 Oriente y 7 Oriente, en el Barrio San Jos\u00e9. La obra abarca 235 metros lineales con un \u00e1rea de intervenci\u00f3n de 1,880 metros cuadrados (ancho promedio de 8 metros) y un plazo de ejecuci\u00f3n de 60 d\u00edas, para mejorar esta vialidad de alta demanda que no hab\u00eda recibido rehabilitaci\u00f3n en los \u00faltimos 30 a\u00f1os. En una primera etapa se reemplaz\u00f3 el drenaje sanitario colapsado, mejorando significativamente la salubridad y calidad de vida de los vecinos de esta vialidad. Gracias al esfuerzo coordinado de las dependencias municipales as\u00ed como a la comprensi\u00f3n y&hellip;Leer m\u00e1s...","og_url":"https:\/\/www.aliadospuebla.com\/?p=111496","og_site_name":"AliadosPuebla","article_author":"https:\/\/www.facebook.com\/Aliados17Pue","article_published_time":"2026-02-17T05:22:59+00:00","og_image":[{"width":600,"height":450,"url":"https:\/\/www.aliadospuebla.com\/web2017\/wp-content\/uploads\/2026\/02\/94.jpg","type":"image\/jpeg"}],"author":"Aliados17","twitter_card":"summary_large_image","twitter_creator":"@AliadosPuebla","twitter_misc":{"Escrito por":"Aliados17","Tiempo de lectura":"1 minuto"},"schema":{"@context":"https:\/\/schema.org","@graph":[{"@type":"Article","@id":"https:\/\/www.aliadospuebla.com\/?p=111496#article","isPartOf":{"@id":"https:\/\/www.aliadospuebla.com\/?p=111496"},"author":{"name":"Aliados17","@id":"https:\/\/www.aliadospuebla.com\/#\/schema\/person\/5da7dd09320bd4f392b710017ed5f8ad"},"headline":"Mateo Hern\u00e1ndez Inicia adoquinamiento en Calle 12 Sur, Barrio San Jos\u00e9","datePublished":"2026-02-17T05:22:59+00:00","mainEntityOfPage":{"@id":"https:\/\/www.aliadospuebla.com\/?p=111496"},"wordCount":171,"commentCount":0,"image":{"@id":"https:\/\/www.aliadospuebla.com\/?p=111496#primaryimage"},"thumbnailUrl":"https:\/\/www.aliadospuebla.com\/web2017\/wp-content\/uploads\/2026\/02\/94.jpg","keywords":["ADOQUINAMIENTO","banderazo de inicio","Barrio San Jos\u00e9","Mateo Hern\u00e1ndez L\u00f3pez","Tecamachalco"],"articleSection":["Municipios"],"inLanguage":"es","potentialAction":[{"@type":"CommentAction","name":"Comment","target":["https:\/\/www.aliadospuebla.com\/?p=111496#respond"]}]},{"@type":"WebPage","@id":"https:\/\/www.aliadospuebla.com\/?p=111496","url":"https:\/\/www.aliadospuebla.com\/?p=111496","name":"Mateo Hern\u00e1ndez Inicia adoquinamiento en Calle 12 Sur, Barrio San Jos\u00e9 - AliadosPuebla","isPartOf":{"@id":"https:\/\/www.aliadospuebla.com\/#website"},"primaryImageOfPage":{"@id":"https:\/\/www.aliadospuebla.com\/?p=111496#primaryimage"},"image":{"@id":"https:\/\/www.aliadospuebla.com\/?p=111496#primaryimage"},"thumbnailUrl":"https:\/\/www.aliadospuebla.com\/web2017\/wp-content\/uploads\/2026\/02\/94.jpg","datePublished":"2026-02-17T05:22:59+00:00","author":{"@id":"https:\/\/www.aliadospuebla.com\/#\/schema\/person\/5da7dd09320bd4f392b710017ed5f8ad"},"breadcrumb":{"@id":"https:\/\/www.aliadospuebla.com\/?p=111496#breadcrumb"},"inLanguage":"es","potentialAction":[{"@type":"ReadAction","target":["https:\/\/www.aliadospuebla.com\/?p=111496"]}]},{"@type":"ImageObject","inLanguage":"es","@id":"https:\/\/www.aliadospuebla.com\/?p=111496#primaryimage","url":"https:\/\/www.aliadospuebla.com\/web2017\/wp-content\/uploads\/2026\/02\/94.jpg","contentUrl":"https:\/\/www.aliadospuebla.com\/web2017\/wp-content\/uploads\/2026\/02\/94.jpg","width":600,"height":450},{"@type":"BreadcrumbList","@id":"https:\/\/www.aliadospuebla.com\/?p=111496#breadcrumb","itemListElement":[{"@type":"ListItem","position":1,"name":"Portada","item":"https:\/\/www.aliadospuebla.com\/"},{"@type":"ListItem","position":2,"name":"Mateo Hern\u00e1ndez Inicia adoquinamiento en Calle 12 Sur, Barrio San Jos\u00e9"}]},{"@type":"WebSite","@id":"https:\/\/www.aliadospuebla.com\/#website","url":"https:\/\/www.aliadospuebla.com\/","name":"AliadosPuebla","description":"La informaci\u00f3n en tus manos","potentialAction":[{"@type":"SearchAction","target":{"@type":"EntryPoint","urlTemplate":"https:\/\/www.aliadospuebla.com\/?s={search_term_string}"},"query-input":{"@type":"PropertyValueSpecification","valueRequired":true,"valueName":"search_term_string"}}],"inLanguage":"es"},{"@type":"Person","@id":"https:\/\/www.aliadospuebla.com\/#\/schema\/person\/5da7dd09320bd4f392b710017ed5f8ad","name":"Aliados17","image":{"@type":"ImageObject","inLanguage":"es","@id":"https:\/\/www.aliadospuebla.com\/web2017\/wp-content\/uploads\/2025\/03\/cropped-para-perfil-8-anos-1-96x96.jpg","url":"https:\/\/www.aliadospuebla.com\/web2017\/wp-content\/uploads\/2025\/03\/cropped-para-perfil-8-anos-1-96x96.jpg","contentUrl":"https:\/\/www.aliadospuebla.com\/web2017\/wp-content\/uploads\/2025\/03\/cropped-para-perfil-8-anos-1-96x96.jpg","caption":"Aliados17"},"sameAs":["https:\/\/www.aliados17.com","https:\/\/www.facebook.com\/Aliados17Pue","https:\/\/x.com\/AliadosPuebla"],"url":"https:\/\/www.aliadospuebla.com\/?author=2"}]}},"views":16,"_links":{"self":[{"href":"https:\/\/www.aliadospuebla.com\/index.php?rest_route=\/wp\/v2\/posts\/111496","targetHints":{"allow":["GET"]}}],"collection":[{"href":"https:\/\/www.aliadospuebla.com\/index.php?rest_route=\/wp\/v2\/posts"}],"about":[{"href":"https:\/\/www.aliadospuebla.com\/index.php?rest_route=\/wp\/v2\/types\/post"}],"author":[{"embeddable":true,"href":"https:\/\/www.aliadospuebla.com\/index.php?rest_route=\/wp\/v2\/users\/2"}],"replies":[{"embeddable":true,"href":"https:\/\/www.aliadospuebla.com\/index.php?rest_route=%2Fwp%2Fv2%2Fcomments&post=111496"}],"version-history":[{"count":1,"href":"https:\/\/www.aliadospuebla.com\/index.php?rest_route=\/wp\/v2\/posts\/111496\/revisions"}],"predecessor-version":[{"id":111498,"href":"https:\/\/www.aliadospuebla.com\/index.php?rest_route=\/wp\/v2\/posts\/111496\/revisions\/111498"}],"wp:featuredmedia":[{"embeddable":true,"href":"https:\/\/www.aliadospuebla.com\/index.php?rest_route=\/wp\/v2\/media\/111497"}],"wp:attachment":[{"href":"https:\/\/www.aliadospuebla.com\/index.php?rest_route=%2Fwp%2Fv2%2Fmedia&parent=111496"}],"wp:term":[{"taxonomy":"category","embeddable":true,"href":"https:\/\/www.aliadospuebla.com\/index.php?rest_route=%2Fwp%2Fv2%2Fcategories&post=111496"},{"taxonomy":"post_tag","embeddable":true,"href":"https:\/\/www.aliadospuebla.com\/index.php?rest_route=%2Fwp%2Fv2%2Ftags&post=111496"}],"curies":[{"name":"wp","href":"https:\/\/api.w.org\/{rel}","templated":true}]}}