{"id":111391,"date":"2026-02-11T21:57:09","date_gmt":"2026-02-12T03:57:09","guid":{"rendered":"https:\/\/www.aliadospuebla.com\/?p=111391"},"modified":"2026-02-11T21:57:09","modified_gmt":"2026-02-12T03:57:09","slug":"andres-villegas-acompana-al-edil-de-tecamachalco-a-la-entrega-de-patrullas-y-obra-comunitaria","status":"publish","type":"post","link":"https:\/\/www.aliadospuebla.com\/?p=111391","title":{"rendered":"Andr\u00e9s Villegas acompa\u00f1a al edil de Tecamachalco a la entrega de patrullas y obra comunitaria"},"content":{"rendered":"<ul>\n<li>El diputado local por Morena estuvo en el municipio de donde es originario y aplaudi\u00f3 el desempe\u00f1o del alcalde y su inter\u00e9s por la comunidad<\/li>\n<\/ul>\n<p>El diputado local por Morena,\u00a0 Andr\u00e9s Villegas acompa\u00f1\u00f3 al presidente municipal de Tecamachalco, Mateo Hern\u00e1ndez, a la entrega de tres patrullas, una cuatrimoto y equipo t\u00e1ctico destinados a fortalecer a la corporaci\u00f3n de Seguridad P\u00fablica del municipio.<\/p>\n<p>Durante el evento, el edil destac\u00f3 que, como nunca antes, su administraci\u00f3n est\u00e1 destinando recursos para equipar a los elementos policiacos y reforzar la protecci\u00f3n de la ciudadan\u00eda.<\/p>\n<p>Subray\u00f3 que con estas nuevas unidades y el equipamiento se avanza en el objetivo de consolidar un municipio m\u00e1s seguro para todas las familias.<\/p>\n<p>Andr\u00e9s Villegas acudi\u00f3 en calidad de invitado para respaldar las acciones emprendidas por el gobierno municipal en materia de seguridad.<\/p>\n<p>En el Congreso local, Villegas preside la Comisi\u00f3n de Seguridad desde donde ha apoyado propuestas para mejorar la calidad de vida de los poblanos.<\/p>\n<p>Posteriormente, el diputado <a href=\"https:\/\/andresvillegas.com.mx\">Andr\u00e9s Villegas<\/a> tambi\u00e9n estuvo presente en la entrega de obra comunitaria en la colonia Valle del Sol, en el mismo municipio, donde reiter\u00f3 su compromiso con los habitantes del distrito.<\/p>\n<p>Villegas record\u00f3 que es el primer diputado en Puebla en donar el 100 por ciento de su salario para apoyar a los municipios que conforman el Distrito 15, con el prop\u00f3sito de impulsar acciones y proyectos que beneficien directamente a la poblaci\u00f3n<\/p>\n","protected":false},"excerpt":{"rendered":"<p>El diputado local por Morena estuvo en el municipio de donde es originario y aplaudi\u00f3 el desempe\u00f1o del alcalde y su inter\u00e9s por la comunidad El diputado local por Morena,\u00a0 Andr\u00e9s Villegas acompa\u00f1\u00f3 al presidente municipal de Tecamachalco, Mateo Hern\u00e1ndez, a la entrega de tres patrullas, una cuatrimoto y equipo t\u00e1ctico destinados a fortalecer a la corporaci\u00f3n de Seguridad P\u00fablica del municipio. Durante el evento, el edil destac\u00f3 que, como nunca antes, su administraci\u00f3n est\u00e1 destinando recursos para equipar a los elementos policiacos y reforzar la protecci\u00f3n de la ciudadan\u00eda. Subray\u00f3 que con estas nuevas unidades y el equipamiento se avanza en el objetivo de consolidar un municipio m\u00e1s seguro para todas las familias. Andr\u00e9s Villegas acudi\u00f3 en calidad de invitado para respaldar las acciones&hellip;<\/p>\n<p class=\"excerpt-more\"><a class=\"blog-excerpt button\" href=\"https:\/\/www.aliadospuebla.com\/?p=111391\">Leer m\u00e1s&#8230;<\/a><\/p>\n","protected":false},"author":2,"featured_media":111392,"comment_status":"open","ping_status":"open","sticky":false,"template":"","format":"standard","meta":{"_monsterinsights_skip_tracking":false,"footnotes":""},"categories":[4],"tags":[25948,25953,25975,23182,961,20,129],"class_list":["post-111391","post","type-post","status-publish","format-standard","has-post-thumbnail","hentry","category-municipios","tag-andres-villegas","tag-comision-de-seguridad","tag-mateo-hernandez","tag-obra-comunitaria","tag-patrullas","tag-seguridad","tag-tecamachalco"],"yoast_head":"<!-- This site is optimized with the Yoast SEO plugin v28.4 - https:\/\/yoast.com\/product\/yoast-seo-wordpress\/ -->\n<title>Andr\u00e9s Villegas acompa\u00f1a al edil de Tecamachalco a la entrega de patrullas y obra comunitaria - AliadosPuebla<\/title>\n<meta name=\"robots\" content=\"index, follow, max-snippet:-1, max-image-preview:large, max-video-preview:-1\" \/>\n<link rel=\"canonical\" href=\"https:\/\/www.aliadospuebla.com\/?p=111391\" \/>\n<meta property=\"og:locale\" content=\"es_ES\" \/>\n<meta property=\"og:type\" content=\"article\" \/>\n<meta property=\"og:title\" content=\"Andr\u00e9s Villegas acompa\u00f1a al edil de Tecamachalco a la entrega de patrullas y obra comunitaria - AliadosPuebla\" \/>\n<meta property=\"og:description\" content=\"El diputado local por Morena estuvo en el municipio de donde es originario y aplaudi\u00f3 el desempe\u00f1o del alcalde y su inter\u00e9s por la comunidad El diputado local por Morena,\u00a0 Andr\u00e9s Villegas acompa\u00f1\u00f3 al presidente municipal de Tecamachalco, Mateo Hern\u00e1ndez, a la entrega de tres patrullas, una cuatrimoto y equipo t\u00e1ctico destinados a fortalecer a la corporaci\u00f3n de Seguridad P\u00fablica del municipio. Durante el evento, el edil destac\u00f3 que, como nunca antes, su administraci\u00f3n est\u00e1 destinando recursos para equipar a los elementos policiacos y reforzar la protecci\u00f3n de la ciudadan\u00eda. Subray\u00f3 que con estas nuevas unidades y el equipamiento se avanza en el objetivo de consolidar un municipio m\u00e1s seguro para todas las familias. Andr\u00e9s Villegas acudi\u00f3 en calidad de invitado para respaldar las acciones&hellip;Leer m\u00e1s...\" \/>\n<meta property=\"og:url\" content=\"https:\/\/www.aliadospuebla.com\/?p=111391\" \/>\n<meta property=\"og:site_name\" content=\"AliadosPuebla\" \/>\n<meta property=\"article:author\" content=\"https:\/\/www.facebook.com\/Aliados17Pue\" \/>\n<meta property=\"article:published_time\" content=\"2026-02-12T03:57:09+00:00\" \/>\n<meta property=\"og:image\" content=\"https:\/\/www.aliadospuebla.com\/web2017\/wp-content\/uploads\/2026\/02\/61.jpg\" \/>\n\t<meta property=\"og:image:width\" content=\"600\" \/>\n\t<meta property=\"og:image:height\" content=\"450\" \/>\n\t<meta property=\"og:image:type\" content=\"image\/jpeg\" \/>\n<meta name=\"author\" content=\"Aliados17\" \/>\n<meta name=\"twitter:card\" content=\"summary_large_image\" \/>\n<meta name=\"twitter:creator\" content=\"@AliadosPuebla\" \/>\n<meta name=\"twitter:label1\" content=\"Escrito por\" \/>\n\t<meta name=\"twitter:data1\" content=\"Aliados17\" \/>\n\t<meta name=\"twitter:label2\" content=\"Tiempo de lectura\" \/>\n\t<meta name=\"twitter:data2\" content=\"2 minutos\" \/>\n<script type=\"application\/ld+json\" class=\"yoast-schema-graph\">{\"@context\":\"https:\\\/\\\/schema.org\",\"@graph\":[{\"@type\":\"Article\",\"@id\":\"https:\\\/\\\/www.aliadospuebla.com\\\/?p=111391#article\",\"isPartOf\":{\"@id\":\"https:\\\/\\\/www.aliadospuebla.com\\\/?p=111391\"},\"author\":{\"name\":\"Aliados17\",\"@id\":\"https:\\\/\\\/www.aliadospuebla.com\\\/#\\\/schema\\\/person\\\/5da7dd09320bd4f392b710017ed5f8ad\"},\"headline\":\"Andr\u00e9s Villegas acompa\u00f1a al edil de Tecamachalco a la entrega de patrullas y obra comunitaria\",\"datePublished\":\"2026-02-12T03:57:09+00:00\",\"mainEntityOfPage\":{\"@id\":\"https:\\\/\\\/www.aliadospuebla.com\\\/?p=111391\"},\"wordCount\":265,\"commentCount\":0,\"image\":{\"@id\":\"https:\\\/\\\/www.aliadospuebla.com\\\/?p=111391#primaryimage\"},\"thumbnailUrl\":\"https:\\\/\\\/www.aliadospuebla.com\\\/web2017\\\/wp-content\\\/uploads\\\/2026\\\/02\\\/61.jpg\",\"keywords\":[\"Andr\u00e9s Villegas\",\"Comisi\u00f3n de Seguridad\",\"Mateo Hern\u00e1ndez\",\"obra comunitaria\",\"PATRULLAS\",\"Seguridad\",\"Tecamachalco\"],\"articleSection\":[\"Municipios\"],\"inLanguage\":\"es\",\"potentialAction\":[{\"@type\":\"CommentAction\",\"name\":\"Comment\",\"target\":[\"https:\\\/\\\/www.aliadospuebla.com\\\/?p=111391#respond\"]}]},{\"@type\":\"WebPage\",\"@id\":\"https:\\\/\\\/www.aliadospuebla.com\\\/?p=111391\",\"url\":\"https:\\\/\\\/www.aliadospuebla.com\\\/?p=111391\",\"name\":\"Andr\u00e9s Villegas acompa\u00f1a al edil de Tecamachalco a la entrega de patrullas y obra comunitaria - AliadosPuebla\",\"isPartOf\":{\"@id\":\"https:\\\/\\\/www.aliadospuebla.com\\\/#website\"},\"primaryImageOfPage\":{\"@id\":\"https:\\\/\\\/www.aliadospuebla.com\\\/?p=111391#primaryimage\"},\"image\":{\"@id\":\"https:\\\/\\\/www.aliadospuebla.com\\\/?p=111391#primaryimage\"},\"thumbnailUrl\":\"https:\\\/\\\/www.aliadospuebla.com\\\/web2017\\\/wp-content\\\/uploads\\\/2026\\\/02\\\/61.jpg\",\"datePublished\":\"2026-02-12T03:57:09+00:00\",\"author\":{\"@id\":\"https:\\\/\\\/www.aliadospuebla.com\\\/#\\\/schema\\\/person\\\/5da7dd09320bd4f392b710017ed5f8ad\"},\"breadcrumb\":{\"@id\":\"https:\\\/\\\/www.aliadospuebla.com\\\/?p=111391#breadcrumb\"},\"inLanguage\":\"es\",\"potentialAction\":[{\"@type\":\"ReadAction\",\"target\":[\"https:\\\/\\\/www.aliadospuebla.com\\\/?p=111391\"]}]},{\"@type\":\"ImageObject\",\"inLanguage\":\"es\",\"@id\":\"https:\\\/\\\/www.aliadospuebla.com\\\/?p=111391#primaryimage\",\"url\":\"https:\\\/\\\/www.aliadospuebla.com\\\/web2017\\\/wp-content\\\/uploads\\\/2026\\\/02\\\/61.jpg\",\"contentUrl\":\"https:\\\/\\\/www.aliadospuebla.com\\\/web2017\\\/wp-content\\\/uploads\\\/2026\\\/02\\\/61.jpg\",\"width\":600,\"height\":450},{\"@type\":\"BreadcrumbList\",\"@id\":\"https:\\\/\\\/www.aliadospuebla.com\\\/?p=111391#breadcrumb\",\"itemListElement\":[{\"@type\":\"ListItem\",\"position\":1,\"name\":\"Portada\",\"item\":\"https:\\\/\\\/www.aliadospuebla.com\\\/\"},{\"@type\":\"ListItem\",\"position\":2,\"name\":\"Andr\u00e9s Villegas acompa\u00f1a al edil de Tecamachalco a la entrega de patrullas y obra comunitaria\"}]},{\"@type\":\"WebSite\",\"@id\":\"https:\\\/\\\/www.aliadospuebla.com\\\/#website\",\"url\":\"https:\\\/\\\/www.aliadospuebla.com\\\/\",\"name\":\"AliadosPuebla\",\"description\":\"La informaci\u00f3n en tus manos\",\"potentialAction\":[{\"@type\":\"SearchAction\",\"target\":{\"@type\":\"EntryPoint\",\"urlTemplate\":\"https:\\\/\\\/www.aliadospuebla.com\\\/?s={search_term_string}\"},\"query-input\":{\"@type\":\"PropertyValueSpecification\",\"valueRequired\":true,\"valueName\":\"search_term_string\"}}],\"inLanguage\":\"es\"},{\"@type\":\"Person\",\"@id\":\"https:\\\/\\\/www.aliadospuebla.com\\\/#\\\/schema\\\/person\\\/5da7dd09320bd4f392b710017ed5f8ad\",\"name\":\"Aliados17\",\"image\":{\"@type\":\"ImageObject\",\"inLanguage\":\"es\",\"@id\":\"https:\\\/\\\/www.aliadospuebla.com\\\/web2017\\\/wp-content\\\/uploads\\\/2025\\\/03\\\/cropped-para-perfil-8-anos-1-96x96.jpg\",\"url\":\"https:\\\/\\\/www.aliadospuebla.com\\\/web2017\\\/wp-content\\\/uploads\\\/2025\\\/03\\\/cropped-para-perfil-8-anos-1-96x96.jpg\",\"contentUrl\":\"https:\\\/\\\/www.aliadospuebla.com\\\/web2017\\\/wp-content\\\/uploads\\\/2025\\\/03\\\/cropped-para-perfil-8-anos-1-96x96.jpg\",\"caption\":\"Aliados17\"},\"sameAs\":[\"https:\\\/\\\/www.aliados17.com\",\"https:\\\/\\\/www.facebook.com\\\/Aliados17Pue\",\"https:\\\/\\\/x.com\\\/AliadosPuebla\"],\"url\":\"https:\\\/\\\/www.aliadospuebla.com\\\/?author=2\"}]}<\/script>\n<!-- \/ Yoast SEO plugin. -->","yoast_head_json":{"title":"Andr\u00e9s Villegas acompa\u00f1a al edil de Tecamachalco a la entrega de patrullas y obra comunitaria - AliadosPuebla","robots":{"index":"index","follow":"follow","max-snippet":"max-snippet:-1","max-image-preview":"max-image-preview:large","max-video-preview":"max-video-preview:-1"},"canonical":"https:\/\/www.aliadospuebla.com\/?p=111391","og_locale":"es_ES","og_type":"article","og_title":"Andr\u00e9s Villegas acompa\u00f1a al edil de Tecamachalco a la entrega de patrullas y obra comunitaria - AliadosPuebla","og_description":"El diputado local por Morena estuvo en el municipio de donde es originario y aplaudi\u00f3 el desempe\u00f1o del alcalde y su inter\u00e9s por la comunidad El diputado local por Morena,\u00a0 Andr\u00e9s Villegas acompa\u00f1\u00f3 al presidente municipal de Tecamachalco, Mateo Hern\u00e1ndez, a la entrega de tres patrullas, una cuatrimoto y equipo t\u00e1ctico destinados a fortalecer a la corporaci\u00f3n de Seguridad P\u00fablica del municipio. Durante el evento, el edil destac\u00f3 que, como nunca antes, su administraci\u00f3n est\u00e1 destinando recursos para equipar a los elementos policiacos y reforzar la protecci\u00f3n de la ciudadan\u00eda. Subray\u00f3 que con estas nuevas unidades y el equipamiento se avanza en el objetivo de consolidar un municipio m\u00e1s seguro para todas las familias. Andr\u00e9s Villegas acudi\u00f3 en calidad de invitado para respaldar las acciones&hellip;Leer m\u00e1s...","og_url":"https:\/\/www.aliadospuebla.com\/?p=111391","og_site_name":"AliadosPuebla","article_author":"https:\/\/www.facebook.com\/Aliados17Pue","article_published_time":"2026-02-12T03:57:09+00:00","og_image":[{"width":600,"height":450,"url":"https:\/\/www.aliadospuebla.com\/web2017\/wp-content\/uploads\/2026\/02\/61.jpg","type":"image\/jpeg"}],"author":"Aliados17","twitter_card":"summary_large_image","twitter_creator":"@AliadosPuebla","twitter_misc":{"Escrito por":"Aliados17","Tiempo de lectura":"2 minutos"},"schema":{"@context":"https:\/\/schema.org","@graph":[{"@type":"Article","@id":"https:\/\/www.aliadospuebla.com\/?p=111391#article","isPartOf":{"@id":"https:\/\/www.aliadospuebla.com\/?p=111391"},"author":{"name":"Aliados17","@id":"https:\/\/www.aliadospuebla.com\/#\/schema\/person\/5da7dd09320bd4f392b710017ed5f8ad"},"headline":"Andr\u00e9s Villegas acompa\u00f1a al edil de Tecamachalco a la entrega de patrullas y obra comunitaria","datePublished":"2026-02-12T03:57:09+00:00","mainEntityOfPage":{"@id":"https:\/\/www.aliadospuebla.com\/?p=111391"},"wordCount":265,"commentCount":0,"image":{"@id":"https:\/\/www.aliadospuebla.com\/?p=111391#primaryimage"},"thumbnailUrl":"https:\/\/www.aliadospuebla.com\/web2017\/wp-content\/uploads\/2026\/02\/61.jpg","keywords":["Andr\u00e9s Villegas","Comisi\u00f3n de Seguridad","Mateo Hern\u00e1ndez","obra comunitaria","PATRULLAS","Seguridad","Tecamachalco"],"articleSection":["Municipios"],"inLanguage":"es","potentialAction":[{"@type":"CommentAction","name":"Comment","target":["https:\/\/www.aliadospuebla.com\/?p=111391#respond"]}]},{"@type":"WebPage","@id":"https:\/\/www.aliadospuebla.com\/?p=111391","url":"https:\/\/www.aliadospuebla.com\/?p=111391","name":"Andr\u00e9s Villegas acompa\u00f1a al edil de Tecamachalco a la entrega de patrullas y obra comunitaria - AliadosPuebla","isPartOf":{"@id":"https:\/\/www.aliadospuebla.com\/#website"},"primaryImageOfPage":{"@id":"https:\/\/www.aliadospuebla.com\/?p=111391#primaryimage"},"image":{"@id":"https:\/\/www.aliadospuebla.com\/?p=111391#primaryimage"},"thumbnailUrl":"https:\/\/www.aliadospuebla.com\/web2017\/wp-content\/uploads\/2026\/02\/61.jpg","datePublished":"2026-02-12T03:57:09+00:00","author":{"@id":"https:\/\/www.aliadospuebla.com\/#\/schema\/person\/5da7dd09320bd4f392b710017ed5f8ad"},"breadcrumb":{"@id":"https:\/\/www.aliadospuebla.com\/?p=111391#breadcrumb"},"inLanguage":"es","potentialAction":[{"@type":"ReadAction","target":["https:\/\/www.aliadospuebla.com\/?p=111391"]}]},{"@type":"ImageObject","inLanguage":"es","@id":"https:\/\/www.aliadospuebla.com\/?p=111391#primaryimage","url":"https:\/\/www.aliadospuebla.com\/web2017\/wp-content\/uploads\/2026\/02\/61.jpg","contentUrl":"https:\/\/www.aliadospuebla.com\/web2017\/wp-content\/uploads\/2026\/02\/61.jpg","width":600,"height":450},{"@type":"BreadcrumbList","@id":"https:\/\/www.aliadospuebla.com\/?p=111391#breadcrumb","itemListElement":[{"@type":"ListItem","position":1,"name":"Portada","item":"https:\/\/www.aliadospuebla.com\/"},{"@type":"ListItem","position":2,"name":"Andr\u00e9s Villegas acompa\u00f1a al edil de Tecamachalco a la entrega de patrullas y obra comunitaria"}]},{"@type":"WebSite","@id":"https:\/\/www.aliadospuebla.com\/#website","url":"https:\/\/www.aliadospuebla.com\/","name":"AliadosPuebla","description":"La informaci\u00f3n en tus manos","potentialAction":[{"@type":"SearchAction","target":{"@type":"EntryPoint","urlTemplate":"https:\/\/www.aliadospuebla.com\/?s={search_term_string}"},"query-input":{"@type":"PropertyValueSpecification","valueRequired":true,"valueName":"search_term_string"}}],"inLanguage":"es"},{"@type":"Person","@id":"https:\/\/www.aliadospuebla.com\/#\/schema\/person\/5da7dd09320bd4f392b710017ed5f8ad","name":"Aliados17","image":{"@type":"ImageObject","inLanguage":"es","@id":"https:\/\/www.aliadospuebla.com\/web2017\/wp-content\/uploads\/2025\/03\/cropped-para-perfil-8-anos-1-96x96.jpg","url":"https:\/\/www.aliadospuebla.com\/web2017\/wp-content\/uploads\/2025\/03\/cropped-para-perfil-8-anos-1-96x96.jpg","contentUrl":"https:\/\/www.aliadospuebla.com\/web2017\/wp-content\/uploads\/2025\/03\/cropped-para-perfil-8-anos-1-96x96.jpg","caption":"Aliados17"},"sameAs":["https:\/\/www.aliados17.com","https:\/\/www.facebook.com\/Aliados17Pue","https:\/\/x.com\/AliadosPuebla"],"url":"https:\/\/www.aliadospuebla.com\/?author=2"}]}},"views":38,"_links":{"self":[{"href":"https:\/\/www.aliadospuebla.com\/index.php?rest_route=\/wp\/v2\/posts\/111391","targetHints":{"allow":["GET"]}}],"collection":[{"href":"https:\/\/www.aliadospuebla.com\/index.php?rest_route=\/wp\/v2\/posts"}],"about":[{"href":"https:\/\/www.aliadospuebla.com\/index.php?rest_route=\/wp\/v2\/types\/post"}],"author":[{"embeddable":true,"href":"https:\/\/www.aliadospuebla.com\/index.php?rest_route=\/wp\/v2\/users\/2"}],"replies":[{"embeddable":true,"href":"https:\/\/www.aliadospuebla.com\/index.php?rest_route=%2Fwp%2Fv2%2Fcomments&post=111391"}],"version-history":[{"count":1,"href":"https:\/\/www.aliadospuebla.com\/index.php?rest_route=\/wp\/v2\/posts\/111391\/revisions"}],"predecessor-version":[{"id":111393,"href":"https:\/\/www.aliadospuebla.com\/index.php?rest_route=\/wp\/v2\/posts\/111391\/revisions\/111393"}],"wp:featuredmedia":[{"embeddable":true,"href":"https:\/\/www.aliadospuebla.com\/index.php?rest_route=\/wp\/v2\/media\/111392"}],"wp:attachment":[{"href":"https:\/\/www.aliadospuebla.com\/index.php?rest_route=%2Fwp%2Fv2%2Fmedia&parent=111391"}],"wp:term":[{"taxonomy":"category","embeddable":true,"href":"https:\/\/www.aliadospuebla.com\/index.php?rest_route=%2Fwp%2Fv2%2Fcategories&post=111391"},{"taxonomy":"post_tag","embeddable":true,"href":"https:\/\/www.aliadospuebla.com\/index.php?rest_route=%2Fwp%2Fv2%2Ftags&post=111391"}],"curies":[{"name":"wp","href":"https:\/\/api.w.org\/{rel}","templated":true}]}}