{"id":111325,"date":"2026-02-05T21:49:24","date_gmt":"2026-02-06T03:49:24","guid":{"rendered":"https:\/\/www.aliadospuebla.com\/?p=111325"},"modified":"2026-02-05T21:49:24","modified_gmt":"2026-02-06T03:49:24","slug":"impulsa-diputada-maria-soledad-amieva-iniciativa-para-crear-la-secretaria-de-la-inclusion-del-estado-de-puebla","status":"publish","type":"post","link":"https:\/\/www.aliadospuebla.com\/?p=111325","title":{"rendered":"Impulsa diputada Mar\u00eda Soledad Amieva iniciativa para crear la Secretar\u00eda de la Inclusi\u00f3n del Estado de Puebla"},"content":{"rendered":"<h4>Con el objetivo de transitar de un modelo asistencialista a uno que garantice derechos permanentes, la diputada Mar\u00eda Soledad Amieva Zamora impulsa una iniciativa para crear la Secretar\u00eda de la Inclusi\u00f3n del Estado de Puebla.<\/h4>\n<p>La propuesta legislativa busca establecer una instituci\u00f3n p\u00fablica con rango de Secretar\u00eda que permita dise\u00f1ar y ejecutar una pol\u00edtica de inclusi\u00f3n integral, transversal, medible y permanente en la entidad.<\/p>\n<p>&nbsp;<\/p>\n<p>\u201cCon la creaci\u00f3n de esta Secretar\u00eda se contar\u00eda con una autoridad rectora que articule esfuerzos entre el gobierno, la sociedad civil y la iniciativa privada, sin generar duplicidad de funciones, sino dotando de mayor coherencia y solidez a la administraci\u00f3n p\u00fablica estatal\u201d, afirm\u00f3 la legisladora.<\/p>\n<p>&nbsp;<\/p>\n<p>Asimismo, la creaci\u00f3n de la Secretar\u00eda de la Inclusi\u00f3n pretende impactar directamente a sectores que representan m\u00e1s del 35 por ciento de la poblaci\u00f3n del estado, entre ellos personas con discapacidad, personas adultas mayores, pueblos y comunidades ind\u00edgenas, poblaci\u00f3n afrodescendiente, as\u00ed como otros grupos en situaci\u00f3n de exclusi\u00f3n como mujeres ind\u00edgenas, ni\u00f1ez en situaci\u00f3n de calle, personas en pobreza extrema, migrantes y personas de la diversidad<\/p>\n<p>Finalmente, la diputada Mar\u00eda Soledad Amieva dio a conocer que la reforma tambi\u00e9n contempla modificaciones a los art\u00edculos 30, 31 y 48, adem\u00e1s de la adici\u00f3n del art\u00edculo 48 Bis de la Ley Org\u00e1nica de la Administraci\u00f3n P\u00fablica Estatal, con el prop\u00f3sito de otorgar a la nueva Secretar\u00eda facultades para desarrollar pol\u00edticas p\u00fablicas de inclusi\u00f3n, emitir criterios de accesibilidad universal, impulsar la inclusi\u00f3n laboral mediante acciones afirmativas, fortalecer la coordinaci\u00f3n interinstitucional y brindar orientaci\u00f3n, asesor\u00eda y acompa\u00f1amiento a personas en situaci\u00f3n de vulnerabilidad.<\/p>\n","protected":false},"excerpt":{"rendered":"<p>Con el objetivo de transitar de un modelo asistencialista a uno que garantice derechos permanentes, la diputada Mar\u00eda Soledad Amieva Zamora impulsa una iniciativa para crear la Secretar\u00eda de la Inclusi\u00f3n del Estado de Puebla. La propuesta legislativa busca establecer una instituci\u00f3n p\u00fablica con rango de Secretar\u00eda que permita dise\u00f1ar y ejecutar una pol\u00edtica de inclusi\u00f3n integral, transversal, medible y permanente en la entidad. &nbsp; \u201cCon la creaci\u00f3n de esta Secretar\u00eda se contar\u00eda con una autoridad rectora que articule esfuerzos entre el gobierno, la sociedad civil y la iniciativa privada, sin generar duplicidad de funciones, sino dotando de mayor coherencia y solidez a la administraci\u00f3n p\u00fablica estatal\u201d, afirm\u00f3 la legisladora. &nbsp; Asimismo, la creaci\u00f3n de la Secretar\u00eda de la Inclusi\u00f3n pretende impactar directamente a sectores&hellip;<\/p>\n<p class=\"excerpt-more\"><a class=\"blog-excerpt button\" href=\"https:\/\/www.aliadospuebla.com\/?p=111325\">Leer m\u00e1s&#8230;<\/a><\/p>\n","protected":false},"author":2,"featured_media":111326,"comment_status":"open","ping_status":"open","sticky":false,"template":"","format":"standard","meta":{"_monsterinsights_skip_tracking":false,"footnotes":""},"categories":[6],"tags":[6250,32312,24923,22104,3218,32315,32313,31977,32314],"class_list":["post-111325","post","type-post","status-publish","format-standard","has-post-thumbnail","hentry","category-politica","tag-comunidades-indigenas","tag-derechos-permanentes","tag-maria-soledad-amieva-zamora","tag-personas-adultas-mayores","tag-personas-con-discapacidad","tag-poblacion-afrodescendiente","tag-politica-de-inclusion-integral","tag-propuesta-legislativa","tag-secretaria-de-la-inclusion"],"yoast_head":"<!-- This site is optimized with the Yoast SEO plugin v28.4 - https:\/\/yoast.com\/product\/yoast-seo-wordpress\/ -->\n<title>Impulsa diputada Mar\u00eda Soledad Amieva iniciativa para crear la Secretar\u00eda de la Inclusi\u00f3n del Estado de Puebla - AliadosPuebla<\/title>\n<meta name=\"robots\" content=\"index, follow, max-snippet:-1, max-image-preview:large, max-video-preview:-1\" \/>\n<link rel=\"canonical\" href=\"https:\/\/www.aliadospuebla.com\/?p=111325\" \/>\n<meta property=\"og:locale\" content=\"es_ES\" \/>\n<meta property=\"og:type\" content=\"article\" \/>\n<meta property=\"og:title\" content=\"Impulsa diputada Mar\u00eda Soledad Amieva iniciativa para crear la Secretar\u00eda de la Inclusi\u00f3n del Estado de Puebla - AliadosPuebla\" \/>\n<meta property=\"og:description\" content=\"Con el objetivo de transitar de un modelo asistencialista a uno que garantice derechos permanentes, la diputada Mar\u00eda Soledad Amieva Zamora impulsa una iniciativa para crear la Secretar\u00eda de la Inclusi\u00f3n del Estado de Puebla. La propuesta legislativa busca establecer una instituci\u00f3n p\u00fablica con rango de Secretar\u00eda que permita dise\u00f1ar y ejecutar una pol\u00edtica de inclusi\u00f3n integral, transversal, medible y permanente en la entidad. &nbsp; \u201cCon la creaci\u00f3n de esta Secretar\u00eda se contar\u00eda con una autoridad rectora que articule esfuerzos entre el gobierno, la sociedad civil y la iniciativa privada, sin generar duplicidad de funciones, sino dotando de mayor coherencia y solidez a la administraci\u00f3n p\u00fablica estatal\u201d, afirm\u00f3 la legisladora. &nbsp; Asimismo, la creaci\u00f3n de la Secretar\u00eda de la Inclusi\u00f3n pretende impactar directamente a sectores&hellip;Leer m\u00e1s...\" \/>\n<meta property=\"og:url\" content=\"https:\/\/www.aliadospuebla.com\/?p=111325\" \/>\n<meta property=\"og:site_name\" content=\"AliadosPuebla\" \/>\n<meta property=\"article:author\" content=\"https:\/\/www.facebook.com\/Aliados17Pue\" \/>\n<meta property=\"article:published_time\" content=\"2026-02-06T03:49:24+00:00\" \/>\n<meta property=\"og:image\" content=\"https:\/\/www.aliadospuebla.com\/web2017\/wp-content\/uploads\/2026\/02\/42.jpg\" \/>\n\t<meta property=\"og:image:width\" content=\"600\" \/>\n\t<meta property=\"og:image:height\" content=\"450\" \/>\n\t<meta property=\"og:image:type\" content=\"image\/jpeg\" \/>\n<meta name=\"author\" content=\"Aliados17\" \/>\n<meta name=\"twitter:card\" content=\"summary_large_image\" \/>\n<meta name=\"twitter:creator\" content=\"@AliadosPuebla\" \/>\n<meta name=\"twitter:label1\" content=\"Escrito por\" \/>\n\t<meta name=\"twitter:data1\" content=\"Aliados17\" \/>\n\t<meta name=\"twitter:label2\" content=\"Tiempo de lectura\" \/>\n\t<meta name=\"twitter:data2\" content=\"2 minutos\" \/>\n<script type=\"application\/ld+json\" class=\"yoast-schema-graph\">{\"@context\":\"https:\\\/\\\/schema.org\",\"@graph\":[{\"@type\":\"Article\",\"@id\":\"https:\\\/\\\/www.aliadospuebla.com\\\/?p=111325#article\",\"isPartOf\":{\"@id\":\"https:\\\/\\\/www.aliadospuebla.com\\\/?p=111325\"},\"author\":{\"name\":\"Aliados17\",\"@id\":\"https:\\\/\\\/www.aliadospuebla.com\\\/#\\\/schema\\\/person\\\/5da7dd09320bd4f392b710017ed5f8ad\"},\"headline\":\"Impulsa diputada Mar\u00eda Soledad Amieva iniciativa para crear la Secretar\u00eda de la Inclusi\u00f3n del Estado de Puebla\",\"datePublished\":\"2026-02-06T03:49:24+00:00\",\"mainEntityOfPage\":{\"@id\":\"https:\\\/\\\/www.aliadospuebla.com\\\/?p=111325\"},\"wordCount\":321,\"commentCount\":0,\"image\":{\"@id\":\"https:\\\/\\\/www.aliadospuebla.com\\\/?p=111325#primaryimage\"},\"thumbnailUrl\":\"https:\\\/\\\/www.aliadospuebla.com\\\/web2017\\\/wp-content\\\/uploads\\\/2026\\\/02\\\/42.jpg\",\"keywords\":[\"COMUNIDADES IND\u00cdGENAS\",\"derechos permanentes\",\"Mar\u00eda Soledad Amieva Zamora\",\"personas adultas mayores\",\"PERSONAS CON DISCAPACIDAD\",\"poblaci\u00f3n afrodescendiente\",\"pol\u00edtica de inclusi\u00f3n integral\",\"propuesta legislativa\",\"Secretar\u00eda de la Inclusi\u00f3n\"],\"articleSection\":[\"Pol\u00edtica\"],\"inLanguage\":\"es\",\"potentialAction\":[{\"@type\":\"CommentAction\",\"name\":\"Comment\",\"target\":[\"https:\\\/\\\/www.aliadospuebla.com\\\/?p=111325#respond\"]}]},{\"@type\":\"WebPage\",\"@id\":\"https:\\\/\\\/www.aliadospuebla.com\\\/?p=111325\",\"url\":\"https:\\\/\\\/www.aliadospuebla.com\\\/?p=111325\",\"name\":\"Impulsa diputada Mar\u00eda Soledad Amieva iniciativa para crear la Secretar\u00eda de la Inclusi\u00f3n del Estado de Puebla - AliadosPuebla\",\"isPartOf\":{\"@id\":\"https:\\\/\\\/www.aliadospuebla.com\\\/#website\"},\"primaryImageOfPage\":{\"@id\":\"https:\\\/\\\/www.aliadospuebla.com\\\/?p=111325#primaryimage\"},\"image\":{\"@id\":\"https:\\\/\\\/www.aliadospuebla.com\\\/?p=111325#primaryimage\"},\"thumbnailUrl\":\"https:\\\/\\\/www.aliadospuebla.com\\\/web2017\\\/wp-content\\\/uploads\\\/2026\\\/02\\\/42.jpg\",\"datePublished\":\"2026-02-06T03:49:24+00:00\",\"author\":{\"@id\":\"https:\\\/\\\/www.aliadospuebla.com\\\/#\\\/schema\\\/person\\\/5da7dd09320bd4f392b710017ed5f8ad\"},\"breadcrumb\":{\"@id\":\"https:\\\/\\\/www.aliadospuebla.com\\\/?p=111325#breadcrumb\"},\"inLanguage\":\"es\",\"potentialAction\":[{\"@type\":\"ReadAction\",\"target\":[\"https:\\\/\\\/www.aliadospuebla.com\\\/?p=111325\"]}]},{\"@type\":\"ImageObject\",\"inLanguage\":\"es\",\"@id\":\"https:\\\/\\\/www.aliadospuebla.com\\\/?p=111325#primaryimage\",\"url\":\"https:\\\/\\\/www.aliadospuebla.com\\\/web2017\\\/wp-content\\\/uploads\\\/2026\\\/02\\\/42.jpg\",\"contentUrl\":\"https:\\\/\\\/www.aliadospuebla.com\\\/web2017\\\/wp-content\\\/uploads\\\/2026\\\/02\\\/42.jpg\",\"width\":600,\"height\":450},{\"@type\":\"BreadcrumbList\",\"@id\":\"https:\\\/\\\/www.aliadospuebla.com\\\/?p=111325#breadcrumb\",\"itemListElement\":[{\"@type\":\"ListItem\",\"position\":1,\"name\":\"Portada\",\"item\":\"https:\\\/\\\/www.aliadospuebla.com\\\/\"},{\"@type\":\"ListItem\",\"position\":2,\"name\":\"Impulsa diputada Mar\u00eda Soledad Amieva iniciativa para crear la Secretar\u00eda de la Inclusi\u00f3n del Estado de Puebla\"}]},{\"@type\":\"WebSite\",\"@id\":\"https:\\\/\\\/www.aliadospuebla.com\\\/#website\",\"url\":\"https:\\\/\\\/www.aliadospuebla.com\\\/\",\"name\":\"AliadosPuebla\",\"description\":\"La informaci\u00f3n en tus manos\",\"potentialAction\":[{\"@type\":\"SearchAction\",\"target\":{\"@type\":\"EntryPoint\",\"urlTemplate\":\"https:\\\/\\\/www.aliadospuebla.com\\\/?s={search_term_string}\"},\"query-input\":{\"@type\":\"PropertyValueSpecification\",\"valueRequired\":true,\"valueName\":\"search_term_string\"}}],\"inLanguage\":\"es\"},{\"@type\":\"Person\",\"@id\":\"https:\\\/\\\/www.aliadospuebla.com\\\/#\\\/schema\\\/person\\\/5da7dd09320bd4f392b710017ed5f8ad\",\"name\":\"Aliados17\",\"image\":{\"@type\":\"ImageObject\",\"inLanguage\":\"es\",\"@id\":\"https:\\\/\\\/www.aliadospuebla.com\\\/web2017\\\/wp-content\\\/uploads\\\/2025\\\/03\\\/cropped-para-perfil-8-anos-1-96x96.jpg\",\"url\":\"https:\\\/\\\/www.aliadospuebla.com\\\/web2017\\\/wp-content\\\/uploads\\\/2025\\\/03\\\/cropped-para-perfil-8-anos-1-96x96.jpg\",\"contentUrl\":\"https:\\\/\\\/www.aliadospuebla.com\\\/web2017\\\/wp-content\\\/uploads\\\/2025\\\/03\\\/cropped-para-perfil-8-anos-1-96x96.jpg\",\"caption\":\"Aliados17\"},\"sameAs\":[\"https:\\\/\\\/www.aliados17.com\",\"https:\\\/\\\/www.facebook.com\\\/Aliados17Pue\",\"https:\\\/\\\/x.com\\\/AliadosPuebla\"],\"url\":\"https:\\\/\\\/www.aliadospuebla.com\\\/?author=2\"}]}<\/script>\n<!-- \/ Yoast SEO plugin. -->","yoast_head_json":{"title":"Impulsa diputada Mar\u00eda Soledad Amieva iniciativa para crear la Secretar\u00eda de la Inclusi\u00f3n del Estado de Puebla - AliadosPuebla","robots":{"index":"index","follow":"follow","max-snippet":"max-snippet:-1","max-image-preview":"max-image-preview:large","max-video-preview":"max-video-preview:-1"},"canonical":"https:\/\/www.aliadospuebla.com\/?p=111325","og_locale":"es_ES","og_type":"article","og_title":"Impulsa diputada Mar\u00eda Soledad Amieva iniciativa para crear la Secretar\u00eda de la Inclusi\u00f3n del Estado de Puebla - AliadosPuebla","og_description":"Con el objetivo de transitar de un modelo asistencialista a uno que garantice derechos permanentes, la diputada Mar\u00eda Soledad Amieva Zamora impulsa una iniciativa para crear la Secretar\u00eda de la Inclusi\u00f3n del Estado de Puebla. La propuesta legislativa busca establecer una instituci\u00f3n p\u00fablica con rango de Secretar\u00eda que permita dise\u00f1ar y ejecutar una pol\u00edtica de inclusi\u00f3n integral, transversal, medible y permanente en la entidad. &nbsp; \u201cCon la creaci\u00f3n de esta Secretar\u00eda se contar\u00eda con una autoridad rectora que articule esfuerzos entre el gobierno, la sociedad civil y la iniciativa privada, sin generar duplicidad de funciones, sino dotando de mayor coherencia y solidez a la administraci\u00f3n p\u00fablica estatal\u201d, afirm\u00f3 la legisladora. &nbsp; Asimismo, la creaci\u00f3n de la Secretar\u00eda de la Inclusi\u00f3n pretende impactar directamente a sectores&hellip;Leer m\u00e1s...","og_url":"https:\/\/www.aliadospuebla.com\/?p=111325","og_site_name":"AliadosPuebla","article_author":"https:\/\/www.facebook.com\/Aliados17Pue","article_published_time":"2026-02-06T03:49:24+00:00","og_image":[{"width":600,"height":450,"url":"https:\/\/www.aliadospuebla.com\/web2017\/wp-content\/uploads\/2026\/02\/42.jpg","type":"image\/jpeg"}],"author":"Aliados17","twitter_card":"summary_large_image","twitter_creator":"@AliadosPuebla","twitter_misc":{"Escrito por":"Aliados17","Tiempo de lectura":"2 minutos"},"schema":{"@context":"https:\/\/schema.org","@graph":[{"@type":"Article","@id":"https:\/\/www.aliadospuebla.com\/?p=111325#article","isPartOf":{"@id":"https:\/\/www.aliadospuebla.com\/?p=111325"},"author":{"name":"Aliados17","@id":"https:\/\/www.aliadospuebla.com\/#\/schema\/person\/5da7dd09320bd4f392b710017ed5f8ad"},"headline":"Impulsa diputada Mar\u00eda Soledad Amieva iniciativa para crear la Secretar\u00eda de la Inclusi\u00f3n del Estado de Puebla","datePublished":"2026-02-06T03:49:24+00:00","mainEntityOfPage":{"@id":"https:\/\/www.aliadospuebla.com\/?p=111325"},"wordCount":321,"commentCount":0,"image":{"@id":"https:\/\/www.aliadospuebla.com\/?p=111325#primaryimage"},"thumbnailUrl":"https:\/\/www.aliadospuebla.com\/web2017\/wp-content\/uploads\/2026\/02\/42.jpg","keywords":["COMUNIDADES IND\u00cdGENAS","derechos permanentes","Mar\u00eda Soledad Amieva Zamora","personas adultas mayores","PERSONAS CON DISCAPACIDAD","poblaci\u00f3n afrodescendiente","pol\u00edtica de inclusi\u00f3n integral","propuesta legislativa","Secretar\u00eda de la Inclusi\u00f3n"],"articleSection":["Pol\u00edtica"],"inLanguage":"es","potentialAction":[{"@type":"CommentAction","name":"Comment","target":["https:\/\/www.aliadospuebla.com\/?p=111325#respond"]}]},{"@type":"WebPage","@id":"https:\/\/www.aliadospuebla.com\/?p=111325","url":"https:\/\/www.aliadospuebla.com\/?p=111325","name":"Impulsa diputada Mar\u00eda Soledad Amieva iniciativa para crear la Secretar\u00eda de la Inclusi\u00f3n del Estado de Puebla - AliadosPuebla","isPartOf":{"@id":"https:\/\/www.aliadospuebla.com\/#website"},"primaryImageOfPage":{"@id":"https:\/\/www.aliadospuebla.com\/?p=111325#primaryimage"},"image":{"@id":"https:\/\/www.aliadospuebla.com\/?p=111325#primaryimage"},"thumbnailUrl":"https:\/\/www.aliadospuebla.com\/web2017\/wp-content\/uploads\/2026\/02\/42.jpg","datePublished":"2026-02-06T03:49:24+00:00","author":{"@id":"https:\/\/www.aliadospuebla.com\/#\/schema\/person\/5da7dd09320bd4f392b710017ed5f8ad"},"breadcrumb":{"@id":"https:\/\/www.aliadospuebla.com\/?p=111325#breadcrumb"},"inLanguage":"es","potentialAction":[{"@type":"ReadAction","target":["https:\/\/www.aliadospuebla.com\/?p=111325"]}]},{"@type":"ImageObject","inLanguage":"es","@id":"https:\/\/www.aliadospuebla.com\/?p=111325#primaryimage","url":"https:\/\/www.aliadospuebla.com\/web2017\/wp-content\/uploads\/2026\/02\/42.jpg","contentUrl":"https:\/\/www.aliadospuebla.com\/web2017\/wp-content\/uploads\/2026\/02\/42.jpg","width":600,"height":450},{"@type":"BreadcrumbList","@id":"https:\/\/www.aliadospuebla.com\/?p=111325#breadcrumb","itemListElement":[{"@type":"ListItem","position":1,"name":"Portada","item":"https:\/\/www.aliadospuebla.com\/"},{"@type":"ListItem","position":2,"name":"Impulsa diputada Mar\u00eda Soledad Amieva iniciativa para crear la Secretar\u00eda de la Inclusi\u00f3n del Estado de Puebla"}]},{"@type":"WebSite","@id":"https:\/\/www.aliadospuebla.com\/#website","url":"https:\/\/www.aliadospuebla.com\/","name":"AliadosPuebla","description":"La informaci\u00f3n en tus manos","potentialAction":[{"@type":"SearchAction","target":{"@type":"EntryPoint","urlTemplate":"https:\/\/www.aliadospuebla.com\/?s={search_term_string}"},"query-input":{"@type":"PropertyValueSpecification","valueRequired":true,"valueName":"search_term_string"}}],"inLanguage":"es"},{"@type":"Person","@id":"https:\/\/www.aliadospuebla.com\/#\/schema\/person\/5da7dd09320bd4f392b710017ed5f8ad","name":"Aliados17","image":{"@type":"ImageObject","inLanguage":"es","@id":"https:\/\/www.aliadospuebla.com\/web2017\/wp-content\/uploads\/2025\/03\/cropped-para-perfil-8-anos-1-96x96.jpg","url":"https:\/\/www.aliadospuebla.com\/web2017\/wp-content\/uploads\/2025\/03\/cropped-para-perfil-8-anos-1-96x96.jpg","contentUrl":"https:\/\/www.aliadospuebla.com\/web2017\/wp-content\/uploads\/2025\/03\/cropped-para-perfil-8-anos-1-96x96.jpg","caption":"Aliados17"},"sameAs":["https:\/\/www.aliados17.com","https:\/\/www.facebook.com\/Aliados17Pue","https:\/\/x.com\/AliadosPuebla"],"url":"https:\/\/www.aliadospuebla.com\/?author=2"}]}},"views":19,"_links":{"self":[{"href":"https:\/\/www.aliadospuebla.com\/index.php?rest_route=\/wp\/v2\/posts\/111325","targetHints":{"allow":["GET"]}}],"collection":[{"href":"https:\/\/www.aliadospuebla.com\/index.php?rest_route=\/wp\/v2\/posts"}],"about":[{"href":"https:\/\/www.aliadospuebla.com\/index.php?rest_route=\/wp\/v2\/types\/post"}],"author":[{"embeddable":true,"href":"https:\/\/www.aliadospuebla.com\/index.php?rest_route=\/wp\/v2\/users\/2"}],"replies":[{"embeddable":true,"href":"https:\/\/www.aliadospuebla.com\/index.php?rest_route=%2Fwp%2Fv2%2Fcomments&post=111325"}],"version-history":[{"count":1,"href":"https:\/\/www.aliadospuebla.com\/index.php?rest_route=\/wp\/v2\/posts\/111325\/revisions"}],"predecessor-version":[{"id":111327,"href":"https:\/\/www.aliadospuebla.com\/index.php?rest_route=\/wp\/v2\/posts\/111325\/revisions\/111327"}],"wp:featuredmedia":[{"embeddable":true,"href":"https:\/\/www.aliadospuebla.com\/index.php?rest_route=\/wp\/v2\/media\/111326"}],"wp:attachment":[{"href":"https:\/\/www.aliadospuebla.com\/index.php?rest_route=%2Fwp%2Fv2%2Fmedia&parent=111325"}],"wp:term":[{"taxonomy":"category","embeddable":true,"href":"https:\/\/www.aliadospuebla.com\/index.php?rest_route=%2Fwp%2Fv2%2Fcategories&post=111325"},{"taxonomy":"post_tag","embeddable":true,"href":"https:\/\/www.aliadospuebla.com\/index.php?rest_route=%2Fwp%2Fv2%2Ftags&post=111325"}],"curies":[{"name":"wp","href":"https:\/\/api.w.org\/{rel}","templated":true}]}}