{"id":111316,"date":"2026-02-05T20:56:32","date_gmt":"2026-02-06T02:56:32","guid":{"rendered":"https:\/\/www.aliadospuebla.com\/?p=111316"},"modified":"2026-02-05T20:56:32","modified_gmt":"2026-02-06T02:56:32","slug":"conmemora-congreso-del-estado-aniversario-de-la-constitucion-mexicana","status":"publish","type":"post","link":"https:\/\/www.aliadospuebla.com\/?p=111316","title":{"rendered":"Conmemora Congreso del Estado Aniversario de la Constituci\u00f3n Mexicana"},"content":{"rendered":"<h4><em>Las leyes tienes sentido cuando protegen a la gente, cuando se traducen en respeto, oportunidades, seguridad y dignidad: Pavel Gaspar<\/em><\/h4>\n<p>Con la finalidad de fortalecer la cultura c\u00edvica, reconocer el papel fundamental<\/p>\n<p>del Poder Legislativo y reflexionar sobre la evoluci\u00f3n constitucional<\/p>\n<p>como eje de la legalidad, la justicia social y los derechos humanos en nuestro pa\u00eds,<\/p>\n<p>el Congreso del Estado, a trav\u00e9s del Voluntariado, llev\u00f3 a cabo la ceremonia<\/p>\n<p>para conmemorar el \u201cD\u00eda de la Constituci\u00f3n Mexicana\u201d.<\/p>\n<p>&nbsp;<\/p>\n<p>Durante este evento protocolario, el diputado Pavel Gaspar Ram\u00edrez, presidente<\/p>\n<p>de la Junta de Gobierno y Coordinaci\u00f3n Pol\u00edtica del Poder Legislativo,<\/p>\n<p>afirm\u00f3 que la Constituci\u00f3n no naci\u00f3 de la comodidad del poder; naci\u00f3 de la lucha,<\/p>\n<p>del dolor, del esfuerzo y de la esperanza de un pueblo que exigi\u00f3 justicia.<\/p>\n<p>&nbsp;<\/p>\n<h4>\u201cLa ley tiene sentido cuando protege a la gente, cuando se traduce en respeto, en oportunidades, en seguridad y en dignidad\u201d.<\/h4>\n<p>Por eso, la Constituci\u00f3n no debe ser un texto fr\u00edo, debe ser el instrumento que limite el poder,<\/p>\n<p>establezca reglas de convivencia y garantice que el Estado sirva a la gente,<\/p>\n<p>para que el derecho se ejerza con humanidad, proteja a las personas y resuelva problemas reales,<\/p>\n<p>afirm\u00f3 el diputado.<\/p>\n<p>&nbsp;<\/p>\n<p>Pavel Gaspar Ram\u00edrez subray\u00f3 que este acto conmemorativo implica tambi\u00e9n un compromiso con principios y valores que buscan mejorar la vida de la gente y construir un mejor Puebla y un mejor M\u00e9xico, ya que un Congreso humano es aquel que coloca a la poblaci\u00f3n en el centro y traduce la ley en dignidad, oportunidades, seguridad y respeto.<\/p>\n<p>&nbsp;<\/p>\n<p>Finalmente, el legislador llam\u00f3 a ejercer el poder p\u00fablico con humanidad y a hacer de Puebla un testimonio de que un M\u00e9xico m\u00e1s justo y humano es posible; por ello, \u201cla pol\u00edtica p\u00fablica debe estar guiada por la justicia social, entendida como base de una paz verdadera, construida desde el tejido social\u201d, consider\u00f3 el diputado.<\/p>\n<p>&nbsp;<\/p>\n<p>El acto conmemorativo tambi\u00e9n cont\u00f3 con la participaci\u00f3n de Antonio Tenorio Adame, destacado parlamentario poblano, quien ofreci\u00f3 una intervenci\u00f3n especial sobre la relevancia hist\u00f3rica de nuestra Constituci\u00f3n.<\/p>\n<p>&nbsp;<\/p>\n<p>Este evento, que se llev\u00f3 a cabo en el Sal\u00f3n de Protocolos del Congreso del Estado, tambi\u00e9n estuvo presidido por las y los diputados El\u00edas Lozada Ortega, Esther Mart\u00ednez Romano, Elpidio D\u00edaz Escobar, Fedrha Isabel Suriano Corrales y Marcos Castro Mart\u00ednez, as\u00ed como por el secretario general del Congreso, Julio Leopoldo de Lara Valera.<\/p>\n","protected":false},"excerpt":{"rendered":"<p>Las leyes tienes sentido cuando protegen a la gente, cuando se traducen en respeto, oportunidades, seguridad y dignidad: Pavel Gaspar Con la finalidad de fortalecer la cultura c\u00edvica, reconocer el papel fundamental del Poder Legislativo y reflexionar sobre la evoluci\u00f3n constitucional como eje de la legalidad, la justicia social y los derechos humanos en nuestro pa\u00eds, el Congreso del Estado, a trav\u00e9s del Voluntariado, llev\u00f3 a cabo la ceremonia para conmemorar el \u201cD\u00eda de la Constituci\u00f3n Mexicana\u201d. &nbsp; Durante este evento protocolario, el diputado Pavel Gaspar Ram\u00edrez, presidente de la Junta de Gobierno y Coordinaci\u00f3n Pol\u00edtica del Poder Legislativo, afirm\u00f3 que la Constituci\u00f3n no naci\u00f3 de la comodidad del poder; naci\u00f3 de la lucha, del dolor, del esfuerzo y de la esperanza de un pueblo&hellip;<\/p>\n<p class=\"excerpt-more\"><a class=\"blog-excerpt button\" href=\"https:\/\/www.aliadospuebla.com\/?p=111316\">Leer m\u00e1s&#8230;<\/a><\/p>\n","protected":false},"author":2,"featured_media":111317,"comment_status":"open","ping_status":"open","sticky":false,"template":"","format":"standard","meta":{"_monsterinsights_skip_tracking":false,"footnotes":""},"categories":[6],"tags":[32307,88,25440,25027,24913,32308,24481,24852],"class_list":["post-111316","post","type-post","status-publish","format-standard","has-post-thumbnail","hentry","category-politica","tag-aniversario-de-la-constitucion-mexicana","tag-congreso-del-estado","tag-elias-lozada-ortega","tag-elpidio-diaz-escobar","tag-esther-martinez-romano","tag-evolucion-constitucional","tag-fedrha-isabel-suriano-corrales","tag-pavel-gaspar"],"yoast_head":"<!-- This site is optimized with the Yoast SEO plugin v28.4 - https:\/\/yoast.com\/product\/yoast-seo-wordpress\/ -->\n<title>Conmemora Congreso del Estado Aniversario de la Constituci\u00f3n Mexicana - AliadosPuebla<\/title>\n<meta name=\"robots\" content=\"index, follow, max-snippet:-1, max-image-preview:large, max-video-preview:-1\" \/>\n<link rel=\"canonical\" href=\"https:\/\/www.aliadospuebla.com\/?p=111316\" \/>\n<meta property=\"og:locale\" content=\"es_ES\" \/>\n<meta property=\"og:type\" content=\"article\" \/>\n<meta property=\"og:title\" content=\"Conmemora Congreso del Estado Aniversario de la Constituci\u00f3n Mexicana - AliadosPuebla\" \/>\n<meta property=\"og:description\" content=\"Las leyes tienes sentido cuando protegen a la gente, cuando se traducen en respeto, oportunidades, seguridad y dignidad: Pavel Gaspar Con la finalidad de fortalecer la cultura c\u00edvica, reconocer el papel fundamental del Poder Legislativo y reflexionar sobre la evoluci\u00f3n constitucional como eje de la legalidad, la justicia social y los derechos humanos en nuestro pa\u00eds, el Congreso del Estado, a trav\u00e9s del Voluntariado, llev\u00f3 a cabo la ceremonia para conmemorar el \u201cD\u00eda de la Constituci\u00f3n Mexicana\u201d. &nbsp; Durante este evento protocolario, el diputado Pavel Gaspar Ram\u00edrez, presidente de la Junta de Gobierno y Coordinaci\u00f3n Pol\u00edtica del Poder Legislativo, afirm\u00f3 que la Constituci\u00f3n no naci\u00f3 de la comodidad del poder; naci\u00f3 de la lucha, del dolor, del esfuerzo y de la esperanza de un pueblo&hellip;Leer m\u00e1s...\" \/>\n<meta property=\"og:url\" content=\"https:\/\/www.aliadospuebla.com\/?p=111316\" \/>\n<meta property=\"og:site_name\" content=\"AliadosPuebla\" \/>\n<meta property=\"article:author\" content=\"https:\/\/www.facebook.com\/Aliados17Pue\" \/>\n<meta property=\"article:published_time\" content=\"2026-02-06T02:56:32+00:00\" \/>\n<meta property=\"og:image\" content=\"https:\/\/www.aliadospuebla.com\/web2017\/wp-content\/uploads\/2026\/02\/39.jpg\" \/>\n\t<meta property=\"og:image:width\" content=\"600\" \/>\n\t<meta property=\"og:image:height\" content=\"450\" \/>\n\t<meta property=\"og:image:type\" content=\"image\/jpeg\" \/>\n<meta name=\"author\" content=\"Aliados17\" \/>\n<meta name=\"twitter:card\" content=\"summary_large_image\" \/>\n<meta name=\"twitter:creator\" content=\"@AliadosPuebla\" \/>\n<meta name=\"twitter:label1\" content=\"Escrito por\" \/>\n\t<meta name=\"twitter:data1\" content=\"Aliados17\" \/>\n\t<meta name=\"twitter:label2\" content=\"Tiempo de lectura\" \/>\n\t<meta name=\"twitter:data2\" content=\"2 minutos\" \/>\n<script type=\"application\/ld+json\" class=\"yoast-schema-graph\">{\"@context\":\"https:\\\/\\\/schema.org\",\"@graph\":[{\"@type\":\"Article\",\"@id\":\"https:\\\/\\\/www.aliadospuebla.com\\\/?p=111316#article\",\"isPartOf\":{\"@id\":\"https:\\\/\\\/www.aliadospuebla.com\\\/?p=111316\"},\"author\":{\"name\":\"Aliados17\",\"@id\":\"https:\\\/\\\/www.aliadospuebla.com\\\/#\\\/schema\\\/person\\\/5da7dd09320bd4f392b710017ed5f8ad\"},\"headline\":\"Conmemora Congreso del Estado Aniversario de la Constituci\u00f3n Mexicana\",\"datePublished\":\"2026-02-06T02:56:32+00:00\",\"mainEntityOfPage\":{\"@id\":\"https:\\\/\\\/www.aliadospuebla.com\\\/?p=111316\"},\"wordCount\":440,\"commentCount\":0,\"image\":{\"@id\":\"https:\\\/\\\/www.aliadospuebla.com\\\/?p=111316#primaryimage\"},\"thumbnailUrl\":\"https:\\\/\\\/www.aliadospuebla.com\\\/web2017\\\/wp-content\\\/uploads\\\/2026\\\/02\\\/39.jpg\",\"keywords\":[\"Aniversario de la Constituci\u00f3n Mexicana\",\"Congreso del Estado\",\"El\u00edas Lozada Ortega\",\"Elpidio D\u00edaz Escobar\",\"Esther Mart\u00ednez Romano\",\"evoluci\u00f3n constitucional\",\"Fedrha Isabel Suriano Corrales\",\"Pavel Gaspar\"],\"articleSection\":[\"Pol\u00edtica\"],\"inLanguage\":\"es\",\"potentialAction\":[{\"@type\":\"CommentAction\",\"name\":\"Comment\",\"target\":[\"https:\\\/\\\/www.aliadospuebla.com\\\/?p=111316#respond\"]}]},{\"@type\":\"WebPage\",\"@id\":\"https:\\\/\\\/www.aliadospuebla.com\\\/?p=111316\",\"url\":\"https:\\\/\\\/www.aliadospuebla.com\\\/?p=111316\",\"name\":\"Conmemora Congreso del Estado Aniversario de la Constituci\u00f3n Mexicana - AliadosPuebla\",\"isPartOf\":{\"@id\":\"https:\\\/\\\/www.aliadospuebla.com\\\/#website\"},\"primaryImageOfPage\":{\"@id\":\"https:\\\/\\\/www.aliadospuebla.com\\\/?p=111316#primaryimage\"},\"image\":{\"@id\":\"https:\\\/\\\/www.aliadospuebla.com\\\/?p=111316#primaryimage\"},\"thumbnailUrl\":\"https:\\\/\\\/www.aliadospuebla.com\\\/web2017\\\/wp-content\\\/uploads\\\/2026\\\/02\\\/39.jpg\",\"datePublished\":\"2026-02-06T02:56:32+00:00\",\"author\":{\"@id\":\"https:\\\/\\\/www.aliadospuebla.com\\\/#\\\/schema\\\/person\\\/5da7dd09320bd4f392b710017ed5f8ad\"},\"breadcrumb\":{\"@id\":\"https:\\\/\\\/www.aliadospuebla.com\\\/?p=111316#breadcrumb\"},\"inLanguage\":\"es\",\"potentialAction\":[{\"@type\":\"ReadAction\",\"target\":[\"https:\\\/\\\/www.aliadospuebla.com\\\/?p=111316\"]}]},{\"@type\":\"ImageObject\",\"inLanguage\":\"es\",\"@id\":\"https:\\\/\\\/www.aliadospuebla.com\\\/?p=111316#primaryimage\",\"url\":\"https:\\\/\\\/www.aliadospuebla.com\\\/web2017\\\/wp-content\\\/uploads\\\/2026\\\/02\\\/39.jpg\",\"contentUrl\":\"https:\\\/\\\/www.aliadospuebla.com\\\/web2017\\\/wp-content\\\/uploads\\\/2026\\\/02\\\/39.jpg\",\"width\":600,\"height\":450},{\"@type\":\"BreadcrumbList\",\"@id\":\"https:\\\/\\\/www.aliadospuebla.com\\\/?p=111316#breadcrumb\",\"itemListElement\":[{\"@type\":\"ListItem\",\"position\":1,\"name\":\"Portada\",\"item\":\"https:\\\/\\\/www.aliadospuebla.com\\\/\"},{\"@type\":\"ListItem\",\"position\":2,\"name\":\"Conmemora Congreso del Estado Aniversario de la Constituci\u00f3n Mexicana\"}]},{\"@type\":\"WebSite\",\"@id\":\"https:\\\/\\\/www.aliadospuebla.com\\\/#website\",\"url\":\"https:\\\/\\\/www.aliadospuebla.com\\\/\",\"name\":\"AliadosPuebla\",\"description\":\"La informaci\u00f3n en tus manos\",\"potentialAction\":[{\"@type\":\"SearchAction\",\"target\":{\"@type\":\"EntryPoint\",\"urlTemplate\":\"https:\\\/\\\/www.aliadospuebla.com\\\/?s={search_term_string}\"},\"query-input\":{\"@type\":\"PropertyValueSpecification\",\"valueRequired\":true,\"valueName\":\"search_term_string\"}}],\"inLanguage\":\"es\"},{\"@type\":\"Person\",\"@id\":\"https:\\\/\\\/www.aliadospuebla.com\\\/#\\\/schema\\\/person\\\/5da7dd09320bd4f392b710017ed5f8ad\",\"name\":\"Aliados17\",\"image\":{\"@type\":\"ImageObject\",\"inLanguage\":\"es\",\"@id\":\"https:\\\/\\\/www.aliadospuebla.com\\\/web2017\\\/wp-content\\\/uploads\\\/2025\\\/03\\\/cropped-para-perfil-8-anos-1-96x96.jpg\",\"url\":\"https:\\\/\\\/www.aliadospuebla.com\\\/web2017\\\/wp-content\\\/uploads\\\/2025\\\/03\\\/cropped-para-perfil-8-anos-1-96x96.jpg\",\"contentUrl\":\"https:\\\/\\\/www.aliadospuebla.com\\\/web2017\\\/wp-content\\\/uploads\\\/2025\\\/03\\\/cropped-para-perfil-8-anos-1-96x96.jpg\",\"caption\":\"Aliados17\"},\"sameAs\":[\"https:\\\/\\\/www.aliados17.com\",\"https:\\\/\\\/www.facebook.com\\\/Aliados17Pue\",\"https:\\\/\\\/x.com\\\/AliadosPuebla\"],\"url\":\"https:\\\/\\\/www.aliadospuebla.com\\\/?author=2\"}]}<\/script>\n<!-- \/ Yoast SEO plugin. -->","yoast_head_json":{"title":"Conmemora Congreso del Estado Aniversario de la Constituci\u00f3n Mexicana - AliadosPuebla","robots":{"index":"index","follow":"follow","max-snippet":"max-snippet:-1","max-image-preview":"max-image-preview:large","max-video-preview":"max-video-preview:-1"},"canonical":"https:\/\/www.aliadospuebla.com\/?p=111316","og_locale":"es_ES","og_type":"article","og_title":"Conmemora Congreso del Estado Aniversario de la Constituci\u00f3n Mexicana - AliadosPuebla","og_description":"Las leyes tienes sentido cuando protegen a la gente, cuando se traducen en respeto, oportunidades, seguridad y dignidad: Pavel Gaspar Con la finalidad de fortalecer la cultura c\u00edvica, reconocer el papel fundamental del Poder Legislativo y reflexionar sobre la evoluci\u00f3n constitucional como eje de la legalidad, la justicia social y los derechos humanos en nuestro pa\u00eds, el Congreso del Estado, a trav\u00e9s del Voluntariado, llev\u00f3 a cabo la ceremonia para conmemorar el \u201cD\u00eda de la Constituci\u00f3n Mexicana\u201d. &nbsp; Durante este evento protocolario, el diputado Pavel Gaspar Ram\u00edrez, presidente de la Junta de Gobierno y Coordinaci\u00f3n Pol\u00edtica del Poder Legislativo, afirm\u00f3 que la Constituci\u00f3n no naci\u00f3 de la comodidad del poder; naci\u00f3 de la lucha, del dolor, del esfuerzo y de la esperanza de un pueblo&hellip;Leer m\u00e1s...","og_url":"https:\/\/www.aliadospuebla.com\/?p=111316","og_site_name":"AliadosPuebla","article_author":"https:\/\/www.facebook.com\/Aliados17Pue","article_published_time":"2026-02-06T02:56:32+00:00","og_image":[{"width":600,"height":450,"url":"https:\/\/www.aliadospuebla.com\/web2017\/wp-content\/uploads\/2026\/02\/39.jpg","type":"image\/jpeg"}],"author":"Aliados17","twitter_card":"summary_large_image","twitter_creator":"@AliadosPuebla","twitter_misc":{"Escrito por":"Aliados17","Tiempo de lectura":"2 minutos"},"schema":{"@context":"https:\/\/schema.org","@graph":[{"@type":"Article","@id":"https:\/\/www.aliadospuebla.com\/?p=111316#article","isPartOf":{"@id":"https:\/\/www.aliadospuebla.com\/?p=111316"},"author":{"name":"Aliados17","@id":"https:\/\/www.aliadospuebla.com\/#\/schema\/person\/5da7dd09320bd4f392b710017ed5f8ad"},"headline":"Conmemora Congreso del Estado Aniversario de la Constituci\u00f3n Mexicana","datePublished":"2026-02-06T02:56:32+00:00","mainEntityOfPage":{"@id":"https:\/\/www.aliadospuebla.com\/?p=111316"},"wordCount":440,"commentCount":0,"image":{"@id":"https:\/\/www.aliadospuebla.com\/?p=111316#primaryimage"},"thumbnailUrl":"https:\/\/www.aliadospuebla.com\/web2017\/wp-content\/uploads\/2026\/02\/39.jpg","keywords":["Aniversario de la Constituci\u00f3n Mexicana","Congreso del Estado","El\u00edas Lozada Ortega","Elpidio D\u00edaz Escobar","Esther Mart\u00ednez Romano","evoluci\u00f3n constitucional","Fedrha Isabel Suriano Corrales","Pavel Gaspar"],"articleSection":["Pol\u00edtica"],"inLanguage":"es","potentialAction":[{"@type":"CommentAction","name":"Comment","target":["https:\/\/www.aliadospuebla.com\/?p=111316#respond"]}]},{"@type":"WebPage","@id":"https:\/\/www.aliadospuebla.com\/?p=111316","url":"https:\/\/www.aliadospuebla.com\/?p=111316","name":"Conmemora Congreso del Estado Aniversario de la Constituci\u00f3n Mexicana - AliadosPuebla","isPartOf":{"@id":"https:\/\/www.aliadospuebla.com\/#website"},"primaryImageOfPage":{"@id":"https:\/\/www.aliadospuebla.com\/?p=111316#primaryimage"},"image":{"@id":"https:\/\/www.aliadospuebla.com\/?p=111316#primaryimage"},"thumbnailUrl":"https:\/\/www.aliadospuebla.com\/web2017\/wp-content\/uploads\/2026\/02\/39.jpg","datePublished":"2026-02-06T02:56:32+00:00","author":{"@id":"https:\/\/www.aliadospuebla.com\/#\/schema\/person\/5da7dd09320bd4f392b710017ed5f8ad"},"breadcrumb":{"@id":"https:\/\/www.aliadospuebla.com\/?p=111316#breadcrumb"},"inLanguage":"es","potentialAction":[{"@type":"ReadAction","target":["https:\/\/www.aliadospuebla.com\/?p=111316"]}]},{"@type":"ImageObject","inLanguage":"es","@id":"https:\/\/www.aliadospuebla.com\/?p=111316#primaryimage","url":"https:\/\/www.aliadospuebla.com\/web2017\/wp-content\/uploads\/2026\/02\/39.jpg","contentUrl":"https:\/\/www.aliadospuebla.com\/web2017\/wp-content\/uploads\/2026\/02\/39.jpg","width":600,"height":450},{"@type":"BreadcrumbList","@id":"https:\/\/www.aliadospuebla.com\/?p=111316#breadcrumb","itemListElement":[{"@type":"ListItem","position":1,"name":"Portada","item":"https:\/\/www.aliadospuebla.com\/"},{"@type":"ListItem","position":2,"name":"Conmemora Congreso del Estado Aniversario de la Constituci\u00f3n Mexicana"}]},{"@type":"WebSite","@id":"https:\/\/www.aliadospuebla.com\/#website","url":"https:\/\/www.aliadospuebla.com\/","name":"AliadosPuebla","description":"La informaci\u00f3n en tus manos","potentialAction":[{"@type":"SearchAction","target":{"@type":"EntryPoint","urlTemplate":"https:\/\/www.aliadospuebla.com\/?s={search_term_string}"},"query-input":{"@type":"PropertyValueSpecification","valueRequired":true,"valueName":"search_term_string"}}],"inLanguage":"es"},{"@type":"Person","@id":"https:\/\/www.aliadospuebla.com\/#\/schema\/person\/5da7dd09320bd4f392b710017ed5f8ad","name":"Aliados17","image":{"@type":"ImageObject","inLanguage":"es","@id":"https:\/\/www.aliadospuebla.com\/web2017\/wp-content\/uploads\/2025\/03\/cropped-para-perfil-8-anos-1-96x96.jpg","url":"https:\/\/www.aliadospuebla.com\/web2017\/wp-content\/uploads\/2025\/03\/cropped-para-perfil-8-anos-1-96x96.jpg","contentUrl":"https:\/\/www.aliadospuebla.com\/web2017\/wp-content\/uploads\/2025\/03\/cropped-para-perfil-8-anos-1-96x96.jpg","caption":"Aliados17"},"sameAs":["https:\/\/www.aliados17.com","https:\/\/www.facebook.com\/Aliados17Pue","https:\/\/x.com\/AliadosPuebla"],"url":"https:\/\/www.aliadospuebla.com\/?author=2"}]}},"views":28,"_links":{"self":[{"href":"https:\/\/www.aliadospuebla.com\/index.php?rest_route=\/wp\/v2\/posts\/111316","targetHints":{"allow":["GET"]}}],"collection":[{"href":"https:\/\/www.aliadospuebla.com\/index.php?rest_route=\/wp\/v2\/posts"}],"about":[{"href":"https:\/\/www.aliadospuebla.com\/index.php?rest_route=\/wp\/v2\/types\/post"}],"author":[{"embeddable":true,"href":"https:\/\/www.aliadospuebla.com\/index.php?rest_route=\/wp\/v2\/users\/2"}],"replies":[{"embeddable":true,"href":"https:\/\/www.aliadospuebla.com\/index.php?rest_route=%2Fwp%2Fv2%2Fcomments&post=111316"}],"version-history":[{"count":1,"href":"https:\/\/www.aliadospuebla.com\/index.php?rest_route=\/wp\/v2\/posts\/111316\/revisions"}],"predecessor-version":[{"id":111318,"href":"https:\/\/www.aliadospuebla.com\/index.php?rest_route=\/wp\/v2\/posts\/111316\/revisions\/111318"}],"wp:featuredmedia":[{"embeddable":true,"href":"https:\/\/www.aliadospuebla.com\/index.php?rest_route=\/wp\/v2\/media\/111317"}],"wp:attachment":[{"href":"https:\/\/www.aliadospuebla.com\/index.php?rest_route=%2Fwp%2Fv2%2Fmedia&parent=111316"}],"wp:term":[{"taxonomy":"category","embeddable":true,"href":"https:\/\/www.aliadospuebla.com\/index.php?rest_route=%2Fwp%2Fv2%2Fcategories&post=111316"},{"taxonomy":"post_tag","embeddable":true,"href":"https:\/\/www.aliadospuebla.com\/index.php?rest_route=%2Fwp%2Fv2%2Ftags&post=111316"}],"curies":[{"name":"wp","href":"https:\/\/api.w.org\/{rel}","templated":true}]}}