{"id":111267,"date":"2026-02-04T16:34:33","date_gmt":"2026-02-04T22:34:33","guid":{"rendered":"https:\/\/www.aliadospuebla.com\/?p=111267"},"modified":"2026-02-04T16:34:33","modified_gmt":"2026-02-04T22:34:33","slug":"desde-el-congreso-del-estado-promueven-carnaval-de-san-agustin-tlaxco","status":"publish","type":"post","link":"https:\/\/www.aliadospuebla.com\/?p=111267","title":{"rendered":"Desde el Congreso del Estado, promueven Carnaval de San Agust\u00edn Tlaxco"},"content":{"rendered":"<p>Con la finalidad de promover la cultura y las tradiciones, en el Congreso del Estado se present\u00f3 el Carnaval de San Agust\u00edn Tlaxco, comunidad ubicada en el municipio de Acajete.<\/p>\n<p>La celebraci\u00f3n se llevar\u00e1 a cabo los d\u00edas 15, 16 y 17 de febrero, con la participaci\u00f3n de cuadrillas de la regi\u00f3n, en un ambiente familiar, donde se promueve la convivencia, el baile y las ra\u00edces.<\/p>\n<p>El presidente municipal de Acajete, Cristian Flores Flores, se\u00f1al\u00f3 que el carnaval genera una importante derrama econ\u00f3mica, pues asisten de 10 a 12 mil personas, en tres d\u00edas de fiesta, armon\u00eda y espect\u00e1culo.<\/p>\n","protected":false},"excerpt":{"rendered":"<p>Con la finalidad de promover la cultura y las tradiciones, en el Congreso del Estado se present\u00f3 el Carnaval de San Agust\u00edn Tlaxco, comunidad ubicada en el municipio de Acajete. La celebraci\u00f3n se llevar\u00e1 a cabo los d\u00edas 15, 16 y 17 de febrero, con la participaci\u00f3n de cuadrillas de la regi\u00f3n, en un ambiente familiar, donde se promueve la convivencia, el baile y las ra\u00edces. El presidente municipal de Acajete, Cristian Flores Flores, se\u00f1al\u00f3 que el carnaval genera una importante derrama econ\u00f3mica, pues asisten de 10 a 12 mil personas, en tres d\u00edas de fiesta, armon\u00eda y espect\u00e1culo.<\/p>\n","protected":false},"author":2,"featured_media":111268,"comment_status":"open","ping_status":"open","sticky":false,"template":"","format":"standard","meta":{"_monsterinsights_skip_tracking":false,"footnotes":""},"categories":[6],"tags":[3820,32289,88,31742,1611],"class_list":["post-111267","post","type-post","status-publish","format-standard","has-post-thumbnail","hentry","category-politica","tag-acajete","tag-carnaval-de-san-agustin-tlaxco","tag-congreso-del-estado","tag-cristian-flores-flores","tag-cuadrillas"],"yoast_head":"<!-- This site is optimized with the Yoast SEO plugin v28.4 - https:\/\/yoast.com\/product\/yoast-seo-wordpress\/ -->\n<title>Desde el Congreso del Estado, promueven Carnaval de San Agust\u00edn Tlaxco - AliadosPuebla<\/title>\n<meta name=\"robots\" content=\"index, follow, max-snippet:-1, max-image-preview:large, max-video-preview:-1\" \/>\n<link rel=\"canonical\" href=\"https:\/\/www.aliadospuebla.com\/?p=111267\" \/>\n<meta property=\"og:locale\" content=\"es_ES\" \/>\n<meta property=\"og:type\" content=\"article\" \/>\n<meta property=\"og:title\" content=\"Desde el Congreso del Estado, promueven Carnaval de San Agust\u00edn Tlaxco - AliadosPuebla\" \/>\n<meta property=\"og:description\" content=\"Con la finalidad de promover la cultura y las tradiciones, en el Congreso del Estado se present\u00f3 el Carnaval de San Agust\u00edn Tlaxco, comunidad ubicada en el municipio de Acajete. La celebraci\u00f3n se llevar\u00e1 a cabo los d\u00edas 15, 16 y 17 de febrero, con la participaci\u00f3n de cuadrillas de la regi\u00f3n, en un ambiente familiar, donde se promueve la convivencia, el baile y las ra\u00edces. El presidente municipal de Acajete, Cristian Flores Flores, se\u00f1al\u00f3 que el carnaval genera una importante derrama econ\u00f3mica, pues asisten de 10 a 12 mil personas, en tres d\u00edas de fiesta, armon\u00eda y espect\u00e1culo.\" \/>\n<meta property=\"og:url\" content=\"https:\/\/www.aliadospuebla.com\/?p=111267\" \/>\n<meta property=\"og:site_name\" content=\"AliadosPuebla\" \/>\n<meta property=\"article:author\" content=\"https:\/\/www.facebook.com\/Aliados17Pue\" \/>\n<meta property=\"article:published_time\" content=\"2026-02-04T22:34:33+00:00\" \/>\n<meta property=\"og:image\" content=\"https:\/\/www.aliadospuebla.com\/web2017\/wp-content\/uploads\/2026\/02\/24.jpg\" \/>\n\t<meta property=\"og:image:width\" content=\"600\" \/>\n\t<meta property=\"og:image:height\" content=\"450\" \/>\n\t<meta property=\"og:image:type\" content=\"image\/jpeg\" \/>\n<meta name=\"author\" content=\"Aliados17\" \/>\n<meta name=\"twitter:card\" content=\"summary_large_image\" \/>\n<meta name=\"twitter:creator\" content=\"@AliadosPuebla\" \/>\n<meta name=\"twitter:label1\" content=\"Escrito por\" \/>\n\t<meta name=\"twitter:data1\" content=\"Aliados17\" \/>\n\t<meta name=\"twitter:label2\" content=\"Tiempo de lectura\" \/>\n\t<meta name=\"twitter:data2\" content=\"1 minuto\" \/>\n<script type=\"application\/ld+json\" class=\"yoast-schema-graph\">{\"@context\":\"https:\\\/\\\/schema.org\",\"@graph\":[{\"@type\":\"Article\",\"@id\":\"https:\\\/\\\/www.aliadospuebla.com\\\/?p=111267#article\",\"isPartOf\":{\"@id\":\"https:\\\/\\\/www.aliadospuebla.com\\\/?p=111267\"},\"author\":{\"name\":\"Aliados17\",\"@id\":\"https:\\\/\\\/www.aliadospuebla.com\\\/#\\\/schema\\\/person\\\/5da7dd09320bd4f392b710017ed5f8ad\"},\"headline\":\"Desde el Congreso del Estado, promueven Carnaval de San Agust\u00edn Tlaxco\",\"datePublished\":\"2026-02-04T22:34:33+00:00\",\"mainEntityOfPage\":{\"@id\":\"https:\\\/\\\/www.aliadospuebla.com\\\/?p=111267\"},\"wordCount\":117,\"commentCount\":0,\"image\":{\"@id\":\"https:\\\/\\\/www.aliadospuebla.com\\\/?p=111267#primaryimage\"},\"thumbnailUrl\":\"https:\\\/\\\/www.aliadospuebla.com\\\/web2017\\\/wp-content\\\/uploads\\\/2026\\\/02\\\/24.jpg\",\"keywords\":[\"ACAJETE\",\"Carnaval de San Agust\u00edn Tlaxco\",\"Congreso del Estado\",\"CRISTIAN FLORES FLORES\",\"CUADRILLAS\"],\"articleSection\":[\"Pol\u00edtica\"],\"inLanguage\":\"es\",\"potentialAction\":[{\"@type\":\"CommentAction\",\"name\":\"Comment\",\"target\":[\"https:\\\/\\\/www.aliadospuebla.com\\\/?p=111267#respond\"]}]},{\"@type\":\"WebPage\",\"@id\":\"https:\\\/\\\/www.aliadospuebla.com\\\/?p=111267\",\"url\":\"https:\\\/\\\/www.aliadospuebla.com\\\/?p=111267\",\"name\":\"Desde el Congreso del Estado, promueven Carnaval de San Agust\u00edn Tlaxco - AliadosPuebla\",\"isPartOf\":{\"@id\":\"https:\\\/\\\/www.aliadospuebla.com\\\/#website\"},\"primaryImageOfPage\":{\"@id\":\"https:\\\/\\\/www.aliadospuebla.com\\\/?p=111267#primaryimage\"},\"image\":{\"@id\":\"https:\\\/\\\/www.aliadospuebla.com\\\/?p=111267#primaryimage\"},\"thumbnailUrl\":\"https:\\\/\\\/www.aliadospuebla.com\\\/web2017\\\/wp-content\\\/uploads\\\/2026\\\/02\\\/24.jpg\",\"datePublished\":\"2026-02-04T22:34:33+00:00\",\"author\":{\"@id\":\"https:\\\/\\\/www.aliadospuebla.com\\\/#\\\/schema\\\/person\\\/5da7dd09320bd4f392b710017ed5f8ad\"},\"breadcrumb\":{\"@id\":\"https:\\\/\\\/www.aliadospuebla.com\\\/?p=111267#breadcrumb\"},\"inLanguage\":\"es\",\"potentialAction\":[{\"@type\":\"ReadAction\",\"target\":[\"https:\\\/\\\/www.aliadospuebla.com\\\/?p=111267\"]}]},{\"@type\":\"ImageObject\",\"inLanguage\":\"es\",\"@id\":\"https:\\\/\\\/www.aliadospuebla.com\\\/?p=111267#primaryimage\",\"url\":\"https:\\\/\\\/www.aliadospuebla.com\\\/web2017\\\/wp-content\\\/uploads\\\/2026\\\/02\\\/24.jpg\",\"contentUrl\":\"https:\\\/\\\/www.aliadospuebla.com\\\/web2017\\\/wp-content\\\/uploads\\\/2026\\\/02\\\/24.jpg\",\"width\":600,\"height\":450},{\"@type\":\"BreadcrumbList\",\"@id\":\"https:\\\/\\\/www.aliadospuebla.com\\\/?p=111267#breadcrumb\",\"itemListElement\":[{\"@type\":\"ListItem\",\"position\":1,\"name\":\"Portada\",\"item\":\"https:\\\/\\\/www.aliadospuebla.com\\\/\"},{\"@type\":\"ListItem\",\"position\":2,\"name\":\"Desde el Congreso del Estado, promueven Carnaval de San Agust\u00edn Tlaxco\"}]},{\"@type\":\"WebSite\",\"@id\":\"https:\\\/\\\/www.aliadospuebla.com\\\/#website\",\"url\":\"https:\\\/\\\/www.aliadospuebla.com\\\/\",\"name\":\"AliadosPuebla\",\"description\":\"La informaci\u00f3n en tus manos\",\"potentialAction\":[{\"@type\":\"SearchAction\",\"target\":{\"@type\":\"EntryPoint\",\"urlTemplate\":\"https:\\\/\\\/www.aliadospuebla.com\\\/?s={search_term_string}\"},\"query-input\":{\"@type\":\"PropertyValueSpecification\",\"valueRequired\":true,\"valueName\":\"search_term_string\"}}],\"inLanguage\":\"es\"},{\"@type\":\"Person\",\"@id\":\"https:\\\/\\\/www.aliadospuebla.com\\\/#\\\/schema\\\/person\\\/5da7dd09320bd4f392b710017ed5f8ad\",\"name\":\"Aliados17\",\"image\":{\"@type\":\"ImageObject\",\"inLanguage\":\"es\",\"@id\":\"https:\\\/\\\/www.aliadospuebla.com\\\/web2017\\\/wp-content\\\/uploads\\\/2025\\\/03\\\/cropped-para-perfil-8-anos-1-96x96.jpg\",\"url\":\"https:\\\/\\\/www.aliadospuebla.com\\\/web2017\\\/wp-content\\\/uploads\\\/2025\\\/03\\\/cropped-para-perfil-8-anos-1-96x96.jpg\",\"contentUrl\":\"https:\\\/\\\/www.aliadospuebla.com\\\/web2017\\\/wp-content\\\/uploads\\\/2025\\\/03\\\/cropped-para-perfil-8-anos-1-96x96.jpg\",\"caption\":\"Aliados17\"},\"sameAs\":[\"https:\\\/\\\/www.aliados17.com\",\"https:\\\/\\\/www.facebook.com\\\/Aliados17Pue\",\"https:\\\/\\\/x.com\\\/AliadosPuebla\"],\"url\":\"https:\\\/\\\/www.aliadospuebla.com\\\/?author=2\"}]}<\/script>\n<!-- \/ Yoast SEO plugin. -->","yoast_head_json":{"title":"Desde el Congreso del Estado, promueven Carnaval de San Agust\u00edn Tlaxco - AliadosPuebla","robots":{"index":"index","follow":"follow","max-snippet":"max-snippet:-1","max-image-preview":"max-image-preview:large","max-video-preview":"max-video-preview:-1"},"canonical":"https:\/\/www.aliadospuebla.com\/?p=111267","og_locale":"es_ES","og_type":"article","og_title":"Desde el Congreso del Estado, promueven Carnaval de San Agust\u00edn Tlaxco - AliadosPuebla","og_description":"Con la finalidad de promover la cultura y las tradiciones, en el Congreso del Estado se present\u00f3 el Carnaval de San Agust\u00edn Tlaxco, comunidad ubicada en el municipio de Acajete. La celebraci\u00f3n se llevar\u00e1 a cabo los d\u00edas 15, 16 y 17 de febrero, con la participaci\u00f3n de cuadrillas de la regi\u00f3n, en un ambiente familiar, donde se promueve la convivencia, el baile y las ra\u00edces. El presidente municipal de Acajete, Cristian Flores Flores, se\u00f1al\u00f3 que el carnaval genera una importante derrama econ\u00f3mica, pues asisten de 10 a 12 mil personas, en tres d\u00edas de fiesta, armon\u00eda y espect\u00e1culo.","og_url":"https:\/\/www.aliadospuebla.com\/?p=111267","og_site_name":"AliadosPuebla","article_author":"https:\/\/www.facebook.com\/Aliados17Pue","article_published_time":"2026-02-04T22:34:33+00:00","og_image":[{"width":600,"height":450,"url":"https:\/\/www.aliadospuebla.com\/web2017\/wp-content\/uploads\/2026\/02\/24.jpg","type":"image\/jpeg"}],"author":"Aliados17","twitter_card":"summary_large_image","twitter_creator":"@AliadosPuebla","twitter_misc":{"Escrito por":"Aliados17","Tiempo de lectura":"1 minuto"},"schema":{"@context":"https:\/\/schema.org","@graph":[{"@type":"Article","@id":"https:\/\/www.aliadospuebla.com\/?p=111267#article","isPartOf":{"@id":"https:\/\/www.aliadospuebla.com\/?p=111267"},"author":{"name":"Aliados17","@id":"https:\/\/www.aliadospuebla.com\/#\/schema\/person\/5da7dd09320bd4f392b710017ed5f8ad"},"headline":"Desde el Congreso del Estado, promueven Carnaval de San Agust\u00edn Tlaxco","datePublished":"2026-02-04T22:34:33+00:00","mainEntityOfPage":{"@id":"https:\/\/www.aliadospuebla.com\/?p=111267"},"wordCount":117,"commentCount":0,"image":{"@id":"https:\/\/www.aliadospuebla.com\/?p=111267#primaryimage"},"thumbnailUrl":"https:\/\/www.aliadospuebla.com\/web2017\/wp-content\/uploads\/2026\/02\/24.jpg","keywords":["ACAJETE","Carnaval de San Agust\u00edn Tlaxco","Congreso del Estado","CRISTIAN FLORES FLORES","CUADRILLAS"],"articleSection":["Pol\u00edtica"],"inLanguage":"es","potentialAction":[{"@type":"CommentAction","name":"Comment","target":["https:\/\/www.aliadospuebla.com\/?p=111267#respond"]}]},{"@type":"WebPage","@id":"https:\/\/www.aliadospuebla.com\/?p=111267","url":"https:\/\/www.aliadospuebla.com\/?p=111267","name":"Desde el Congreso del Estado, promueven Carnaval de San Agust\u00edn Tlaxco - AliadosPuebla","isPartOf":{"@id":"https:\/\/www.aliadospuebla.com\/#website"},"primaryImageOfPage":{"@id":"https:\/\/www.aliadospuebla.com\/?p=111267#primaryimage"},"image":{"@id":"https:\/\/www.aliadospuebla.com\/?p=111267#primaryimage"},"thumbnailUrl":"https:\/\/www.aliadospuebla.com\/web2017\/wp-content\/uploads\/2026\/02\/24.jpg","datePublished":"2026-02-04T22:34:33+00:00","author":{"@id":"https:\/\/www.aliadospuebla.com\/#\/schema\/person\/5da7dd09320bd4f392b710017ed5f8ad"},"breadcrumb":{"@id":"https:\/\/www.aliadospuebla.com\/?p=111267#breadcrumb"},"inLanguage":"es","potentialAction":[{"@type":"ReadAction","target":["https:\/\/www.aliadospuebla.com\/?p=111267"]}]},{"@type":"ImageObject","inLanguage":"es","@id":"https:\/\/www.aliadospuebla.com\/?p=111267#primaryimage","url":"https:\/\/www.aliadospuebla.com\/web2017\/wp-content\/uploads\/2026\/02\/24.jpg","contentUrl":"https:\/\/www.aliadospuebla.com\/web2017\/wp-content\/uploads\/2026\/02\/24.jpg","width":600,"height":450},{"@type":"BreadcrumbList","@id":"https:\/\/www.aliadospuebla.com\/?p=111267#breadcrumb","itemListElement":[{"@type":"ListItem","position":1,"name":"Portada","item":"https:\/\/www.aliadospuebla.com\/"},{"@type":"ListItem","position":2,"name":"Desde el Congreso del Estado, promueven Carnaval de San Agust\u00edn Tlaxco"}]},{"@type":"WebSite","@id":"https:\/\/www.aliadospuebla.com\/#website","url":"https:\/\/www.aliadospuebla.com\/","name":"AliadosPuebla","description":"La informaci\u00f3n en tus manos","potentialAction":[{"@type":"SearchAction","target":{"@type":"EntryPoint","urlTemplate":"https:\/\/www.aliadospuebla.com\/?s={search_term_string}"},"query-input":{"@type":"PropertyValueSpecification","valueRequired":true,"valueName":"search_term_string"}}],"inLanguage":"es"},{"@type":"Person","@id":"https:\/\/www.aliadospuebla.com\/#\/schema\/person\/5da7dd09320bd4f392b710017ed5f8ad","name":"Aliados17","image":{"@type":"ImageObject","inLanguage":"es","@id":"https:\/\/www.aliadospuebla.com\/web2017\/wp-content\/uploads\/2025\/03\/cropped-para-perfil-8-anos-1-96x96.jpg","url":"https:\/\/www.aliadospuebla.com\/web2017\/wp-content\/uploads\/2025\/03\/cropped-para-perfil-8-anos-1-96x96.jpg","contentUrl":"https:\/\/www.aliadospuebla.com\/web2017\/wp-content\/uploads\/2025\/03\/cropped-para-perfil-8-anos-1-96x96.jpg","caption":"Aliados17"},"sameAs":["https:\/\/www.aliados17.com","https:\/\/www.facebook.com\/Aliados17Pue","https:\/\/x.com\/AliadosPuebla"],"url":"https:\/\/www.aliadospuebla.com\/?author=2"}]}},"views":20,"_links":{"self":[{"href":"https:\/\/www.aliadospuebla.com\/index.php?rest_route=\/wp\/v2\/posts\/111267","targetHints":{"allow":["GET"]}}],"collection":[{"href":"https:\/\/www.aliadospuebla.com\/index.php?rest_route=\/wp\/v2\/posts"}],"about":[{"href":"https:\/\/www.aliadospuebla.com\/index.php?rest_route=\/wp\/v2\/types\/post"}],"author":[{"embeddable":true,"href":"https:\/\/www.aliadospuebla.com\/index.php?rest_route=\/wp\/v2\/users\/2"}],"replies":[{"embeddable":true,"href":"https:\/\/www.aliadospuebla.com\/index.php?rest_route=%2Fwp%2Fv2%2Fcomments&post=111267"}],"version-history":[{"count":1,"href":"https:\/\/www.aliadospuebla.com\/index.php?rest_route=\/wp\/v2\/posts\/111267\/revisions"}],"predecessor-version":[{"id":111269,"href":"https:\/\/www.aliadospuebla.com\/index.php?rest_route=\/wp\/v2\/posts\/111267\/revisions\/111269"}],"wp:featuredmedia":[{"embeddable":true,"href":"https:\/\/www.aliadospuebla.com\/index.php?rest_route=\/wp\/v2\/media\/111268"}],"wp:attachment":[{"href":"https:\/\/www.aliadospuebla.com\/index.php?rest_route=%2Fwp%2Fv2%2Fmedia&parent=111267"}],"wp:term":[{"taxonomy":"category","embeddable":true,"href":"https:\/\/www.aliadospuebla.com\/index.php?rest_route=%2Fwp%2Fv2%2Fcategories&post=111267"},{"taxonomy":"post_tag","embeddable":true,"href":"https:\/\/www.aliadospuebla.com\/index.php?rest_route=%2Fwp%2Fv2%2Ftags&post=111267"}],"curies":[{"name":"wp","href":"https:\/\/api.w.org\/{rel}","templated":true}]}}