{"id":111074,"date":"2026-01-20T10:23:34","date_gmt":"2026-01-20T16:23:34","guid":{"rendered":"https:\/\/www.aliadospuebla.com\/?p=111074"},"modified":"2026-01-23T10:32:47","modified_gmt":"2026-01-23T16:32:47","slug":"el-presidente-municipal-de-tecamachalco-mateo-hernandez-acudio-a-la-entrega-de-5-tractores-nuevos-a-productores-de-la-microregion-10","status":"publish","type":"post","link":"https:\/\/www.aliadospuebla.com\/?p=111074","title":{"rendered":"El Presidente Municipal de Tecamachalco, Mateo Hern\u00e1ndez, acudi\u00f3 a la entrega de 5 tractores nuevos a productores de la microregi\u00f3n 10"},"content":{"rendered":"<h4>El acto cont\u00f3 con la presencia del Delegado de Agricultura, Gumercindo Morales, y del Delegado de Gobernaci\u00f3n, C\u00e9sar L\u00f3pez.<\/h4>\n<p>La entrega de estos tractores es resultado del apoyo brindado por el Gobernador Alejandro Armenta,<\/p>\n<p>quien ha demostrado su compromiso con el desarrollo del campo y el bienestar<\/p>\n<p>de las familias de la regi\u00f3n.<\/p>\n<p>El evento protocolario cont\u00f3 con la presencia de Presidentes Municipales<\/p>\n<p>de la Microregi\u00f3n, Ejidatarios y autoridades locales, quienes se reunieron para atestiguar este importante logro para la microregi\u00f3n 10.<\/p>\n<p>El Presidente Municipal, Mateo Hern\u00e1ndez, destac\u00f3 la importancia de este apoyo para mejorar la producci\u00f3n agr\u00edcola en la microregi\u00f3n 10 y agradeci\u00f3 al Gobernador Armenta por su visi\u00f3n y compromiso con Tecamachalco.<\/p>\n","protected":false},"excerpt":{"rendered":"<p>El acto cont\u00f3 con la presencia del Delegado de Agricultura, Gumercindo Morales, y del Delegado de Gobernaci\u00f3n, C\u00e9sar L\u00f3pez. La entrega de estos tractores es resultado del apoyo brindado por el Gobernador Alejandro Armenta, quien ha demostrado su compromiso con el desarrollo del campo y el bienestar de las familias de la regi\u00f3n. El evento protocolario cont\u00f3 con la presencia de Presidentes Municipales de la Microregi\u00f3n, Ejidatarios y autoridades locales, quienes se reunieron para atestiguar este importante logro para la microregi\u00f3n 10. El Presidente Municipal, Mateo Hern\u00e1ndez, destac\u00f3 la importancia de este apoyo para mejorar la producci\u00f3n agr\u00edcola en la microregi\u00f3n 10 y agradeci\u00f3 al Gobernador Armenta por su visi\u00f3n y compromiso con Tecamachalco.<\/p>\n","protected":false},"author":2,"featured_media":111075,"comment_status":"open","ping_status":"open","sticky":false,"template":"","format":"standard","meta":{"_monsterinsights_skip_tracking":false,"footnotes":""},"categories":[4],"tags":[4780,25975,32153,179,129,32154],"class_list":["post-111074","post","type-post","status-publish","format-standard","has-post-thumbnail","hentry","category-municipios","tag-alejandro-armenta","tag-mateo-hernandez","tag-microregion-10","tag-productores","tag-tecamachalco","tag-tractores-nuevos"],"yoast_head":"<!-- This site is optimized with the Yoast SEO plugin v28.4 - https:\/\/yoast.com\/product\/yoast-seo-wordpress\/ -->\n<title>El Presidente Municipal de Tecamachalco, Mateo Hern\u00e1ndez, acudi\u00f3 a la entrega de 5 tractores nuevos a productores de la microregi\u00f3n 10 - AliadosPuebla<\/title>\n<meta name=\"robots\" content=\"index, follow, max-snippet:-1, max-image-preview:large, max-video-preview:-1\" \/>\n<link rel=\"canonical\" href=\"https:\/\/www.aliadospuebla.com\/?p=111074\" \/>\n<meta property=\"og:locale\" content=\"es_ES\" \/>\n<meta property=\"og:type\" content=\"article\" \/>\n<meta property=\"og:title\" content=\"El Presidente Municipal de Tecamachalco, Mateo Hern\u00e1ndez, acudi\u00f3 a la entrega de 5 tractores nuevos a productores de la microregi\u00f3n 10 - AliadosPuebla\" \/>\n<meta property=\"og:description\" content=\"El acto cont\u00f3 con la presencia del Delegado de Agricultura, Gumercindo Morales, y del Delegado de Gobernaci\u00f3n, C\u00e9sar L\u00f3pez. La entrega de estos tractores es resultado del apoyo brindado por el Gobernador Alejandro Armenta, quien ha demostrado su compromiso con el desarrollo del campo y el bienestar de las familias de la regi\u00f3n. El evento protocolario cont\u00f3 con la presencia de Presidentes Municipales de la Microregi\u00f3n, Ejidatarios y autoridades locales, quienes se reunieron para atestiguar este importante logro para la microregi\u00f3n 10. El Presidente Municipal, Mateo Hern\u00e1ndez, destac\u00f3 la importancia de este apoyo para mejorar la producci\u00f3n agr\u00edcola en la microregi\u00f3n 10 y agradeci\u00f3 al Gobernador Armenta por su visi\u00f3n y compromiso con Tecamachalco.\" \/>\n<meta property=\"og:url\" content=\"https:\/\/www.aliadospuebla.com\/?p=111074\" \/>\n<meta property=\"og:site_name\" content=\"AliadosPuebla\" \/>\n<meta property=\"article:author\" content=\"https:\/\/www.facebook.com\/Aliados17Pue\" \/>\n<meta property=\"article:published_time\" content=\"2026-01-20T16:23:34+00:00\" \/>\n<meta property=\"article:modified_time\" content=\"2026-01-23T16:32:47+00:00\" \/>\n<meta property=\"og:image\" content=\"https:\/\/www.aliadospuebla.com\/web2017\/wp-content\/uploads\/2026\/01\/134.jpg\" \/>\n\t<meta property=\"og:image:width\" content=\"600\" \/>\n\t<meta property=\"og:image:height\" content=\"450\" \/>\n\t<meta property=\"og:image:type\" content=\"image\/jpeg\" \/>\n<meta name=\"author\" content=\"Aliados17\" \/>\n<meta name=\"twitter:card\" content=\"summary_large_image\" \/>\n<meta name=\"twitter:creator\" content=\"@AliadosPuebla\" \/>\n<meta name=\"twitter:label1\" content=\"Escrito por\" \/>\n\t<meta name=\"twitter:data1\" content=\"Aliados17\" \/>\n\t<meta name=\"twitter:label2\" content=\"Tiempo de lectura\" \/>\n\t<meta name=\"twitter:data2\" content=\"1 minuto\" \/>\n<script type=\"application\/ld+json\" class=\"yoast-schema-graph\">{\"@context\":\"https:\\\/\\\/schema.org\",\"@graph\":[{\"@type\":\"Article\",\"@id\":\"https:\\\/\\\/www.aliadospuebla.com\\\/?p=111074#article\",\"isPartOf\":{\"@id\":\"https:\\\/\\\/www.aliadospuebla.com\\\/?p=111074\"},\"author\":{\"name\":\"Aliados17\",\"@id\":\"https:\\\/\\\/www.aliadospuebla.com\\\/#\\\/schema\\\/person\\\/5da7dd09320bd4f392b710017ed5f8ad\"},\"headline\":\"El Presidente Municipal de Tecamachalco, Mateo Hern\u00e1ndez, acudi\u00f3 a la entrega de 5 tractores nuevos a productores de la microregi\u00f3n 10\",\"datePublished\":\"2026-01-20T16:23:34+00:00\",\"dateModified\":\"2026-01-23T16:32:47+00:00\",\"mainEntityOfPage\":{\"@id\":\"https:\\\/\\\/www.aliadospuebla.com\\\/?p=111074\"},\"wordCount\":144,\"commentCount\":0,\"image\":{\"@id\":\"https:\\\/\\\/www.aliadospuebla.com\\\/?p=111074#primaryimage\"},\"thumbnailUrl\":\"https:\\\/\\\/www.aliadospuebla.com\\\/web2017\\\/wp-content\\\/uploads\\\/2026\\\/01\\\/134.jpg\",\"keywords\":[\"ALEJANDRO ARMENTA\",\"Mateo Hern\u00e1ndez\",\"microregi\u00f3n 10\",\"productores\",\"Tecamachalco\",\"tractores nuevos\"],\"articleSection\":[\"Municipios\"],\"inLanguage\":\"es\",\"potentialAction\":[{\"@type\":\"CommentAction\",\"name\":\"Comment\",\"target\":[\"https:\\\/\\\/www.aliadospuebla.com\\\/?p=111074#respond\"]}]},{\"@type\":\"WebPage\",\"@id\":\"https:\\\/\\\/www.aliadospuebla.com\\\/?p=111074\",\"url\":\"https:\\\/\\\/www.aliadospuebla.com\\\/?p=111074\",\"name\":\"El Presidente Municipal de Tecamachalco, Mateo Hern\u00e1ndez, acudi\u00f3 a la entrega de 5 tractores nuevos a productores de la microregi\u00f3n 10 - AliadosPuebla\",\"isPartOf\":{\"@id\":\"https:\\\/\\\/www.aliadospuebla.com\\\/#website\"},\"primaryImageOfPage\":{\"@id\":\"https:\\\/\\\/www.aliadospuebla.com\\\/?p=111074#primaryimage\"},\"image\":{\"@id\":\"https:\\\/\\\/www.aliadospuebla.com\\\/?p=111074#primaryimage\"},\"thumbnailUrl\":\"https:\\\/\\\/www.aliadospuebla.com\\\/web2017\\\/wp-content\\\/uploads\\\/2026\\\/01\\\/134.jpg\",\"datePublished\":\"2026-01-20T16:23:34+00:00\",\"dateModified\":\"2026-01-23T16:32:47+00:00\",\"author\":{\"@id\":\"https:\\\/\\\/www.aliadospuebla.com\\\/#\\\/schema\\\/person\\\/5da7dd09320bd4f392b710017ed5f8ad\"},\"breadcrumb\":{\"@id\":\"https:\\\/\\\/www.aliadospuebla.com\\\/?p=111074#breadcrumb\"},\"inLanguage\":\"es\",\"potentialAction\":[{\"@type\":\"ReadAction\",\"target\":[\"https:\\\/\\\/www.aliadospuebla.com\\\/?p=111074\"]}]},{\"@type\":\"ImageObject\",\"inLanguage\":\"es\",\"@id\":\"https:\\\/\\\/www.aliadospuebla.com\\\/?p=111074#primaryimage\",\"url\":\"https:\\\/\\\/www.aliadospuebla.com\\\/web2017\\\/wp-content\\\/uploads\\\/2026\\\/01\\\/134.jpg\",\"contentUrl\":\"https:\\\/\\\/www.aliadospuebla.com\\\/web2017\\\/wp-content\\\/uploads\\\/2026\\\/01\\\/134.jpg\",\"width\":600,\"height\":450},{\"@type\":\"BreadcrumbList\",\"@id\":\"https:\\\/\\\/www.aliadospuebla.com\\\/?p=111074#breadcrumb\",\"itemListElement\":[{\"@type\":\"ListItem\",\"position\":1,\"name\":\"Portada\",\"item\":\"https:\\\/\\\/www.aliadospuebla.com\\\/\"},{\"@type\":\"ListItem\",\"position\":2,\"name\":\"El Presidente Municipal de Tecamachalco, Mateo Hern\u00e1ndez, acudi\u00f3 a la entrega de 5 tractores nuevos a productores de la microregi\u00f3n 10\"}]},{\"@type\":\"WebSite\",\"@id\":\"https:\\\/\\\/www.aliadospuebla.com\\\/#website\",\"url\":\"https:\\\/\\\/www.aliadospuebla.com\\\/\",\"name\":\"AliadosPuebla\",\"description\":\"La informaci\u00f3n en tus manos\",\"potentialAction\":[{\"@type\":\"SearchAction\",\"target\":{\"@type\":\"EntryPoint\",\"urlTemplate\":\"https:\\\/\\\/www.aliadospuebla.com\\\/?s={search_term_string}\"},\"query-input\":{\"@type\":\"PropertyValueSpecification\",\"valueRequired\":true,\"valueName\":\"search_term_string\"}}],\"inLanguage\":\"es\"},{\"@type\":\"Person\",\"@id\":\"https:\\\/\\\/www.aliadospuebla.com\\\/#\\\/schema\\\/person\\\/5da7dd09320bd4f392b710017ed5f8ad\",\"name\":\"Aliados17\",\"image\":{\"@type\":\"ImageObject\",\"inLanguage\":\"es\",\"@id\":\"https:\\\/\\\/www.aliadospuebla.com\\\/web2017\\\/wp-content\\\/uploads\\\/2025\\\/03\\\/cropped-para-perfil-8-anos-1-96x96.jpg\",\"url\":\"https:\\\/\\\/www.aliadospuebla.com\\\/web2017\\\/wp-content\\\/uploads\\\/2025\\\/03\\\/cropped-para-perfil-8-anos-1-96x96.jpg\",\"contentUrl\":\"https:\\\/\\\/www.aliadospuebla.com\\\/web2017\\\/wp-content\\\/uploads\\\/2025\\\/03\\\/cropped-para-perfil-8-anos-1-96x96.jpg\",\"caption\":\"Aliados17\"},\"sameAs\":[\"https:\\\/\\\/www.aliados17.com\",\"https:\\\/\\\/www.facebook.com\\\/Aliados17Pue\",\"https:\\\/\\\/x.com\\\/AliadosPuebla\"],\"url\":\"https:\\\/\\\/www.aliadospuebla.com\\\/?author=2\"}]}<\/script>\n<!-- \/ Yoast SEO plugin. -->","yoast_head_json":{"title":"El Presidente Municipal de Tecamachalco, Mateo Hern\u00e1ndez, acudi\u00f3 a la entrega de 5 tractores nuevos a productores de la microregi\u00f3n 10 - AliadosPuebla","robots":{"index":"index","follow":"follow","max-snippet":"max-snippet:-1","max-image-preview":"max-image-preview:large","max-video-preview":"max-video-preview:-1"},"canonical":"https:\/\/www.aliadospuebla.com\/?p=111074","og_locale":"es_ES","og_type":"article","og_title":"El Presidente Municipal de Tecamachalco, Mateo Hern\u00e1ndez, acudi\u00f3 a la entrega de 5 tractores nuevos a productores de la microregi\u00f3n 10 - AliadosPuebla","og_description":"El acto cont\u00f3 con la presencia del Delegado de Agricultura, Gumercindo Morales, y del Delegado de Gobernaci\u00f3n, C\u00e9sar L\u00f3pez. La entrega de estos tractores es resultado del apoyo brindado por el Gobernador Alejandro Armenta, quien ha demostrado su compromiso con el desarrollo del campo y el bienestar de las familias de la regi\u00f3n. El evento protocolario cont\u00f3 con la presencia de Presidentes Municipales de la Microregi\u00f3n, Ejidatarios y autoridades locales, quienes se reunieron para atestiguar este importante logro para la microregi\u00f3n 10. El Presidente Municipal, Mateo Hern\u00e1ndez, destac\u00f3 la importancia de este apoyo para mejorar la producci\u00f3n agr\u00edcola en la microregi\u00f3n 10 y agradeci\u00f3 al Gobernador Armenta por su visi\u00f3n y compromiso con Tecamachalco.","og_url":"https:\/\/www.aliadospuebla.com\/?p=111074","og_site_name":"AliadosPuebla","article_author":"https:\/\/www.facebook.com\/Aliados17Pue","article_published_time":"2026-01-20T16:23:34+00:00","article_modified_time":"2026-01-23T16:32:47+00:00","og_image":[{"width":600,"height":450,"url":"https:\/\/www.aliadospuebla.com\/web2017\/wp-content\/uploads\/2026\/01\/134.jpg","type":"image\/jpeg"}],"author":"Aliados17","twitter_card":"summary_large_image","twitter_creator":"@AliadosPuebla","twitter_misc":{"Escrito por":"Aliados17","Tiempo de lectura":"1 minuto"},"schema":{"@context":"https:\/\/schema.org","@graph":[{"@type":"Article","@id":"https:\/\/www.aliadospuebla.com\/?p=111074#article","isPartOf":{"@id":"https:\/\/www.aliadospuebla.com\/?p=111074"},"author":{"name":"Aliados17","@id":"https:\/\/www.aliadospuebla.com\/#\/schema\/person\/5da7dd09320bd4f392b710017ed5f8ad"},"headline":"El Presidente Municipal de Tecamachalco, Mateo Hern\u00e1ndez, acudi\u00f3 a la entrega de 5 tractores nuevos a productores de la microregi\u00f3n 10","datePublished":"2026-01-20T16:23:34+00:00","dateModified":"2026-01-23T16:32:47+00:00","mainEntityOfPage":{"@id":"https:\/\/www.aliadospuebla.com\/?p=111074"},"wordCount":144,"commentCount":0,"image":{"@id":"https:\/\/www.aliadospuebla.com\/?p=111074#primaryimage"},"thumbnailUrl":"https:\/\/www.aliadospuebla.com\/web2017\/wp-content\/uploads\/2026\/01\/134.jpg","keywords":["ALEJANDRO ARMENTA","Mateo Hern\u00e1ndez","microregi\u00f3n 10","productores","Tecamachalco","tractores nuevos"],"articleSection":["Municipios"],"inLanguage":"es","potentialAction":[{"@type":"CommentAction","name":"Comment","target":["https:\/\/www.aliadospuebla.com\/?p=111074#respond"]}]},{"@type":"WebPage","@id":"https:\/\/www.aliadospuebla.com\/?p=111074","url":"https:\/\/www.aliadospuebla.com\/?p=111074","name":"El Presidente Municipal de Tecamachalco, Mateo Hern\u00e1ndez, acudi\u00f3 a la entrega de 5 tractores nuevos a productores de la microregi\u00f3n 10 - AliadosPuebla","isPartOf":{"@id":"https:\/\/www.aliadospuebla.com\/#website"},"primaryImageOfPage":{"@id":"https:\/\/www.aliadospuebla.com\/?p=111074#primaryimage"},"image":{"@id":"https:\/\/www.aliadospuebla.com\/?p=111074#primaryimage"},"thumbnailUrl":"https:\/\/www.aliadospuebla.com\/web2017\/wp-content\/uploads\/2026\/01\/134.jpg","datePublished":"2026-01-20T16:23:34+00:00","dateModified":"2026-01-23T16:32:47+00:00","author":{"@id":"https:\/\/www.aliadospuebla.com\/#\/schema\/person\/5da7dd09320bd4f392b710017ed5f8ad"},"breadcrumb":{"@id":"https:\/\/www.aliadospuebla.com\/?p=111074#breadcrumb"},"inLanguage":"es","potentialAction":[{"@type":"ReadAction","target":["https:\/\/www.aliadospuebla.com\/?p=111074"]}]},{"@type":"ImageObject","inLanguage":"es","@id":"https:\/\/www.aliadospuebla.com\/?p=111074#primaryimage","url":"https:\/\/www.aliadospuebla.com\/web2017\/wp-content\/uploads\/2026\/01\/134.jpg","contentUrl":"https:\/\/www.aliadospuebla.com\/web2017\/wp-content\/uploads\/2026\/01\/134.jpg","width":600,"height":450},{"@type":"BreadcrumbList","@id":"https:\/\/www.aliadospuebla.com\/?p=111074#breadcrumb","itemListElement":[{"@type":"ListItem","position":1,"name":"Portada","item":"https:\/\/www.aliadospuebla.com\/"},{"@type":"ListItem","position":2,"name":"El Presidente Municipal de Tecamachalco, Mateo Hern\u00e1ndez, acudi\u00f3 a la entrega de 5 tractores nuevos a productores de la microregi\u00f3n 10"}]},{"@type":"WebSite","@id":"https:\/\/www.aliadospuebla.com\/#website","url":"https:\/\/www.aliadospuebla.com\/","name":"AliadosPuebla","description":"La informaci\u00f3n en tus manos","potentialAction":[{"@type":"SearchAction","target":{"@type":"EntryPoint","urlTemplate":"https:\/\/www.aliadospuebla.com\/?s={search_term_string}"},"query-input":{"@type":"PropertyValueSpecification","valueRequired":true,"valueName":"search_term_string"}}],"inLanguage":"es"},{"@type":"Person","@id":"https:\/\/www.aliadospuebla.com\/#\/schema\/person\/5da7dd09320bd4f392b710017ed5f8ad","name":"Aliados17","image":{"@type":"ImageObject","inLanguage":"es","@id":"https:\/\/www.aliadospuebla.com\/web2017\/wp-content\/uploads\/2025\/03\/cropped-para-perfil-8-anos-1-96x96.jpg","url":"https:\/\/www.aliadospuebla.com\/web2017\/wp-content\/uploads\/2025\/03\/cropped-para-perfil-8-anos-1-96x96.jpg","contentUrl":"https:\/\/www.aliadospuebla.com\/web2017\/wp-content\/uploads\/2025\/03\/cropped-para-perfil-8-anos-1-96x96.jpg","caption":"Aliados17"},"sameAs":["https:\/\/www.aliados17.com","https:\/\/www.facebook.com\/Aliados17Pue","https:\/\/x.com\/AliadosPuebla"],"url":"https:\/\/www.aliadospuebla.com\/?author=2"}]}},"views":8,"_links":{"self":[{"href":"https:\/\/www.aliadospuebla.com\/index.php?rest_route=\/wp\/v2\/posts\/111074","targetHints":{"allow":["GET"]}}],"collection":[{"href":"https:\/\/www.aliadospuebla.com\/index.php?rest_route=\/wp\/v2\/posts"}],"about":[{"href":"https:\/\/www.aliadospuebla.com\/index.php?rest_route=\/wp\/v2\/types\/post"}],"author":[{"embeddable":true,"href":"https:\/\/www.aliadospuebla.com\/index.php?rest_route=\/wp\/v2\/users\/2"}],"replies":[{"embeddable":true,"href":"https:\/\/www.aliadospuebla.com\/index.php?rest_route=%2Fwp%2Fv2%2Fcomments&post=111074"}],"version-history":[{"count":1,"href":"https:\/\/www.aliadospuebla.com\/index.php?rest_route=\/wp\/v2\/posts\/111074\/revisions"}],"predecessor-version":[{"id":111076,"href":"https:\/\/www.aliadospuebla.com\/index.php?rest_route=\/wp\/v2\/posts\/111074\/revisions\/111076"}],"wp:featuredmedia":[{"embeddable":true,"href":"https:\/\/www.aliadospuebla.com\/index.php?rest_route=\/wp\/v2\/media\/111075"}],"wp:attachment":[{"href":"https:\/\/www.aliadospuebla.com\/index.php?rest_route=%2Fwp%2Fv2%2Fmedia&parent=111074"}],"wp:term":[{"taxonomy":"category","embeddable":true,"href":"https:\/\/www.aliadospuebla.com\/index.php?rest_route=%2Fwp%2Fv2%2Fcategories&post=111074"},{"taxonomy":"post_tag","embeddable":true,"href":"https:\/\/www.aliadospuebla.com\/index.php?rest_route=%2Fwp%2Fv2%2Ftags&post=111074"}],"curies":[{"name":"wp","href":"https:\/\/api.w.org\/{rel}","templated":true}]}}