{"id":110966,"date":"2026-01-18T11:52:32","date_gmt":"2026-01-18T17:52:32","guid":{"rendered":"https:\/\/www.aliadospuebla.com\/?p=110966"},"modified":"2026-01-18T11:52:32","modified_gmt":"2026-01-18T17:52:32","slug":"congreso-analiza-y-da-seguimiento-a-procesos-contra-reformas-al-codigo-penal-en-materia-de-ciberasedio","status":"publish","type":"post","link":"https:\/\/www.aliadospuebla.com\/?p=110966","title":{"rendered":"Congreso analiza y da seguimiento a procesos contra reformas al C\u00f3digo Penal en materia de ciberasedio"},"content":{"rendered":"<p>El presidente de la Junta de Gobierno y Coordinaci\u00f3n Pol\u00edtica del Congreso del Estado,<\/p>\n<p>Pavel Gaspar Ram\u00edrez, inform\u00f3 que el Poder Legislativo analiza y da seguimiento<\/p>\n<p>a los procesos en contra de las reformas al C\u00f3digo Penal en materia de ciberasedio<\/p>\n<p>y se dar\u00e1 una respuesta conforme a lo establecido en el marco legal.<\/p>\n<p>El legislador indic\u00f3 que la reciente sentencia fue emitida por un juez federal<\/p>\n<p>y protege a quien promovi\u00f3 el proceso, por ello, se realizar\u00e1 la revisi\u00f3n y atenci\u00f3n correspondiente.<\/p>\n<p>Pavel Gaspar record\u00f3 que el objetivo de las modificaciones fue proteger a las ni\u00f1as,<\/p>\n<p>ni\u00f1os y adolescentes en el entorno digital y se mantiene el estudio de las propuestas para fortalecer el marco normativo.<\/p>\n","protected":false},"excerpt":{"rendered":"<p>El presidente de la Junta de Gobierno y Coordinaci\u00f3n Pol\u00edtica del Congreso del Estado, Pavel Gaspar Ram\u00edrez, inform\u00f3 que el Poder Legislativo analiza y da seguimiento a los procesos en contra de las reformas al C\u00f3digo Penal en materia de ciberasedio y se dar\u00e1 una respuesta conforme a lo establecido en el marco legal. El legislador indic\u00f3 que la reciente sentencia fue emitida por un juez federal y protege a quien promovi\u00f3 el proceso, por ello, se realizar\u00e1 la revisi\u00f3n y atenci\u00f3n correspondiente. Pavel Gaspar record\u00f3 que el objetivo de las modificaciones fue proteger a las ni\u00f1as, ni\u00f1os y adolescentes en el entorno digital y se mantiene el estudio de las propuestas para fortalecer el marco normativo.<\/p>\n","protected":false},"author":2,"featured_media":110967,"comment_status":"open","ping_status":"open","sticky":false,"template":"","format":"standard","meta":{"_monsterinsights_skip_tracking":false,"footnotes":""},"categories":[6],"tags":[29683,27442,88,32094,24915],"class_list":["post-110966","post","type-post","status-publish","format-standard","has-post-thumbnail","hentry","category-politica","tag-ciberasedio","tag-codigo-penal","tag-congreso-del-estado","tag-entorno-digital","tag-pavel-gaspar-ramirez"],"yoast_head":"<!-- This site is optimized with the Yoast SEO plugin v28.4 - https:\/\/yoast.com\/product\/yoast-seo-wordpress\/ -->\n<title>Congreso analiza y da seguimiento a procesos contra reformas al C\u00f3digo Penal en materia de ciberasedio - AliadosPuebla<\/title>\n<meta name=\"robots\" content=\"index, follow, max-snippet:-1, max-image-preview:large, max-video-preview:-1\" \/>\n<link rel=\"canonical\" href=\"https:\/\/www.aliadospuebla.com\/?p=110966\" \/>\n<meta property=\"og:locale\" content=\"es_ES\" \/>\n<meta property=\"og:type\" content=\"article\" \/>\n<meta property=\"og:title\" content=\"Congreso analiza y da seguimiento a procesos contra reformas al C\u00f3digo Penal en materia de ciberasedio - AliadosPuebla\" \/>\n<meta property=\"og:description\" content=\"El presidente de la Junta de Gobierno y Coordinaci\u00f3n Pol\u00edtica del Congreso del Estado, Pavel Gaspar Ram\u00edrez, inform\u00f3 que el Poder Legislativo analiza y da seguimiento a los procesos en contra de las reformas al C\u00f3digo Penal en materia de ciberasedio y se dar\u00e1 una respuesta conforme a lo establecido en el marco legal. El legislador indic\u00f3 que la reciente sentencia fue emitida por un juez federal y protege a quien promovi\u00f3 el proceso, por ello, se realizar\u00e1 la revisi\u00f3n y atenci\u00f3n correspondiente. Pavel Gaspar record\u00f3 que el objetivo de las modificaciones fue proteger a las ni\u00f1as, ni\u00f1os y adolescentes en el entorno digital y se mantiene el estudio de las propuestas para fortalecer el marco normativo.\" \/>\n<meta property=\"og:url\" content=\"https:\/\/www.aliadospuebla.com\/?p=110966\" \/>\n<meta property=\"og:site_name\" content=\"AliadosPuebla\" \/>\n<meta property=\"article:author\" content=\"https:\/\/www.facebook.com\/Aliados17Pue\" \/>\n<meta property=\"article:published_time\" content=\"2026-01-18T17:52:32+00:00\" \/>\n<meta property=\"og:image\" content=\"https:\/\/www.aliadospuebla.com\/web2017\/wp-content\/uploads\/2026\/01\/101.jpg\" \/>\n\t<meta property=\"og:image:width\" content=\"600\" \/>\n\t<meta property=\"og:image:height\" content=\"450\" \/>\n\t<meta property=\"og:image:type\" content=\"image\/jpeg\" \/>\n<meta name=\"author\" content=\"Aliados17\" \/>\n<meta name=\"twitter:card\" content=\"summary_large_image\" \/>\n<meta name=\"twitter:creator\" content=\"@AliadosPuebla\" \/>\n<meta name=\"twitter:label1\" content=\"Escrito por\" \/>\n\t<meta name=\"twitter:data1\" content=\"Aliados17\" \/>\n\t<meta name=\"twitter:label2\" content=\"Tiempo de lectura\" \/>\n\t<meta name=\"twitter:data2\" content=\"1 minuto\" \/>\n<script type=\"application\/ld+json\" class=\"yoast-schema-graph\">{\"@context\":\"https:\\\/\\\/schema.org\",\"@graph\":[{\"@type\":\"Article\",\"@id\":\"https:\\\/\\\/www.aliadospuebla.com\\\/?p=110966#article\",\"isPartOf\":{\"@id\":\"https:\\\/\\\/www.aliadospuebla.com\\\/?p=110966\"},\"author\":{\"name\":\"Aliados17\",\"@id\":\"https:\\\/\\\/www.aliadospuebla.com\\\/#\\\/schema\\\/person\\\/5da7dd09320bd4f392b710017ed5f8ad\"},\"headline\":\"Congreso analiza y da seguimiento a procesos contra reformas al C\u00f3digo Penal en materia de ciberasedio\",\"datePublished\":\"2026-01-18T17:52:32+00:00\",\"mainEntityOfPage\":{\"@id\":\"https:\\\/\\\/www.aliadospuebla.com\\\/?p=110966\"},\"wordCount\":142,\"commentCount\":0,\"image\":{\"@id\":\"https:\\\/\\\/www.aliadospuebla.com\\\/?p=110966#primaryimage\"},\"thumbnailUrl\":\"https:\\\/\\\/www.aliadospuebla.com\\\/web2017\\\/wp-content\\\/uploads\\\/2026\\\/01\\\/101.jpg\",\"keywords\":[\"ciberasedio\",\"C\u00f3digo Penal\",\"Congreso del Estado\",\"entorno digital\",\"P\u00e1vel Gaspar Ram\u00edrez\"],\"articleSection\":[\"Pol\u00edtica\"],\"inLanguage\":\"es\",\"potentialAction\":[{\"@type\":\"CommentAction\",\"name\":\"Comment\",\"target\":[\"https:\\\/\\\/www.aliadospuebla.com\\\/?p=110966#respond\"]}]},{\"@type\":\"WebPage\",\"@id\":\"https:\\\/\\\/www.aliadospuebla.com\\\/?p=110966\",\"url\":\"https:\\\/\\\/www.aliadospuebla.com\\\/?p=110966\",\"name\":\"Congreso analiza y da seguimiento a procesos contra reformas al C\u00f3digo Penal en materia de ciberasedio - AliadosPuebla\",\"isPartOf\":{\"@id\":\"https:\\\/\\\/www.aliadospuebla.com\\\/#website\"},\"primaryImageOfPage\":{\"@id\":\"https:\\\/\\\/www.aliadospuebla.com\\\/?p=110966#primaryimage\"},\"image\":{\"@id\":\"https:\\\/\\\/www.aliadospuebla.com\\\/?p=110966#primaryimage\"},\"thumbnailUrl\":\"https:\\\/\\\/www.aliadospuebla.com\\\/web2017\\\/wp-content\\\/uploads\\\/2026\\\/01\\\/101.jpg\",\"datePublished\":\"2026-01-18T17:52:32+00:00\",\"author\":{\"@id\":\"https:\\\/\\\/www.aliadospuebla.com\\\/#\\\/schema\\\/person\\\/5da7dd09320bd4f392b710017ed5f8ad\"},\"breadcrumb\":{\"@id\":\"https:\\\/\\\/www.aliadospuebla.com\\\/?p=110966#breadcrumb\"},\"inLanguage\":\"es\",\"potentialAction\":[{\"@type\":\"ReadAction\",\"target\":[\"https:\\\/\\\/www.aliadospuebla.com\\\/?p=110966\"]}]},{\"@type\":\"ImageObject\",\"inLanguage\":\"es\",\"@id\":\"https:\\\/\\\/www.aliadospuebla.com\\\/?p=110966#primaryimage\",\"url\":\"https:\\\/\\\/www.aliadospuebla.com\\\/web2017\\\/wp-content\\\/uploads\\\/2026\\\/01\\\/101.jpg\",\"contentUrl\":\"https:\\\/\\\/www.aliadospuebla.com\\\/web2017\\\/wp-content\\\/uploads\\\/2026\\\/01\\\/101.jpg\",\"width\":600,\"height\":450},{\"@type\":\"BreadcrumbList\",\"@id\":\"https:\\\/\\\/www.aliadospuebla.com\\\/?p=110966#breadcrumb\",\"itemListElement\":[{\"@type\":\"ListItem\",\"position\":1,\"name\":\"Portada\",\"item\":\"https:\\\/\\\/www.aliadospuebla.com\\\/\"},{\"@type\":\"ListItem\",\"position\":2,\"name\":\"Congreso analiza y da seguimiento a procesos contra reformas al C\u00f3digo Penal en materia de ciberasedio\"}]},{\"@type\":\"WebSite\",\"@id\":\"https:\\\/\\\/www.aliadospuebla.com\\\/#website\",\"url\":\"https:\\\/\\\/www.aliadospuebla.com\\\/\",\"name\":\"AliadosPuebla\",\"description\":\"La informaci\u00f3n en tus manos\",\"potentialAction\":[{\"@type\":\"SearchAction\",\"target\":{\"@type\":\"EntryPoint\",\"urlTemplate\":\"https:\\\/\\\/www.aliadospuebla.com\\\/?s={search_term_string}\"},\"query-input\":{\"@type\":\"PropertyValueSpecification\",\"valueRequired\":true,\"valueName\":\"search_term_string\"}}],\"inLanguage\":\"es\"},{\"@type\":\"Person\",\"@id\":\"https:\\\/\\\/www.aliadospuebla.com\\\/#\\\/schema\\\/person\\\/5da7dd09320bd4f392b710017ed5f8ad\",\"name\":\"Aliados17\",\"image\":{\"@type\":\"ImageObject\",\"inLanguage\":\"es\",\"@id\":\"https:\\\/\\\/www.aliadospuebla.com\\\/web2017\\\/wp-content\\\/uploads\\\/2025\\\/03\\\/cropped-para-perfil-8-anos-1-96x96.jpg\",\"url\":\"https:\\\/\\\/www.aliadospuebla.com\\\/web2017\\\/wp-content\\\/uploads\\\/2025\\\/03\\\/cropped-para-perfil-8-anos-1-96x96.jpg\",\"contentUrl\":\"https:\\\/\\\/www.aliadospuebla.com\\\/web2017\\\/wp-content\\\/uploads\\\/2025\\\/03\\\/cropped-para-perfil-8-anos-1-96x96.jpg\",\"caption\":\"Aliados17\"},\"sameAs\":[\"https:\\\/\\\/www.aliados17.com\",\"https:\\\/\\\/www.facebook.com\\\/Aliados17Pue\",\"https:\\\/\\\/x.com\\\/AliadosPuebla\"],\"url\":\"https:\\\/\\\/www.aliadospuebla.com\\\/?author=2\"}]}<\/script>\n<!-- \/ Yoast SEO plugin. -->","yoast_head_json":{"title":"Congreso analiza y da seguimiento a procesos contra reformas al C\u00f3digo Penal en materia de ciberasedio - AliadosPuebla","robots":{"index":"index","follow":"follow","max-snippet":"max-snippet:-1","max-image-preview":"max-image-preview:large","max-video-preview":"max-video-preview:-1"},"canonical":"https:\/\/www.aliadospuebla.com\/?p=110966","og_locale":"es_ES","og_type":"article","og_title":"Congreso analiza y da seguimiento a procesos contra reformas al C\u00f3digo Penal en materia de ciberasedio - AliadosPuebla","og_description":"El presidente de la Junta de Gobierno y Coordinaci\u00f3n Pol\u00edtica del Congreso del Estado, Pavel Gaspar Ram\u00edrez, inform\u00f3 que el Poder Legislativo analiza y da seguimiento a los procesos en contra de las reformas al C\u00f3digo Penal en materia de ciberasedio y se dar\u00e1 una respuesta conforme a lo establecido en el marco legal. El legislador indic\u00f3 que la reciente sentencia fue emitida por un juez federal y protege a quien promovi\u00f3 el proceso, por ello, se realizar\u00e1 la revisi\u00f3n y atenci\u00f3n correspondiente. Pavel Gaspar record\u00f3 que el objetivo de las modificaciones fue proteger a las ni\u00f1as, ni\u00f1os y adolescentes en el entorno digital y se mantiene el estudio de las propuestas para fortalecer el marco normativo.","og_url":"https:\/\/www.aliadospuebla.com\/?p=110966","og_site_name":"AliadosPuebla","article_author":"https:\/\/www.facebook.com\/Aliados17Pue","article_published_time":"2026-01-18T17:52:32+00:00","og_image":[{"width":600,"height":450,"url":"https:\/\/www.aliadospuebla.com\/web2017\/wp-content\/uploads\/2026\/01\/101.jpg","type":"image\/jpeg"}],"author":"Aliados17","twitter_card":"summary_large_image","twitter_creator":"@AliadosPuebla","twitter_misc":{"Escrito por":"Aliados17","Tiempo de lectura":"1 minuto"},"schema":{"@context":"https:\/\/schema.org","@graph":[{"@type":"Article","@id":"https:\/\/www.aliadospuebla.com\/?p=110966#article","isPartOf":{"@id":"https:\/\/www.aliadospuebla.com\/?p=110966"},"author":{"name":"Aliados17","@id":"https:\/\/www.aliadospuebla.com\/#\/schema\/person\/5da7dd09320bd4f392b710017ed5f8ad"},"headline":"Congreso analiza y da seguimiento a procesos contra reformas al C\u00f3digo Penal en materia de ciberasedio","datePublished":"2026-01-18T17:52:32+00:00","mainEntityOfPage":{"@id":"https:\/\/www.aliadospuebla.com\/?p=110966"},"wordCount":142,"commentCount":0,"image":{"@id":"https:\/\/www.aliadospuebla.com\/?p=110966#primaryimage"},"thumbnailUrl":"https:\/\/www.aliadospuebla.com\/web2017\/wp-content\/uploads\/2026\/01\/101.jpg","keywords":["ciberasedio","C\u00f3digo Penal","Congreso del Estado","entorno digital","P\u00e1vel Gaspar Ram\u00edrez"],"articleSection":["Pol\u00edtica"],"inLanguage":"es","potentialAction":[{"@type":"CommentAction","name":"Comment","target":["https:\/\/www.aliadospuebla.com\/?p=110966#respond"]}]},{"@type":"WebPage","@id":"https:\/\/www.aliadospuebla.com\/?p=110966","url":"https:\/\/www.aliadospuebla.com\/?p=110966","name":"Congreso analiza y da seguimiento a procesos contra reformas al C\u00f3digo Penal en materia de ciberasedio - AliadosPuebla","isPartOf":{"@id":"https:\/\/www.aliadospuebla.com\/#website"},"primaryImageOfPage":{"@id":"https:\/\/www.aliadospuebla.com\/?p=110966#primaryimage"},"image":{"@id":"https:\/\/www.aliadospuebla.com\/?p=110966#primaryimage"},"thumbnailUrl":"https:\/\/www.aliadospuebla.com\/web2017\/wp-content\/uploads\/2026\/01\/101.jpg","datePublished":"2026-01-18T17:52:32+00:00","author":{"@id":"https:\/\/www.aliadospuebla.com\/#\/schema\/person\/5da7dd09320bd4f392b710017ed5f8ad"},"breadcrumb":{"@id":"https:\/\/www.aliadospuebla.com\/?p=110966#breadcrumb"},"inLanguage":"es","potentialAction":[{"@type":"ReadAction","target":["https:\/\/www.aliadospuebla.com\/?p=110966"]}]},{"@type":"ImageObject","inLanguage":"es","@id":"https:\/\/www.aliadospuebla.com\/?p=110966#primaryimage","url":"https:\/\/www.aliadospuebla.com\/web2017\/wp-content\/uploads\/2026\/01\/101.jpg","contentUrl":"https:\/\/www.aliadospuebla.com\/web2017\/wp-content\/uploads\/2026\/01\/101.jpg","width":600,"height":450},{"@type":"BreadcrumbList","@id":"https:\/\/www.aliadospuebla.com\/?p=110966#breadcrumb","itemListElement":[{"@type":"ListItem","position":1,"name":"Portada","item":"https:\/\/www.aliadospuebla.com\/"},{"@type":"ListItem","position":2,"name":"Congreso analiza y da seguimiento a procesos contra reformas al C\u00f3digo Penal en materia de ciberasedio"}]},{"@type":"WebSite","@id":"https:\/\/www.aliadospuebla.com\/#website","url":"https:\/\/www.aliadospuebla.com\/","name":"AliadosPuebla","description":"La informaci\u00f3n en tus manos","potentialAction":[{"@type":"SearchAction","target":{"@type":"EntryPoint","urlTemplate":"https:\/\/www.aliadospuebla.com\/?s={search_term_string}"},"query-input":{"@type":"PropertyValueSpecification","valueRequired":true,"valueName":"search_term_string"}}],"inLanguage":"es"},{"@type":"Person","@id":"https:\/\/www.aliadospuebla.com\/#\/schema\/person\/5da7dd09320bd4f392b710017ed5f8ad","name":"Aliados17","image":{"@type":"ImageObject","inLanguage":"es","@id":"https:\/\/www.aliadospuebla.com\/web2017\/wp-content\/uploads\/2025\/03\/cropped-para-perfil-8-anos-1-96x96.jpg","url":"https:\/\/www.aliadospuebla.com\/web2017\/wp-content\/uploads\/2025\/03\/cropped-para-perfil-8-anos-1-96x96.jpg","contentUrl":"https:\/\/www.aliadospuebla.com\/web2017\/wp-content\/uploads\/2025\/03\/cropped-para-perfil-8-anos-1-96x96.jpg","caption":"Aliados17"},"sameAs":["https:\/\/www.aliados17.com","https:\/\/www.facebook.com\/Aliados17Pue","https:\/\/x.com\/AliadosPuebla"],"url":"https:\/\/www.aliadospuebla.com\/?author=2"}]}},"views":29,"_links":{"self":[{"href":"https:\/\/www.aliadospuebla.com\/index.php?rest_route=\/wp\/v2\/posts\/110966","targetHints":{"allow":["GET"]}}],"collection":[{"href":"https:\/\/www.aliadospuebla.com\/index.php?rest_route=\/wp\/v2\/posts"}],"about":[{"href":"https:\/\/www.aliadospuebla.com\/index.php?rest_route=\/wp\/v2\/types\/post"}],"author":[{"embeddable":true,"href":"https:\/\/www.aliadospuebla.com\/index.php?rest_route=\/wp\/v2\/users\/2"}],"replies":[{"embeddable":true,"href":"https:\/\/www.aliadospuebla.com\/index.php?rest_route=%2Fwp%2Fv2%2Fcomments&post=110966"}],"version-history":[{"count":1,"href":"https:\/\/www.aliadospuebla.com\/index.php?rest_route=\/wp\/v2\/posts\/110966\/revisions"}],"predecessor-version":[{"id":110968,"href":"https:\/\/www.aliadospuebla.com\/index.php?rest_route=\/wp\/v2\/posts\/110966\/revisions\/110968"}],"wp:featuredmedia":[{"embeddable":true,"href":"https:\/\/www.aliadospuebla.com\/index.php?rest_route=\/wp\/v2\/media\/110967"}],"wp:attachment":[{"href":"https:\/\/www.aliadospuebla.com\/index.php?rest_route=%2Fwp%2Fv2%2Fmedia&parent=110966"}],"wp:term":[{"taxonomy":"category","embeddable":true,"href":"https:\/\/www.aliadospuebla.com\/index.php?rest_route=%2Fwp%2Fv2%2Fcategories&post=110966"},{"taxonomy":"post_tag","embeddable":true,"href":"https:\/\/www.aliadospuebla.com\/index.php?rest_route=%2Fwp%2Fv2%2Ftags&post=110966"}],"curies":[{"name":"wp","href":"https:\/\/api.w.org\/{rel}","templated":true}]}}