{"id":110901,"date":"2026-01-15T07:19:10","date_gmt":"2026-01-15T13:19:10","guid":{"rendered":"https:\/\/www.aliadospuebla.com\/?p=110901"},"modified":"2026-01-15T07:19:10","modified_gmt":"2026-01-15T13:19:10","slug":"lxii-legislatura-comprometida-con-la-ciudadania-y-visitar-sus-distritos-pavel-gaspar","status":"publish","type":"post","link":"https:\/\/www.aliadospuebla.com\/?p=110901","title":{"rendered":"LXII Legislatura, comprometida con la ciudadan\u00eda y visitar sus distritos: Pavel Gaspar"},"content":{"rendered":"<h4>El presidente de la Junta de Gobierno y Coordinaci\u00f3n Pol\u00edtica del Congreso del Estado, Pavel Gaspar Ram\u00edrez, reconoci\u00f3 el compromiso de las y los diputados de la LXII Legislatura para regresar a sus distritos, as\u00ed como escuchar y atender las demandas de la ciudadan\u00eda.<\/h4>\n<p>En rueda de prensa, el diputado destac\u00f3 que sus compa\u00f1eras y compa\u00f1eros han estado en territorio, en sus regiones y de cerca con la gente, con el prop\u00f3sito de dar seguimiento a temas de gesti\u00f3n y a las peticiones de las y los poblanos.<\/p>\n<p>&nbsp;<\/p>\n<p>\u201cCuando estamos en territorio, las demandas sociales de la comuna se plantean. Y nosotros desde el Congreso, a trav\u00e9s de foros, de los expertos, convocamos a la academia, convocamos a los diferentes sectores (\u2026) y eso lo transformamos en marcos jur\u00eddicos, en leyes que puedan servir\u201d, expuso.<\/p>\n<p>&nbsp;<\/p>\n<p>Pavel Gaspar mencion\u00f3 que uno de los cambios observados en sus recorridos es la mejora en la conectividad, pues con el impulso del titular del Ejecutivo se han construido y rehabilitado caminos y vialidades al interior del Estado, lo que facilita el acceso a las comunidades.<\/p>\n","protected":false},"excerpt":{"rendered":"<p>El presidente de la Junta de Gobierno y Coordinaci\u00f3n Pol\u00edtica del Congreso del Estado, Pavel Gaspar Ram\u00edrez, reconoci\u00f3 el compromiso de las y los diputados de la LXII Legislatura para regresar a sus distritos, as\u00ed como escuchar y atender las demandas de la ciudadan\u00eda. En rueda de prensa, el diputado destac\u00f3 que sus compa\u00f1eras y compa\u00f1eros han estado en territorio, en sus regiones y de cerca con la gente, con el prop\u00f3sito de dar seguimiento a temas de gesti\u00f3n y a las peticiones de las y los poblanos. &nbsp; \u201cCuando estamos en territorio, las demandas sociales de la comuna se plantean. Y nosotros desde el Congreso, a trav\u00e9s de foros, de los expertos, convocamos a la academia, convocamos a los diferentes sectores (\u2026) y eso&hellip;<\/p>\n<p class=\"excerpt-more\"><a class=\"blog-excerpt button\" href=\"https:\/\/www.aliadospuebla.com\/?p=110901\">Leer m\u00e1s&#8230;<\/a><\/p>\n","protected":false},"author":2,"featured_media":110902,"comment_status":"open","ping_status":"open","sticky":false,"template":"","format":"standard","meta":{"_monsterinsights_skip_tracking":false,"footnotes":""},"categories":[6],"tags":[88,24160,32058,24915,32057],"class_list":["post-110901","post","type-post","status-publish","format-standard","has-post-thumbnail","hentry","category-politica","tag-congreso-del-estado","tag-lxii-legislatura","tag-marcos-juridicos","tag-pavel-gaspar-ramirez","tag-temas-de-gestion"],"yoast_head":"<!-- This site is optimized with the Yoast SEO plugin v28.4 - https:\/\/yoast.com\/product\/yoast-seo-wordpress\/ -->\n<title>LXII Legislatura, comprometida con la ciudadan\u00eda y visitar sus distritos: Pavel Gaspar - AliadosPuebla<\/title>\n<meta name=\"robots\" content=\"index, follow, max-snippet:-1, max-image-preview:large, max-video-preview:-1\" \/>\n<link rel=\"canonical\" href=\"https:\/\/www.aliadospuebla.com\/?p=110901\" \/>\n<meta property=\"og:locale\" content=\"es_ES\" \/>\n<meta property=\"og:type\" content=\"article\" \/>\n<meta property=\"og:title\" content=\"LXII Legislatura, comprometida con la ciudadan\u00eda y visitar sus distritos: Pavel Gaspar - AliadosPuebla\" \/>\n<meta property=\"og:description\" content=\"El presidente de la Junta de Gobierno y Coordinaci\u00f3n Pol\u00edtica del Congreso del Estado, Pavel Gaspar Ram\u00edrez, reconoci\u00f3 el compromiso de las y los diputados de la LXII Legislatura para regresar a sus distritos, as\u00ed como escuchar y atender las demandas de la ciudadan\u00eda. En rueda de prensa, el diputado destac\u00f3 que sus compa\u00f1eras y compa\u00f1eros han estado en territorio, en sus regiones y de cerca con la gente, con el prop\u00f3sito de dar seguimiento a temas de gesti\u00f3n y a las peticiones de las y los poblanos. &nbsp; \u201cCuando estamos en territorio, las demandas sociales de la comuna se plantean. Y nosotros desde el Congreso, a trav\u00e9s de foros, de los expertos, convocamos a la academia, convocamos a los diferentes sectores (\u2026) y eso&hellip;Leer m\u00e1s...\" \/>\n<meta property=\"og:url\" content=\"https:\/\/www.aliadospuebla.com\/?p=110901\" \/>\n<meta property=\"og:site_name\" content=\"AliadosPuebla\" \/>\n<meta property=\"article:author\" content=\"https:\/\/www.facebook.com\/Aliados17Pue\" \/>\n<meta property=\"article:published_time\" content=\"2026-01-15T13:19:10+00:00\" \/>\n<meta property=\"og:image\" content=\"https:\/\/www.aliadospuebla.com\/web2017\/wp-content\/uploads\/2026\/01\/080.jpg\" \/>\n\t<meta property=\"og:image:width\" content=\"600\" \/>\n\t<meta property=\"og:image:height\" content=\"450\" \/>\n\t<meta property=\"og:image:type\" content=\"image\/jpeg\" \/>\n<meta name=\"author\" content=\"Aliados17\" \/>\n<meta name=\"twitter:card\" content=\"summary_large_image\" \/>\n<meta name=\"twitter:creator\" content=\"@AliadosPuebla\" \/>\n<meta name=\"twitter:label1\" content=\"Escrito por\" \/>\n\t<meta name=\"twitter:data1\" content=\"Aliados17\" \/>\n\t<meta name=\"twitter:label2\" content=\"Tiempo de lectura\" \/>\n\t<meta name=\"twitter:data2\" content=\"1 minuto\" \/>\n<script type=\"application\/ld+json\" class=\"yoast-schema-graph\">{\"@context\":\"https:\\\/\\\/schema.org\",\"@graph\":[{\"@type\":\"Article\",\"@id\":\"https:\\\/\\\/www.aliadospuebla.com\\\/?p=110901#article\",\"isPartOf\":{\"@id\":\"https:\\\/\\\/www.aliadospuebla.com\\\/?p=110901\"},\"author\":{\"name\":\"Aliados17\",\"@id\":\"https:\\\/\\\/www.aliadospuebla.com\\\/#\\\/schema\\\/person\\\/5da7dd09320bd4f392b710017ed5f8ad\"},\"headline\":\"LXII Legislatura, comprometida con la ciudadan\u00eda y visitar sus distritos: Pavel Gaspar\",\"datePublished\":\"2026-01-15T13:19:10+00:00\",\"mainEntityOfPage\":{\"@id\":\"https:\\\/\\\/www.aliadospuebla.com\\\/?p=110901\"},\"wordCount\":205,\"commentCount\":0,\"image\":{\"@id\":\"https:\\\/\\\/www.aliadospuebla.com\\\/?p=110901#primaryimage\"},\"thumbnailUrl\":\"https:\\\/\\\/www.aliadospuebla.com\\\/web2017\\\/wp-content\\\/uploads\\\/2026\\\/01\\\/080.jpg\",\"keywords\":[\"Congreso del Estado\",\"LXII Legislatura\",\"marcos jur\u00eddicos\",\"P\u00e1vel Gaspar Ram\u00edrez\",\"temas de gesti\u00f3n\"],\"articleSection\":[\"Pol\u00edtica\"],\"inLanguage\":\"es\",\"potentialAction\":[{\"@type\":\"CommentAction\",\"name\":\"Comment\",\"target\":[\"https:\\\/\\\/www.aliadospuebla.com\\\/?p=110901#respond\"]}]},{\"@type\":\"WebPage\",\"@id\":\"https:\\\/\\\/www.aliadospuebla.com\\\/?p=110901\",\"url\":\"https:\\\/\\\/www.aliadospuebla.com\\\/?p=110901\",\"name\":\"LXII Legislatura, comprometida con la ciudadan\u00eda y visitar sus distritos: Pavel Gaspar - AliadosPuebla\",\"isPartOf\":{\"@id\":\"https:\\\/\\\/www.aliadospuebla.com\\\/#website\"},\"primaryImageOfPage\":{\"@id\":\"https:\\\/\\\/www.aliadospuebla.com\\\/?p=110901#primaryimage\"},\"image\":{\"@id\":\"https:\\\/\\\/www.aliadospuebla.com\\\/?p=110901#primaryimage\"},\"thumbnailUrl\":\"https:\\\/\\\/www.aliadospuebla.com\\\/web2017\\\/wp-content\\\/uploads\\\/2026\\\/01\\\/080.jpg\",\"datePublished\":\"2026-01-15T13:19:10+00:00\",\"author\":{\"@id\":\"https:\\\/\\\/www.aliadospuebla.com\\\/#\\\/schema\\\/person\\\/5da7dd09320bd4f392b710017ed5f8ad\"},\"breadcrumb\":{\"@id\":\"https:\\\/\\\/www.aliadospuebla.com\\\/?p=110901#breadcrumb\"},\"inLanguage\":\"es\",\"potentialAction\":[{\"@type\":\"ReadAction\",\"target\":[\"https:\\\/\\\/www.aliadospuebla.com\\\/?p=110901\"]}]},{\"@type\":\"ImageObject\",\"inLanguage\":\"es\",\"@id\":\"https:\\\/\\\/www.aliadospuebla.com\\\/?p=110901#primaryimage\",\"url\":\"https:\\\/\\\/www.aliadospuebla.com\\\/web2017\\\/wp-content\\\/uploads\\\/2026\\\/01\\\/080.jpg\",\"contentUrl\":\"https:\\\/\\\/www.aliadospuebla.com\\\/web2017\\\/wp-content\\\/uploads\\\/2026\\\/01\\\/080.jpg\",\"width\":600,\"height\":450},{\"@type\":\"BreadcrumbList\",\"@id\":\"https:\\\/\\\/www.aliadospuebla.com\\\/?p=110901#breadcrumb\",\"itemListElement\":[{\"@type\":\"ListItem\",\"position\":1,\"name\":\"Portada\",\"item\":\"https:\\\/\\\/www.aliadospuebla.com\\\/\"},{\"@type\":\"ListItem\",\"position\":2,\"name\":\"LXII Legislatura, comprometida con la ciudadan\u00eda y visitar sus distritos: Pavel Gaspar\"}]},{\"@type\":\"WebSite\",\"@id\":\"https:\\\/\\\/www.aliadospuebla.com\\\/#website\",\"url\":\"https:\\\/\\\/www.aliadospuebla.com\\\/\",\"name\":\"AliadosPuebla\",\"description\":\"La informaci\u00f3n en tus manos\",\"potentialAction\":[{\"@type\":\"SearchAction\",\"target\":{\"@type\":\"EntryPoint\",\"urlTemplate\":\"https:\\\/\\\/www.aliadospuebla.com\\\/?s={search_term_string}\"},\"query-input\":{\"@type\":\"PropertyValueSpecification\",\"valueRequired\":true,\"valueName\":\"search_term_string\"}}],\"inLanguage\":\"es\"},{\"@type\":\"Person\",\"@id\":\"https:\\\/\\\/www.aliadospuebla.com\\\/#\\\/schema\\\/person\\\/5da7dd09320bd4f392b710017ed5f8ad\",\"name\":\"Aliados17\",\"image\":{\"@type\":\"ImageObject\",\"inLanguage\":\"es\",\"@id\":\"https:\\\/\\\/www.aliadospuebla.com\\\/web2017\\\/wp-content\\\/uploads\\\/2025\\\/03\\\/cropped-para-perfil-8-anos-1-96x96.jpg\",\"url\":\"https:\\\/\\\/www.aliadospuebla.com\\\/web2017\\\/wp-content\\\/uploads\\\/2025\\\/03\\\/cropped-para-perfil-8-anos-1-96x96.jpg\",\"contentUrl\":\"https:\\\/\\\/www.aliadospuebla.com\\\/web2017\\\/wp-content\\\/uploads\\\/2025\\\/03\\\/cropped-para-perfil-8-anos-1-96x96.jpg\",\"caption\":\"Aliados17\"},\"sameAs\":[\"https:\\\/\\\/www.aliados17.com\",\"https:\\\/\\\/www.facebook.com\\\/Aliados17Pue\",\"https:\\\/\\\/x.com\\\/AliadosPuebla\"],\"url\":\"https:\\\/\\\/www.aliadospuebla.com\\\/?author=2\"}]}<\/script>\n<!-- \/ Yoast SEO plugin. -->","yoast_head_json":{"title":"LXII Legislatura, comprometida con la ciudadan\u00eda y visitar sus distritos: Pavel Gaspar - AliadosPuebla","robots":{"index":"index","follow":"follow","max-snippet":"max-snippet:-1","max-image-preview":"max-image-preview:large","max-video-preview":"max-video-preview:-1"},"canonical":"https:\/\/www.aliadospuebla.com\/?p=110901","og_locale":"es_ES","og_type":"article","og_title":"LXII Legislatura, comprometida con la ciudadan\u00eda y visitar sus distritos: Pavel Gaspar - AliadosPuebla","og_description":"El presidente de la Junta de Gobierno y Coordinaci\u00f3n Pol\u00edtica del Congreso del Estado, Pavel Gaspar Ram\u00edrez, reconoci\u00f3 el compromiso de las y los diputados de la LXII Legislatura para regresar a sus distritos, as\u00ed como escuchar y atender las demandas de la ciudadan\u00eda. En rueda de prensa, el diputado destac\u00f3 que sus compa\u00f1eras y compa\u00f1eros han estado en territorio, en sus regiones y de cerca con la gente, con el prop\u00f3sito de dar seguimiento a temas de gesti\u00f3n y a las peticiones de las y los poblanos. &nbsp; \u201cCuando estamos en territorio, las demandas sociales de la comuna se plantean. Y nosotros desde el Congreso, a trav\u00e9s de foros, de los expertos, convocamos a la academia, convocamos a los diferentes sectores (\u2026) y eso&hellip;Leer m\u00e1s...","og_url":"https:\/\/www.aliadospuebla.com\/?p=110901","og_site_name":"AliadosPuebla","article_author":"https:\/\/www.facebook.com\/Aliados17Pue","article_published_time":"2026-01-15T13:19:10+00:00","og_image":[{"width":600,"height":450,"url":"https:\/\/www.aliadospuebla.com\/web2017\/wp-content\/uploads\/2026\/01\/080.jpg","type":"image\/jpeg"}],"author":"Aliados17","twitter_card":"summary_large_image","twitter_creator":"@AliadosPuebla","twitter_misc":{"Escrito por":"Aliados17","Tiempo de lectura":"1 minuto"},"schema":{"@context":"https:\/\/schema.org","@graph":[{"@type":"Article","@id":"https:\/\/www.aliadospuebla.com\/?p=110901#article","isPartOf":{"@id":"https:\/\/www.aliadospuebla.com\/?p=110901"},"author":{"name":"Aliados17","@id":"https:\/\/www.aliadospuebla.com\/#\/schema\/person\/5da7dd09320bd4f392b710017ed5f8ad"},"headline":"LXII Legislatura, comprometida con la ciudadan\u00eda y visitar sus distritos: Pavel Gaspar","datePublished":"2026-01-15T13:19:10+00:00","mainEntityOfPage":{"@id":"https:\/\/www.aliadospuebla.com\/?p=110901"},"wordCount":205,"commentCount":0,"image":{"@id":"https:\/\/www.aliadospuebla.com\/?p=110901#primaryimage"},"thumbnailUrl":"https:\/\/www.aliadospuebla.com\/web2017\/wp-content\/uploads\/2026\/01\/080.jpg","keywords":["Congreso del Estado","LXII Legislatura","marcos jur\u00eddicos","P\u00e1vel Gaspar Ram\u00edrez","temas de gesti\u00f3n"],"articleSection":["Pol\u00edtica"],"inLanguage":"es","potentialAction":[{"@type":"CommentAction","name":"Comment","target":["https:\/\/www.aliadospuebla.com\/?p=110901#respond"]}]},{"@type":"WebPage","@id":"https:\/\/www.aliadospuebla.com\/?p=110901","url":"https:\/\/www.aliadospuebla.com\/?p=110901","name":"LXII Legislatura, comprometida con la ciudadan\u00eda y visitar sus distritos: Pavel Gaspar - AliadosPuebla","isPartOf":{"@id":"https:\/\/www.aliadospuebla.com\/#website"},"primaryImageOfPage":{"@id":"https:\/\/www.aliadospuebla.com\/?p=110901#primaryimage"},"image":{"@id":"https:\/\/www.aliadospuebla.com\/?p=110901#primaryimage"},"thumbnailUrl":"https:\/\/www.aliadospuebla.com\/web2017\/wp-content\/uploads\/2026\/01\/080.jpg","datePublished":"2026-01-15T13:19:10+00:00","author":{"@id":"https:\/\/www.aliadospuebla.com\/#\/schema\/person\/5da7dd09320bd4f392b710017ed5f8ad"},"breadcrumb":{"@id":"https:\/\/www.aliadospuebla.com\/?p=110901#breadcrumb"},"inLanguage":"es","potentialAction":[{"@type":"ReadAction","target":["https:\/\/www.aliadospuebla.com\/?p=110901"]}]},{"@type":"ImageObject","inLanguage":"es","@id":"https:\/\/www.aliadospuebla.com\/?p=110901#primaryimage","url":"https:\/\/www.aliadospuebla.com\/web2017\/wp-content\/uploads\/2026\/01\/080.jpg","contentUrl":"https:\/\/www.aliadospuebla.com\/web2017\/wp-content\/uploads\/2026\/01\/080.jpg","width":600,"height":450},{"@type":"BreadcrumbList","@id":"https:\/\/www.aliadospuebla.com\/?p=110901#breadcrumb","itemListElement":[{"@type":"ListItem","position":1,"name":"Portada","item":"https:\/\/www.aliadospuebla.com\/"},{"@type":"ListItem","position":2,"name":"LXII Legislatura, comprometida con la ciudadan\u00eda y visitar sus distritos: Pavel Gaspar"}]},{"@type":"WebSite","@id":"https:\/\/www.aliadospuebla.com\/#website","url":"https:\/\/www.aliadospuebla.com\/","name":"AliadosPuebla","description":"La informaci\u00f3n en tus manos","potentialAction":[{"@type":"SearchAction","target":{"@type":"EntryPoint","urlTemplate":"https:\/\/www.aliadospuebla.com\/?s={search_term_string}"},"query-input":{"@type":"PropertyValueSpecification","valueRequired":true,"valueName":"search_term_string"}}],"inLanguage":"es"},{"@type":"Person","@id":"https:\/\/www.aliadospuebla.com\/#\/schema\/person\/5da7dd09320bd4f392b710017ed5f8ad","name":"Aliados17","image":{"@type":"ImageObject","inLanguage":"es","@id":"https:\/\/www.aliadospuebla.com\/web2017\/wp-content\/uploads\/2025\/03\/cropped-para-perfil-8-anos-1-96x96.jpg","url":"https:\/\/www.aliadospuebla.com\/web2017\/wp-content\/uploads\/2025\/03\/cropped-para-perfil-8-anos-1-96x96.jpg","contentUrl":"https:\/\/www.aliadospuebla.com\/web2017\/wp-content\/uploads\/2025\/03\/cropped-para-perfil-8-anos-1-96x96.jpg","caption":"Aliados17"},"sameAs":["https:\/\/www.aliados17.com","https:\/\/www.facebook.com\/Aliados17Pue","https:\/\/x.com\/AliadosPuebla"],"url":"https:\/\/www.aliadospuebla.com\/?author=2"}]}},"views":31,"_links":{"self":[{"href":"https:\/\/www.aliadospuebla.com\/index.php?rest_route=\/wp\/v2\/posts\/110901","targetHints":{"allow":["GET"]}}],"collection":[{"href":"https:\/\/www.aliadospuebla.com\/index.php?rest_route=\/wp\/v2\/posts"}],"about":[{"href":"https:\/\/www.aliadospuebla.com\/index.php?rest_route=\/wp\/v2\/types\/post"}],"author":[{"embeddable":true,"href":"https:\/\/www.aliadospuebla.com\/index.php?rest_route=\/wp\/v2\/users\/2"}],"replies":[{"embeddable":true,"href":"https:\/\/www.aliadospuebla.com\/index.php?rest_route=%2Fwp%2Fv2%2Fcomments&post=110901"}],"version-history":[{"count":1,"href":"https:\/\/www.aliadospuebla.com\/index.php?rest_route=\/wp\/v2\/posts\/110901\/revisions"}],"predecessor-version":[{"id":110903,"href":"https:\/\/www.aliadospuebla.com\/index.php?rest_route=\/wp\/v2\/posts\/110901\/revisions\/110903"}],"wp:featuredmedia":[{"embeddable":true,"href":"https:\/\/www.aliadospuebla.com\/index.php?rest_route=\/wp\/v2\/media\/110902"}],"wp:attachment":[{"href":"https:\/\/www.aliadospuebla.com\/index.php?rest_route=%2Fwp%2Fv2%2Fmedia&parent=110901"}],"wp:term":[{"taxonomy":"category","embeddable":true,"href":"https:\/\/www.aliadospuebla.com\/index.php?rest_route=%2Fwp%2Fv2%2Fcategories&post=110901"},{"taxonomy":"post_tag","embeddable":true,"href":"https:\/\/www.aliadospuebla.com\/index.php?rest_route=%2Fwp%2Fv2%2Ftags&post=110901"}],"curies":[{"name":"wp","href":"https:\/\/api.w.org\/{rel}","templated":true}]}}