{"id":110705,"date":"2026-01-07T06:55:29","date_gmt":"2026-01-07T12:55:29","guid":{"rendered":"https:\/\/www.aliadospuebla.com\/?p=110705"},"modified":"2026-01-07T06:55:29","modified_gmt":"2026-01-07T12:55:29","slug":"diputado-pavel-gaspar-lleva-alegria-a-los-ninos-de-amatitlan-de-azueta","status":"publish","type":"post","link":"https:\/\/www.aliadospuebla.com\/?p=110705","title":{"rendered":"Diputado Pavel Gaspar Lleva Alegr\u00eda a los Ni\u00f1os de Amatitl\u00e1n de Azueta"},"content":{"rendered":"<h4>En un emotivo gesto de humanismo y compromiso con su comunidad, el Diputado Local Pavel Gaspar, presidente del Congreso del Estado de Puebla, visit\u00f3 hoy su comunidad natal, la junta auxiliar de Amatitl\u00e1n de Azueta, donde entreg\u00f3 juguetes y aguinaldos a m\u00e1s de 100 ni\u00f1os.<\/h4>\n<p>La sonrisa y la alegr\u00eda se reflejaron en los rostros de los peque\u00f1os al recibir sus regalos,<\/p>\n<p>que fueron entregados personalmente por el Diputado Pavel Gaspar.<\/p>\n<p>La comunidad se reuni\u00f3 para agradecer el gesto del legislador,<\/p>\n<p>quien se mostr\u00f3 emocionado de poder llevar un poco de felicidad a los ni\u00f1os de su tierra natal.<\/p>\n<p>&nbsp;<\/p>\n<p>\u00abEs un honor para m\u00ed poder regresar a mi comunidad y compartir un poco de alegr\u00eda con los ni\u00f1os. Es importante recordar que ellos son el futuro de nuestra sociedad y merecen todo nuestro apoyo y cari\u00f1o\u00bb, expres\u00f3 el Diputado Pavel Gaspar.<\/p>\n<p>&nbsp;<\/p>\n<p>La entrega de juguetes y aguinaldos es una muestra del compromiso del Diputado Pavel Gaspar con la ni\u00f1ez y la comunidad de Amatitl\u00e1n de Azueta. La comunidad se siente agradecida por este gesto y espera seguir contando con el apoyo de su representante para seguir mejorando la calidad de vida de sus habitantes.<\/p>\n","protected":false},"excerpt":{"rendered":"<p>En un emotivo gesto de humanismo y compromiso con su comunidad, el Diputado Local Pavel Gaspar, presidente del Congreso del Estado de Puebla, visit\u00f3 hoy su comunidad natal, la junta auxiliar de Amatitl\u00e1n de Azueta, donde entreg\u00f3 juguetes y aguinaldos a m\u00e1s de 100 ni\u00f1os. La sonrisa y la alegr\u00eda se reflejaron en los rostros de los peque\u00f1os al recibir sus regalos, que fueron entregados personalmente por el Diputado Pavel Gaspar. La comunidad se reuni\u00f3 para agradecer el gesto del legislador, quien se mostr\u00f3 emocionado de poder llevar un poco de felicidad a los ni\u00f1os de su tierra natal. &nbsp; \u00abEs un honor para m\u00ed poder regresar a mi comunidad y compartir un poco de alegr\u00eda con los ni\u00f1os. Es importante recordar que ellos son&hellip;<\/p>\n<p class=\"excerpt-more\"><a class=\"blog-excerpt button\" href=\"https:\/\/www.aliadospuebla.com\/?p=110705\">Leer m\u00e1s&#8230;<\/a><\/p>\n","protected":false},"author":2,"featured_media":110706,"comment_status":"open","ping_status":"open","sticky":false,"template":"","format":"standard","meta":{"_monsterinsights_skip_tracking":false,"footnotes":""},"categories":[6],"tags":[31950,690,3573,24852],"class_list":["post-110705","post","type-post","status-publish","format-standard","has-post-thumbnail","hentry","category-politica","tag-amatitlan-de-azueta","tag-congreso-del-estado-de-puebla","tag-entrega-de-juguetes","tag-pavel-gaspar"],"yoast_head":"<!-- This site is optimized with the Yoast SEO plugin v28.4 - https:\/\/yoast.com\/product\/yoast-seo-wordpress\/ -->\n<title>Diputado Pavel Gaspar Lleva Alegr\u00eda a los Ni\u00f1os de Amatitl\u00e1n de Azueta - AliadosPuebla<\/title>\n<meta name=\"robots\" content=\"index, follow, max-snippet:-1, max-image-preview:large, max-video-preview:-1\" \/>\n<link rel=\"canonical\" href=\"https:\/\/www.aliadospuebla.com\/?p=110705\" \/>\n<meta property=\"og:locale\" content=\"es_ES\" \/>\n<meta property=\"og:type\" content=\"article\" \/>\n<meta property=\"og:title\" content=\"Diputado Pavel Gaspar Lleva Alegr\u00eda a los Ni\u00f1os de Amatitl\u00e1n de Azueta - AliadosPuebla\" \/>\n<meta property=\"og:description\" content=\"En un emotivo gesto de humanismo y compromiso con su comunidad, el Diputado Local Pavel Gaspar, presidente del Congreso del Estado de Puebla, visit\u00f3 hoy su comunidad natal, la junta auxiliar de Amatitl\u00e1n de Azueta, donde entreg\u00f3 juguetes y aguinaldos a m\u00e1s de 100 ni\u00f1os. La sonrisa y la alegr\u00eda se reflejaron en los rostros de los peque\u00f1os al recibir sus regalos, que fueron entregados personalmente por el Diputado Pavel Gaspar. La comunidad se reuni\u00f3 para agradecer el gesto del legislador, quien se mostr\u00f3 emocionado de poder llevar un poco de felicidad a los ni\u00f1os de su tierra natal. &nbsp; \u00abEs un honor para m\u00ed poder regresar a mi comunidad y compartir un poco de alegr\u00eda con los ni\u00f1os. Es importante recordar que ellos son&hellip;Leer m\u00e1s...\" \/>\n<meta property=\"og:url\" content=\"https:\/\/www.aliadospuebla.com\/?p=110705\" \/>\n<meta property=\"og:site_name\" content=\"AliadosPuebla\" \/>\n<meta property=\"article:author\" content=\"https:\/\/www.facebook.com\/Aliados17Pue\" \/>\n<meta property=\"article:published_time\" content=\"2026-01-07T12:55:29+00:00\" \/>\n<meta property=\"og:image\" content=\"https:\/\/www.aliadospuebla.com\/web2017\/wp-content\/uploads\/2026\/01\/017.jpg\" \/>\n\t<meta property=\"og:image:width\" content=\"600\" \/>\n\t<meta property=\"og:image:height\" content=\"450\" \/>\n\t<meta property=\"og:image:type\" content=\"image\/jpeg\" \/>\n<meta name=\"author\" content=\"Aliados17\" \/>\n<meta name=\"twitter:card\" content=\"summary_large_image\" \/>\n<meta name=\"twitter:creator\" content=\"@AliadosPuebla\" \/>\n<meta name=\"twitter:label1\" content=\"Escrito por\" \/>\n\t<meta name=\"twitter:data1\" content=\"Aliados17\" \/>\n\t<meta name=\"twitter:label2\" content=\"Tiempo de lectura\" \/>\n\t<meta name=\"twitter:data2\" content=\"1 minuto\" \/>\n<script type=\"application\/ld+json\" class=\"yoast-schema-graph\">{\"@context\":\"https:\\\/\\\/schema.org\",\"@graph\":[{\"@type\":\"Article\",\"@id\":\"https:\\\/\\\/www.aliadospuebla.com\\\/?p=110705#article\",\"isPartOf\":{\"@id\":\"https:\\\/\\\/www.aliadospuebla.com\\\/?p=110705\"},\"author\":{\"name\":\"Aliados17\",\"@id\":\"https:\\\/\\\/www.aliadospuebla.com\\\/#\\\/schema\\\/person\\\/5da7dd09320bd4f392b710017ed5f8ad\"},\"headline\":\"Diputado Pavel Gaspar Lleva Alegr\u00eda a los Ni\u00f1os de Amatitl\u00e1n de Azueta\",\"datePublished\":\"2026-01-07T12:55:29+00:00\",\"mainEntityOfPage\":{\"@id\":\"https:\\\/\\\/www.aliadospuebla.com\\\/?p=110705\"},\"wordCount\":221,\"commentCount\":0,\"image\":{\"@id\":\"https:\\\/\\\/www.aliadospuebla.com\\\/?p=110705#primaryimage\"},\"thumbnailUrl\":\"https:\\\/\\\/www.aliadospuebla.com\\\/web2017\\\/wp-content\\\/uploads\\\/2026\\\/01\\\/017.jpg\",\"keywords\":[\"Amatitl\u00e1n de Azueta\",\"CONGRESO DEL ESTADO DE PUEBLA\",\"ENTREGA DE JUGUETES\",\"Pavel Gaspar\"],\"articleSection\":[\"Pol\u00edtica\"],\"inLanguage\":\"es\",\"potentialAction\":[{\"@type\":\"CommentAction\",\"name\":\"Comment\",\"target\":[\"https:\\\/\\\/www.aliadospuebla.com\\\/?p=110705#respond\"]}]},{\"@type\":\"WebPage\",\"@id\":\"https:\\\/\\\/www.aliadospuebla.com\\\/?p=110705\",\"url\":\"https:\\\/\\\/www.aliadospuebla.com\\\/?p=110705\",\"name\":\"Diputado Pavel Gaspar Lleva Alegr\u00eda a los Ni\u00f1os de Amatitl\u00e1n de Azueta - AliadosPuebla\",\"isPartOf\":{\"@id\":\"https:\\\/\\\/www.aliadospuebla.com\\\/#website\"},\"primaryImageOfPage\":{\"@id\":\"https:\\\/\\\/www.aliadospuebla.com\\\/?p=110705#primaryimage\"},\"image\":{\"@id\":\"https:\\\/\\\/www.aliadospuebla.com\\\/?p=110705#primaryimage\"},\"thumbnailUrl\":\"https:\\\/\\\/www.aliadospuebla.com\\\/web2017\\\/wp-content\\\/uploads\\\/2026\\\/01\\\/017.jpg\",\"datePublished\":\"2026-01-07T12:55:29+00:00\",\"author\":{\"@id\":\"https:\\\/\\\/www.aliadospuebla.com\\\/#\\\/schema\\\/person\\\/5da7dd09320bd4f392b710017ed5f8ad\"},\"breadcrumb\":{\"@id\":\"https:\\\/\\\/www.aliadospuebla.com\\\/?p=110705#breadcrumb\"},\"inLanguage\":\"es\",\"potentialAction\":[{\"@type\":\"ReadAction\",\"target\":[\"https:\\\/\\\/www.aliadospuebla.com\\\/?p=110705\"]}]},{\"@type\":\"ImageObject\",\"inLanguage\":\"es\",\"@id\":\"https:\\\/\\\/www.aliadospuebla.com\\\/?p=110705#primaryimage\",\"url\":\"https:\\\/\\\/www.aliadospuebla.com\\\/web2017\\\/wp-content\\\/uploads\\\/2026\\\/01\\\/017.jpg\",\"contentUrl\":\"https:\\\/\\\/www.aliadospuebla.com\\\/web2017\\\/wp-content\\\/uploads\\\/2026\\\/01\\\/017.jpg\",\"width\":600,\"height\":450},{\"@type\":\"BreadcrumbList\",\"@id\":\"https:\\\/\\\/www.aliadospuebla.com\\\/?p=110705#breadcrumb\",\"itemListElement\":[{\"@type\":\"ListItem\",\"position\":1,\"name\":\"Portada\",\"item\":\"https:\\\/\\\/www.aliadospuebla.com\\\/\"},{\"@type\":\"ListItem\",\"position\":2,\"name\":\"Diputado Pavel Gaspar Lleva Alegr\u00eda a los Ni\u00f1os de Amatitl\u00e1n de Azueta\"}]},{\"@type\":\"WebSite\",\"@id\":\"https:\\\/\\\/www.aliadospuebla.com\\\/#website\",\"url\":\"https:\\\/\\\/www.aliadospuebla.com\\\/\",\"name\":\"AliadosPuebla\",\"description\":\"La informaci\u00f3n en tus manos\",\"potentialAction\":[{\"@type\":\"SearchAction\",\"target\":{\"@type\":\"EntryPoint\",\"urlTemplate\":\"https:\\\/\\\/www.aliadospuebla.com\\\/?s={search_term_string}\"},\"query-input\":{\"@type\":\"PropertyValueSpecification\",\"valueRequired\":true,\"valueName\":\"search_term_string\"}}],\"inLanguage\":\"es\"},{\"@type\":\"Person\",\"@id\":\"https:\\\/\\\/www.aliadospuebla.com\\\/#\\\/schema\\\/person\\\/5da7dd09320bd4f392b710017ed5f8ad\",\"name\":\"Aliados17\",\"image\":{\"@type\":\"ImageObject\",\"inLanguage\":\"es\",\"@id\":\"https:\\\/\\\/www.aliadospuebla.com\\\/web2017\\\/wp-content\\\/uploads\\\/2025\\\/03\\\/cropped-para-perfil-8-anos-1-96x96.jpg\",\"url\":\"https:\\\/\\\/www.aliadospuebla.com\\\/web2017\\\/wp-content\\\/uploads\\\/2025\\\/03\\\/cropped-para-perfil-8-anos-1-96x96.jpg\",\"contentUrl\":\"https:\\\/\\\/www.aliadospuebla.com\\\/web2017\\\/wp-content\\\/uploads\\\/2025\\\/03\\\/cropped-para-perfil-8-anos-1-96x96.jpg\",\"caption\":\"Aliados17\"},\"sameAs\":[\"https:\\\/\\\/www.aliados17.com\",\"https:\\\/\\\/www.facebook.com\\\/Aliados17Pue\",\"https:\\\/\\\/x.com\\\/AliadosPuebla\"],\"url\":\"https:\\\/\\\/www.aliadospuebla.com\\\/?author=2\"}]}<\/script>\n<!-- \/ Yoast SEO plugin. -->","yoast_head_json":{"title":"Diputado Pavel Gaspar Lleva Alegr\u00eda a los Ni\u00f1os de Amatitl\u00e1n de Azueta - AliadosPuebla","robots":{"index":"index","follow":"follow","max-snippet":"max-snippet:-1","max-image-preview":"max-image-preview:large","max-video-preview":"max-video-preview:-1"},"canonical":"https:\/\/www.aliadospuebla.com\/?p=110705","og_locale":"es_ES","og_type":"article","og_title":"Diputado Pavel Gaspar Lleva Alegr\u00eda a los Ni\u00f1os de Amatitl\u00e1n de Azueta - AliadosPuebla","og_description":"En un emotivo gesto de humanismo y compromiso con su comunidad, el Diputado Local Pavel Gaspar, presidente del Congreso del Estado de Puebla, visit\u00f3 hoy su comunidad natal, la junta auxiliar de Amatitl\u00e1n de Azueta, donde entreg\u00f3 juguetes y aguinaldos a m\u00e1s de 100 ni\u00f1os. La sonrisa y la alegr\u00eda se reflejaron en los rostros de los peque\u00f1os al recibir sus regalos, que fueron entregados personalmente por el Diputado Pavel Gaspar. La comunidad se reuni\u00f3 para agradecer el gesto del legislador, quien se mostr\u00f3 emocionado de poder llevar un poco de felicidad a los ni\u00f1os de su tierra natal. &nbsp; \u00abEs un honor para m\u00ed poder regresar a mi comunidad y compartir un poco de alegr\u00eda con los ni\u00f1os. Es importante recordar que ellos son&hellip;Leer m\u00e1s...","og_url":"https:\/\/www.aliadospuebla.com\/?p=110705","og_site_name":"AliadosPuebla","article_author":"https:\/\/www.facebook.com\/Aliados17Pue","article_published_time":"2026-01-07T12:55:29+00:00","og_image":[{"width":600,"height":450,"url":"https:\/\/www.aliadospuebla.com\/web2017\/wp-content\/uploads\/2026\/01\/017.jpg","type":"image\/jpeg"}],"author":"Aliados17","twitter_card":"summary_large_image","twitter_creator":"@AliadosPuebla","twitter_misc":{"Escrito por":"Aliados17","Tiempo de lectura":"1 minuto"},"schema":{"@context":"https:\/\/schema.org","@graph":[{"@type":"Article","@id":"https:\/\/www.aliadospuebla.com\/?p=110705#article","isPartOf":{"@id":"https:\/\/www.aliadospuebla.com\/?p=110705"},"author":{"name":"Aliados17","@id":"https:\/\/www.aliadospuebla.com\/#\/schema\/person\/5da7dd09320bd4f392b710017ed5f8ad"},"headline":"Diputado Pavel Gaspar Lleva Alegr\u00eda a los Ni\u00f1os de Amatitl\u00e1n de Azueta","datePublished":"2026-01-07T12:55:29+00:00","mainEntityOfPage":{"@id":"https:\/\/www.aliadospuebla.com\/?p=110705"},"wordCount":221,"commentCount":0,"image":{"@id":"https:\/\/www.aliadospuebla.com\/?p=110705#primaryimage"},"thumbnailUrl":"https:\/\/www.aliadospuebla.com\/web2017\/wp-content\/uploads\/2026\/01\/017.jpg","keywords":["Amatitl\u00e1n de Azueta","CONGRESO DEL ESTADO DE PUEBLA","ENTREGA DE JUGUETES","Pavel Gaspar"],"articleSection":["Pol\u00edtica"],"inLanguage":"es","potentialAction":[{"@type":"CommentAction","name":"Comment","target":["https:\/\/www.aliadospuebla.com\/?p=110705#respond"]}]},{"@type":"WebPage","@id":"https:\/\/www.aliadospuebla.com\/?p=110705","url":"https:\/\/www.aliadospuebla.com\/?p=110705","name":"Diputado Pavel Gaspar Lleva Alegr\u00eda a los Ni\u00f1os de Amatitl\u00e1n de Azueta - AliadosPuebla","isPartOf":{"@id":"https:\/\/www.aliadospuebla.com\/#website"},"primaryImageOfPage":{"@id":"https:\/\/www.aliadospuebla.com\/?p=110705#primaryimage"},"image":{"@id":"https:\/\/www.aliadospuebla.com\/?p=110705#primaryimage"},"thumbnailUrl":"https:\/\/www.aliadospuebla.com\/web2017\/wp-content\/uploads\/2026\/01\/017.jpg","datePublished":"2026-01-07T12:55:29+00:00","author":{"@id":"https:\/\/www.aliadospuebla.com\/#\/schema\/person\/5da7dd09320bd4f392b710017ed5f8ad"},"breadcrumb":{"@id":"https:\/\/www.aliadospuebla.com\/?p=110705#breadcrumb"},"inLanguage":"es","potentialAction":[{"@type":"ReadAction","target":["https:\/\/www.aliadospuebla.com\/?p=110705"]}]},{"@type":"ImageObject","inLanguage":"es","@id":"https:\/\/www.aliadospuebla.com\/?p=110705#primaryimage","url":"https:\/\/www.aliadospuebla.com\/web2017\/wp-content\/uploads\/2026\/01\/017.jpg","contentUrl":"https:\/\/www.aliadospuebla.com\/web2017\/wp-content\/uploads\/2026\/01\/017.jpg","width":600,"height":450},{"@type":"BreadcrumbList","@id":"https:\/\/www.aliadospuebla.com\/?p=110705#breadcrumb","itemListElement":[{"@type":"ListItem","position":1,"name":"Portada","item":"https:\/\/www.aliadospuebla.com\/"},{"@type":"ListItem","position":2,"name":"Diputado Pavel Gaspar Lleva Alegr\u00eda a los Ni\u00f1os de Amatitl\u00e1n de Azueta"}]},{"@type":"WebSite","@id":"https:\/\/www.aliadospuebla.com\/#website","url":"https:\/\/www.aliadospuebla.com\/","name":"AliadosPuebla","description":"La informaci\u00f3n en tus manos","potentialAction":[{"@type":"SearchAction","target":{"@type":"EntryPoint","urlTemplate":"https:\/\/www.aliadospuebla.com\/?s={search_term_string}"},"query-input":{"@type":"PropertyValueSpecification","valueRequired":true,"valueName":"search_term_string"}}],"inLanguage":"es"},{"@type":"Person","@id":"https:\/\/www.aliadospuebla.com\/#\/schema\/person\/5da7dd09320bd4f392b710017ed5f8ad","name":"Aliados17","image":{"@type":"ImageObject","inLanguage":"es","@id":"https:\/\/www.aliadospuebla.com\/web2017\/wp-content\/uploads\/2025\/03\/cropped-para-perfil-8-anos-1-96x96.jpg","url":"https:\/\/www.aliadospuebla.com\/web2017\/wp-content\/uploads\/2025\/03\/cropped-para-perfil-8-anos-1-96x96.jpg","contentUrl":"https:\/\/www.aliadospuebla.com\/web2017\/wp-content\/uploads\/2025\/03\/cropped-para-perfil-8-anos-1-96x96.jpg","caption":"Aliados17"},"sameAs":["https:\/\/www.aliados17.com","https:\/\/www.facebook.com\/Aliados17Pue","https:\/\/x.com\/AliadosPuebla"],"url":"https:\/\/www.aliadospuebla.com\/?author=2"}]}},"views":26,"_links":{"self":[{"href":"https:\/\/www.aliadospuebla.com\/index.php?rest_route=\/wp\/v2\/posts\/110705","targetHints":{"allow":["GET"]}}],"collection":[{"href":"https:\/\/www.aliadospuebla.com\/index.php?rest_route=\/wp\/v2\/posts"}],"about":[{"href":"https:\/\/www.aliadospuebla.com\/index.php?rest_route=\/wp\/v2\/types\/post"}],"author":[{"embeddable":true,"href":"https:\/\/www.aliadospuebla.com\/index.php?rest_route=\/wp\/v2\/users\/2"}],"replies":[{"embeddable":true,"href":"https:\/\/www.aliadospuebla.com\/index.php?rest_route=%2Fwp%2Fv2%2Fcomments&post=110705"}],"version-history":[{"count":1,"href":"https:\/\/www.aliadospuebla.com\/index.php?rest_route=\/wp\/v2\/posts\/110705\/revisions"}],"predecessor-version":[{"id":110707,"href":"https:\/\/www.aliadospuebla.com\/index.php?rest_route=\/wp\/v2\/posts\/110705\/revisions\/110707"}],"wp:featuredmedia":[{"embeddable":true,"href":"https:\/\/www.aliadospuebla.com\/index.php?rest_route=\/wp\/v2\/media\/110706"}],"wp:attachment":[{"href":"https:\/\/www.aliadospuebla.com\/index.php?rest_route=%2Fwp%2Fv2%2Fmedia&parent=110705"}],"wp:term":[{"taxonomy":"category","embeddable":true,"href":"https:\/\/www.aliadospuebla.com\/index.php?rest_route=%2Fwp%2Fv2%2Fcategories&post=110705"},{"taxonomy":"post_tag","embeddable":true,"href":"https:\/\/www.aliadospuebla.com\/index.php?rest_route=%2Fwp%2Fv2%2Ftags&post=110705"}],"curies":[{"name":"wp","href":"https:\/\/api.w.org\/{rel}","templated":true}]}}