{"id":110396,"date":"2025-12-10T23:45:18","date_gmt":"2025-12-11T05:45:18","guid":{"rendered":"https:\/\/www.aliadospuebla.com\/?p=110396"},"modified":"2025-12-10T23:45:18","modified_gmt":"2025-12-11T05:45:18","slug":"gobierno-de-san-pedro-cholula-refuerza-la-capacitacion-en-prevencion-y-combate-de-incendios-forestales","status":"publish","type":"post","link":"https:\/\/www.aliadospuebla.com\/?p=110396","title":{"rendered":"Gobierno de San Pedro Cholula refuerza la capacitaci\u00f3n en prevenci\u00f3n y combate de incendios forestales"},"content":{"rendered":"<p>San Pedro Cholula, Pue. \u2013 Bomberos de Protecci\u00f3n Civil Municipal (PC Cholula),<\/p>\n<p>elementos de la Polic\u00eda Montada, Polic\u00eda Municipal y Guardias Ciudadanos<\/p>\n<p>de la Secretar\u00eda de Seguridad Ciudadana de San Pedro Cholula (SSC Cholula)<\/p>\n<p>participaron en una capacitaci\u00f3n b\u00e1sica en prevenci\u00f3n y extinci\u00f3n de incendios forestales,<\/p>\n<p>impartida por personal de la Secretar\u00eda de Medio Ambiente, Desarrollo Sustentable y Ordenamiento Territorial del Estado.<\/p>\n<p>Durante la jornada formativa se proporcionaron herramientas te\u00f3ricas y pr\u00e1cticas para la identificaci\u00f3n de riesgos, el uso de equipo especializado y la aplicaci\u00f3n de t\u00e9cnicas de control y combate de fuego en zonas con vegetaci\u00f3n.<\/p>\n<p>Esta preparaci\u00f3n resulta fundamental debido a la presencia del Cerro Zapotecas, un \u00e1rea forestal ubicada dentro del municipio y considerada vulnerable durante la temporada de incendios.<\/p>\n<p>La Direcci\u00f3n de Protecci\u00f3n Civil Municipal exhorta a la ciudadan\u00eda a seguir estas recomendaciones para reducir el riesgo de incendios forestales:<\/p>\n<p>\u2022 Evitar arrojar basura, materiales inflamables o colillas de cigarro.<\/p>\n<p>\u2022 No encender fogatas; en caso de encontrar restos, apagarlos con agua y tierra.<\/p>\n<p>\u2022 Si se realizan quemas controladas, efectuarlo por la ma\u00f1ana y notificar previamente a Protecci\u00f3n Civil.<\/p>\n<p>En caso de emergencia, los reportes pueden realizarse al n\u00famero local 22 22 47 00 97.<\/p>\n<p>El Gobierno Municipal, encabezado por la presidenta Tonantzin Fern\u00e1ndez, refrenda su compromiso con la capacitaci\u00f3n continua del personal operativo para fortalecer la protecci\u00f3n del entorno natural y salvaguardar la seguridad de las y los cholultecas.<\/p>\n","protected":false},"excerpt":{"rendered":"<p>San Pedro Cholula, Pue. \u2013 Bomberos de Protecci\u00f3n Civil Municipal (PC Cholula), elementos de la Polic\u00eda Montada, Polic\u00eda Municipal y Guardias Ciudadanos de la Secretar\u00eda de Seguridad Ciudadana de San Pedro Cholula (SSC Cholula) participaron en una capacitaci\u00f3n b\u00e1sica en prevenci\u00f3n y extinci\u00f3n de incendios forestales, impartida por personal de la Secretar\u00eda de Medio Ambiente, Desarrollo Sustentable y Ordenamiento Territorial del Estado. Durante la jornada formativa se proporcionaron herramientas te\u00f3ricas y pr\u00e1cticas para la identificaci\u00f3n de riesgos, el uso de equipo especializado y la aplicaci\u00f3n de t\u00e9cnicas de control y combate de fuego en zonas con vegetaci\u00f3n. Esta preparaci\u00f3n resulta fundamental debido a la presencia del Cerro Zapotecas, un \u00e1rea forestal ubicada dentro del municipio y considerada vulnerable durante la temporada de incendios. La Direcci\u00f3n&hellip;<\/p>\n<p class=\"excerpt-more\"><a class=\"blog-excerpt button\" href=\"https:\/\/www.aliadospuebla.com\/?p=110396\">Leer m\u00e1s&#8230;<\/a><\/p>\n","protected":false},"author":2,"featured_media":110397,"comment_status":"open","ping_status":"open","sticky":false,"template":"","format":"standard","meta":{"_monsterinsights_skip_tracking":false,"footnotes":""},"categories":[4],"tags":[847,28227,20153,29,3510,387],"class_list":["post-110396","post","type-post","status-publish","format-standard","has-post-thumbnail","hentry","category-municipios","tag-cerro-zapotecas","tag-combate-de-incendios-forestales","tag-pc-cholula","tag-prevencion","tag-recomendaciones","tag-san-pedro-cholula"],"yoast_head":"<!-- This site is optimized with the Yoast SEO plugin v28.4 - https:\/\/yoast.com\/product\/yoast-seo-wordpress\/ -->\n<title>Gobierno de San Pedro Cholula refuerza la capacitaci\u00f3n en prevenci\u00f3n y combate de incendios forestales - AliadosPuebla<\/title>\n<meta name=\"robots\" content=\"index, follow, max-snippet:-1, max-image-preview:large, max-video-preview:-1\" \/>\n<link rel=\"canonical\" href=\"https:\/\/www.aliadospuebla.com\/?p=110396\" \/>\n<meta property=\"og:locale\" content=\"es_ES\" \/>\n<meta property=\"og:type\" content=\"article\" \/>\n<meta property=\"og:title\" content=\"Gobierno de San Pedro Cholula refuerza la capacitaci\u00f3n en prevenci\u00f3n y combate de incendios forestales - AliadosPuebla\" \/>\n<meta property=\"og:description\" content=\"San Pedro Cholula, Pue. \u2013 Bomberos de Protecci\u00f3n Civil Municipal (PC Cholula), elementos de la Polic\u00eda Montada, Polic\u00eda Municipal y Guardias Ciudadanos de la Secretar\u00eda de Seguridad Ciudadana de San Pedro Cholula (SSC Cholula) participaron en una capacitaci\u00f3n b\u00e1sica en prevenci\u00f3n y extinci\u00f3n de incendios forestales, impartida por personal de la Secretar\u00eda de Medio Ambiente, Desarrollo Sustentable y Ordenamiento Territorial del Estado. Durante la jornada formativa se proporcionaron herramientas te\u00f3ricas y pr\u00e1cticas para la identificaci\u00f3n de riesgos, el uso de equipo especializado y la aplicaci\u00f3n de t\u00e9cnicas de control y combate de fuego en zonas con vegetaci\u00f3n. Esta preparaci\u00f3n resulta fundamental debido a la presencia del Cerro Zapotecas, un \u00e1rea forestal ubicada dentro del municipio y considerada vulnerable durante la temporada de incendios. La Direcci\u00f3n&hellip;Leer m\u00e1s...\" \/>\n<meta property=\"og:url\" content=\"https:\/\/www.aliadospuebla.com\/?p=110396\" \/>\n<meta property=\"og:site_name\" content=\"AliadosPuebla\" \/>\n<meta property=\"article:author\" content=\"https:\/\/www.facebook.com\/Aliados17Pue\" \/>\n<meta property=\"article:published_time\" content=\"2025-12-11T05:45:18+00:00\" \/>\n<meta property=\"og:image\" content=\"https:\/\/www.aliadospuebla.com\/web2017\/wp-content\/uploads\/2025\/12\/652.jpg\" \/>\n\t<meta property=\"og:image:width\" content=\"600\" \/>\n\t<meta property=\"og:image:height\" content=\"450\" \/>\n\t<meta property=\"og:image:type\" content=\"image\/jpeg\" \/>\n<meta name=\"author\" content=\"Aliados17\" \/>\n<meta name=\"twitter:card\" content=\"summary_large_image\" \/>\n<meta name=\"twitter:creator\" content=\"@AliadosPuebla\" \/>\n<meta name=\"twitter:label1\" content=\"Escrito por\" \/>\n\t<meta name=\"twitter:data1\" content=\"Aliados17\" \/>\n\t<meta name=\"twitter:label2\" content=\"Tiempo de lectura\" \/>\n\t<meta name=\"twitter:data2\" content=\"2 minutos\" \/>\n<script type=\"application\/ld+json\" class=\"yoast-schema-graph\">{\"@context\":\"https:\\\/\\\/schema.org\",\"@graph\":[{\"@type\":\"Article\",\"@id\":\"https:\\\/\\\/www.aliadospuebla.com\\\/?p=110396#article\",\"isPartOf\":{\"@id\":\"https:\\\/\\\/www.aliadospuebla.com\\\/?p=110396\"},\"author\":{\"name\":\"Aliados17\",\"@id\":\"https:\\\/\\\/www.aliadospuebla.com\\\/#\\\/schema\\\/person\\\/5da7dd09320bd4f392b710017ed5f8ad\"},\"headline\":\"Gobierno de San Pedro Cholula refuerza la capacitaci\u00f3n en prevenci\u00f3n y combate de incendios forestales\",\"datePublished\":\"2025-12-11T05:45:18+00:00\",\"mainEntityOfPage\":{\"@id\":\"https:\\\/\\\/www.aliadospuebla.com\\\/?p=110396\"},\"wordCount\":268,\"commentCount\":0,\"image\":{\"@id\":\"https:\\\/\\\/www.aliadospuebla.com\\\/?p=110396#primaryimage\"},\"thumbnailUrl\":\"https:\\\/\\\/www.aliadospuebla.com\\\/web2017\\\/wp-content\\\/uploads\\\/2025\\\/12\\\/652.jpg\",\"keywords\":[\"CERRO ZAPOTECAS\",\"combate de incendios forestales\",\"PC Cholula\",\"Prevencion\",\"RECOMENDACIONES\",\"SAN PEDRO CHOLULA\"],\"articleSection\":[\"Municipios\"],\"inLanguage\":\"es\",\"potentialAction\":[{\"@type\":\"CommentAction\",\"name\":\"Comment\",\"target\":[\"https:\\\/\\\/www.aliadospuebla.com\\\/?p=110396#respond\"]}]},{\"@type\":\"WebPage\",\"@id\":\"https:\\\/\\\/www.aliadospuebla.com\\\/?p=110396\",\"url\":\"https:\\\/\\\/www.aliadospuebla.com\\\/?p=110396\",\"name\":\"Gobierno de San Pedro Cholula refuerza la capacitaci\u00f3n en prevenci\u00f3n y combate de incendios forestales - AliadosPuebla\",\"isPartOf\":{\"@id\":\"https:\\\/\\\/www.aliadospuebla.com\\\/#website\"},\"primaryImageOfPage\":{\"@id\":\"https:\\\/\\\/www.aliadospuebla.com\\\/?p=110396#primaryimage\"},\"image\":{\"@id\":\"https:\\\/\\\/www.aliadospuebla.com\\\/?p=110396#primaryimage\"},\"thumbnailUrl\":\"https:\\\/\\\/www.aliadospuebla.com\\\/web2017\\\/wp-content\\\/uploads\\\/2025\\\/12\\\/652.jpg\",\"datePublished\":\"2025-12-11T05:45:18+00:00\",\"author\":{\"@id\":\"https:\\\/\\\/www.aliadospuebla.com\\\/#\\\/schema\\\/person\\\/5da7dd09320bd4f392b710017ed5f8ad\"},\"breadcrumb\":{\"@id\":\"https:\\\/\\\/www.aliadospuebla.com\\\/?p=110396#breadcrumb\"},\"inLanguage\":\"es\",\"potentialAction\":[{\"@type\":\"ReadAction\",\"target\":[\"https:\\\/\\\/www.aliadospuebla.com\\\/?p=110396\"]}]},{\"@type\":\"ImageObject\",\"inLanguage\":\"es\",\"@id\":\"https:\\\/\\\/www.aliadospuebla.com\\\/?p=110396#primaryimage\",\"url\":\"https:\\\/\\\/www.aliadospuebla.com\\\/web2017\\\/wp-content\\\/uploads\\\/2025\\\/12\\\/652.jpg\",\"contentUrl\":\"https:\\\/\\\/www.aliadospuebla.com\\\/web2017\\\/wp-content\\\/uploads\\\/2025\\\/12\\\/652.jpg\",\"width\":600,\"height\":450},{\"@type\":\"BreadcrumbList\",\"@id\":\"https:\\\/\\\/www.aliadospuebla.com\\\/?p=110396#breadcrumb\",\"itemListElement\":[{\"@type\":\"ListItem\",\"position\":1,\"name\":\"Portada\",\"item\":\"https:\\\/\\\/www.aliadospuebla.com\\\/\"},{\"@type\":\"ListItem\",\"position\":2,\"name\":\"Gobierno de San Pedro Cholula refuerza la capacitaci\u00f3n en prevenci\u00f3n y combate de incendios forestales\"}]},{\"@type\":\"WebSite\",\"@id\":\"https:\\\/\\\/www.aliadospuebla.com\\\/#website\",\"url\":\"https:\\\/\\\/www.aliadospuebla.com\\\/\",\"name\":\"AliadosPuebla\",\"description\":\"La informaci\u00f3n en tus manos\",\"potentialAction\":[{\"@type\":\"SearchAction\",\"target\":{\"@type\":\"EntryPoint\",\"urlTemplate\":\"https:\\\/\\\/www.aliadospuebla.com\\\/?s={search_term_string}\"},\"query-input\":{\"@type\":\"PropertyValueSpecification\",\"valueRequired\":true,\"valueName\":\"search_term_string\"}}],\"inLanguage\":\"es\"},{\"@type\":\"Person\",\"@id\":\"https:\\\/\\\/www.aliadospuebla.com\\\/#\\\/schema\\\/person\\\/5da7dd09320bd4f392b710017ed5f8ad\",\"name\":\"Aliados17\",\"image\":{\"@type\":\"ImageObject\",\"inLanguage\":\"es\",\"@id\":\"https:\\\/\\\/www.aliadospuebla.com\\\/web2017\\\/wp-content\\\/uploads\\\/2025\\\/03\\\/cropped-para-perfil-8-anos-1-96x96.jpg\",\"url\":\"https:\\\/\\\/www.aliadospuebla.com\\\/web2017\\\/wp-content\\\/uploads\\\/2025\\\/03\\\/cropped-para-perfil-8-anos-1-96x96.jpg\",\"contentUrl\":\"https:\\\/\\\/www.aliadospuebla.com\\\/web2017\\\/wp-content\\\/uploads\\\/2025\\\/03\\\/cropped-para-perfil-8-anos-1-96x96.jpg\",\"caption\":\"Aliados17\"},\"sameAs\":[\"https:\\\/\\\/www.aliados17.com\",\"https:\\\/\\\/www.facebook.com\\\/Aliados17Pue\",\"https:\\\/\\\/x.com\\\/AliadosPuebla\"],\"url\":\"https:\\\/\\\/www.aliadospuebla.com\\\/?author=2\"}]}<\/script>\n<!-- \/ Yoast SEO plugin. -->","yoast_head_json":{"title":"Gobierno de San Pedro Cholula refuerza la capacitaci\u00f3n en prevenci\u00f3n y combate de incendios forestales - AliadosPuebla","robots":{"index":"index","follow":"follow","max-snippet":"max-snippet:-1","max-image-preview":"max-image-preview:large","max-video-preview":"max-video-preview:-1"},"canonical":"https:\/\/www.aliadospuebla.com\/?p=110396","og_locale":"es_ES","og_type":"article","og_title":"Gobierno de San Pedro Cholula refuerza la capacitaci\u00f3n en prevenci\u00f3n y combate de incendios forestales - AliadosPuebla","og_description":"San Pedro Cholula, Pue. \u2013 Bomberos de Protecci\u00f3n Civil Municipal (PC Cholula), elementos de la Polic\u00eda Montada, Polic\u00eda Municipal y Guardias Ciudadanos de la Secretar\u00eda de Seguridad Ciudadana de San Pedro Cholula (SSC Cholula) participaron en una capacitaci\u00f3n b\u00e1sica en prevenci\u00f3n y extinci\u00f3n de incendios forestales, impartida por personal de la Secretar\u00eda de Medio Ambiente, Desarrollo Sustentable y Ordenamiento Territorial del Estado. Durante la jornada formativa se proporcionaron herramientas te\u00f3ricas y pr\u00e1cticas para la identificaci\u00f3n de riesgos, el uso de equipo especializado y la aplicaci\u00f3n de t\u00e9cnicas de control y combate de fuego en zonas con vegetaci\u00f3n. Esta preparaci\u00f3n resulta fundamental debido a la presencia del Cerro Zapotecas, un \u00e1rea forestal ubicada dentro del municipio y considerada vulnerable durante la temporada de incendios. La Direcci\u00f3n&hellip;Leer m\u00e1s...","og_url":"https:\/\/www.aliadospuebla.com\/?p=110396","og_site_name":"AliadosPuebla","article_author":"https:\/\/www.facebook.com\/Aliados17Pue","article_published_time":"2025-12-11T05:45:18+00:00","og_image":[{"width":600,"height":450,"url":"https:\/\/www.aliadospuebla.com\/web2017\/wp-content\/uploads\/2025\/12\/652.jpg","type":"image\/jpeg"}],"author":"Aliados17","twitter_card":"summary_large_image","twitter_creator":"@AliadosPuebla","twitter_misc":{"Escrito por":"Aliados17","Tiempo de lectura":"2 minutos"},"schema":{"@context":"https:\/\/schema.org","@graph":[{"@type":"Article","@id":"https:\/\/www.aliadospuebla.com\/?p=110396#article","isPartOf":{"@id":"https:\/\/www.aliadospuebla.com\/?p=110396"},"author":{"name":"Aliados17","@id":"https:\/\/www.aliadospuebla.com\/#\/schema\/person\/5da7dd09320bd4f392b710017ed5f8ad"},"headline":"Gobierno de San Pedro Cholula refuerza la capacitaci\u00f3n en prevenci\u00f3n y combate de incendios forestales","datePublished":"2025-12-11T05:45:18+00:00","mainEntityOfPage":{"@id":"https:\/\/www.aliadospuebla.com\/?p=110396"},"wordCount":268,"commentCount":0,"image":{"@id":"https:\/\/www.aliadospuebla.com\/?p=110396#primaryimage"},"thumbnailUrl":"https:\/\/www.aliadospuebla.com\/web2017\/wp-content\/uploads\/2025\/12\/652.jpg","keywords":["CERRO ZAPOTECAS","combate de incendios forestales","PC Cholula","Prevencion","RECOMENDACIONES","SAN PEDRO CHOLULA"],"articleSection":["Municipios"],"inLanguage":"es","potentialAction":[{"@type":"CommentAction","name":"Comment","target":["https:\/\/www.aliadospuebla.com\/?p=110396#respond"]}]},{"@type":"WebPage","@id":"https:\/\/www.aliadospuebla.com\/?p=110396","url":"https:\/\/www.aliadospuebla.com\/?p=110396","name":"Gobierno de San Pedro Cholula refuerza la capacitaci\u00f3n en prevenci\u00f3n y combate de incendios forestales - AliadosPuebla","isPartOf":{"@id":"https:\/\/www.aliadospuebla.com\/#website"},"primaryImageOfPage":{"@id":"https:\/\/www.aliadospuebla.com\/?p=110396#primaryimage"},"image":{"@id":"https:\/\/www.aliadospuebla.com\/?p=110396#primaryimage"},"thumbnailUrl":"https:\/\/www.aliadospuebla.com\/web2017\/wp-content\/uploads\/2025\/12\/652.jpg","datePublished":"2025-12-11T05:45:18+00:00","author":{"@id":"https:\/\/www.aliadospuebla.com\/#\/schema\/person\/5da7dd09320bd4f392b710017ed5f8ad"},"breadcrumb":{"@id":"https:\/\/www.aliadospuebla.com\/?p=110396#breadcrumb"},"inLanguage":"es","potentialAction":[{"@type":"ReadAction","target":["https:\/\/www.aliadospuebla.com\/?p=110396"]}]},{"@type":"ImageObject","inLanguage":"es","@id":"https:\/\/www.aliadospuebla.com\/?p=110396#primaryimage","url":"https:\/\/www.aliadospuebla.com\/web2017\/wp-content\/uploads\/2025\/12\/652.jpg","contentUrl":"https:\/\/www.aliadospuebla.com\/web2017\/wp-content\/uploads\/2025\/12\/652.jpg","width":600,"height":450},{"@type":"BreadcrumbList","@id":"https:\/\/www.aliadospuebla.com\/?p=110396#breadcrumb","itemListElement":[{"@type":"ListItem","position":1,"name":"Portada","item":"https:\/\/www.aliadospuebla.com\/"},{"@type":"ListItem","position":2,"name":"Gobierno de San Pedro Cholula refuerza la capacitaci\u00f3n en prevenci\u00f3n y combate de incendios forestales"}]},{"@type":"WebSite","@id":"https:\/\/www.aliadospuebla.com\/#website","url":"https:\/\/www.aliadospuebla.com\/","name":"AliadosPuebla","description":"La informaci\u00f3n en tus manos","potentialAction":[{"@type":"SearchAction","target":{"@type":"EntryPoint","urlTemplate":"https:\/\/www.aliadospuebla.com\/?s={search_term_string}"},"query-input":{"@type":"PropertyValueSpecification","valueRequired":true,"valueName":"search_term_string"}}],"inLanguage":"es"},{"@type":"Person","@id":"https:\/\/www.aliadospuebla.com\/#\/schema\/person\/5da7dd09320bd4f392b710017ed5f8ad","name":"Aliados17","image":{"@type":"ImageObject","inLanguage":"es","@id":"https:\/\/www.aliadospuebla.com\/web2017\/wp-content\/uploads\/2025\/03\/cropped-para-perfil-8-anos-1-96x96.jpg","url":"https:\/\/www.aliadospuebla.com\/web2017\/wp-content\/uploads\/2025\/03\/cropped-para-perfil-8-anos-1-96x96.jpg","contentUrl":"https:\/\/www.aliadospuebla.com\/web2017\/wp-content\/uploads\/2025\/03\/cropped-para-perfil-8-anos-1-96x96.jpg","caption":"Aliados17"},"sameAs":["https:\/\/www.aliados17.com","https:\/\/www.facebook.com\/Aliados17Pue","https:\/\/x.com\/AliadosPuebla"],"url":"https:\/\/www.aliadospuebla.com\/?author=2"}]}},"views":8,"_links":{"self":[{"href":"https:\/\/www.aliadospuebla.com\/index.php?rest_route=\/wp\/v2\/posts\/110396","targetHints":{"allow":["GET"]}}],"collection":[{"href":"https:\/\/www.aliadospuebla.com\/index.php?rest_route=\/wp\/v2\/posts"}],"about":[{"href":"https:\/\/www.aliadospuebla.com\/index.php?rest_route=\/wp\/v2\/types\/post"}],"author":[{"embeddable":true,"href":"https:\/\/www.aliadospuebla.com\/index.php?rest_route=\/wp\/v2\/users\/2"}],"replies":[{"embeddable":true,"href":"https:\/\/www.aliadospuebla.com\/index.php?rest_route=%2Fwp%2Fv2%2Fcomments&post=110396"}],"version-history":[{"count":1,"href":"https:\/\/www.aliadospuebla.com\/index.php?rest_route=\/wp\/v2\/posts\/110396\/revisions"}],"predecessor-version":[{"id":110398,"href":"https:\/\/www.aliadospuebla.com\/index.php?rest_route=\/wp\/v2\/posts\/110396\/revisions\/110398"}],"wp:featuredmedia":[{"embeddable":true,"href":"https:\/\/www.aliadospuebla.com\/index.php?rest_route=\/wp\/v2\/media\/110397"}],"wp:attachment":[{"href":"https:\/\/www.aliadospuebla.com\/index.php?rest_route=%2Fwp%2Fv2%2Fmedia&parent=110396"}],"wp:term":[{"taxonomy":"category","embeddable":true,"href":"https:\/\/www.aliadospuebla.com\/index.php?rest_route=%2Fwp%2Fv2%2Fcategories&post=110396"},{"taxonomy":"post_tag","embeddable":true,"href":"https:\/\/www.aliadospuebla.com\/index.php?rest_route=%2Fwp%2Fv2%2Ftags&post=110396"}],"curies":[{"name":"wp","href":"https:\/\/api.w.org\/{rel}","templated":true}]}}