{"id":110389,"date":"2025-12-10T22:48:33","date_gmt":"2025-12-11T04:48:33","guid":{"rendered":"https:\/\/www.aliadospuebla.com\/?p=110389"},"modified":"2025-12-10T22:48:33","modified_gmt":"2025-12-11T04:48:33","slug":"proteccion-civil-atiende-incidencias-en-san-sebastian-tepalcatepec-y-el-barrio-de-jesus","status":"publish","type":"post","link":"https:\/\/www.aliadospuebla.com\/?p=110389","title":{"rendered":"Protecci\u00f3n Civil atiende incidencias en San Sebasti\u00e1n Tepalcatepec y el Barrio de Jes\u00fas"},"content":{"rendered":"<h4>San Pedro Cholula, Pue. \u2013 El Gobierno Municipal de San Pedro Cholula, a trav\u00e9s de la Direcci\u00f3n de Protecci\u00f3n Civil, atendi\u00f3 oportunamente distintos reportes registrados en la Junta Auxiliar de San Sebasti\u00e1n Tepalcatepec y el Barrio de Jes\u00fas.<\/h4>\n<p>En la calle 16 de Septiembre, personal de Protecci\u00f3n Civil<\/p>\n<p>activ\u00f3 los protocolos correspondientes<\/p>\n<p>tras recibir el reporte de un poste con riesgo de ca\u00edda, derivado de un percance vial<\/p>\n<p>en el que un cami\u00f3n impact\u00f3 la estructura.<\/p>\n<p>Como medida preventiva, la zona fue acordonada mientras personal de la Comisi\u00f3n<\/p>\n<p>Federal de Electricidad realizaba las labores necesarias.<\/p>\n<p>De manera paralela,<\/p>\n<p>Vialidad Municipal implement\u00f3 dispositivos de seguridad<\/p>\n<p>para prevenir cualquier incidente.<\/p>\n<p>En otro hecho, en la calle 6 Norte, Bomberos de San Pedro Cholula<\/p>\n<p>atendieron el reporte de un transformador que present\u00f3 un corto circuito.<\/p>\n<p>El \u00e1rea fue delimitada y se notific\u00f3 a la dependencia correspondiente<\/p>\n<p>para llevar a cabo los trabajos pertinentes.<\/p>\n<h4>La Secretar\u00eda de Seguridad Ciudadana exhorta a la poblaci\u00f3n a realizar sus reportes de manera inmediata a los n\u00fameros de emergencia local:<\/h4>\n<p>\u2022 Protecci\u00f3n Civil: 22 22 47 00 97<\/p>\n<p>Secretar\u00eda de Seguridad Ciudadana: 22 22 47 05 62 o v\u00eda WhatsApp: 22 13 48 43 24.<\/p>\n<p>El Gobierno Municipal de San Pedro Cholula, encabezado por la presidenta municipal<\/p>\n<p>Tonantzin Fern\u00e1ndez, refrenda su compromiso de actuar de manera oportuna y eficaz para salvaguardar la integridad de las y los cholultecas.<\/p>\n","protected":false},"excerpt":{"rendered":"<p>San Pedro Cholula, Pue. \u2013 El Gobierno Municipal de San Pedro Cholula, a trav\u00e9s de la Direcci\u00f3n de Protecci\u00f3n Civil, atendi\u00f3 oportunamente distintos reportes registrados en la Junta Auxiliar de San Sebasti\u00e1n Tepalcatepec y el Barrio de Jes\u00fas. En la calle 16 de Septiembre, personal de Protecci\u00f3n Civil activ\u00f3 los protocolos correspondientes tras recibir el reporte de un poste con riesgo de ca\u00edda, derivado de un percance vial en el que un cami\u00f3n impact\u00f3 la estructura. Como medida preventiva, la zona fue acordonada mientras personal de la Comisi\u00f3n Federal de Electricidad realizaba las labores necesarias. De manera paralela, Vialidad Municipal implement\u00f3 dispositivos de seguridad para prevenir cualquier incidente. En otro hecho, en la calle 6 Norte, Bomberos de San Pedro Cholula atendieron el reporte de&hellip;<\/p>\n<p class=\"excerpt-more\"><a class=\"blog-excerpt button\" href=\"https:\/\/www.aliadospuebla.com\/?p=110389\">Leer m\u00e1s&#8230;<\/a><\/p>\n","protected":false},"author":2,"featured_media":110390,"comment_status":"open","ping_status":"open","sticky":false,"template":"","format":"standard","meta":{"_monsterinsights_skip_tracking":false,"footnotes":""},"categories":[4],"tags":[110,26297,11829,109,387,26279,7394],"class_list":["post-110389","post","type-post","status-publish","format-standard","has-post-thumbnail","hentry","category-municipios","tag-bomberos","tag-dispositivos-de-seguridad","tag-percance-vial","tag-proteccion-civil","tag-san-pedro-cholula","tag-san-sebastian-tepalcatepec","tag-tonantzin-fernandez"],"yoast_head":"<!-- This site is optimized with the Yoast SEO plugin v28.4 - https:\/\/yoast.com\/product\/yoast-seo-wordpress\/ -->\n<title>Protecci\u00f3n Civil atiende incidencias en San Sebasti\u00e1n Tepalcatepec y el Barrio de Jes\u00fas - AliadosPuebla<\/title>\n<meta name=\"robots\" content=\"index, follow, max-snippet:-1, max-image-preview:large, max-video-preview:-1\" \/>\n<link rel=\"canonical\" href=\"https:\/\/www.aliadospuebla.com\/?p=110389\" \/>\n<meta property=\"og:locale\" content=\"es_ES\" \/>\n<meta property=\"og:type\" content=\"article\" \/>\n<meta property=\"og:title\" content=\"Protecci\u00f3n Civil atiende incidencias en San Sebasti\u00e1n Tepalcatepec y el Barrio de Jes\u00fas - AliadosPuebla\" \/>\n<meta property=\"og:description\" content=\"San Pedro Cholula, Pue. \u2013 El Gobierno Municipal de San Pedro Cholula, a trav\u00e9s de la Direcci\u00f3n de Protecci\u00f3n Civil, atendi\u00f3 oportunamente distintos reportes registrados en la Junta Auxiliar de San Sebasti\u00e1n Tepalcatepec y el Barrio de Jes\u00fas. En la calle 16 de Septiembre, personal de Protecci\u00f3n Civil activ\u00f3 los protocolos correspondientes tras recibir el reporte de un poste con riesgo de ca\u00edda, derivado de un percance vial en el que un cami\u00f3n impact\u00f3 la estructura. Como medida preventiva, la zona fue acordonada mientras personal de la Comisi\u00f3n Federal de Electricidad realizaba las labores necesarias. De manera paralela, Vialidad Municipal implement\u00f3 dispositivos de seguridad para prevenir cualquier incidente. En otro hecho, en la calle 6 Norte, Bomberos de San Pedro Cholula atendieron el reporte de&hellip;Leer m\u00e1s...\" \/>\n<meta property=\"og:url\" content=\"https:\/\/www.aliadospuebla.com\/?p=110389\" \/>\n<meta property=\"og:site_name\" content=\"AliadosPuebla\" \/>\n<meta property=\"article:author\" content=\"https:\/\/www.facebook.com\/Aliados17Pue\" \/>\n<meta property=\"article:published_time\" content=\"2025-12-11T04:48:33+00:00\" \/>\n<meta property=\"og:image\" content=\"https:\/\/www.aliadospuebla.com\/web2017\/wp-content\/uploads\/2025\/12\/650.jpg\" \/>\n\t<meta property=\"og:image:width\" content=\"600\" \/>\n\t<meta property=\"og:image:height\" content=\"450\" \/>\n\t<meta property=\"og:image:type\" content=\"image\/jpeg\" \/>\n<meta name=\"author\" content=\"Aliados17\" \/>\n<meta name=\"twitter:card\" content=\"summary_large_image\" \/>\n<meta name=\"twitter:creator\" content=\"@AliadosPuebla\" \/>\n<meta name=\"twitter:label1\" content=\"Escrito por\" \/>\n\t<meta name=\"twitter:data1\" content=\"Aliados17\" \/>\n\t<meta name=\"twitter:label2\" content=\"Tiempo de lectura\" \/>\n\t<meta name=\"twitter:data2\" content=\"2 minutos\" \/>\n<script type=\"application\/ld+json\" class=\"yoast-schema-graph\">{\"@context\":\"https:\\\/\\\/schema.org\",\"@graph\":[{\"@type\":\"Article\",\"@id\":\"https:\\\/\\\/www.aliadospuebla.com\\\/?p=110389#article\",\"isPartOf\":{\"@id\":\"https:\\\/\\\/www.aliadospuebla.com\\\/?p=110389\"},\"author\":{\"name\":\"Aliados17\",\"@id\":\"https:\\\/\\\/www.aliadospuebla.com\\\/#\\\/schema\\\/person\\\/5da7dd09320bd4f392b710017ed5f8ad\"},\"headline\":\"Protecci\u00f3n Civil atiende incidencias en San Sebasti\u00e1n Tepalcatepec y el Barrio de Jes\u00fas\",\"datePublished\":\"2025-12-11T04:48:33+00:00\",\"mainEntityOfPage\":{\"@id\":\"https:\\\/\\\/www.aliadospuebla.com\\\/?p=110389\"},\"wordCount\":243,\"commentCount\":0,\"image\":{\"@id\":\"https:\\\/\\\/www.aliadospuebla.com\\\/?p=110389#primaryimage\"},\"thumbnailUrl\":\"https:\\\/\\\/www.aliadospuebla.com\\\/web2017\\\/wp-content\\\/uploads\\\/2025\\\/12\\\/650.jpg\",\"keywords\":[\"bomberos\",\"dispositivos de seguridad\",\"percance vial\",\"protecci\u00f3n civil\",\"SAN PEDRO CHOLULA\",\"San Sebasti\u00e1n Tepalcatepec\",\"TONANTZIN FERN\u00c1NDEZ\"],\"articleSection\":[\"Municipios\"],\"inLanguage\":\"es\",\"potentialAction\":[{\"@type\":\"CommentAction\",\"name\":\"Comment\",\"target\":[\"https:\\\/\\\/www.aliadospuebla.com\\\/?p=110389#respond\"]}]},{\"@type\":\"WebPage\",\"@id\":\"https:\\\/\\\/www.aliadospuebla.com\\\/?p=110389\",\"url\":\"https:\\\/\\\/www.aliadospuebla.com\\\/?p=110389\",\"name\":\"Protecci\u00f3n Civil atiende incidencias en San Sebasti\u00e1n Tepalcatepec y el Barrio de Jes\u00fas - AliadosPuebla\",\"isPartOf\":{\"@id\":\"https:\\\/\\\/www.aliadospuebla.com\\\/#website\"},\"primaryImageOfPage\":{\"@id\":\"https:\\\/\\\/www.aliadospuebla.com\\\/?p=110389#primaryimage\"},\"image\":{\"@id\":\"https:\\\/\\\/www.aliadospuebla.com\\\/?p=110389#primaryimage\"},\"thumbnailUrl\":\"https:\\\/\\\/www.aliadospuebla.com\\\/web2017\\\/wp-content\\\/uploads\\\/2025\\\/12\\\/650.jpg\",\"datePublished\":\"2025-12-11T04:48:33+00:00\",\"author\":{\"@id\":\"https:\\\/\\\/www.aliadospuebla.com\\\/#\\\/schema\\\/person\\\/5da7dd09320bd4f392b710017ed5f8ad\"},\"breadcrumb\":{\"@id\":\"https:\\\/\\\/www.aliadospuebla.com\\\/?p=110389#breadcrumb\"},\"inLanguage\":\"es\",\"potentialAction\":[{\"@type\":\"ReadAction\",\"target\":[\"https:\\\/\\\/www.aliadospuebla.com\\\/?p=110389\"]}]},{\"@type\":\"ImageObject\",\"inLanguage\":\"es\",\"@id\":\"https:\\\/\\\/www.aliadospuebla.com\\\/?p=110389#primaryimage\",\"url\":\"https:\\\/\\\/www.aliadospuebla.com\\\/web2017\\\/wp-content\\\/uploads\\\/2025\\\/12\\\/650.jpg\",\"contentUrl\":\"https:\\\/\\\/www.aliadospuebla.com\\\/web2017\\\/wp-content\\\/uploads\\\/2025\\\/12\\\/650.jpg\",\"width\":600,\"height\":450},{\"@type\":\"BreadcrumbList\",\"@id\":\"https:\\\/\\\/www.aliadospuebla.com\\\/?p=110389#breadcrumb\",\"itemListElement\":[{\"@type\":\"ListItem\",\"position\":1,\"name\":\"Portada\",\"item\":\"https:\\\/\\\/www.aliadospuebla.com\\\/\"},{\"@type\":\"ListItem\",\"position\":2,\"name\":\"Protecci\u00f3n Civil atiende incidencias en San Sebasti\u00e1n Tepalcatepec y el Barrio de Jes\u00fas\"}]},{\"@type\":\"WebSite\",\"@id\":\"https:\\\/\\\/www.aliadospuebla.com\\\/#website\",\"url\":\"https:\\\/\\\/www.aliadospuebla.com\\\/\",\"name\":\"AliadosPuebla\",\"description\":\"La informaci\u00f3n en tus manos\",\"potentialAction\":[{\"@type\":\"SearchAction\",\"target\":{\"@type\":\"EntryPoint\",\"urlTemplate\":\"https:\\\/\\\/www.aliadospuebla.com\\\/?s={search_term_string}\"},\"query-input\":{\"@type\":\"PropertyValueSpecification\",\"valueRequired\":true,\"valueName\":\"search_term_string\"}}],\"inLanguage\":\"es\"},{\"@type\":\"Person\",\"@id\":\"https:\\\/\\\/www.aliadospuebla.com\\\/#\\\/schema\\\/person\\\/5da7dd09320bd4f392b710017ed5f8ad\",\"name\":\"Aliados17\",\"image\":{\"@type\":\"ImageObject\",\"inLanguage\":\"es\",\"@id\":\"https:\\\/\\\/www.aliadospuebla.com\\\/web2017\\\/wp-content\\\/uploads\\\/2025\\\/03\\\/cropped-para-perfil-8-anos-1-96x96.jpg\",\"url\":\"https:\\\/\\\/www.aliadospuebla.com\\\/web2017\\\/wp-content\\\/uploads\\\/2025\\\/03\\\/cropped-para-perfil-8-anos-1-96x96.jpg\",\"contentUrl\":\"https:\\\/\\\/www.aliadospuebla.com\\\/web2017\\\/wp-content\\\/uploads\\\/2025\\\/03\\\/cropped-para-perfil-8-anos-1-96x96.jpg\",\"caption\":\"Aliados17\"},\"sameAs\":[\"https:\\\/\\\/www.aliados17.com\",\"https:\\\/\\\/www.facebook.com\\\/Aliados17Pue\",\"https:\\\/\\\/x.com\\\/AliadosPuebla\"],\"url\":\"https:\\\/\\\/www.aliadospuebla.com\\\/?author=2\"}]}<\/script>\n<!-- \/ Yoast SEO plugin. -->","yoast_head_json":{"title":"Protecci\u00f3n Civil atiende incidencias en San Sebasti\u00e1n Tepalcatepec y el Barrio de Jes\u00fas - AliadosPuebla","robots":{"index":"index","follow":"follow","max-snippet":"max-snippet:-1","max-image-preview":"max-image-preview:large","max-video-preview":"max-video-preview:-1"},"canonical":"https:\/\/www.aliadospuebla.com\/?p=110389","og_locale":"es_ES","og_type":"article","og_title":"Protecci\u00f3n Civil atiende incidencias en San Sebasti\u00e1n Tepalcatepec y el Barrio de Jes\u00fas - AliadosPuebla","og_description":"San Pedro Cholula, Pue. \u2013 El Gobierno Municipal de San Pedro Cholula, a trav\u00e9s de la Direcci\u00f3n de Protecci\u00f3n Civil, atendi\u00f3 oportunamente distintos reportes registrados en la Junta Auxiliar de San Sebasti\u00e1n Tepalcatepec y el Barrio de Jes\u00fas. En la calle 16 de Septiembre, personal de Protecci\u00f3n Civil activ\u00f3 los protocolos correspondientes tras recibir el reporte de un poste con riesgo de ca\u00edda, derivado de un percance vial en el que un cami\u00f3n impact\u00f3 la estructura. Como medida preventiva, la zona fue acordonada mientras personal de la Comisi\u00f3n Federal de Electricidad realizaba las labores necesarias. De manera paralela, Vialidad Municipal implement\u00f3 dispositivos de seguridad para prevenir cualquier incidente. En otro hecho, en la calle 6 Norte, Bomberos de San Pedro Cholula atendieron el reporte de&hellip;Leer m\u00e1s...","og_url":"https:\/\/www.aliadospuebla.com\/?p=110389","og_site_name":"AliadosPuebla","article_author":"https:\/\/www.facebook.com\/Aliados17Pue","article_published_time":"2025-12-11T04:48:33+00:00","og_image":[{"width":600,"height":450,"url":"https:\/\/www.aliadospuebla.com\/web2017\/wp-content\/uploads\/2025\/12\/650.jpg","type":"image\/jpeg"}],"author":"Aliados17","twitter_card":"summary_large_image","twitter_creator":"@AliadosPuebla","twitter_misc":{"Escrito por":"Aliados17","Tiempo de lectura":"2 minutos"},"schema":{"@context":"https:\/\/schema.org","@graph":[{"@type":"Article","@id":"https:\/\/www.aliadospuebla.com\/?p=110389#article","isPartOf":{"@id":"https:\/\/www.aliadospuebla.com\/?p=110389"},"author":{"name":"Aliados17","@id":"https:\/\/www.aliadospuebla.com\/#\/schema\/person\/5da7dd09320bd4f392b710017ed5f8ad"},"headline":"Protecci\u00f3n Civil atiende incidencias en San Sebasti\u00e1n Tepalcatepec y el Barrio de Jes\u00fas","datePublished":"2025-12-11T04:48:33+00:00","mainEntityOfPage":{"@id":"https:\/\/www.aliadospuebla.com\/?p=110389"},"wordCount":243,"commentCount":0,"image":{"@id":"https:\/\/www.aliadospuebla.com\/?p=110389#primaryimage"},"thumbnailUrl":"https:\/\/www.aliadospuebla.com\/web2017\/wp-content\/uploads\/2025\/12\/650.jpg","keywords":["bomberos","dispositivos de seguridad","percance vial","protecci\u00f3n civil","SAN PEDRO CHOLULA","San Sebasti\u00e1n Tepalcatepec","TONANTZIN FERN\u00c1NDEZ"],"articleSection":["Municipios"],"inLanguage":"es","potentialAction":[{"@type":"CommentAction","name":"Comment","target":["https:\/\/www.aliadospuebla.com\/?p=110389#respond"]}]},{"@type":"WebPage","@id":"https:\/\/www.aliadospuebla.com\/?p=110389","url":"https:\/\/www.aliadospuebla.com\/?p=110389","name":"Protecci\u00f3n Civil atiende incidencias en San Sebasti\u00e1n Tepalcatepec y el Barrio de Jes\u00fas - AliadosPuebla","isPartOf":{"@id":"https:\/\/www.aliadospuebla.com\/#website"},"primaryImageOfPage":{"@id":"https:\/\/www.aliadospuebla.com\/?p=110389#primaryimage"},"image":{"@id":"https:\/\/www.aliadospuebla.com\/?p=110389#primaryimage"},"thumbnailUrl":"https:\/\/www.aliadospuebla.com\/web2017\/wp-content\/uploads\/2025\/12\/650.jpg","datePublished":"2025-12-11T04:48:33+00:00","author":{"@id":"https:\/\/www.aliadospuebla.com\/#\/schema\/person\/5da7dd09320bd4f392b710017ed5f8ad"},"breadcrumb":{"@id":"https:\/\/www.aliadospuebla.com\/?p=110389#breadcrumb"},"inLanguage":"es","potentialAction":[{"@type":"ReadAction","target":["https:\/\/www.aliadospuebla.com\/?p=110389"]}]},{"@type":"ImageObject","inLanguage":"es","@id":"https:\/\/www.aliadospuebla.com\/?p=110389#primaryimage","url":"https:\/\/www.aliadospuebla.com\/web2017\/wp-content\/uploads\/2025\/12\/650.jpg","contentUrl":"https:\/\/www.aliadospuebla.com\/web2017\/wp-content\/uploads\/2025\/12\/650.jpg","width":600,"height":450},{"@type":"BreadcrumbList","@id":"https:\/\/www.aliadospuebla.com\/?p=110389#breadcrumb","itemListElement":[{"@type":"ListItem","position":1,"name":"Portada","item":"https:\/\/www.aliadospuebla.com\/"},{"@type":"ListItem","position":2,"name":"Protecci\u00f3n Civil atiende incidencias en San Sebasti\u00e1n Tepalcatepec y el Barrio de Jes\u00fas"}]},{"@type":"WebSite","@id":"https:\/\/www.aliadospuebla.com\/#website","url":"https:\/\/www.aliadospuebla.com\/","name":"AliadosPuebla","description":"La informaci\u00f3n en tus manos","potentialAction":[{"@type":"SearchAction","target":{"@type":"EntryPoint","urlTemplate":"https:\/\/www.aliadospuebla.com\/?s={search_term_string}"},"query-input":{"@type":"PropertyValueSpecification","valueRequired":true,"valueName":"search_term_string"}}],"inLanguage":"es"},{"@type":"Person","@id":"https:\/\/www.aliadospuebla.com\/#\/schema\/person\/5da7dd09320bd4f392b710017ed5f8ad","name":"Aliados17","image":{"@type":"ImageObject","inLanguage":"es","@id":"https:\/\/www.aliadospuebla.com\/web2017\/wp-content\/uploads\/2025\/03\/cropped-para-perfil-8-anos-1-96x96.jpg","url":"https:\/\/www.aliadospuebla.com\/web2017\/wp-content\/uploads\/2025\/03\/cropped-para-perfil-8-anos-1-96x96.jpg","contentUrl":"https:\/\/www.aliadospuebla.com\/web2017\/wp-content\/uploads\/2025\/03\/cropped-para-perfil-8-anos-1-96x96.jpg","caption":"Aliados17"},"sameAs":["https:\/\/www.aliados17.com","https:\/\/www.facebook.com\/Aliados17Pue","https:\/\/x.com\/AliadosPuebla"],"url":"https:\/\/www.aliadospuebla.com\/?author=2"}]}},"views":16,"_links":{"self":[{"href":"https:\/\/www.aliadospuebla.com\/index.php?rest_route=\/wp\/v2\/posts\/110389","targetHints":{"allow":["GET"]}}],"collection":[{"href":"https:\/\/www.aliadospuebla.com\/index.php?rest_route=\/wp\/v2\/posts"}],"about":[{"href":"https:\/\/www.aliadospuebla.com\/index.php?rest_route=\/wp\/v2\/types\/post"}],"author":[{"embeddable":true,"href":"https:\/\/www.aliadospuebla.com\/index.php?rest_route=\/wp\/v2\/users\/2"}],"replies":[{"embeddable":true,"href":"https:\/\/www.aliadospuebla.com\/index.php?rest_route=%2Fwp%2Fv2%2Fcomments&post=110389"}],"version-history":[{"count":1,"href":"https:\/\/www.aliadospuebla.com\/index.php?rest_route=\/wp\/v2\/posts\/110389\/revisions"}],"predecessor-version":[{"id":110391,"href":"https:\/\/www.aliadospuebla.com\/index.php?rest_route=\/wp\/v2\/posts\/110389\/revisions\/110391"}],"wp:featuredmedia":[{"embeddable":true,"href":"https:\/\/www.aliadospuebla.com\/index.php?rest_route=\/wp\/v2\/media\/110390"}],"wp:attachment":[{"href":"https:\/\/www.aliadospuebla.com\/index.php?rest_route=%2Fwp%2Fv2%2Fmedia&parent=110389"}],"wp:term":[{"taxonomy":"category","embeddable":true,"href":"https:\/\/www.aliadospuebla.com\/index.php?rest_route=%2Fwp%2Fv2%2Fcategories&post=110389"},{"taxonomy":"post_tag","embeddable":true,"href":"https:\/\/www.aliadospuebla.com\/index.php?rest_route=%2Fwp%2Fv2%2Ftags&post=110389"}],"curies":[{"name":"wp","href":"https:\/\/api.w.org\/{rel}","templated":true}]}}