{"id":110349,"date":"2025-11-14T00:31:32","date_gmt":"2025-11-14T06:31:32","guid":{"rendered":"https:\/\/www.aliadospuebla.com\/?p=110349"},"modified":"2025-12-09T00:39:47","modified_gmt":"2025-12-09T06:39:47","slug":"tecamachalco-conmemora-y-crea-conciencia-sobre-la-prevencion-de-la-diabetes","status":"publish","type":"post","link":"https:\/\/www.aliadospuebla.com\/?p=110349","title":{"rendered":"Tecamachalco conmemora y crea conciencia sobre la prevenci\u00f3n de la diabetes"},"content":{"rendered":"<div class=\"xdj266r x14z9mp xat24cr x1lziwak x1vvkbs x126k92a\">\n<div dir=\"auto\">Hoy conmemoramos el D\u00eda Mundial de la Diabetes, una fecha dedicada a crear conciencia sobre la importancia de prevenir, detectar y tratar oportunamente esta enfermedad que afecta a millones de personas en todo el mundo.<\/div>\n<\/div>\n<div class=\"x14z9mp xat24cr x1lziwak x1vvkbs xtlvy1s x126k92a\">\n<div dir=\"auto\">Desde el H. Ayuntamiento de Tecamachalco refrendamos nuestro compromiso con la salud de todas y todos. Promovemos estilos de vida saludables, la detecci\u00f3n temprana y el acceso a informaci\u00f3n que permita a nuestra comunidad cuidarse y cuidar a quienes m\u00e1s quieren.<\/div>\n<\/div>\n<div class=\"x14z9mp xat24cr x1lziwak x1vvkbs xtlvy1s x126k92a\">\n<div dir=\"auto\">Recordemos que la prevenci\u00f3n comienza en casa:<\/div>\n<div dir=\"auto\"><span class=\"html-span xexx8yu xyri2b x18d9i69 x1c1uobl x1hl2dhg x16tdsg8 x1vvkbs x3nfvp2 x1j61x8r x1fcty0u xdj266r xat24cr xm2jcoa x1mpyi22 xxymvpz xlup9mm x1kky2od\"><img loading=\"lazy\" decoding=\"async\" class=\"xz74otr x15mokao x1ga7v0g x16uus16 xbiv7yw\" src=\"https:\/\/static.xx.fbcdn.net\/images\/emoji.php\/v9\/t51\/1\/16\/2714.png\" alt=\"\u2714\ufe0f\" width=\"16\" height=\"16\" \/><\/span> Alimentaci\u00f3n equilibrada<\/div>\n<div dir=\"auto\">\u00a0Activaci\u00f3n f\u00edsica diaria<\/div>\n<div dir=\"auto\"><span class=\"html-span xexx8yu xyri2b x18d9i69 x1c1uobl x1hl2dhg x16tdsg8 x1vvkbs x3nfvp2 x1j61x8r x1fcty0u xdj266r xat24cr xm2jcoa x1mpyi22 xxymvpz xlup9mm x1kky2od\"><img loading=\"lazy\" decoding=\"async\" class=\"xz74otr x15mokao x1ga7v0g x16uus16 xbiv7yw\" src=\"https:\/\/static.xx.fbcdn.net\/images\/emoji.php\/v9\/t51\/1\/16\/2714.png\" alt=\"\u2714\ufe0f\" width=\"16\" height=\"16\" \/><\/span> Revisi\u00f3n m\u00e9dica regular<\/div>\n<div dir=\"auto\">\u00a0Control de glucosa en personas en riesgo<\/div>\n<\/div>\n<div class=\"x14z9mp xat24cr x1lziwak x1vvkbs xtlvy1s x126k92a\">\n<div dir=\"auto\">Juntos podemos construir un municipio m\u00e1s sano, informado y consciente.<\/div>\n<\/div>\n","protected":false},"excerpt":{"rendered":"<p>Hoy conmemoramos el D\u00eda Mundial de la Diabetes, una fecha dedicada a crear conciencia sobre la importancia de prevenir, detectar y tratar oportunamente esta enfermedad que afecta a millones de personas en todo el mundo. Desde el H. Ayuntamiento de Tecamachalco refrendamos nuestro compromiso con la salud de todas y todos. Promovemos estilos de vida saludables, la detecci\u00f3n temprana y el acceso a informaci\u00f3n que permita a nuestra comunidad cuidarse y cuidar a quienes m\u00e1s quieren. Recordemos que la prevenci\u00f3n comienza en casa: Alimentaci\u00f3n equilibrada \u00a0Activaci\u00f3n f\u00edsica diaria Revisi\u00f3n m\u00e9dica regular \u00a0Control de glucosa en personas en riesgo Juntos podemos construir un municipio m\u00e1s sano, informado y consciente.<\/p>\n","protected":false},"author":2,"featured_media":110350,"comment_status":"open","ping_status":"open","sticky":false,"template":"","format":"standard","meta":{"_monsterinsights_skip_tracking":false,"footnotes":""},"categories":[4],"tags":[31803,31541,29,365,129],"class_list":["post-110349","post","type-post","status-publish","format-standard","has-post-thumbnail","hentry","category-municipios","tag-control-de-glucosa","tag-dia-mundial-de-la-diabetes","tag-prevencion","tag-salud","tag-tecamachalco"],"yoast_head":"<!-- This site is optimized with the Yoast SEO plugin v28.4 - https:\/\/yoast.com\/product\/yoast-seo-wordpress\/ -->\n<title>Tecamachalco conmemora y crea conciencia sobre la prevenci\u00f3n de la diabetes - AliadosPuebla<\/title>\n<meta name=\"robots\" content=\"index, follow, max-snippet:-1, max-image-preview:large, max-video-preview:-1\" \/>\n<link rel=\"canonical\" href=\"https:\/\/www.aliadospuebla.com\/?p=110349\" \/>\n<meta property=\"og:locale\" content=\"es_ES\" \/>\n<meta property=\"og:type\" content=\"article\" \/>\n<meta property=\"og:title\" content=\"Tecamachalco conmemora y crea conciencia sobre la prevenci\u00f3n de la diabetes - AliadosPuebla\" \/>\n<meta property=\"og:description\" content=\"Hoy conmemoramos el D\u00eda Mundial de la Diabetes, una fecha dedicada a crear conciencia sobre la importancia de prevenir, detectar y tratar oportunamente esta enfermedad que afecta a millones de personas en todo el mundo. Desde el H. Ayuntamiento de Tecamachalco refrendamos nuestro compromiso con la salud de todas y todos. Promovemos estilos de vida saludables, la detecci\u00f3n temprana y el acceso a informaci\u00f3n que permita a nuestra comunidad cuidarse y cuidar a quienes m\u00e1s quieren. Recordemos que la prevenci\u00f3n comienza en casa: Alimentaci\u00f3n equilibrada \u00a0Activaci\u00f3n f\u00edsica diaria Revisi\u00f3n m\u00e9dica regular \u00a0Control de glucosa en personas en riesgo Juntos podemos construir un municipio m\u00e1s sano, informado y consciente.\" \/>\n<meta property=\"og:url\" content=\"https:\/\/www.aliadospuebla.com\/?p=110349\" \/>\n<meta property=\"og:site_name\" content=\"AliadosPuebla\" \/>\n<meta property=\"article:author\" content=\"https:\/\/www.facebook.com\/Aliados17Pue\" \/>\n<meta property=\"article:published_time\" content=\"2025-11-14T06:31:32+00:00\" \/>\n<meta property=\"article:modified_time\" content=\"2025-12-09T06:39:47+00:00\" \/>\n<meta property=\"og:image\" content=\"https:\/\/www.aliadospuebla.com\/web2017\/wp-content\/uploads\/2025\/12\/637.jpg\" \/>\n\t<meta property=\"og:image:width\" content=\"600\" \/>\n\t<meta property=\"og:image:height\" content=\"450\" \/>\n\t<meta property=\"og:image:type\" content=\"image\/jpeg\" \/>\n<meta name=\"author\" content=\"Aliados17\" \/>\n<meta name=\"twitter:card\" content=\"summary_large_image\" \/>\n<meta name=\"twitter:creator\" content=\"@AliadosPuebla\" \/>\n<meta name=\"twitter:label1\" content=\"Escrito por\" \/>\n\t<meta name=\"twitter:data1\" content=\"Aliados17\" \/>\n\t<meta name=\"twitter:label2\" content=\"Tiempo de lectura\" \/>\n\t<meta name=\"twitter:data2\" content=\"2 minutos\" \/>\n<script type=\"application\/ld+json\" class=\"yoast-schema-graph\">{\"@context\":\"https:\\\/\\\/schema.org\",\"@graph\":[{\"@type\":\"Article\",\"@id\":\"https:\\\/\\\/www.aliadospuebla.com\\\/?p=110349#article\",\"isPartOf\":{\"@id\":\"https:\\\/\\\/www.aliadospuebla.com\\\/?p=110349\"},\"author\":{\"name\":\"Aliados17\",\"@id\":\"https:\\\/\\\/www.aliadospuebla.com\\\/#\\\/schema\\\/person\\\/5da7dd09320bd4f392b710017ed5f8ad\"},\"headline\":\"Tecamachalco conmemora y crea conciencia sobre la prevenci\u00f3n de la diabetes\",\"datePublished\":\"2025-11-14T06:31:32+00:00\",\"dateModified\":\"2025-12-09T06:39:47+00:00\",\"mainEntityOfPage\":{\"@id\":\"https:\\\/\\\/www.aliadospuebla.com\\\/?p=110349\"},\"wordCount\":131,\"commentCount\":0,\"image\":{\"@id\":\"https:\\\/\\\/www.aliadospuebla.com\\\/?p=110349#primaryimage\"},\"thumbnailUrl\":\"https:\\\/\\\/www.aliadospuebla.com\\\/web2017\\\/wp-content\\\/uploads\\\/2025\\\/12\\\/637.jpg\",\"keywords\":[\"Control de glucosa\",\"D\u00eda Mundial de la Diabetes\",\"Prevencion\",\"SALUD\",\"Tecamachalco\"],\"articleSection\":[\"Municipios\"],\"inLanguage\":\"es\",\"potentialAction\":[{\"@type\":\"CommentAction\",\"name\":\"Comment\",\"target\":[\"https:\\\/\\\/www.aliadospuebla.com\\\/?p=110349#respond\"]}]},{\"@type\":\"WebPage\",\"@id\":\"https:\\\/\\\/www.aliadospuebla.com\\\/?p=110349\",\"url\":\"https:\\\/\\\/www.aliadospuebla.com\\\/?p=110349\",\"name\":\"Tecamachalco conmemora y crea conciencia sobre la prevenci\u00f3n de la diabetes - AliadosPuebla\",\"isPartOf\":{\"@id\":\"https:\\\/\\\/www.aliadospuebla.com\\\/#website\"},\"primaryImageOfPage\":{\"@id\":\"https:\\\/\\\/www.aliadospuebla.com\\\/?p=110349#primaryimage\"},\"image\":{\"@id\":\"https:\\\/\\\/www.aliadospuebla.com\\\/?p=110349#primaryimage\"},\"thumbnailUrl\":\"https:\\\/\\\/www.aliadospuebla.com\\\/web2017\\\/wp-content\\\/uploads\\\/2025\\\/12\\\/637.jpg\",\"datePublished\":\"2025-11-14T06:31:32+00:00\",\"dateModified\":\"2025-12-09T06:39:47+00:00\",\"author\":{\"@id\":\"https:\\\/\\\/www.aliadospuebla.com\\\/#\\\/schema\\\/person\\\/5da7dd09320bd4f392b710017ed5f8ad\"},\"breadcrumb\":{\"@id\":\"https:\\\/\\\/www.aliadospuebla.com\\\/?p=110349#breadcrumb\"},\"inLanguage\":\"es\",\"potentialAction\":[{\"@type\":\"ReadAction\",\"target\":[\"https:\\\/\\\/www.aliadospuebla.com\\\/?p=110349\"]}]},{\"@type\":\"ImageObject\",\"inLanguage\":\"es\",\"@id\":\"https:\\\/\\\/www.aliadospuebla.com\\\/?p=110349#primaryimage\",\"url\":\"https:\\\/\\\/www.aliadospuebla.com\\\/web2017\\\/wp-content\\\/uploads\\\/2025\\\/12\\\/637.jpg\",\"contentUrl\":\"https:\\\/\\\/www.aliadospuebla.com\\\/web2017\\\/wp-content\\\/uploads\\\/2025\\\/12\\\/637.jpg\",\"width\":600,\"height\":450},{\"@type\":\"BreadcrumbList\",\"@id\":\"https:\\\/\\\/www.aliadospuebla.com\\\/?p=110349#breadcrumb\",\"itemListElement\":[{\"@type\":\"ListItem\",\"position\":1,\"name\":\"Portada\",\"item\":\"https:\\\/\\\/www.aliadospuebla.com\\\/\"},{\"@type\":\"ListItem\",\"position\":2,\"name\":\"Tecamachalco conmemora y crea conciencia sobre la prevenci\u00f3n de la diabetes\"}]},{\"@type\":\"WebSite\",\"@id\":\"https:\\\/\\\/www.aliadospuebla.com\\\/#website\",\"url\":\"https:\\\/\\\/www.aliadospuebla.com\\\/\",\"name\":\"AliadosPuebla\",\"description\":\"La informaci\u00f3n en tus manos\",\"potentialAction\":[{\"@type\":\"SearchAction\",\"target\":{\"@type\":\"EntryPoint\",\"urlTemplate\":\"https:\\\/\\\/www.aliadospuebla.com\\\/?s={search_term_string}\"},\"query-input\":{\"@type\":\"PropertyValueSpecification\",\"valueRequired\":true,\"valueName\":\"search_term_string\"}}],\"inLanguage\":\"es\"},{\"@type\":\"Person\",\"@id\":\"https:\\\/\\\/www.aliadospuebla.com\\\/#\\\/schema\\\/person\\\/5da7dd09320bd4f392b710017ed5f8ad\",\"name\":\"Aliados17\",\"image\":{\"@type\":\"ImageObject\",\"inLanguage\":\"es\",\"@id\":\"https:\\\/\\\/www.aliadospuebla.com\\\/web2017\\\/wp-content\\\/uploads\\\/2025\\\/03\\\/cropped-para-perfil-8-anos-1-96x96.jpg\",\"url\":\"https:\\\/\\\/www.aliadospuebla.com\\\/web2017\\\/wp-content\\\/uploads\\\/2025\\\/03\\\/cropped-para-perfil-8-anos-1-96x96.jpg\",\"contentUrl\":\"https:\\\/\\\/www.aliadospuebla.com\\\/web2017\\\/wp-content\\\/uploads\\\/2025\\\/03\\\/cropped-para-perfil-8-anos-1-96x96.jpg\",\"caption\":\"Aliados17\"},\"sameAs\":[\"https:\\\/\\\/www.aliados17.com\",\"https:\\\/\\\/www.facebook.com\\\/Aliados17Pue\",\"https:\\\/\\\/x.com\\\/AliadosPuebla\"],\"url\":\"https:\\\/\\\/www.aliadospuebla.com\\\/?author=2\"}]}<\/script>\n<!-- \/ Yoast SEO plugin. -->","yoast_head_json":{"title":"Tecamachalco conmemora y crea conciencia sobre la prevenci\u00f3n de la diabetes - AliadosPuebla","robots":{"index":"index","follow":"follow","max-snippet":"max-snippet:-1","max-image-preview":"max-image-preview:large","max-video-preview":"max-video-preview:-1"},"canonical":"https:\/\/www.aliadospuebla.com\/?p=110349","og_locale":"es_ES","og_type":"article","og_title":"Tecamachalco conmemora y crea conciencia sobre la prevenci\u00f3n de la diabetes - AliadosPuebla","og_description":"Hoy conmemoramos el D\u00eda Mundial de la Diabetes, una fecha dedicada a crear conciencia sobre la importancia de prevenir, detectar y tratar oportunamente esta enfermedad que afecta a millones de personas en todo el mundo. Desde el H. Ayuntamiento de Tecamachalco refrendamos nuestro compromiso con la salud de todas y todos. Promovemos estilos de vida saludables, la detecci\u00f3n temprana y el acceso a informaci\u00f3n que permita a nuestra comunidad cuidarse y cuidar a quienes m\u00e1s quieren. Recordemos que la prevenci\u00f3n comienza en casa: Alimentaci\u00f3n equilibrada \u00a0Activaci\u00f3n f\u00edsica diaria Revisi\u00f3n m\u00e9dica regular \u00a0Control de glucosa en personas en riesgo Juntos podemos construir un municipio m\u00e1s sano, informado y consciente.","og_url":"https:\/\/www.aliadospuebla.com\/?p=110349","og_site_name":"AliadosPuebla","article_author":"https:\/\/www.facebook.com\/Aliados17Pue","article_published_time":"2025-11-14T06:31:32+00:00","article_modified_time":"2025-12-09T06:39:47+00:00","og_image":[{"width":600,"height":450,"url":"https:\/\/www.aliadospuebla.com\/web2017\/wp-content\/uploads\/2025\/12\/637.jpg","type":"image\/jpeg"}],"author":"Aliados17","twitter_card":"summary_large_image","twitter_creator":"@AliadosPuebla","twitter_misc":{"Escrito por":"Aliados17","Tiempo de lectura":"2 minutos"},"schema":{"@context":"https:\/\/schema.org","@graph":[{"@type":"Article","@id":"https:\/\/www.aliadospuebla.com\/?p=110349#article","isPartOf":{"@id":"https:\/\/www.aliadospuebla.com\/?p=110349"},"author":{"name":"Aliados17","@id":"https:\/\/www.aliadospuebla.com\/#\/schema\/person\/5da7dd09320bd4f392b710017ed5f8ad"},"headline":"Tecamachalco conmemora y crea conciencia sobre la prevenci\u00f3n de la diabetes","datePublished":"2025-11-14T06:31:32+00:00","dateModified":"2025-12-09T06:39:47+00:00","mainEntityOfPage":{"@id":"https:\/\/www.aliadospuebla.com\/?p=110349"},"wordCount":131,"commentCount":0,"image":{"@id":"https:\/\/www.aliadospuebla.com\/?p=110349#primaryimage"},"thumbnailUrl":"https:\/\/www.aliadospuebla.com\/web2017\/wp-content\/uploads\/2025\/12\/637.jpg","keywords":["Control de glucosa","D\u00eda Mundial de la Diabetes","Prevencion","SALUD","Tecamachalco"],"articleSection":["Municipios"],"inLanguage":"es","potentialAction":[{"@type":"CommentAction","name":"Comment","target":["https:\/\/www.aliadospuebla.com\/?p=110349#respond"]}]},{"@type":"WebPage","@id":"https:\/\/www.aliadospuebla.com\/?p=110349","url":"https:\/\/www.aliadospuebla.com\/?p=110349","name":"Tecamachalco conmemora y crea conciencia sobre la prevenci\u00f3n de la diabetes - AliadosPuebla","isPartOf":{"@id":"https:\/\/www.aliadospuebla.com\/#website"},"primaryImageOfPage":{"@id":"https:\/\/www.aliadospuebla.com\/?p=110349#primaryimage"},"image":{"@id":"https:\/\/www.aliadospuebla.com\/?p=110349#primaryimage"},"thumbnailUrl":"https:\/\/www.aliadospuebla.com\/web2017\/wp-content\/uploads\/2025\/12\/637.jpg","datePublished":"2025-11-14T06:31:32+00:00","dateModified":"2025-12-09T06:39:47+00:00","author":{"@id":"https:\/\/www.aliadospuebla.com\/#\/schema\/person\/5da7dd09320bd4f392b710017ed5f8ad"},"breadcrumb":{"@id":"https:\/\/www.aliadospuebla.com\/?p=110349#breadcrumb"},"inLanguage":"es","potentialAction":[{"@type":"ReadAction","target":["https:\/\/www.aliadospuebla.com\/?p=110349"]}]},{"@type":"ImageObject","inLanguage":"es","@id":"https:\/\/www.aliadospuebla.com\/?p=110349#primaryimage","url":"https:\/\/www.aliadospuebla.com\/web2017\/wp-content\/uploads\/2025\/12\/637.jpg","contentUrl":"https:\/\/www.aliadospuebla.com\/web2017\/wp-content\/uploads\/2025\/12\/637.jpg","width":600,"height":450},{"@type":"BreadcrumbList","@id":"https:\/\/www.aliadospuebla.com\/?p=110349#breadcrumb","itemListElement":[{"@type":"ListItem","position":1,"name":"Portada","item":"https:\/\/www.aliadospuebla.com\/"},{"@type":"ListItem","position":2,"name":"Tecamachalco conmemora y crea conciencia sobre la prevenci\u00f3n de la diabetes"}]},{"@type":"WebSite","@id":"https:\/\/www.aliadospuebla.com\/#website","url":"https:\/\/www.aliadospuebla.com\/","name":"AliadosPuebla","description":"La informaci\u00f3n en tus manos","potentialAction":[{"@type":"SearchAction","target":{"@type":"EntryPoint","urlTemplate":"https:\/\/www.aliadospuebla.com\/?s={search_term_string}"},"query-input":{"@type":"PropertyValueSpecification","valueRequired":true,"valueName":"search_term_string"}}],"inLanguage":"es"},{"@type":"Person","@id":"https:\/\/www.aliadospuebla.com\/#\/schema\/person\/5da7dd09320bd4f392b710017ed5f8ad","name":"Aliados17","image":{"@type":"ImageObject","inLanguage":"es","@id":"https:\/\/www.aliadospuebla.com\/web2017\/wp-content\/uploads\/2025\/03\/cropped-para-perfil-8-anos-1-96x96.jpg","url":"https:\/\/www.aliadospuebla.com\/web2017\/wp-content\/uploads\/2025\/03\/cropped-para-perfil-8-anos-1-96x96.jpg","contentUrl":"https:\/\/www.aliadospuebla.com\/web2017\/wp-content\/uploads\/2025\/03\/cropped-para-perfil-8-anos-1-96x96.jpg","caption":"Aliados17"},"sameAs":["https:\/\/www.aliados17.com","https:\/\/www.facebook.com\/Aliados17Pue","https:\/\/x.com\/AliadosPuebla"],"url":"https:\/\/www.aliadospuebla.com\/?author=2"}]}},"views":10,"_links":{"self":[{"href":"https:\/\/www.aliadospuebla.com\/index.php?rest_route=\/wp\/v2\/posts\/110349","targetHints":{"allow":["GET"]}}],"collection":[{"href":"https:\/\/www.aliadospuebla.com\/index.php?rest_route=\/wp\/v2\/posts"}],"about":[{"href":"https:\/\/www.aliadospuebla.com\/index.php?rest_route=\/wp\/v2\/types\/post"}],"author":[{"embeddable":true,"href":"https:\/\/www.aliadospuebla.com\/index.php?rest_route=\/wp\/v2\/users\/2"}],"replies":[{"embeddable":true,"href":"https:\/\/www.aliadospuebla.com\/index.php?rest_route=%2Fwp%2Fv2%2Fcomments&post=110349"}],"version-history":[{"count":1,"href":"https:\/\/www.aliadospuebla.com\/index.php?rest_route=\/wp\/v2\/posts\/110349\/revisions"}],"predecessor-version":[{"id":110351,"href":"https:\/\/www.aliadospuebla.com\/index.php?rest_route=\/wp\/v2\/posts\/110349\/revisions\/110351"}],"wp:featuredmedia":[{"embeddable":true,"href":"https:\/\/www.aliadospuebla.com\/index.php?rest_route=\/wp\/v2\/media\/110350"}],"wp:attachment":[{"href":"https:\/\/www.aliadospuebla.com\/index.php?rest_route=%2Fwp%2Fv2%2Fmedia&parent=110349"}],"wp:term":[{"taxonomy":"category","embeddable":true,"href":"https:\/\/www.aliadospuebla.com\/index.php?rest_route=%2Fwp%2Fv2%2Fcategories&post=110349"},{"taxonomy":"post_tag","embeddable":true,"href":"https:\/\/www.aliadospuebla.com\/index.php?rest_route=%2Fwp%2Fv2%2Ftags&post=110349"}],"curies":[{"name":"wp","href":"https:\/\/api.w.org\/{rel}","templated":true}]}}