{"id":110228,"date":"2025-12-03T22:42:50","date_gmt":"2025-12-04T04:42:50","guid":{"rendered":"https:\/\/www.aliadospuebla.com\/?p=110228"},"modified":"2025-12-03T22:42:50","modified_gmt":"2025-12-04T04:42:50","slug":"san-andres-cholula-realiza-actividad-sensorial-en-el-dia-internacional-de-las-personas-con-discapacidad","status":"publish","type":"post","link":"https:\/\/www.aliadospuebla.com\/?p=110228","title":{"rendered":"San Andr\u00e9s Cholula realiza actividad sensorial en el D\u00eda Internacional de las Personas con Discapacidad"},"content":{"rendered":"<p>San Andr\u00e9s Cholula, Puebla.\u2013 En el marco del D\u00eda Internacional de las Personas con Discapacidad y con el prop\u00f3sito de fortalecer la cercan\u00eda social y promover una visi\u00f3n m\u00e1s emp\u00e1tica, el Ayuntamiento de San Andr\u00e9s Cholula, encabezado por la presidenta municipal Lupita Cuautle Torres, realiz\u00f3 la actividad de sensibilizaci\u00f3n Teatro Ciego, con la obra \u201cLa Casa de los Deseos\u201d.<\/p>\n<p>En representaci\u00f3n de la alcaldesa, la directora general del Sistema Municipal DIF (SMDIF), Aurora Tlatehui Cuautle, se\u00f1al\u00f3 que esta conmemoraci\u00f3n es un espacio de reconocimiento y forma parte de las acciones que impulsa el Gobierno Municipal para construir un entorno incluyente, como lo ha instruido la presidenta Cuautle Torres.<\/p>\n<p>Destac\u00f3 que el SMDIF acerca servicios que se brindan apoyos esenciales, como asistencia alimentaria, talleres, valoraciones medicas especializadas en oftalmolog\u00eda, audiolog\u00eda, neurolog\u00eda pedi\u00e1trica y para personas adultas, as\u00ed como certificados de discapacidad, aparatos auditivos, ortop\u00e9dicos, lentes, entre otros, siempre bajo los principios de respeto, inclusi\u00f3n y empat\u00eda.<\/p>\n<p>Asimismo, expres\u00f3 su agradecimiento a la compa\u00f1\u00eda teatral \u201cCarlos Ancira\u201d, bajo la direcci\u00f3n de Pablo Moreno Viveros, por su participaci\u00f3n en este acto conmemorativo.<\/p>\n<p>En la presentaci\u00f3n estuvieron presentes la diputada local, Luana Armida Amador Vallejo; la regidora Luz Mar\u00eda D\u00edaz Zald\u00edvar; integrantes de asociaciones civiles; as\u00ed como personas que participaron en la experiencia esc\u00e9nica realizada sin el sentido de la vista.<\/p>\n<p>Con estas iniciativas, el Gobierno Municipal impulsa la visibilizaci\u00f3n de la diversidad, fomenta la inclusi\u00f3n y promueve la protecci\u00f3n de los derechos humanos de las personas con discapacidad.<\/p>\n","protected":false},"excerpt":{"rendered":"<p>San Andr\u00e9s Cholula, Puebla.\u2013 En el marco del D\u00eda Internacional de las Personas con Discapacidad y con el prop\u00f3sito de fortalecer la cercan\u00eda social y promover una visi\u00f3n m\u00e1s emp\u00e1tica, el Ayuntamiento de San Andr\u00e9s Cholula, encabezado por la presidenta municipal Lupita Cuautle Torres, realiz\u00f3 la actividad de sensibilizaci\u00f3n Teatro Ciego, con la obra \u201cLa Casa de los Deseos\u201d. En representaci\u00f3n de la alcaldesa, la directora general del Sistema Municipal DIF (SMDIF), Aurora Tlatehui Cuautle, se\u00f1al\u00f3 que esta conmemoraci\u00f3n es un espacio de reconocimiento y forma parte de las acciones que impulsa el Gobierno Municipal para construir un entorno incluyente, como lo ha instruido la presidenta Cuautle Torres. Destac\u00f3 que el SMDIF acerca servicios que se brindan apoyos esenciales, como asistencia alimentaria, talleres, valoraciones medicas&hellip;<\/p>\n<p class=\"excerpt-more\"><a class=\"blog-excerpt button\" href=\"https:\/\/www.aliadospuebla.com\/?p=110228\">Leer m\u00e1s&#8230;<\/a><\/p>\n","protected":false},"author":2,"featured_media":110229,"comment_status":"open","ping_status":"open","sticky":false,"template":"","format":"standard","meta":{"_monsterinsights_skip_tracking":false,"footnotes":""},"categories":[4],"tags":[31753,25913,19062,84,1797,31752],"class_list":["post-110228","post","type-post","status-publish","format-standard","has-post-thumbnail","hentry","category-municipios","tag-actividad-sensorial","tag-aurora-tlatehui-cuautle","tag-lupita-cuautle-torres","tag-san-andres-cholula","tag-smdif","tag-teatro-ciego"],"yoast_head":"<!-- This site is optimized with the Yoast SEO plugin v28.4 - https:\/\/yoast.com\/product\/yoast-seo-wordpress\/ -->\n<title>San Andr\u00e9s Cholula realiza actividad sensorial en el D\u00eda Internacional de las Personas con Discapacidad - AliadosPuebla<\/title>\n<meta name=\"robots\" content=\"index, follow, max-snippet:-1, max-image-preview:large, max-video-preview:-1\" \/>\n<link rel=\"canonical\" href=\"https:\/\/www.aliadospuebla.com\/?p=110228\" \/>\n<meta property=\"og:locale\" content=\"es_ES\" \/>\n<meta property=\"og:type\" content=\"article\" \/>\n<meta property=\"og:title\" content=\"San Andr\u00e9s Cholula realiza actividad sensorial en el D\u00eda Internacional de las Personas con Discapacidad - AliadosPuebla\" \/>\n<meta property=\"og:description\" content=\"San Andr\u00e9s Cholula, Puebla.\u2013 En el marco del D\u00eda Internacional de las Personas con Discapacidad y con el prop\u00f3sito de fortalecer la cercan\u00eda social y promover una visi\u00f3n m\u00e1s emp\u00e1tica, el Ayuntamiento de San Andr\u00e9s Cholula, encabezado por la presidenta municipal Lupita Cuautle Torres, realiz\u00f3 la actividad de sensibilizaci\u00f3n Teatro Ciego, con la obra \u201cLa Casa de los Deseos\u201d. En representaci\u00f3n de la alcaldesa, la directora general del Sistema Municipal DIF (SMDIF), Aurora Tlatehui Cuautle, se\u00f1al\u00f3 que esta conmemoraci\u00f3n es un espacio de reconocimiento y forma parte de las acciones que impulsa el Gobierno Municipal para construir un entorno incluyente, como lo ha instruido la presidenta Cuautle Torres. Destac\u00f3 que el SMDIF acerca servicios que se brindan apoyos esenciales, como asistencia alimentaria, talleres, valoraciones medicas&hellip;Leer m\u00e1s...\" \/>\n<meta property=\"og:url\" content=\"https:\/\/www.aliadospuebla.com\/?p=110228\" \/>\n<meta property=\"og:site_name\" content=\"AliadosPuebla\" \/>\n<meta property=\"article:author\" content=\"https:\/\/www.facebook.com\/Aliados17Pue\" \/>\n<meta property=\"article:published_time\" content=\"2025-12-04T04:42:50+00:00\" \/>\n<meta property=\"og:image\" content=\"https:\/\/www.aliadospuebla.com\/web2017\/wp-content\/uploads\/2025\/12\/600.jpg\" \/>\n\t<meta property=\"og:image:width\" content=\"600\" \/>\n\t<meta property=\"og:image:height\" content=\"450\" \/>\n\t<meta property=\"og:image:type\" content=\"image\/jpeg\" \/>\n<meta name=\"author\" content=\"Aliados17\" \/>\n<meta name=\"twitter:card\" content=\"summary_large_image\" \/>\n<meta name=\"twitter:creator\" content=\"@AliadosPuebla\" \/>\n<meta name=\"twitter:label1\" content=\"Escrito por\" \/>\n\t<meta name=\"twitter:data1\" content=\"Aliados17\" \/>\n\t<meta name=\"twitter:label2\" content=\"Tiempo de lectura\" \/>\n\t<meta name=\"twitter:data2\" content=\"2 minutos\" \/>\n<script type=\"application\/ld+json\" class=\"yoast-schema-graph\">{\"@context\":\"https:\\\/\\\/schema.org\",\"@graph\":[{\"@type\":\"Article\",\"@id\":\"https:\\\/\\\/www.aliadospuebla.com\\\/?p=110228#article\",\"isPartOf\":{\"@id\":\"https:\\\/\\\/www.aliadospuebla.com\\\/?p=110228\"},\"author\":{\"name\":\"Aliados17\",\"@id\":\"https:\\\/\\\/www.aliadospuebla.com\\\/#\\\/schema\\\/person\\\/5da7dd09320bd4f392b710017ed5f8ad\"},\"headline\":\"San Andr\u00e9s Cholula realiza actividad sensorial en el D\u00eda Internacional de las Personas con Discapacidad\",\"datePublished\":\"2025-12-04T04:42:50+00:00\",\"mainEntityOfPage\":{\"@id\":\"https:\\\/\\\/www.aliadospuebla.com\\\/?p=110228\"},\"wordCount\":292,\"commentCount\":0,\"image\":{\"@id\":\"https:\\\/\\\/www.aliadospuebla.com\\\/?p=110228#primaryimage\"},\"thumbnailUrl\":\"https:\\\/\\\/www.aliadospuebla.com\\\/web2017\\\/wp-content\\\/uploads\\\/2025\\\/12\\\/600.jpg\",\"keywords\":[\"actividad sensorial\",\"Aurora Tlatehui Cuautle\",\"Lupita Cuautle Torres\",\"San Andr\u00e9s Cholula\",\"SMDIF\",\"Teatro Ciego\"],\"articleSection\":[\"Municipios\"],\"inLanguage\":\"es\",\"potentialAction\":[{\"@type\":\"CommentAction\",\"name\":\"Comment\",\"target\":[\"https:\\\/\\\/www.aliadospuebla.com\\\/?p=110228#respond\"]}]},{\"@type\":\"WebPage\",\"@id\":\"https:\\\/\\\/www.aliadospuebla.com\\\/?p=110228\",\"url\":\"https:\\\/\\\/www.aliadospuebla.com\\\/?p=110228\",\"name\":\"San Andr\u00e9s Cholula realiza actividad sensorial en el D\u00eda Internacional de las Personas con Discapacidad - AliadosPuebla\",\"isPartOf\":{\"@id\":\"https:\\\/\\\/www.aliadospuebla.com\\\/#website\"},\"primaryImageOfPage\":{\"@id\":\"https:\\\/\\\/www.aliadospuebla.com\\\/?p=110228#primaryimage\"},\"image\":{\"@id\":\"https:\\\/\\\/www.aliadospuebla.com\\\/?p=110228#primaryimage\"},\"thumbnailUrl\":\"https:\\\/\\\/www.aliadospuebla.com\\\/web2017\\\/wp-content\\\/uploads\\\/2025\\\/12\\\/600.jpg\",\"datePublished\":\"2025-12-04T04:42:50+00:00\",\"author\":{\"@id\":\"https:\\\/\\\/www.aliadospuebla.com\\\/#\\\/schema\\\/person\\\/5da7dd09320bd4f392b710017ed5f8ad\"},\"breadcrumb\":{\"@id\":\"https:\\\/\\\/www.aliadospuebla.com\\\/?p=110228#breadcrumb\"},\"inLanguage\":\"es\",\"potentialAction\":[{\"@type\":\"ReadAction\",\"target\":[\"https:\\\/\\\/www.aliadospuebla.com\\\/?p=110228\"]}]},{\"@type\":\"ImageObject\",\"inLanguage\":\"es\",\"@id\":\"https:\\\/\\\/www.aliadospuebla.com\\\/?p=110228#primaryimage\",\"url\":\"https:\\\/\\\/www.aliadospuebla.com\\\/web2017\\\/wp-content\\\/uploads\\\/2025\\\/12\\\/600.jpg\",\"contentUrl\":\"https:\\\/\\\/www.aliadospuebla.com\\\/web2017\\\/wp-content\\\/uploads\\\/2025\\\/12\\\/600.jpg\",\"width\":600,\"height\":450},{\"@type\":\"BreadcrumbList\",\"@id\":\"https:\\\/\\\/www.aliadospuebla.com\\\/?p=110228#breadcrumb\",\"itemListElement\":[{\"@type\":\"ListItem\",\"position\":1,\"name\":\"Portada\",\"item\":\"https:\\\/\\\/www.aliadospuebla.com\\\/\"},{\"@type\":\"ListItem\",\"position\":2,\"name\":\"San Andr\u00e9s Cholula realiza actividad sensorial en el D\u00eda Internacional de las Personas con Discapacidad\"}]},{\"@type\":\"WebSite\",\"@id\":\"https:\\\/\\\/www.aliadospuebla.com\\\/#website\",\"url\":\"https:\\\/\\\/www.aliadospuebla.com\\\/\",\"name\":\"AliadosPuebla\",\"description\":\"La informaci\u00f3n en tus manos\",\"potentialAction\":[{\"@type\":\"SearchAction\",\"target\":{\"@type\":\"EntryPoint\",\"urlTemplate\":\"https:\\\/\\\/www.aliadospuebla.com\\\/?s={search_term_string}\"},\"query-input\":{\"@type\":\"PropertyValueSpecification\",\"valueRequired\":true,\"valueName\":\"search_term_string\"}}],\"inLanguage\":\"es\"},{\"@type\":\"Person\",\"@id\":\"https:\\\/\\\/www.aliadospuebla.com\\\/#\\\/schema\\\/person\\\/5da7dd09320bd4f392b710017ed5f8ad\",\"name\":\"Aliados17\",\"image\":{\"@type\":\"ImageObject\",\"inLanguage\":\"es\",\"@id\":\"https:\\\/\\\/www.aliadospuebla.com\\\/web2017\\\/wp-content\\\/uploads\\\/2025\\\/03\\\/cropped-para-perfil-8-anos-1-96x96.jpg\",\"url\":\"https:\\\/\\\/www.aliadospuebla.com\\\/web2017\\\/wp-content\\\/uploads\\\/2025\\\/03\\\/cropped-para-perfil-8-anos-1-96x96.jpg\",\"contentUrl\":\"https:\\\/\\\/www.aliadospuebla.com\\\/web2017\\\/wp-content\\\/uploads\\\/2025\\\/03\\\/cropped-para-perfil-8-anos-1-96x96.jpg\",\"caption\":\"Aliados17\"},\"sameAs\":[\"https:\\\/\\\/www.aliados17.com\",\"https:\\\/\\\/www.facebook.com\\\/Aliados17Pue\",\"https:\\\/\\\/x.com\\\/AliadosPuebla\"],\"url\":\"https:\\\/\\\/www.aliadospuebla.com\\\/?author=2\"}]}<\/script>\n<!-- \/ Yoast SEO plugin. -->","yoast_head_json":{"title":"San Andr\u00e9s Cholula realiza actividad sensorial en el D\u00eda Internacional de las Personas con Discapacidad - AliadosPuebla","robots":{"index":"index","follow":"follow","max-snippet":"max-snippet:-1","max-image-preview":"max-image-preview:large","max-video-preview":"max-video-preview:-1"},"canonical":"https:\/\/www.aliadospuebla.com\/?p=110228","og_locale":"es_ES","og_type":"article","og_title":"San Andr\u00e9s Cholula realiza actividad sensorial en el D\u00eda Internacional de las Personas con Discapacidad - AliadosPuebla","og_description":"San Andr\u00e9s Cholula, Puebla.\u2013 En el marco del D\u00eda Internacional de las Personas con Discapacidad y con el prop\u00f3sito de fortalecer la cercan\u00eda social y promover una visi\u00f3n m\u00e1s emp\u00e1tica, el Ayuntamiento de San Andr\u00e9s Cholula, encabezado por la presidenta municipal Lupita Cuautle Torres, realiz\u00f3 la actividad de sensibilizaci\u00f3n Teatro Ciego, con la obra \u201cLa Casa de los Deseos\u201d. En representaci\u00f3n de la alcaldesa, la directora general del Sistema Municipal DIF (SMDIF), Aurora Tlatehui Cuautle, se\u00f1al\u00f3 que esta conmemoraci\u00f3n es un espacio de reconocimiento y forma parte de las acciones que impulsa el Gobierno Municipal para construir un entorno incluyente, como lo ha instruido la presidenta Cuautle Torres. Destac\u00f3 que el SMDIF acerca servicios que se brindan apoyos esenciales, como asistencia alimentaria, talleres, valoraciones medicas&hellip;Leer m\u00e1s...","og_url":"https:\/\/www.aliadospuebla.com\/?p=110228","og_site_name":"AliadosPuebla","article_author":"https:\/\/www.facebook.com\/Aliados17Pue","article_published_time":"2025-12-04T04:42:50+00:00","og_image":[{"width":600,"height":450,"url":"https:\/\/www.aliadospuebla.com\/web2017\/wp-content\/uploads\/2025\/12\/600.jpg","type":"image\/jpeg"}],"author":"Aliados17","twitter_card":"summary_large_image","twitter_creator":"@AliadosPuebla","twitter_misc":{"Escrito por":"Aliados17","Tiempo de lectura":"2 minutos"},"schema":{"@context":"https:\/\/schema.org","@graph":[{"@type":"Article","@id":"https:\/\/www.aliadospuebla.com\/?p=110228#article","isPartOf":{"@id":"https:\/\/www.aliadospuebla.com\/?p=110228"},"author":{"name":"Aliados17","@id":"https:\/\/www.aliadospuebla.com\/#\/schema\/person\/5da7dd09320bd4f392b710017ed5f8ad"},"headline":"San Andr\u00e9s Cholula realiza actividad sensorial en el D\u00eda Internacional de las Personas con Discapacidad","datePublished":"2025-12-04T04:42:50+00:00","mainEntityOfPage":{"@id":"https:\/\/www.aliadospuebla.com\/?p=110228"},"wordCount":292,"commentCount":0,"image":{"@id":"https:\/\/www.aliadospuebla.com\/?p=110228#primaryimage"},"thumbnailUrl":"https:\/\/www.aliadospuebla.com\/web2017\/wp-content\/uploads\/2025\/12\/600.jpg","keywords":["actividad sensorial","Aurora Tlatehui Cuautle","Lupita Cuautle Torres","San Andr\u00e9s Cholula","SMDIF","Teatro Ciego"],"articleSection":["Municipios"],"inLanguage":"es","potentialAction":[{"@type":"CommentAction","name":"Comment","target":["https:\/\/www.aliadospuebla.com\/?p=110228#respond"]}]},{"@type":"WebPage","@id":"https:\/\/www.aliadospuebla.com\/?p=110228","url":"https:\/\/www.aliadospuebla.com\/?p=110228","name":"San Andr\u00e9s Cholula realiza actividad sensorial en el D\u00eda Internacional de las Personas con Discapacidad - AliadosPuebla","isPartOf":{"@id":"https:\/\/www.aliadospuebla.com\/#website"},"primaryImageOfPage":{"@id":"https:\/\/www.aliadospuebla.com\/?p=110228#primaryimage"},"image":{"@id":"https:\/\/www.aliadospuebla.com\/?p=110228#primaryimage"},"thumbnailUrl":"https:\/\/www.aliadospuebla.com\/web2017\/wp-content\/uploads\/2025\/12\/600.jpg","datePublished":"2025-12-04T04:42:50+00:00","author":{"@id":"https:\/\/www.aliadospuebla.com\/#\/schema\/person\/5da7dd09320bd4f392b710017ed5f8ad"},"breadcrumb":{"@id":"https:\/\/www.aliadospuebla.com\/?p=110228#breadcrumb"},"inLanguage":"es","potentialAction":[{"@type":"ReadAction","target":["https:\/\/www.aliadospuebla.com\/?p=110228"]}]},{"@type":"ImageObject","inLanguage":"es","@id":"https:\/\/www.aliadospuebla.com\/?p=110228#primaryimage","url":"https:\/\/www.aliadospuebla.com\/web2017\/wp-content\/uploads\/2025\/12\/600.jpg","contentUrl":"https:\/\/www.aliadospuebla.com\/web2017\/wp-content\/uploads\/2025\/12\/600.jpg","width":600,"height":450},{"@type":"BreadcrumbList","@id":"https:\/\/www.aliadospuebla.com\/?p=110228#breadcrumb","itemListElement":[{"@type":"ListItem","position":1,"name":"Portada","item":"https:\/\/www.aliadospuebla.com\/"},{"@type":"ListItem","position":2,"name":"San Andr\u00e9s Cholula realiza actividad sensorial en el D\u00eda Internacional de las Personas con Discapacidad"}]},{"@type":"WebSite","@id":"https:\/\/www.aliadospuebla.com\/#website","url":"https:\/\/www.aliadospuebla.com\/","name":"AliadosPuebla","description":"La informaci\u00f3n en tus manos","potentialAction":[{"@type":"SearchAction","target":{"@type":"EntryPoint","urlTemplate":"https:\/\/www.aliadospuebla.com\/?s={search_term_string}"},"query-input":{"@type":"PropertyValueSpecification","valueRequired":true,"valueName":"search_term_string"}}],"inLanguage":"es"},{"@type":"Person","@id":"https:\/\/www.aliadospuebla.com\/#\/schema\/person\/5da7dd09320bd4f392b710017ed5f8ad","name":"Aliados17","image":{"@type":"ImageObject","inLanguage":"es","@id":"https:\/\/www.aliadospuebla.com\/web2017\/wp-content\/uploads\/2025\/03\/cropped-para-perfil-8-anos-1-96x96.jpg","url":"https:\/\/www.aliadospuebla.com\/web2017\/wp-content\/uploads\/2025\/03\/cropped-para-perfil-8-anos-1-96x96.jpg","contentUrl":"https:\/\/www.aliadospuebla.com\/web2017\/wp-content\/uploads\/2025\/03\/cropped-para-perfil-8-anos-1-96x96.jpg","caption":"Aliados17"},"sameAs":["https:\/\/www.aliados17.com","https:\/\/www.facebook.com\/Aliados17Pue","https:\/\/x.com\/AliadosPuebla"],"url":"https:\/\/www.aliadospuebla.com\/?author=2"}]}},"views":22,"_links":{"self":[{"href":"https:\/\/www.aliadospuebla.com\/index.php?rest_route=\/wp\/v2\/posts\/110228","targetHints":{"allow":["GET"]}}],"collection":[{"href":"https:\/\/www.aliadospuebla.com\/index.php?rest_route=\/wp\/v2\/posts"}],"about":[{"href":"https:\/\/www.aliadospuebla.com\/index.php?rest_route=\/wp\/v2\/types\/post"}],"author":[{"embeddable":true,"href":"https:\/\/www.aliadospuebla.com\/index.php?rest_route=\/wp\/v2\/users\/2"}],"replies":[{"embeddable":true,"href":"https:\/\/www.aliadospuebla.com\/index.php?rest_route=%2Fwp%2Fv2%2Fcomments&post=110228"}],"version-history":[{"count":1,"href":"https:\/\/www.aliadospuebla.com\/index.php?rest_route=\/wp\/v2\/posts\/110228\/revisions"}],"predecessor-version":[{"id":110230,"href":"https:\/\/www.aliadospuebla.com\/index.php?rest_route=\/wp\/v2\/posts\/110228\/revisions\/110230"}],"wp:featuredmedia":[{"embeddable":true,"href":"https:\/\/www.aliadospuebla.com\/index.php?rest_route=\/wp\/v2\/media\/110229"}],"wp:attachment":[{"href":"https:\/\/www.aliadospuebla.com\/index.php?rest_route=%2Fwp%2Fv2%2Fmedia&parent=110228"}],"wp:term":[{"taxonomy":"category","embeddable":true,"href":"https:\/\/www.aliadospuebla.com\/index.php?rest_route=%2Fwp%2Fv2%2Fcategories&post=110228"},{"taxonomy":"post_tag","embeddable":true,"href":"https:\/\/www.aliadospuebla.com\/index.php?rest_route=%2Fwp%2Fv2%2Ftags&post=110228"}],"curies":[{"name":"wp","href":"https:\/\/api.w.org\/{rel}","templated":true}]}}