{"id":110182,"date":"2025-12-01T22:07:45","date_gmt":"2025-12-02T04:07:45","guid":{"rendered":"https:\/\/www.aliadospuebla.com\/?p=110182"},"modified":"2025-12-01T22:07:45","modified_gmt":"2025-12-02T04:07:45","slug":"gobierno-de-san-andres-cholula-inicia-diciembre-fortaleciendo-el-servicio-a-la-comunidad","status":"publish","type":"post","link":"https:\/\/www.aliadospuebla.com\/?p=110182","title":{"rendered":"Gobierno de San Andr\u00e9s Cholula inicia diciembre fortaleciendo el servicio a la comunidad"},"content":{"rendered":"<h4>San Andr\u00e9s Cholula, Puebla.\u2013 Durante la ceremonia c\u00edvica del mes de diciembre, la presidenta municipal, Lupita Cuautle Torres, destac\u00f3 el compromiso de seguir mejorando la atenci\u00f3n y los servicios p\u00fablicos, as\u00ed como redoblar esfuerzos para brindar calidad y calidez a la ciudadan\u00eda.<\/h4>\n<p>En este inicio de mes, la edil tambi\u00e9n envi\u00f3 un mensaje de cercan\u00eda y buenos deseos a todas las familias sanandrese\u00f1as, invit\u00e1ndo a disfrutar de las fiestas decembrinas con salud, uni\u00f3n y tranquilidad.<\/p>\n<p>Durante el acto, se entreg\u00f3 equipamiento a la Secretar\u00eda de Agua Potable, Drenaje y Alcantarillado, as\u00ed como aparatos ortop\u00e9dicos para apoyar la movilidad de personas beneficiarias. Televisa Puebla, a trav\u00e9s de su director general, Gerardo Jean Carrasco tambi\u00e9n don\u00f3 sillas de ruedas al Sistema Municipal DIF, sum\u00e1ndose al esfuerzo por asistir a quienes m\u00e1s lo necesitan.<\/p>\n<p>Con estas acciones, el Gobierno Municipal fortalece los servicios p\u00fablicos de manera cercana por el bienestar de todas y todos en cada comunidad de San Andr\u00e9s Cholula.<\/p>\n","protected":false},"excerpt":{"rendered":"<p>San Andr\u00e9s Cholula, Puebla.\u2013 Durante la ceremonia c\u00edvica del mes de diciembre, la presidenta municipal, Lupita Cuautle Torres, destac\u00f3 el compromiso de seguir mejorando la atenci\u00f3n y los servicios p\u00fablicos, as\u00ed como redoblar esfuerzos para brindar calidad y calidez a la ciudadan\u00eda. En este inicio de mes, la edil tambi\u00e9n envi\u00f3 un mensaje de cercan\u00eda y buenos deseos a todas las familias sanandrese\u00f1as, invit\u00e1ndo a disfrutar de las fiestas decembrinas con salud, uni\u00f3n y tranquilidad. Durante el acto, se entreg\u00f3 equipamiento a la Secretar\u00eda de Agua Potable, Drenaje y Alcantarillado, as\u00ed como aparatos ortop\u00e9dicos para apoyar la movilidad de personas beneficiarias. Televisa Puebla, a trav\u00e9s de su director general, Gerardo Jean Carrasco tambi\u00e9n don\u00f3 sillas de ruedas al Sistema Municipal DIF, sum\u00e1ndose al esfuerzo por&hellip;<\/p>\n<p class=\"excerpt-more\"><a class=\"blog-excerpt button\" href=\"https:\/\/www.aliadospuebla.com\/?p=110182\">Leer m\u00e1s&#8230;<\/a><\/p>\n","protected":false},"author":2,"featured_media":110183,"comment_status":"open","ping_status":"open","sticky":false,"template":"","format":"standard","meta":{"_monsterinsights_skip_tracking":false,"footnotes":""},"categories":[4],"tags":[1258,31723,19062,84,1107],"class_list":["post-110182","post","type-post","status-publish","format-standard","has-post-thumbnail","hentry","category-municipios","tag-bienestar","tag-calidez","tag-lupita-cuautle-torres","tag-san-andres-cholula","tag-servicios-publicos"],"yoast_head":"<!-- This site is optimized with the Yoast SEO plugin v28.4 - https:\/\/yoast.com\/product\/yoast-seo-wordpress\/ -->\n<title>Gobierno de San Andr\u00e9s Cholula inicia diciembre fortaleciendo el servicio a la comunidad - AliadosPuebla<\/title>\n<meta name=\"robots\" content=\"index, follow, max-snippet:-1, max-image-preview:large, max-video-preview:-1\" \/>\n<link rel=\"canonical\" href=\"https:\/\/www.aliadospuebla.com\/?p=110182\" \/>\n<meta property=\"og:locale\" content=\"es_ES\" \/>\n<meta property=\"og:type\" content=\"article\" \/>\n<meta property=\"og:title\" content=\"Gobierno de San Andr\u00e9s Cholula inicia diciembre fortaleciendo el servicio a la comunidad - AliadosPuebla\" \/>\n<meta property=\"og:description\" content=\"San Andr\u00e9s Cholula, Puebla.\u2013 Durante la ceremonia c\u00edvica del mes de diciembre, la presidenta municipal, Lupita Cuautle Torres, destac\u00f3 el compromiso de seguir mejorando la atenci\u00f3n y los servicios p\u00fablicos, as\u00ed como redoblar esfuerzos para brindar calidad y calidez a la ciudadan\u00eda. En este inicio de mes, la edil tambi\u00e9n envi\u00f3 un mensaje de cercan\u00eda y buenos deseos a todas las familias sanandrese\u00f1as, invit\u00e1ndo a disfrutar de las fiestas decembrinas con salud, uni\u00f3n y tranquilidad. Durante el acto, se entreg\u00f3 equipamiento a la Secretar\u00eda de Agua Potable, Drenaje y Alcantarillado, as\u00ed como aparatos ortop\u00e9dicos para apoyar la movilidad de personas beneficiarias. Televisa Puebla, a trav\u00e9s de su director general, Gerardo Jean Carrasco tambi\u00e9n don\u00f3 sillas de ruedas al Sistema Municipal DIF, sum\u00e1ndose al esfuerzo por&hellip;Leer m\u00e1s...\" \/>\n<meta property=\"og:url\" content=\"https:\/\/www.aliadospuebla.com\/?p=110182\" \/>\n<meta property=\"og:site_name\" content=\"AliadosPuebla\" \/>\n<meta property=\"article:author\" content=\"https:\/\/www.facebook.com\/Aliados17Pue\" \/>\n<meta property=\"article:published_time\" content=\"2025-12-02T04:07:45+00:00\" \/>\n<meta property=\"og:image\" content=\"https:\/\/www.aliadospuebla.com\/web2017\/wp-content\/uploads\/2025\/12\/587.jpg\" \/>\n\t<meta property=\"og:image:width\" content=\"600\" \/>\n\t<meta property=\"og:image:height\" content=\"450\" \/>\n\t<meta property=\"og:image:type\" content=\"image\/jpeg\" \/>\n<meta name=\"author\" content=\"Aliados17\" \/>\n<meta name=\"twitter:card\" content=\"summary_large_image\" \/>\n<meta name=\"twitter:creator\" content=\"@AliadosPuebla\" \/>\n<meta name=\"twitter:label1\" content=\"Escrito por\" \/>\n\t<meta name=\"twitter:data1\" content=\"Aliados17\" \/>\n\t<meta name=\"twitter:label2\" content=\"Tiempo de lectura\" \/>\n\t<meta name=\"twitter:data2\" content=\"1 minuto\" \/>\n<script type=\"application\/ld+json\" class=\"yoast-schema-graph\">{\"@context\":\"https:\\\/\\\/schema.org\",\"@graph\":[{\"@type\":\"Article\",\"@id\":\"https:\\\/\\\/www.aliadospuebla.com\\\/?p=110182#article\",\"isPartOf\":{\"@id\":\"https:\\\/\\\/www.aliadospuebla.com\\\/?p=110182\"},\"author\":{\"name\":\"Aliados17\",\"@id\":\"https:\\\/\\\/www.aliadospuebla.com\\\/#\\\/schema\\\/person\\\/5da7dd09320bd4f392b710017ed5f8ad\"},\"headline\":\"Gobierno de San Andr\u00e9s Cholula inicia diciembre fortaleciendo el servicio a la comunidad\",\"datePublished\":\"2025-12-02T04:07:45+00:00\",\"mainEntityOfPage\":{\"@id\":\"https:\\\/\\\/www.aliadospuebla.com\\\/?p=110182\"},\"wordCount\":190,\"commentCount\":0,\"image\":{\"@id\":\"https:\\\/\\\/www.aliadospuebla.com\\\/?p=110182#primaryimage\"},\"thumbnailUrl\":\"https:\\\/\\\/www.aliadospuebla.com\\\/web2017\\\/wp-content\\\/uploads\\\/2025\\\/12\\\/587.jpg\",\"keywords\":[\"BIENESTAR\",\"calidez\",\"Lupita Cuautle Torres\",\"San Andr\u00e9s Cholula\",\"SERVICIOS P\u00daBLICOS\"],\"articleSection\":[\"Municipios\"],\"inLanguage\":\"es\",\"potentialAction\":[{\"@type\":\"CommentAction\",\"name\":\"Comment\",\"target\":[\"https:\\\/\\\/www.aliadospuebla.com\\\/?p=110182#respond\"]}]},{\"@type\":\"WebPage\",\"@id\":\"https:\\\/\\\/www.aliadospuebla.com\\\/?p=110182\",\"url\":\"https:\\\/\\\/www.aliadospuebla.com\\\/?p=110182\",\"name\":\"Gobierno de San Andr\u00e9s Cholula inicia diciembre fortaleciendo el servicio a la comunidad - AliadosPuebla\",\"isPartOf\":{\"@id\":\"https:\\\/\\\/www.aliadospuebla.com\\\/#website\"},\"primaryImageOfPage\":{\"@id\":\"https:\\\/\\\/www.aliadospuebla.com\\\/?p=110182#primaryimage\"},\"image\":{\"@id\":\"https:\\\/\\\/www.aliadospuebla.com\\\/?p=110182#primaryimage\"},\"thumbnailUrl\":\"https:\\\/\\\/www.aliadospuebla.com\\\/web2017\\\/wp-content\\\/uploads\\\/2025\\\/12\\\/587.jpg\",\"datePublished\":\"2025-12-02T04:07:45+00:00\",\"author\":{\"@id\":\"https:\\\/\\\/www.aliadospuebla.com\\\/#\\\/schema\\\/person\\\/5da7dd09320bd4f392b710017ed5f8ad\"},\"breadcrumb\":{\"@id\":\"https:\\\/\\\/www.aliadospuebla.com\\\/?p=110182#breadcrumb\"},\"inLanguage\":\"es\",\"potentialAction\":[{\"@type\":\"ReadAction\",\"target\":[\"https:\\\/\\\/www.aliadospuebla.com\\\/?p=110182\"]}]},{\"@type\":\"ImageObject\",\"inLanguage\":\"es\",\"@id\":\"https:\\\/\\\/www.aliadospuebla.com\\\/?p=110182#primaryimage\",\"url\":\"https:\\\/\\\/www.aliadospuebla.com\\\/web2017\\\/wp-content\\\/uploads\\\/2025\\\/12\\\/587.jpg\",\"contentUrl\":\"https:\\\/\\\/www.aliadospuebla.com\\\/web2017\\\/wp-content\\\/uploads\\\/2025\\\/12\\\/587.jpg\",\"width\":600,\"height\":450},{\"@type\":\"BreadcrumbList\",\"@id\":\"https:\\\/\\\/www.aliadospuebla.com\\\/?p=110182#breadcrumb\",\"itemListElement\":[{\"@type\":\"ListItem\",\"position\":1,\"name\":\"Portada\",\"item\":\"https:\\\/\\\/www.aliadospuebla.com\\\/\"},{\"@type\":\"ListItem\",\"position\":2,\"name\":\"Gobierno de San Andr\u00e9s Cholula inicia diciembre fortaleciendo el servicio a la comunidad\"}]},{\"@type\":\"WebSite\",\"@id\":\"https:\\\/\\\/www.aliadospuebla.com\\\/#website\",\"url\":\"https:\\\/\\\/www.aliadospuebla.com\\\/\",\"name\":\"AliadosPuebla\",\"description\":\"La informaci\u00f3n en tus manos\",\"potentialAction\":[{\"@type\":\"SearchAction\",\"target\":{\"@type\":\"EntryPoint\",\"urlTemplate\":\"https:\\\/\\\/www.aliadospuebla.com\\\/?s={search_term_string}\"},\"query-input\":{\"@type\":\"PropertyValueSpecification\",\"valueRequired\":true,\"valueName\":\"search_term_string\"}}],\"inLanguage\":\"es\"},{\"@type\":\"Person\",\"@id\":\"https:\\\/\\\/www.aliadospuebla.com\\\/#\\\/schema\\\/person\\\/5da7dd09320bd4f392b710017ed5f8ad\",\"name\":\"Aliados17\",\"image\":{\"@type\":\"ImageObject\",\"inLanguage\":\"es\",\"@id\":\"https:\\\/\\\/www.aliadospuebla.com\\\/web2017\\\/wp-content\\\/uploads\\\/2025\\\/03\\\/cropped-para-perfil-8-anos-1-96x96.jpg\",\"url\":\"https:\\\/\\\/www.aliadospuebla.com\\\/web2017\\\/wp-content\\\/uploads\\\/2025\\\/03\\\/cropped-para-perfil-8-anos-1-96x96.jpg\",\"contentUrl\":\"https:\\\/\\\/www.aliadospuebla.com\\\/web2017\\\/wp-content\\\/uploads\\\/2025\\\/03\\\/cropped-para-perfil-8-anos-1-96x96.jpg\",\"caption\":\"Aliados17\"},\"sameAs\":[\"https:\\\/\\\/www.aliados17.com\",\"https:\\\/\\\/www.facebook.com\\\/Aliados17Pue\",\"https:\\\/\\\/x.com\\\/AliadosPuebla\"],\"url\":\"https:\\\/\\\/www.aliadospuebla.com\\\/?author=2\"}]}<\/script>\n<!-- \/ Yoast SEO plugin. -->","yoast_head_json":{"title":"Gobierno de San Andr\u00e9s Cholula inicia diciembre fortaleciendo el servicio a la comunidad - AliadosPuebla","robots":{"index":"index","follow":"follow","max-snippet":"max-snippet:-1","max-image-preview":"max-image-preview:large","max-video-preview":"max-video-preview:-1"},"canonical":"https:\/\/www.aliadospuebla.com\/?p=110182","og_locale":"es_ES","og_type":"article","og_title":"Gobierno de San Andr\u00e9s Cholula inicia diciembre fortaleciendo el servicio a la comunidad - AliadosPuebla","og_description":"San Andr\u00e9s Cholula, Puebla.\u2013 Durante la ceremonia c\u00edvica del mes de diciembre, la presidenta municipal, Lupita Cuautle Torres, destac\u00f3 el compromiso de seguir mejorando la atenci\u00f3n y los servicios p\u00fablicos, as\u00ed como redoblar esfuerzos para brindar calidad y calidez a la ciudadan\u00eda. En este inicio de mes, la edil tambi\u00e9n envi\u00f3 un mensaje de cercan\u00eda y buenos deseos a todas las familias sanandrese\u00f1as, invit\u00e1ndo a disfrutar de las fiestas decembrinas con salud, uni\u00f3n y tranquilidad. Durante el acto, se entreg\u00f3 equipamiento a la Secretar\u00eda de Agua Potable, Drenaje y Alcantarillado, as\u00ed como aparatos ortop\u00e9dicos para apoyar la movilidad de personas beneficiarias. Televisa Puebla, a trav\u00e9s de su director general, Gerardo Jean Carrasco tambi\u00e9n don\u00f3 sillas de ruedas al Sistema Municipal DIF, sum\u00e1ndose al esfuerzo por&hellip;Leer m\u00e1s...","og_url":"https:\/\/www.aliadospuebla.com\/?p=110182","og_site_name":"AliadosPuebla","article_author":"https:\/\/www.facebook.com\/Aliados17Pue","article_published_time":"2025-12-02T04:07:45+00:00","og_image":[{"width":600,"height":450,"url":"https:\/\/www.aliadospuebla.com\/web2017\/wp-content\/uploads\/2025\/12\/587.jpg","type":"image\/jpeg"}],"author":"Aliados17","twitter_card":"summary_large_image","twitter_creator":"@AliadosPuebla","twitter_misc":{"Escrito por":"Aliados17","Tiempo de lectura":"1 minuto"},"schema":{"@context":"https:\/\/schema.org","@graph":[{"@type":"Article","@id":"https:\/\/www.aliadospuebla.com\/?p=110182#article","isPartOf":{"@id":"https:\/\/www.aliadospuebla.com\/?p=110182"},"author":{"name":"Aliados17","@id":"https:\/\/www.aliadospuebla.com\/#\/schema\/person\/5da7dd09320bd4f392b710017ed5f8ad"},"headline":"Gobierno de San Andr\u00e9s Cholula inicia diciembre fortaleciendo el servicio a la comunidad","datePublished":"2025-12-02T04:07:45+00:00","mainEntityOfPage":{"@id":"https:\/\/www.aliadospuebla.com\/?p=110182"},"wordCount":190,"commentCount":0,"image":{"@id":"https:\/\/www.aliadospuebla.com\/?p=110182#primaryimage"},"thumbnailUrl":"https:\/\/www.aliadospuebla.com\/web2017\/wp-content\/uploads\/2025\/12\/587.jpg","keywords":["BIENESTAR","calidez","Lupita Cuautle Torres","San Andr\u00e9s Cholula","SERVICIOS P\u00daBLICOS"],"articleSection":["Municipios"],"inLanguage":"es","potentialAction":[{"@type":"CommentAction","name":"Comment","target":["https:\/\/www.aliadospuebla.com\/?p=110182#respond"]}]},{"@type":"WebPage","@id":"https:\/\/www.aliadospuebla.com\/?p=110182","url":"https:\/\/www.aliadospuebla.com\/?p=110182","name":"Gobierno de San Andr\u00e9s Cholula inicia diciembre fortaleciendo el servicio a la comunidad - AliadosPuebla","isPartOf":{"@id":"https:\/\/www.aliadospuebla.com\/#website"},"primaryImageOfPage":{"@id":"https:\/\/www.aliadospuebla.com\/?p=110182#primaryimage"},"image":{"@id":"https:\/\/www.aliadospuebla.com\/?p=110182#primaryimage"},"thumbnailUrl":"https:\/\/www.aliadospuebla.com\/web2017\/wp-content\/uploads\/2025\/12\/587.jpg","datePublished":"2025-12-02T04:07:45+00:00","author":{"@id":"https:\/\/www.aliadospuebla.com\/#\/schema\/person\/5da7dd09320bd4f392b710017ed5f8ad"},"breadcrumb":{"@id":"https:\/\/www.aliadospuebla.com\/?p=110182#breadcrumb"},"inLanguage":"es","potentialAction":[{"@type":"ReadAction","target":["https:\/\/www.aliadospuebla.com\/?p=110182"]}]},{"@type":"ImageObject","inLanguage":"es","@id":"https:\/\/www.aliadospuebla.com\/?p=110182#primaryimage","url":"https:\/\/www.aliadospuebla.com\/web2017\/wp-content\/uploads\/2025\/12\/587.jpg","contentUrl":"https:\/\/www.aliadospuebla.com\/web2017\/wp-content\/uploads\/2025\/12\/587.jpg","width":600,"height":450},{"@type":"BreadcrumbList","@id":"https:\/\/www.aliadospuebla.com\/?p=110182#breadcrumb","itemListElement":[{"@type":"ListItem","position":1,"name":"Portada","item":"https:\/\/www.aliadospuebla.com\/"},{"@type":"ListItem","position":2,"name":"Gobierno de San Andr\u00e9s Cholula inicia diciembre fortaleciendo el servicio a la comunidad"}]},{"@type":"WebSite","@id":"https:\/\/www.aliadospuebla.com\/#website","url":"https:\/\/www.aliadospuebla.com\/","name":"AliadosPuebla","description":"La informaci\u00f3n en tus manos","potentialAction":[{"@type":"SearchAction","target":{"@type":"EntryPoint","urlTemplate":"https:\/\/www.aliadospuebla.com\/?s={search_term_string}"},"query-input":{"@type":"PropertyValueSpecification","valueRequired":true,"valueName":"search_term_string"}}],"inLanguage":"es"},{"@type":"Person","@id":"https:\/\/www.aliadospuebla.com\/#\/schema\/person\/5da7dd09320bd4f392b710017ed5f8ad","name":"Aliados17","image":{"@type":"ImageObject","inLanguage":"es","@id":"https:\/\/www.aliadospuebla.com\/web2017\/wp-content\/uploads\/2025\/03\/cropped-para-perfil-8-anos-1-96x96.jpg","url":"https:\/\/www.aliadospuebla.com\/web2017\/wp-content\/uploads\/2025\/03\/cropped-para-perfil-8-anos-1-96x96.jpg","contentUrl":"https:\/\/www.aliadospuebla.com\/web2017\/wp-content\/uploads\/2025\/03\/cropped-para-perfil-8-anos-1-96x96.jpg","caption":"Aliados17"},"sameAs":["https:\/\/www.aliados17.com","https:\/\/www.facebook.com\/Aliados17Pue","https:\/\/x.com\/AliadosPuebla"],"url":"https:\/\/www.aliadospuebla.com\/?author=2"}]}},"views":11,"_links":{"self":[{"href":"https:\/\/www.aliadospuebla.com\/index.php?rest_route=\/wp\/v2\/posts\/110182","targetHints":{"allow":["GET"]}}],"collection":[{"href":"https:\/\/www.aliadospuebla.com\/index.php?rest_route=\/wp\/v2\/posts"}],"about":[{"href":"https:\/\/www.aliadospuebla.com\/index.php?rest_route=\/wp\/v2\/types\/post"}],"author":[{"embeddable":true,"href":"https:\/\/www.aliadospuebla.com\/index.php?rest_route=\/wp\/v2\/users\/2"}],"replies":[{"embeddable":true,"href":"https:\/\/www.aliadospuebla.com\/index.php?rest_route=%2Fwp%2Fv2%2Fcomments&post=110182"}],"version-history":[{"count":1,"href":"https:\/\/www.aliadospuebla.com\/index.php?rest_route=\/wp\/v2\/posts\/110182\/revisions"}],"predecessor-version":[{"id":110184,"href":"https:\/\/www.aliadospuebla.com\/index.php?rest_route=\/wp\/v2\/posts\/110182\/revisions\/110184"}],"wp:featuredmedia":[{"embeddable":true,"href":"https:\/\/www.aliadospuebla.com\/index.php?rest_route=\/wp\/v2\/media\/110183"}],"wp:attachment":[{"href":"https:\/\/www.aliadospuebla.com\/index.php?rest_route=%2Fwp%2Fv2%2Fmedia&parent=110182"}],"wp:term":[{"taxonomy":"category","embeddable":true,"href":"https:\/\/www.aliadospuebla.com\/index.php?rest_route=%2Fwp%2Fv2%2Fcategories&post=110182"},{"taxonomy":"post_tag","embeddable":true,"href":"https:\/\/www.aliadospuebla.com\/index.php?rest_route=%2Fwp%2Fv2%2Ftags&post=110182"}],"curies":[{"name":"wp","href":"https:\/\/api.w.org\/{rel}","templated":true}]}}