{"id":110158,"date":"2025-11-30T09:27:10","date_gmt":"2025-11-30T15:27:10","guid":{"rendered":"https:\/\/www.aliadospuebla.com\/?p=110158"},"modified":"2025-11-30T09:27:10","modified_gmt":"2025-11-30T15:27:10","slug":"concluye-plazo-para-recepcion-de-propuestas-de-personas-para-desempenar-el-cargo-de-titular-de-la-ase","status":"publish","type":"post","link":"https:\/\/www.aliadospuebla.com\/?p=110158","title":{"rendered":"Concluye plazo para recepci\u00f3n de propuestas de personas para desempe\u00f1ar el cargo de titular de la ASE"},"content":{"rendered":"<p>En cumplimiento con la convocatoria emitida por integrantes de la Junta de Gobierno y Coordinaci\u00f3n Pol\u00edtica del Congreso del Estado, a las 18:00 horas de este 28 de noviembre de 2025 concluy\u00f3 el plazo para la recepci\u00f3n de propuestas de personas para desempe\u00f1ar el cargo de titular de la Auditor\u00eda Superior del Estado (ASE).<\/p>\n<p>&nbsp;<\/p>\n<p>Con la presencia de la titular de la Notar\u00eda n\u00famero 18, Mariana Castro Cue y del Secretario General del Congreso, Julio Leopoldo de Lara Valera, se dio cuenta de las 14 propuestas recibidas que se mencionan a continuaci\u00f3n:<\/p>\n<p>&nbsp;<\/p>\n<ol>\n<li>Rom\u00e1n S\u00e1nchez Zamora<\/li>\n<li>Vinissa Morales Mina<\/li>\n<li>Jos\u00e9 Manuel Domingo Dur\u00e1n Pe\u00f1a<\/li>\n<li>Jos\u00e9 Amador Tejeda Carvajal<\/li>\n<li>Eduardo Rom\u00e1n Cruz<\/li>\n<li>Rafael Cepeda Morales<\/li>\n<li>Luis Antonio Herrera P\u00e9rez<\/li>\n<li>Germ\u00e1n Reyna y Herrero<\/li>\n<li>Bibiana Gonz\u00e1lez P\u00e9rez<\/li>\n<li>Francisco Jos\u00e9 Romero Serrano<\/li>\n<li>\u00c1lvaro S\u00e1nchez Jim\u00e9nez<\/li>\n<li>Juan Carlos Moreno Valle Abdala<\/li>\n<li>Gabriel Hern\u00e1ndez Campos<\/li>\n<li>Mar\u00eda de Jes\u00fas Rodr\u00edguez Campos<\/li>\n<\/ol>\n<p>Una vez concluida esta fase de la convocatoria, la Secretar\u00eda General integrar\u00e1 los expedientes respectivos y los remitir\u00e1 a la Junta de Gobierno y Coordinaci\u00f3n Pol\u00edtica, a efecto de que \u00e9sta realice la revisi\u00f3n y an\u00e1lisis de cada uno de ellos y determine qui\u00e9nes cumplen con los requisitos.<\/p>\n<p>&nbsp;<\/p>\n<p>Posteriormente, la Junta de Gobierno y Coordinaci\u00f3n Pol\u00edtica, proceder\u00e1 a desahogar la entrevista de cada una de las personas propuestas. Las y los comparecientes presentar\u00e1n en dicho espacio el plan de trabajo que implementar\u00e1n en caso de ser designados.<\/p>\n","protected":false},"excerpt":{"rendered":"<p>En cumplimiento con la convocatoria emitida por integrantes de la Junta de Gobierno y Coordinaci\u00f3n Pol\u00edtica del Congreso del Estado, a las 18:00 horas de este 28 de noviembre de 2025 concluy\u00f3 el plazo para la recepci\u00f3n de propuestas de personas para desempe\u00f1ar el cargo de titular de la Auditor\u00eda Superior del Estado (ASE). &nbsp; Con la presencia de la titular de la Notar\u00eda n\u00famero 18, Mariana Castro Cue y del Secretario General del Congreso, Julio Leopoldo de Lara Valera, se dio cuenta de las 14 propuestas recibidas que se mencionan a continuaci\u00f3n: &nbsp; Rom\u00e1n S\u00e1nchez Zamora Vinissa Morales Mina Jos\u00e9 Manuel Domingo Dur\u00e1n Pe\u00f1a Jos\u00e9 Amador Tejeda Carvajal Eduardo Rom\u00e1n Cruz Rafael Cepeda Morales Luis Antonio Herrera P\u00e9rez Germ\u00e1n Reyna y Herrero Bibiana Gonz\u00e1lez&hellip;<\/p>\n<p class=\"excerpt-more\"><a class=\"blog-excerpt button\" href=\"https:\/\/www.aliadospuebla.com\/?p=110158\">Leer m\u00e1s&#8230;<\/a><\/p>\n","protected":false},"author":2,"featured_media":110159,"comment_status":"open","ping_status":"open","sticky":false,"template":"","format":"standard","meta":{"_monsterinsights_skip_tracking":false,"footnotes":""},"categories":[6],"tags":[8160,88,341,31710,31709],"class_list":["post-110158","post","type-post","status-publish","format-standard","has-post-thumbnail","hentry","category-politica","tag-ase","tag-congreso-del-estado","tag-convocatoria","tag-personas-propuestas","tag-propuestas-recibidas"],"yoast_head":"<!-- This site is optimized with the Yoast SEO plugin v28.4 - https:\/\/yoast.com\/product\/yoast-seo-wordpress\/ -->\n<title>Concluye plazo para recepci\u00f3n de propuestas de personas para desempe\u00f1ar el cargo de titular de la ASE - AliadosPuebla<\/title>\n<meta name=\"robots\" content=\"index, follow, max-snippet:-1, max-image-preview:large, max-video-preview:-1\" \/>\n<link rel=\"canonical\" href=\"https:\/\/www.aliadospuebla.com\/?p=110158\" \/>\n<meta property=\"og:locale\" content=\"es_ES\" \/>\n<meta property=\"og:type\" content=\"article\" \/>\n<meta property=\"og:title\" content=\"Concluye plazo para recepci\u00f3n de propuestas de personas para desempe\u00f1ar el cargo de titular de la ASE - AliadosPuebla\" \/>\n<meta property=\"og:description\" content=\"En cumplimiento con la convocatoria emitida por integrantes de la Junta de Gobierno y Coordinaci\u00f3n Pol\u00edtica del Congreso del Estado, a las 18:00 horas de este 28 de noviembre de 2025 concluy\u00f3 el plazo para la recepci\u00f3n de propuestas de personas para desempe\u00f1ar el cargo de titular de la Auditor\u00eda Superior del Estado (ASE). &nbsp; Con la presencia de la titular de la Notar\u00eda n\u00famero 18, Mariana Castro Cue y del Secretario General del Congreso, Julio Leopoldo de Lara Valera, se dio cuenta de las 14 propuestas recibidas que se mencionan a continuaci\u00f3n: &nbsp; Rom\u00e1n S\u00e1nchez Zamora Vinissa Morales Mina Jos\u00e9 Manuel Domingo Dur\u00e1n Pe\u00f1a Jos\u00e9 Amador Tejeda Carvajal Eduardo Rom\u00e1n Cruz Rafael Cepeda Morales Luis Antonio Herrera P\u00e9rez Germ\u00e1n Reyna y Herrero Bibiana Gonz\u00e1lez&hellip;Leer m\u00e1s...\" \/>\n<meta property=\"og:url\" content=\"https:\/\/www.aliadospuebla.com\/?p=110158\" \/>\n<meta property=\"og:site_name\" content=\"AliadosPuebla\" \/>\n<meta property=\"article:author\" content=\"https:\/\/www.facebook.com\/Aliados17Pue\" \/>\n<meta property=\"article:published_time\" content=\"2025-11-30T15:27:10+00:00\" \/>\n<meta property=\"og:image\" content=\"https:\/\/www.aliadospuebla.com\/web2017\/wp-content\/uploads\/2025\/11\/579.jpg\" \/>\n\t<meta property=\"og:image:width\" content=\"600\" \/>\n\t<meta property=\"og:image:height\" content=\"450\" \/>\n\t<meta property=\"og:image:type\" content=\"image\/jpeg\" \/>\n<meta name=\"author\" content=\"Aliados17\" \/>\n<meta name=\"twitter:card\" content=\"summary_large_image\" \/>\n<meta name=\"twitter:creator\" content=\"@AliadosPuebla\" \/>\n<meta name=\"twitter:label1\" content=\"Escrito por\" \/>\n\t<meta name=\"twitter:data1\" content=\"Aliados17\" \/>\n\t<meta name=\"twitter:label2\" content=\"Tiempo de lectura\" \/>\n\t<meta name=\"twitter:data2\" content=\"2 minutos\" \/>\n<script type=\"application\/ld+json\" class=\"yoast-schema-graph\">{\"@context\":\"https:\\\/\\\/schema.org\",\"@graph\":[{\"@type\":\"Article\",\"@id\":\"https:\\\/\\\/www.aliadospuebla.com\\\/?p=110158#article\",\"isPartOf\":{\"@id\":\"https:\\\/\\\/www.aliadospuebla.com\\\/?p=110158\"},\"author\":{\"name\":\"Aliados17\",\"@id\":\"https:\\\/\\\/www.aliadospuebla.com\\\/#\\\/schema\\\/person\\\/5da7dd09320bd4f392b710017ed5f8ad\"},\"headline\":\"Concluye plazo para recepci\u00f3n de propuestas de personas para desempe\u00f1ar el cargo de titular de la ASE\",\"datePublished\":\"2025-11-30T15:27:10+00:00\",\"mainEntityOfPage\":{\"@id\":\"https:\\\/\\\/www.aliadospuebla.com\\\/?p=110158\"},\"wordCount\":281,\"commentCount\":0,\"image\":{\"@id\":\"https:\\\/\\\/www.aliadospuebla.com\\\/?p=110158#primaryimage\"},\"thumbnailUrl\":\"https:\\\/\\\/www.aliadospuebla.com\\\/web2017\\\/wp-content\\\/uploads\\\/2025\\\/11\\\/579.jpg\",\"keywords\":[\"ASE\",\"Congreso del Estado\",\"CONVOCATORIA\",\"personas propuestas\",\"propuestas recibidas\"],\"articleSection\":[\"Pol\u00edtica\"],\"inLanguage\":\"es\",\"potentialAction\":[{\"@type\":\"CommentAction\",\"name\":\"Comment\",\"target\":[\"https:\\\/\\\/www.aliadospuebla.com\\\/?p=110158#respond\"]}]},{\"@type\":\"WebPage\",\"@id\":\"https:\\\/\\\/www.aliadospuebla.com\\\/?p=110158\",\"url\":\"https:\\\/\\\/www.aliadospuebla.com\\\/?p=110158\",\"name\":\"Concluye plazo para recepci\u00f3n de propuestas de personas para desempe\u00f1ar el cargo de titular de la ASE - AliadosPuebla\",\"isPartOf\":{\"@id\":\"https:\\\/\\\/www.aliadospuebla.com\\\/#website\"},\"primaryImageOfPage\":{\"@id\":\"https:\\\/\\\/www.aliadospuebla.com\\\/?p=110158#primaryimage\"},\"image\":{\"@id\":\"https:\\\/\\\/www.aliadospuebla.com\\\/?p=110158#primaryimage\"},\"thumbnailUrl\":\"https:\\\/\\\/www.aliadospuebla.com\\\/web2017\\\/wp-content\\\/uploads\\\/2025\\\/11\\\/579.jpg\",\"datePublished\":\"2025-11-30T15:27:10+00:00\",\"author\":{\"@id\":\"https:\\\/\\\/www.aliadospuebla.com\\\/#\\\/schema\\\/person\\\/5da7dd09320bd4f392b710017ed5f8ad\"},\"breadcrumb\":{\"@id\":\"https:\\\/\\\/www.aliadospuebla.com\\\/?p=110158#breadcrumb\"},\"inLanguage\":\"es\",\"potentialAction\":[{\"@type\":\"ReadAction\",\"target\":[\"https:\\\/\\\/www.aliadospuebla.com\\\/?p=110158\"]}]},{\"@type\":\"ImageObject\",\"inLanguage\":\"es\",\"@id\":\"https:\\\/\\\/www.aliadospuebla.com\\\/?p=110158#primaryimage\",\"url\":\"https:\\\/\\\/www.aliadospuebla.com\\\/web2017\\\/wp-content\\\/uploads\\\/2025\\\/11\\\/579.jpg\",\"contentUrl\":\"https:\\\/\\\/www.aliadospuebla.com\\\/web2017\\\/wp-content\\\/uploads\\\/2025\\\/11\\\/579.jpg\",\"width\":600,\"height\":450},{\"@type\":\"BreadcrumbList\",\"@id\":\"https:\\\/\\\/www.aliadospuebla.com\\\/?p=110158#breadcrumb\",\"itemListElement\":[{\"@type\":\"ListItem\",\"position\":1,\"name\":\"Portada\",\"item\":\"https:\\\/\\\/www.aliadospuebla.com\\\/\"},{\"@type\":\"ListItem\",\"position\":2,\"name\":\"Concluye plazo para recepci\u00f3n de propuestas de personas para desempe\u00f1ar el cargo de titular de la ASE\"}]},{\"@type\":\"WebSite\",\"@id\":\"https:\\\/\\\/www.aliadospuebla.com\\\/#website\",\"url\":\"https:\\\/\\\/www.aliadospuebla.com\\\/\",\"name\":\"AliadosPuebla\",\"description\":\"La informaci\u00f3n en tus manos\",\"potentialAction\":[{\"@type\":\"SearchAction\",\"target\":{\"@type\":\"EntryPoint\",\"urlTemplate\":\"https:\\\/\\\/www.aliadospuebla.com\\\/?s={search_term_string}\"},\"query-input\":{\"@type\":\"PropertyValueSpecification\",\"valueRequired\":true,\"valueName\":\"search_term_string\"}}],\"inLanguage\":\"es\"},{\"@type\":\"Person\",\"@id\":\"https:\\\/\\\/www.aliadospuebla.com\\\/#\\\/schema\\\/person\\\/5da7dd09320bd4f392b710017ed5f8ad\",\"name\":\"Aliados17\",\"image\":{\"@type\":\"ImageObject\",\"inLanguage\":\"es\",\"@id\":\"https:\\\/\\\/www.aliadospuebla.com\\\/web2017\\\/wp-content\\\/uploads\\\/2025\\\/03\\\/cropped-para-perfil-8-anos-1-96x96.jpg\",\"url\":\"https:\\\/\\\/www.aliadospuebla.com\\\/web2017\\\/wp-content\\\/uploads\\\/2025\\\/03\\\/cropped-para-perfil-8-anos-1-96x96.jpg\",\"contentUrl\":\"https:\\\/\\\/www.aliadospuebla.com\\\/web2017\\\/wp-content\\\/uploads\\\/2025\\\/03\\\/cropped-para-perfil-8-anos-1-96x96.jpg\",\"caption\":\"Aliados17\"},\"sameAs\":[\"https:\\\/\\\/www.aliados17.com\",\"https:\\\/\\\/www.facebook.com\\\/Aliados17Pue\",\"https:\\\/\\\/x.com\\\/AliadosPuebla\"],\"url\":\"https:\\\/\\\/www.aliadospuebla.com\\\/?author=2\"}]}<\/script>\n<!-- \/ Yoast SEO plugin. -->","yoast_head_json":{"title":"Concluye plazo para recepci\u00f3n de propuestas de personas para desempe\u00f1ar el cargo de titular de la ASE - AliadosPuebla","robots":{"index":"index","follow":"follow","max-snippet":"max-snippet:-1","max-image-preview":"max-image-preview:large","max-video-preview":"max-video-preview:-1"},"canonical":"https:\/\/www.aliadospuebla.com\/?p=110158","og_locale":"es_ES","og_type":"article","og_title":"Concluye plazo para recepci\u00f3n de propuestas de personas para desempe\u00f1ar el cargo de titular de la ASE - AliadosPuebla","og_description":"En cumplimiento con la convocatoria emitida por integrantes de la Junta de Gobierno y Coordinaci\u00f3n Pol\u00edtica del Congreso del Estado, a las 18:00 horas de este 28 de noviembre de 2025 concluy\u00f3 el plazo para la recepci\u00f3n de propuestas de personas para desempe\u00f1ar el cargo de titular de la Auditor\u00eda Superior del Estado (ASE). &nbsp; Con la presencia de la titular de la Notar\u00eda n\u00famero 18, Mariana Castro Cue y del Secretario General del Congreso, Julio Leopoldo de Lara Valera, se dio cuenta de las 14 propuestas recibidas que se mencionan a continuaci\u00f3n: &nbsp; Rom\u00e1n S\u00e1nchez Zamora Vinissa Morales Mina Jos\u00e9 Manuel Domingo Dur\u00e1n Pe\u00f1a Jos\u00e9 Amador Tejeda Carvajal Eduardo Rom\u00e1n Cruz Rafael Cepeda Morales Luis Antonio Herrera P\u00e9rez Germ\u00e1n Reyna y Herrero Bibiana Gonz\u00e1lez&hellip;Leer m\u00e1s...","og_url":"https:\/\/www.aliadospuebla.com\/?p=110158","og_site_name":"AliadosPuebla","article_author":"https:\/\/www.facebook.com\/Aliados17Pue","article_published_time":"2025-11-30T15:27:10+00:00","og_image":[{"width":600,"height":450,"url":"https:\/\/www.aliadospuebla.com\/web2017\/wp-content\/uploads\/2025\/11\/579.jpg","type":"image\/jpeg"}],"author":"Aliados17","twitter_card":"summary_large_image","twitter_creator":"@AliadosPuebla","twitter_misc":{"Escrito por":"Aliados17","Tiempo de lectura":"2 minutos"},"schema":{"@context":"https:\/\/schema.org","@graph":[{"@type":"Article","@id":"https:\/\/www.aliadospuebla.com\/?p=110158#article","isPartOf":{"@id":"https:\/\/www.aliadospuebla.com\/?p=110158"},"author":{"name":"Aliados17","@id":"https:\/\/www.aliadospuebla.com\/#\/schema\/person\/5da7dd09320bd4f392b710017ed5f8ad"},"headline":"Concluye plazo para recepci\u00f3n de propuestas de personas para desempe\u00f1ar el cargo de titular de la ASE","datePublished":"2025-11-30T15:27:10+00:00","mainEntityOfPage":{"@id":"https:\/\/www.aliadospuebla.com\/?p=110158"},"wordCount":281,"commentCount":0,"image":{"@id":"https:\/\/www.aliadospuebla.com\/?p=110158#primaryimage"},"thumbnailUrl":"https:\/\/www.aliadospuebla.com\/web2017\/wp-content\/uploads\/2025\/11\/579.jpg","keywords":["ASE","Congreso del Estado","CONVOCATORIA","personas propuestas","propuestas recibidas"],"articleSection":["Pol\u00edtica"],"inLanguage":"es","potentialAction":[{"@type":"CommentAction","name":"Comment","target":["https:\/\/www.aliadospuebla.com\/?p=110158#respond"]}]},{"@type":"WebPage","@id":"https:\/\/www.aliadospuebla.com\/?p=110158","url":"https:\/\/www.aliadospuebla.com\/?p=110158","name":"Concluye plazo para recepci\u00f3n de propuestas de personas para desempe\u00f1ar el cargo de titular de la ASE - AliadosPuebla","isPartOf":{"@id":"https:\/\/www.aliadospuebla.com\/#website"},"primaryImageOfPage":{"@id":"https:\/\/www.aliadospuebla.com\/?p=110158#primaryimage"},"image":{"@id":"https:\/\/www.aliadospuebla.com\/?p=110158#primaryimage"},"thumbnailUrl":"https:\/\/www.aliadospuebla.com\/web2017\/wp-content\/uploads\/2025\/11\/579.jpg","datePublished":"2025-11-30T15:27:10+00:00","author":{"@id":"https:\/\/www.aliadospuebla.com\/#\/schema\/person\/5da7dd09320bd4f392b710017ed5f8ad"},"breadcrumb":{"@id":"https:\/\/www.aliadospuebla.com\/?p=110158#breadcrumb"},"inLanguage":"es","potentialAction":[{"@type":"ReadAction","target":["https:\/\/www.aliadospuebla.com\/?p=110158"]}]},{"@type":"ImageObject","inLanguage":"es","@id":"https:\/\/www.aliadospuebla.com\/?p=110158#primaryimage","url":"https:\/\/www.aliadospuebla.com\/web2017\/wp-content\/uploads\/2025\/11\/579.jpg","contentUrl":"https:\/\/www.aliadospuebla.com\/web2017\/wp-content\/uploads\/2025\/11\/579.jpg","width":600,"height":450},{"@type":"BreadcrumbList","@id":"https:\/\/www.aliadospuebla.com\/?p=110158#breadcrumb","itemListElement":[{"@type":"ListItem","position":1,"name":"Portada","item":"https:\/\/www.aliadospuebla.com\/"},{"@type":"ListItem","position":2,"name":"Concluye plazo para recepci\u00f3n de propuestas de personas para desempe\u00f1ar el cargo de titular de la ASE"}]},{"@type":"WebSite","@id":"https:\/\/www.aliadospuebla.com\/#website","url":"https:\/\/www.aliadospuebla.com\/","name":"AliadosPuebla","description":"La informaci\u00f3n en tus manos","potentialAction":[{"@type":"SearchAction","target":{"@type":"EntryPoint","urlTemplate":"https:\/\/www.aliadospuebla.com\/?s={search_term_string}"},"query-input":{"@type":"PropertyValueSpecification","valueRequired":true,"valueName":"search_term_string"}}],"inLanguage":"es"},{"@type":"Person","@id":"https:\/\/www.aliadospuebla.com\/#\/schema\/person\/5da7dd09320bd4f392b710017ed5f8ad","name":"Aliados17","image":{"@type":"ImageObject","inLanguage":"es","@id":"https:\/\/www.aliadospuebla.com\/web2017\/wp-content\/uploads\/2025\/03\/cropped-para-perfil-8-anos-1-96x96.jpg","url":"https:\/\/www.aliadospuebla.com\/web2017\/wp-content\/uploads\/2025\/03\/cropped-para-perfil-8-anos-1-96x96.jpg","contentUrl":"https:\/\/www.aliadospuebla.com\/web2017\/wp-content\/uploads\/2025\/03\/cropped-para-perfil-8-anos-1-96x96.jpg","caption":"Aliados17"},"sameAs":["https:\/\/www.aliados17.com","https:\/\/www.facebook.com\/Aliados17Pue","https:\/\/x.com\/AliadosPuebla"],"url":"https:\/\/www.aliadospuebla.com\/?author=2"}]}},"views":17,"_links":{"self":[{"href":"https:\/\/www.aliadospuebla.com\/index.php?rest_route=\/wp\/v2\/posts\/110158","targetHints":{"allow":["GET"]}}],"collection":[{"href":"https:\/\/www.aliadospuebla.com\/index.php?rest_route=\/wp\/v2\/posts"}],"about":[{"href":"https:\/\/www.aliadospuebla.com\/index.php?rest_route=\/wp\/v2\/types\/post"}],"author":[{"embeddable":true,"href":"https:\/\/www.aliadospuebla.com\/index.php?rest_route=\/wp\/v2\/users\/2"}],"replies":[{"embeddable":true,"href":"https:\/\/www.aliadospuebla.com\/index.php?rest_route=%2Fwp%2Fv2%2Fcomments&post=110158"}],"version-history":[{"count":1,"href":"https:\/\/www.aliadospuebla.com\/index.php?rest_route=\/wp\/v2\/posts\/110158\/revisions"}],"predecessor-version":[{"id":110160,"href":"https:\/\/www.aliadospuebla.com\/index.php?rest_route=\/wp\/v2\/posts\/110158\/revisions\/110160"}],"wp:featuredmedia":[{"embeddable":true,"href":"https:\/\/www.aliadospuebla.com\/index.php?rest_route=\/wp\/v2\/media\/110159"}],"wp:attachment":[{"href":"https:\/\/www.aliadospuebla.com\/index.php?rest_route=%2Fwp%2Fv2%2Fmedia&parent=110158"}],"wp:term":[{"taxonomy":"category","embeddable":true,"href":"https:\/\/www.aliadospuebla.com\/index.php?rest_route=%2Fwp%2Fv2%2Fcategories&post=110158"},{"taxonomy":"post_tag","embeddable":true,"href":"https:\/\/www.aliadospuebla.com\/index.php?rest_route=%2Fwp%2Fv2%2Ftags&post=110158"}],"curies":[{"name":"wp","href":"https:\/\/api.w.org\/{rel}","templated":true}]}}