{"id":109910,"date":"2025-11-18T21:35:48","date_gmt":"2025-11-19T03:35:48","guid":{"rendered":"https:\/\/www.aliadospuebla.com\/?p=109910"},"modified":"2025-11-20T21:48:25","modified_gmt":"2025-11-21T03:48:25","slug":"arranca-pepe-chedraui-rehabilitacion-vial-de-camino-viejo-a-balcones","status":"publish","type":"post","link":"https:\/\/www.aliadospuebla.com\/?p=109910","title":{"rendered":"Arranca Pepe Chedraui rehabilitaci\u00f3n vial de Camino Viejo a Balcones"},"content":{"rendered":"<h4>&#8211; \u201cCuando se atienden las necesidades reales de la gente, las obras se convierten en motores de desarrollo\u201d, expres\u00f3 el alcalde<\/h4>\n<p>&#8211; Con los trabajos de intervenci\u00f3n se beneficiar\u00e1 a m\u00e1s de 40 mil 400 habitantes<\/p>\n<p>Puebla, Pue.- En cumplimiento a la palabra empe\u00f1ada y con el objetivo de acercar<\/p>\n<p>beneficios tangibles a la poblaci\u00f3n, el presidente municipal, Pepe Chedraui Budib<\/p>\n<p>encabez\u00f3 el arranque de los trabajos de rehabilitaci\u00f3n vial del Camino Viejo a Balcones,<\/p>\n<p>los cuales beneficiar\u00e1n a m\u00e1s de 40 mil 400 habitantes del sur de la capital.<\/p>\n<p>Acompa\u00f1ado de vecinas y vecinos de la Junta Auxiliar de San Francisco Totimehuac\u00e1n,<\/p>\n<p>el edil capitalino mencion\u00f3 que cada arranque de obra es una muestra clara del compromiso<\/p>\n<p>de la autoridad municipal con el bienestar y desarrollo de la poblaci\u00f3n.<\/p>\n<h4>Por ello, se trabaja con planeaci\u00f3n, visi\u00f3n y distribuci\u00f3n responsable del recurso p\u00fablico, a fin de que las colonias del norte, sur, oriente y poniente de la ciudad sean beneficiadas equitativamente con obras de calidad.<\/h4>\n<p>\u201cGobernar representa asumir retos con valent\u00eda y responder con resultados a la ciudadan\u00eda,<\/p>\n<p>cuando se atienden las necesidades reales de la gente, las obras se convierten en motores de desarrollo.<\/p>\n<p>La transformaci\u00f3n de nuestras vialidades no puede esperar y por eso estamos impulsando<\/p>\n<p>obras que cambian realidades\u201d, precis\u00f3.<\/p>\n<p>Al respecto, la diputada Federal por el Distrito XII, Nora Yessica Merino Escamilla se\u00f1al\u00f3 que,<\/p>\n<p>la intervenci\u00f3n de esta vialidad responde a una demanda leg\u00edtima de la ciudadan\u00eda,<\/p>\n<p>ya que, con estos trabajos se recupera la tranquilidad y la confianza de las familias<\/p>\n<p>que diariamente utilizan este camino para trasladarse a sus centros de trabajo,<\/p>\n<p>planteles educativos y actividades esenciales.<\/p>\n<p>\u201cEsta rehabilitaci\u00f3n vial es una decisi\u00f3n estrat\u00e9gica para el bienestar de toda la regi\u00f3n, significa mayor seguridad, mayor fluidez en los traslados y un cambio profundo en la manera en que se conectan nuestras colonias y comunidades\u201d, asever\u00f3.<\/p>\n<p>Por su parte, el presidente de la Comisi\u00f3n de Infraestructura, Movilidad y Servicios P\u00fablicos, Leobardo Rodr\u00edguez Ju\u00e1rez coment\u00f3 que desde el Cabildo se mantiene un trabajo coordinado con la Secretar\u00eda de Movilidad e Infraestructura, a fin de garantizar que se ejecuten obras con transparencia, responsabilidad y que acerquen beneficios tangibles a la ciudadan\u00eda.<\/p>\n<p>\u201cEl Camino Viejo a Balcones del Sur ser\u00e1 una vialidad m\u00e1s segura, m\u00e1s eficiente y m\u00e1s digna para quienes dependen de ella todos los d\u00edas. Esta obra es una muestra de que cuando se escucha a la comunidad y se trabaja con seriedad, se pueden dar soluciones concretas a los problemas que por a\u00f1os han afectado a la poblaci\u00f3n\u201d, asegur\u00f3.<\/p>\n<p>Por su parte, el secretario de Movilidad e Infraestructura, David Aysa inform\u00f3 que como parte de los trabajos se intervendr\u00e1n un total de 31 mil 386 metros cuadrados, con acciones de sustituci\u00f3n de drenaje, construcci\u00f3n de base hidr\u00e1ulica, banquetas con gu\u00eda podot\u00e1ctil para personas con debilidad visual, guarniciones, rampas, colocaci\u00f3n de carpeta asf\u00e1ltica, bolardos, aplicaci\u00f3n de se\u00f1al\u00e9tica horizontal, instalaci\u00f3n de se\u00f1alamientos viales verticales, luminarias, entre otras.<\/p>\n<p>\u201cEstaremos colocando carpeta asf\u00e1ltica en una longitud de 2 mil 400 metros y en un ancho de vialidad de 9 metros\u201d, agreg\u00f3.<\/p>\n<p>Cabe destacar que, con esta obra se benefician colonias como: Constituci\u00f3n Mexicana, Santa Luc\u00eda, La Concepci\u00f3n Sur, SNTE, San Alfonso y Guadalupe Hidalgo 2da. Secci\u00f3n.<\/p>\n<p>Con estas acciones, el Gobierno de la Ciudad que encabeza el alcalde Pepe Chedraui Budib, refrenda su compromiso de continuar con la implementaci\u00f3n de proyectos que fortalezcan las arterias viales de la ciudad.<\/p>\n","protected":false},"excerpt":{"rendered":"<p>&#8211; \u201cCuando se atienden las necesidades reales de la gente, las obras se convierten en motores de desarrollo\u201d, expres\u00f3 el alcalde &#8211; Con los trabajos de intervenci\u00f3n se beneficiar\u00e1 a m\u00e1s de 40 mil 400 habitantes Puebla, Pue.- En cumplimiento a la palabra empe\u00f1ada y con el objetivo de acercar beneficios tangibles a la poblaci\u00f3n, el presidente municipal, Pepe Chedraui Budib encabez\u00f3 el arranque de los trabajos de rehabilitaci\u00f3n vial del Camino Viejo a Balcones, los cuales beneficiar\u00e1n a m\u00e1s de 40 mil 400 habitantes del sur de la capital. Acompa\u00f1ado de vecinas y vecinos de la Junta Auxiliar de San Francisco Totimehuac\u00e1n, el edil capitalino mencion\u00f3 que cada arranque de obra es una muestra clara del compromiso de la autoridad municipal con el bienestar&hellip;<\/p>\n<p class=\"excerpt-more\"><a class=\"blog-excerpt button\" href=\"https:\/\/www.aliadospuebla.com\/?p=109910\">Leer m\u00e1s&#8230;<\/a><\/p>\n","protected":false},"author":2,"featured_media":109911,"comment_status":"open","ping_status":"open","sticky":false,"template":"","format":"standard","meta":{"_monsterinsights_skip_tracking":false,"footnotes":""},"categories":[62],"tags":[1258,31596,238,20612,2301,28423,16666],"class_list":["post-109910","post","type-post","status-publish","format-standard","has-post-thumbnail","hentry","category-capital","tag-bienestar","tag-camino-viejo-a-balcones","tag-desarrollo","tag-pepe-chedraui","tag-planeacion","tag-rehabilitacion-vial","tag-vision"],"yoast_head":"<!-- This site is optimized with the Yoast SEO plugin v28.3 - https:\/\/yoast.com\/product\/yoast-seo-wordpress\/ -->\n<title>Arranca Pepe Chedraui rehabilitaci\u00f3n vial de Camino Viejo a Balcones - AliadosPuebla<\/title>\n<meta name=\"robots\" content=\"index, follow, max-snippet:-1, max-image-preview:large, max-video-preview:-1\" \/>\n<link rel=\"canonical\" href=\"https:\/\/www.aliadospuebla.com\/?p=109910\" \/>\n<meta property=\"og:locale\" content=\"es_ES\" \/>\n<meta property=\"og:type\" content=\"article\" \/>\n<meta property=\"og:title\" content=\"Arranca Pepe Chedraui rehabilitaci\u00f3n vial de Camino Viejo a Balcones - AliadosPuebla\" \/>\n<meta property=\"og:description\" content=\"&#8211; \u201cCuando se atienden las necesidades reales de la gente, las obras se convierten en motores de desarrollo\u201d, expres\u00f3 el alcalde &#8211; Con los trabajos de intervenci\u00f3n se beneficiar\u00e1 a m\u00e1s de 40 mil 400 habitantes Puebla, Pue.- En cumplimiento a la palabra empe\u00f1ada y con el objetivo de acercar beneficios tangibles a la poblaci\u00f3n, el presidente municipal, Pepe Chedraui Budib encabez\u00f3 el arranque de los trabajos de rehabilitaci\u00f3n vial del Camino Viejo a Balcones, los cuales beneficiar\u00e1n a m\u00e1s de 40 mil 400 habitantes del sur de la capital. Acompa\u00f1ado de vecinas y vecinos de la Junta Auxiliar de San Francisco Totimehuac\u00e1n, el edil capitalino mencion\u00f3 que cada arranque de obra es una muestra clara del compromiso de la autoridad municipal con el bienestar&hellip;Leer m\u00e1s...\" \/>\n<meta property=\"og:url\" content=\"https:\/\/www.aliadospuebla.com\/?p=109910\" \/>\n<meta property=\"og:site_name\" content=\"AliadosPuebla\" \/>\n<meta property=\"article:author\" content=\"https:\/\/www.facebook.com\/Aliados17Pue\" \/>\n<meta property=\"article:published_time\" content=\"2025-11-19T03:35:48+00:00\" \/>\n<meta property=\"article:modified_time\" content=\"2025-11-21T03:48:25+00:00\" \/>\n<meta property=\"og:image\" content=\"https:\/\/www.aliadospuebla.com\/web2017\/wp-content\/uploads\/2025\/11\/504.jpg\" \/>\n\t<meta property=\"og:image:width\" content=\"600\" \/>\n\t<meta property=\"og:image:height\" content=\"450\" \/>\n\t<meta property=\"og:image:type\" content=\"image\/jpeg\" \/>\n<meta name=\"author\" content=\"Aliados17\" \/>\n<meta name=\"twitter:card\" content=\"summary_large_image\" \/>\n<meta name=\"twitter:creator\" content=\"@AliadosPuebla\" \/>\n<meta name=\"twitter:label1\" content=\"Escrito por\" \/>\n\t<meta name=\"twitter:data1\" content=\"Aliados17\" \/>\n\t<meta name=\"twitter:label2\" content=\"Tiempo de lectura\" \/>\n\t<meta name=\"twitter:data2\" content=\"3 minutos\" \/>\n<script type=\"application\/ld+json\" class=\"yoast-schema-graph\">{\"@context\":\"https:\\\/\\\/schema.org\",\"@graph\":[{\"@type\":\"Article\",\"@id\":\"https:\\\/\\\/www.aliadospuebla.com\\\/?p=109910#article\",\"isPartOf\":{\"@id\":\"https:\\\/\\\/www.aliadospuebla.com\\\/?p=109910\"},\"author\":{\"name\":\"Aliados17\",\"@id\":\"https:\\\/\\\/www.aliadospuebla.com\\\/#\\\/schema\\\/person\\\/5da7dd09320bd4f392b710017ed5f8ad\"},\"headline\":\"Arranca Pepe Chedraui rehabilitaci\u00f3n vial de Camino Viejo a Balcones\",\"datePublished\":\"2025-11-19T03:35:48+00:00\",\"dateModified\":\"2025-11-21T03:48:25+00:00\",\"mainEntityOfPage\":{\"@id\":\"https:\\\/\\\/www.aliadospuebla.com\\\/?p=109910\"},\"wordCount\":629,\"commentCount\":0,\"image\":{\"@id\":\"https:\\\/\\\/www.aliadospuebla.com\\\/?p=109910#primaryimage\"},\"thumbnailUrl\":\"https:\\\/\\\/www.aliadospuebla.com\\\/web2017\\\/wp-content\\\/uploads\\\/2025\\\/11\\\/504.jpg\",\"keywords\":[\"BIENESTAR\",\"Camino Viejo a Balcones\",\"desarrollo\",\"Pepe Chedraui\",\"PLANEACI\u00d3N\",\"rehabilitaci\u00f3n vial\",\"visi\u00f3n\"],\"articleSection\":[\"Capital\"],\"inLanguage\":\"es\",\"potentialAction\":[{\"@type\":\"CommentAction\",\"name\":\"Comment\",\"target\":[\"https:\\\/\\\/www.aliadospuebla.com\\\/?p=109910#respond\"]}]},{\"@type\":\"WebPage\",\"@id\":\"https:\\\/\\\/www.aliadospuebla.com\\\/?p=109910\",\"url\":\"https:\\\/\\\/www.aliadospuebla.com\\\/?p=109910\",\"name\":\"Arranca Pepe Chedraui rehabilitaci\u00f3n vial de Camino Viejo a Balcones - AliadosPuebla\",\"isPartOf\":{\"@id\":\"https:\\\/\\\/www.aliadospuebla.com\\\/#website\"},\"primaryImageOfPage\":{\"@id\":\"https:\\\/\\\/www.aliadospuebla.com\\\/?p=109910#primaryimage\"},\"image\":{\"@id\":\"https:\\\/\\\/www.aliadospuebla.com\\\/?p=109910#primaryimage\"},\"thumbnailUrl\":\"https:\\\/\\\/www.aliadospuebla.com\\\/web2017\\\/wp-content\\\/uploads\\\/2025\\\/11\\\/504.jpg\",\"datePublished\":\"2025-11-19T03:35:48+00:00\",\"dateModified\":\"2025-11-21T03:48:25+00:00\",\"author\":{\"@id\":\"https:\\\/\\\/www.aliadospuebla.com\\\/#\\\/schema\\\/person\\\/5da7dd09320bd4f392b710017ed5f8ad\"},\"breadcrumb\":{\"@id\":\"https:\\\/\\\/www.aliadospuebla.com\\\/?p=109910#breadcrumb\"},\"inLanguage\":\"es\",\"potentialAction\":[{\"@type\":\"ReadAction\",\"target\":[\"https:\\\/\\\/www.aliadospuebla.com\\\/?p=109910\"]}]},{\"@type\":\"ImageObject\",\"inLanguage\":\"es\",\"@id\":\"https:\\\/\\\/www.aliadospuebla.com\\\/?p=109910#primaryimage\",\"url\":\"https:\\\/\\\/www.aliadospuebla.com\\\/web2017\\\/wp-content\\\/uploads\\\/2025\\\/11\\\/504.jpg\",\"contentUrl\":\"https:\\\/\\\/www.aliadospuebla.com\\\/web2017\\\/wp-content\\\/uploads\\\/2025\\\/11\\\/504.jpg\",\"width\":600,\"height\":450},{\"@type\":\"BreadcrumbList\",\"@id\":\"https:\\\/\\\/www.aliadospuebla.com\\\/?p=109910#breadcrumb\",\"itemListElement\":[{\"@type\":\"ListItem\",\"position\":1,\"name\":\"Portada\",\"item\":\"https:\\\/\\\/www.aliadospuebla.com\\\/\"},{\"@type\":\"ListItem\",\"position\":2,\"name\":\"Arranca Pepe Chedraui rehabilitaci\u00f3n vial de Camino Viejo a Balcones\"}]},{\"@type\":\"WebSite\",\"@id\":\"https:\\\/\\\/www.aliadospuebla.com\\\/#website\",\"url\":\"https:\\\/\\\/www.aliadospuebla.com\\\/\",\"name\":\"AliadosPuebla\",\"description\":\"La informaci\u00f3n en tus manos\",\"potentialAction\":[{\"@type\":\"SearchAction\",\"target\":{\"@type\":\"EntryPoint\",\"urlTemplate\":\"https:\\\/\\\/www.aliadospuebla.com\\\/?s={search_term_string}\"},\"query-input\":{\"@type\":\"PropertyValueSpecification\",\"valueRequired\":true,\"valueName\":\"search_term_string\"}}],\"inLanguage\":\"es\"},{\"@type\":\"Person\",\"@id\":\"https:\\\/\\\/www.aliadospuebla.com\\\/#\\\/schema\\\/person\\\/5da7dd09320bd4f392b710017ed5f8ad\",\"name\":\"Aliados17\",\"image\":{\"@type\":\"ImageObject\",\"inLanguage\":\"es\",\"@id\":\"https:\\\/\\\/www.aliadospuebla.com\\\/web2017\\\/wp-content\\\/uploads\\\/2025\\\/03\\\/cropped-para-perfil-8-anos-1-96x96.jpg\",\"url\":\"https:\\\/\\\/www.aliadospuebla.com\\\/web2017\\\/wp-content\\\/uploads\\\/2025\\\/03\\\/cropped-para-perfil-8-anos-1-96x96.jpg\",\"contentUrl\":\"https:\\\/\\\/www.aliadospuebla.com\\\/web2017\\\/wp-content\\\/uploads\\\/2025\\\/03\\\/cropped-para-perfil-8-anos-1-96x96.jpg\",\"caption\":\"Aliados17\"},\"sameAs\":[\"https:\\\/\\\/www.aliados17.com\",\"https:\\\/\\\/www.facebook.com\\\/Aliados17Pue\",\"https:\\\/\\\/x.com\\\/AliadosPuebla\"],\"url\":\"https:\\\/\\\/www.aliadospuebla.com\\\/?author=2\"}]}<\/script>\n<!-- \/ Yoast SEO plugin. -->","yoast_head_json":{"title":"Arranca Pepe Chedraui rehabilitaci\u00f3n vial de Camino Viejo a Balcones - AliadosPuebla","robots":{"index":"index","follow":"follow","max-snippet":"max-snippet:-1","max-image-preview":"max-image-preview:large","max-video-preview":"max-video-preview:-1"},"canonical":"https:\/\/www.aliadospuebla.com\/?p=109910","og_locale":"es_ES","og_type":"article","og_title":"Arranca Pepe Chedraui rehabilitaci\u00f3n vial de Camino Viejo a Balcones - AliadosPuebla","og_description":"&#8211; \u201cCuando se atienden las necesidades reales de la gente, las obras se convierten en motores de desarrollo\u201d, expres\u00f3 el alcalde &#8211; Con los trabajos de intervenci\u00f3n se beneficiar\u00e1 a m\u00e1s de 40 mil 400 habitantes Puebla, Pue.- En cumplimiento a la palabra empe\u00f1ada y con el objetivo de acercar beneficios tangibles a la poblaci\u00f3n, el presidente municipal, Pepe Chedraui Budib encabez\u00f3 el arranque de los trabajos de rehabilitaci\u00f3n vial del Camino Viejo a Balcones, los cuales beneficiar\u00e1n a m\u00e1s de 40 mil 400 habitantes del sur de la capital. Acompa\u00f1ado de vecinas y vecinos de la Junta Auxiliar de San Francisco Totimehuac\u00e1n, el edil capitalino mencion\u00f3 que cada arranque de obra es una muestra clara del compromiso de la autoridad municipal con el bienestar&hellip;Leer m\u00e1s...","og_url":"https:\/\/www.aliadospuebla.com\/?p=109910","og_site_name":"AliadosPuebla","article_author":"https:\/\/www.facebook.com\/Aliados17Pue","article_published_time":"2025-11-19T03:35:48+00:00","article_modified_time":"2025-11-21T03:48:25+00:00","og_image":[{"width":600,"height":450,"url":"https:\/\/www.aliadospuebla.com\/web2017\/wp-content\/uploads\/2025\/11\/504.jpg","type":"image\/jpeg"}],"author":"Aliados17","twitter_card":"summary_large_image","twitter_creator":"@AliadosPuebla","twitter_misc":{"Escrito por":"Aliados17","Tiempo de lectura":"3 minutos"},"schema":{"@context":"https:\/\/schema.org","@graph":[{"@type":"Article","@id":"https:\/\/www.aliadospuebla.com\/?p=109910#article","isPartOf":{"@id":"https:\/\/www.aliadospuebla.com\/?p=109910"},"author":{"name":"Aliados17","@id":"https:\/\/www.aliadospuebla.com\/#\/schema\/person\/5da7dd09320bd4f392b710017ed5f8ad"},"headline":"Arranca Pepe Chedraui rehabilitaci\u00f3n vial de Camino Viejo a Balcones","datePublished":"2025-11-19T03:35:48+00:00","dateModified":"2025-11-21T03:48:25+00:00","mainEntityOfPage":{"@id":"https:\/\/www.aliadospuebla.com\/?p=109910"},"wordCount":629,"commentCount":0,"image":{"@id":"https:\/\/www.aliadospuebla.com\/?p=109910#primaryimage"},"thumbnailUrl":"https:\/\/www.aliadospuebla.com\/web2017\/wp-content\/uploads\/2025\/11\/504.jpg","keywords":["BIENESTAR","Camino Viejo a Balcones","desarrollo","Pepe Chedraui","PLANEACI\u00d3N","rehabilitaci\u00f3n vial","visi\u00f3n"],"articleSection":["Capital"],"inLanguage":"es","potentialAction":[{"@type":"CommentAction","name":"Comment","target":["https:\/\/www.aliadospuebla.com\/?p=109910#respond"]}]},{"@type":"WebPage","@id":"https:\/\/www.aliadospuebla.com\/?p=109910","url":"https:\/\/www.aliadospuebla.com\/?p=109910","name":"Arranca Pepe Chedraui rehabilitaci\u00f3n vial de Camino Viejo a Balcones - AliadosPuebla","isPartOf":{"@id":"https:\/\/www.aliadospuebla.com\/#website"},"primaryImageOfPage":{"@id":"https:\/\/www.aliadospuebla.com\/?p=109910#primaryimage"},"image":{"@id":"https:\/\/www.aliadospuebla.com\/?p=109910#primaryimage"},"thumbnailUrl":"https:\/\/www.aliadospuebla.com\/web2017\/wp-content\/uploads\/2025\/11\/504.jpg","datePublished":"2025-11-19T03:35:48+00:00","dateModified":"2025-11-21T03:48:25+00:00","author":{"@id":"https:\/\/www.aliadospuebla.com\/#\/schema\/person\/5da7dd09320bd4f392b710017ed5f8ad"},"breadcrumb":{"@id":"https:\/\/www.aliadospuebla.com\/?p=109910#breadcrumb"},"inLanguage":"es","potentialAction":[{"@type":"ReadAction","target":["https:\/\/www.aliadospuebla.com\/?p=109910"]}]},{"@type":"ImageObject","inLanguage":"es","@id":"https:\/\/www.aliadospuebla.com\/?p=109910#primaryimage","url":"https:\/\/www.aliadospuebla.com\/web2017\/wp-content\/uploads\/2025\/11\/504.jpg","contentUrl":"https:\/\/www.aliadospuebla.com\/web2017\/wp-content\/uploads\/2025\/11\/504.jpg","width":600,"height":450},{"@type":"BreadcrumbList","@id":"https:\/\/www.aliadospuebla.com\/?p=109910#breadcrumb","itemListElement":[{"@type":"ListItem","position":1,"name":"Portada","item":"https:\/\/www.aliadospuebla.com\/"},{"@type":"ListItem","position":2,"name":"Arranca Pepe Chedraui rehabilitaci\u00f3n vial de Camino Viejo a Balcones"}]},{"@type":"WebSite","@id":"https:\/\/www.aliadospuebla.com\/#website","url":"https:\/\/www.aliadospuebla.com\/","name":"AliadosPuebla","description":"La informaci\u00f3n en tus manos","potentialAction":[{"@type":"SearchAction","target":{"@type":"EntryPoint","urlTemplate":"https:\/\/www.aliadospuebla.com\/?s={search_term_string}"},"query-input":{"@type":"PropertyValueSpecification","valueRequired":true,"valueName":"search_term_string"}}],"inLanguage":"es"},{"@type":"Person","@id":"https:\/\/www.aliadospuebla.com\/#\/schema\/person\/5da7dd09320bd4f392b710017ed5f8ad","name":"Aliados17","image":{"@type":"ImageObject","inLanguage":"es","@id":"https:\/\/www.aliadospuebla.com\/web2017\/wp-content\/uploads\/2025\/03\/cropped-para-perfil-8-anos-1-96x96.jpg","url":"https:\/\/www.aliadospuebla.com\/web2017\/wp-content\/uploads\/2025\/03\/cropped-para-perfil-8-anos-1-96x96.jpg","contentUrl":"https:\/\/www.aliadospuebla.com\/web2017\/wp-content\/uploads\/2025\/03\/cropped-para-perfil-8-anos-1-96x96.jpg","caption":"Aliados17"},"sameAs":["https:\/\/www.aliados17.com","https:\/\/www.facebook.com\/Aliados17Pue","https:\/\/x.com\/AliadosPuebla"],"url":"https:\/\/www.aliadospuebla.com\/?author=2"}]}},"views":18,"_links":{"self":[{"href":"https:\/\/www.aliadospuebla.com\/index.php?rest_route=\/wp\/v2\/posts\/109910","targetHints":{"allow":["GET"]}}],"collection":[{"href":"https:\/\/www.aliadospuebla.com\/index.php?rest_route=\/wp\/v2\/posts"}],"about":[{"href":"https:\/\/www.aliadospuebla.com\/index.php?rest_route=\/wp\/v2\/types\/post"}],"author":[{"embeddable":true,"href":"https:\/\/www.aliadospuebla.com\/index.php?rest_route=\/wp\/v2\/users\/2"}],"replies":[{"embeddable":true,"href":"https:\/\/www.aliadospuebla.com\/index.php?rest_route=%2Fwp%2Fv2%2Fcomments&post=109910"}],"version-history":[{"count":1,"href":"https:\/\/www.aliadospuebla.com\/index.php?rest_route=\/wp\/v2\/posts\/109910\/revisions"}],"predecessor-version":[{"id":109912,"href":"https:\/\/www.aliadospuebla.com\/index.php?rest_route=\/wp\/v2\/posts\/109910\/revisions\/109912"}],"wp:featuredmedia":[{"embeddable":true,"href":"https:\/\/www.aliadospuebla.com\/index.php?rest_route=\/wp\/v2\/media\/109911"}],"wp:attachment":[{"href":"https:\/\/www.aliadospuebla.com\/index.php?rest_route=%2Fwp%2Fv2%2Fmedia&parent=109910"}],"wp:term":[{"taxonomy":"category","embeddable":true,"href":"https:\/\/www.aliadospuebla.com\/index.php?rest_route=%2Fwp%2Fv2%2Fcategories&post=109910"},{"taxonomy":"post_tag","embeddable":true,"href":"https:\/\/www.aliadospuebla.com\/index.php?rest_route=%2Fwp%2Fv2%2Ftags&post=109910"}],"curies":[{"name":"wp","href":"https:\/\/api.w.org\/{rel}","templated":true}]}}