{"id":109884,"date":"2025-11-18T19:33:08","date_gmt":"2025-11-19T01:33:08","guid":{"rendered":"https:\/\/www.aliadospuebla.com\/?p=109884"},"modified":"2025-11-18T19:33:08","modified_gmt":"2025-11-19T01:33:08","slug":"san-pedro-cholula-fortalece-acciones-preventivas-previo-al-concierto-de-campanas-del-vaniloquio-2025","status":"publish","type":"post","link":"https:\/\/www.aliadospuebla.com\/?p=109884","title":{"rendered":"San Pedro Cholula fortalece acciones preventivas previo al Concierto de Campanas del Vaniloquio 2025"},"content":{"rendered":"<h4>San Pedro Cholula fortalece acciones preventivas previo al Concierto de Campanas del Vaniloquio 2025<\/h4>\n<p>an Pedro Cholula, Pue. &#8211; El Gobierno Municipal de San Pedro Cholula, a trav\u00e9s de la Direcci\u00f3n<\/p>\n<p>de Protecci\u00f3n Civil, realiz\u00f3 la supervisi\u00f3n de las iglesias que participar\u00e1n<\/p>\n<p>en el tradicional Concierto de Campanas del Vaniloquio 2025, programado para el pr\u00f3ximo 22 de noviembre.<\/p>\n<p>Como parte de las acciones preventivas, se llevaron a cabo inspecciones en los siguientes templos:<\/p>\n<p>\u2022 Santuario Nuestra Se\u00f1ora de los Remedios<\/p>\n<p>Jes\u00fas Tlatempa<\/p>\n<p>\u2022 Nuestro Se\u00f1or Ecce Homo<\/p>\n<p>Parroquia de San Pedro Cholula<\/p>\n<p>\u2022 San Juan Calvario<\/p>\n<p>San Miguel Tianguisnahuatl<\/p>\n<p>\u2022 Santiago Mixquitla<\/p>\n<p>Santa Mar\u00eda Tzocuila<\/p>\n<p>\u2022 Santo Entierro<\/p>\n<p>Durante los recorridos, se verificaron los amarres de los badajos y las estructuras de las campanas; adem\u00e1s, se brindaron recomendaciones de seguridad a las y los campaneros, con el objetivo de descartar riesgos y garantizar un evento seguro para todas y todos.<\/p>\n<p>Cabe destacar que se implementar\u00e1 un despliegue operativo integrado por bomberos y param\u00e9dicos, quienes mantendr\u00e1n supervisi\u00f3n constante durante el desarrollo de las actividades programadas.<\/p>\n<p>El Gobierno de San Pedro Cholula, encabezado por la presidenta municipal Tonantzin Fern\u00e1ndez, refrenda su compromiso de preservar las tradiciones y enaltecer la riqueza cultural que distingue al municipio como Pueblo M\u00e1gico.<\/p>\n","protected":false},"excerpt":{"rendered":"<p>San Pedro Cholula fortalece acciones preventivas previo al Concierto de Campanas del Vaniloquio 2025 an Pedro Cholula, Pue. &#8211; El Gobierno Municipal de San Pedro Cholula, a trav\u00e9s de la Direcci\u00f3n de Protecci\u00f3n Civil, realiz\u00f3 la supervisi\u00f3n de las iglesias que participar\u00e1n en el tradicional Concierto de Campanas del Vaniloquio 2025, programado para el pr\u00f3ximo 22 de noviembre. Como parte de las acciones preventivas, se llevaron a cabo inspecciones en los siguientes templos: \u2022 Santuario Nuestra Se\u00f1ora de los Remedios Jes\u00fas Tlatempa \u2022 Nuestro Se\u00f1or Ecce Homo Parroquia de San Pedro Cholula \u2022 San Juan Calvario San Miguel Tianguisnahuatl \u2022 Santiago Mixquitla Santa Mar\u00eda Tzocuila \u2022 Santo Entierro Durante los recorridos, se verificaron los amarres de los badajos y las estructuras de las campanas; adem\u00e1s,&hellip;<\/p>\n<p class=\"excerpt-more\"><a class=\"blog-excerpt button\" href=\"https:\/\/www.aliadospuebla.com\/?p=109884\">Leer m\u00e1s&#8230;<\/a><\/p>\n","protected":false},"author":2,"featured_media":109885,"comment_status":"open","ping_status":"open","sticky":false,"template":"","format":"standard","meta":{"_monsterinsights_skip_tracking":false,"footnotes":""},"categories":[4],"tags":[31588,20550,1781,15273,387,1255,7394,31587],"class_list":["post-109884","post","type-post","status-publish","format-standard","has-post-thumbnail","hentry","category-municipios","tag-badajos","tag-concierto-de-campanas","tag-iglesias","tag-inspecciones","tag-san-pedro-cholula","tag-supervision","tag-tonantzin-fernandez","tag-vaniloquio-2025"],"yoast_head":"<!-- This site is optimized with the Yoast SEO plugin v28.3 - https:\/\/yoast.com\/product\/yoast-seo-wordpress\/ -->\n<title>San Pedro Cholula fortalece acciones preventivas previo al Concierto de Campanas del Vaniloquio 2025 - AliadosPuebla<\/title>\n<meta name=\"robots\" content=\"index, follow, max-snippet:-1, max-image-preview:large, max-video-preview:-1\" \/>\n<link rel=\"canonical\" href=\"https:\/\/www.aliadospuebla.com\/?p=109884\" \/>\n<meta property=\"og:locale\" content=\"es_ES\" \/>\n<meta property=\"og:type\" content=\"article\" \/>\n<meta property=\"og:title\" content=\"San Pedro Cholula fortalece acciones preventivas previo al Concierto de Campanas del Vaniloquio 2025 - AliadosPuebla\" \/>\n<meta property=\"og:description\" content=\"San Pedro Cholula fortalece acciones preventivas previo al Concierto de Campanas del Vaniloquio 2025 an Pedro Cholula, Pue. &#8211; El Gobierno Municipal de San Pedro Cholula, a trav\u00e9s de la Direcci\u00f3n de Protecci\u00f3n Civil, realiz\u00f3 la supervisi\u00f3n de las iglesias que participar\u00e1n en el tradicional Concierto de Campanas del Vaniloquio 2025, programado para el pr\u00f3ximo 22 de noviembre. Como parte de las acciones preventivas, se llevaron a cabo inspecciones en los siguientes templos: \u2022 Santuario Nuestra Se\u00f1ora de los Remedios Jes\u00fas Tlatempa \u2022 Nuestro Se\u00f1or Ecce Homo Parroquia de San Pedro Cholula \u2022 San Juan Calvario San Miguel Tianguisnahuatl \u2022 Santiago Mixquitla Santa Mar\u00eda Tzocuila \u2022 Santo Entierro Durante los recorridos, se verificaron los amarres de los badajos y las estructuras de las campanas; adem\u00e1s,&hellip;Leer m\u00e1s...\" \/>\n<meta property=\"og:url\" content=\"https:\/\/www.aliadospuebla.com\/?p=109884\" \/>\n<meta property=\"og:site_name\" content=\"AliadosPuebla\" \/>\n<meta property=\"article:author\" content=\"https:\/\/www.facebook.com\/Aliados17Pue\" \/>\n<meta property=\"article:published_time\" content=\"2025-11-19T01:33:08+00:00\" \/>\n<meta property=\"og:image\" content=\"https:\/\/www.aliadospuebla.com\/web2017\/wp-content\/uploads\/2025\/11\/497.jpg\" \/>\n\t<meta property=\"og:image:width\" content=\"600\" \/>\n\t<meta property=\"og:image:height\" content=\"450\" \/>\n\t<meta property=\"og:image:type\" content=\"image\/jpeg\" \/>\n<meta name=\"author\" content=\"Aliados17\" \/>\n<meta name=\"twitter:card\" content=\"summary_large_image\" \/>\n<meta name=\"twitter:creator\" content=\"@AliadosPuebla\" \/>\n<meta name=\"twitter:label1\" content=\"Escrito por\" \/>\n\t<meta name=\"twitter:data1\" content=\"Aliados17\" \/>\n\t<meta name=\"twitter:label2\" content=\"Tiempo de lectura\" \/>\n\t<meta name=\"twitter:data2\" content=\"2 minutos\" \/>\n<script type=\"application\/ld+json\" class=\"yoast-schema-graph\">{\"@context\":\"https:\\\/\\\/schema.org\",\"@graph\":[{\"@type\":\"Article\",\"@id\":\"https:\\\/\\\/www.aliadospuebla.com\\\/?p=109884#article\",\"isPartOf\":{\"@id\":\"https:\\\/\\\/www.aliadospuebla.com\\\/?p=109884\"},\"author\":{\"name\":\"Aliados17\",\"@id\":\"https:\\\/\\\/www.aliadospuebla.com\\\/#\\\/schema\\\/person\\\/5da7dd09320bd4f392b710017ed5f8ad\"},\"headline\":\"San Pedro Cholula fortalece acciones preventivas previo al Concierto de Campanas del Vaniloquio 2025\",\"datePublished\":\"2025-11-19T01:33:08+00:00\",\"mainEntityOfPage\":{\"@id\":\"https:\\\/\\\/www.aliadospuebla.com\\\/?p=109884\"},\"wordCount\":227,\"commentCount\":0,\"image\":{\"@id\":\"https:\\\/\\\/www.aliadospuebla.com\\\/?p=109884#primaryimage\"},\"thumbnailUrl\":\"https:\\\/\\\/www.aliadospuebla.com\\\/web2017\\\/wp-content\\\/uploads\\\/2025\\\/11\\\/497.jpg\",\"keywords\":[\"badajos\",\"Concierto de campanas\",\"IGLESIAS\",\"inspecciones\",\"SAN PEDRO CHOLULA\",\"SUPERVISI\u00d3N\",\"TONANTZIN FERN\u00c1NDEZ\",\"Vaniloquio 2025\"],\"articleSection\":[\"Municipios\"],\"inLanguage\":\"es\",\"potentialAction\":[{\"@type\":\"CommentAction\",\"name\":\"Comment\",\"target\":[\"https:\\\/\\\/www.aliadospuebla.com\\\/?p=109884#respond\"]}]},{\"@type\":\"WebPage\",\"@id\":\"https:\\\/\\\/www.aliadospuebla.com\\\/?p=109884\",\"url\":\"https:\\\/\\\/www.aliadospuebla.com\\\/?p=109884\",\"name\":\"San Pedro Cholula fortalece acciones preventivas previo al Concierto de Campanas del Vaniloquio 2025 - AliadosPuebla\",\"isPartOf\":{\"@id\":\"https:\\\/\\\/www.aliadospuebla.com\\\/#website\"},\"primaryImageOfPage\":{\"@id\":\"https:\\\/\\\/www.aliadospuebla.com\\\/?p=109884#primaryimage\"},\"image\":{\"@id\":\"https:\\\/\\\/www.aliadospuebla.com\\\/?p=109884#primaryimage\"},\"thumbnailUrl\":\"https:\\\/\\\/www.aliadospuebla.com\\\/web2017\\\/wp-content\\\/uploads\\\/2025\\\/11\\\/497.jpg\",\"datePublished\":\"2025-11-19T01:33:08+00:00\",\"author\":{\"@id\":\"https:\\\/\\\/www.aliadospuebla.com\\\/#\\\/schema\\\/person\\\/5da7dd09320bd4f392b710017ed5f8ad\"},\"breadcrumb\":{\"@id\":\"https:\\\/\\\/www.aliadospuebla.com\\\/?p=109884#breadcrumb\"},\"inLanguage\":\"es\",\"potentialAction\":[{\"@type\":\"ReadAction\",\"target\":[\"https:\\\/\\\/www.aliadospuebla.com\\\/?p=109884\"]}]},{\"@type\":\"ImageObject\",\"inLanguage\":\"es\",\"@id\":\"https:\\\/\\\/www.aliadospuebla.com\\\/?p=109884#primaryimage\",\"url\":\"https:\\\/\\\/www.aliadospuebla.com\\\/web2017\\\/wp-content\\\/uploads\\\/2025\\\/11\\\/497.jpg\",\"contentUrl\":\"https:\\\/\\\/www.aliadospuebla.com\\\/web2017\\\/wp-content\\\/uploads\\\/2025\\\/11\\\/497.jpg\",\"width\":600,\"height\":450},{\"@type\":\"BreadcrumbList\",\"@id\":\"https:\\\/\\\/www.aliadospuebla.com\\\/?p=109884#breadcrumb\",\"itemListElement\":[{\"@type\":\"ListItem\",\"position\":1,\"name\":\"Portada\",\"item\":\"https:\\\/\\\/www.aliadospuebla.com\\\/\"},{\"@type\":\"ListItem\",\"position\":2,\"name\":\"San Pedro Cholula fortalece acciones preventivas previo al Concierto de Campanas del Vaniloquio 2025\"}]},{\"@type\":\"WebSite\",\"@id\":\"https:\\\/\\\/www.aliadospuebla.com\\\/#website\",\"url\":\"https:\\\/\\\/www.aliadospuebla.com\\\/\",\"name\":\"AliadosPuebla\",\"description\":\"La informaci\u00f3n en tus manos\",\"potentialAction\":[{\"@type\":\"SearchAction\",\"target\":{\"@type\":\"EntryPoint\",\"urlTemplate\":\"https:\\\/\\\/www.aliadospuebla.com\\\/?s={search_term_string}\"},\"query-input\":{\"@type\":\"PropertyValueSpecification\",\"valueRequired\":true,\"valueName\":\"search_term_string\"}}],\"inLanguage\":\"es\"},{\"@type\":\"Person\",\"@id\":\"https:\\\/\\\/www.aliadospuebla.com\\\/#\\\/schema\\\/person\\\/5da7dd09320bd4f392b710017ed5f8ad\",\"name\":\"Aliados17\",\"image\":{\"@type\":\"ImageObject\",\"inLanguage\":\"es\",\"@id\":\"https:\\\/\\\/www.aliadospuebla.com\\\/web2017\\\/wp-content\\\/uploads\\\/2025\\\/03\\\/cropped-para-perfil-8-anos-1-96x96.jpg\",\"url\":\"https:\\\/\\\/www.aliadospuebla.com\\\/web2017\\\/wp-content\\\/uploads\\\/2025\\\/03\\\/cropped-para-perfil-8-anos-1-96x96.jpg\",\"contentUrl\":\"https:\\\/\\\/www.aliadospuebla.com\\\/web2017\\\/wp-content\\\/uploads\\\/2025\\\/03\\\/cropped-para-perfil-8-anos-1-96x96.jpg\",\"caption\":\"Aliados17\"},\"sameAs\":[\"https:\\\/\\\/www.aliados17.com\",\"https:\\\/\\\/www.facebook.com\\\/Aliados17Pue\",\"https:\\\/\\\/x.com\\\/AliadosPuebla\"],\"url\":\"https:\\\/\\\/www.aliadospuebla.com\\\/?author=2\"}]}<\/script>\n<!-- \/ Yoast SEO plugin. -->","yoast_head_json":{"title":"San Pedro Cholula fortalece acciones preventivas previo al Concierto de Campanas del Vaniloquio 2025 - AliadosPuebla","robots":{"index":"index","follow":"follow","max-snippet":"max-snippet:-1","max-image-preview":"max-image-preview:large","max-video-preview":"max-video-preview:-1"},"canonical":"https:\/\/www.aliadospuebla.com\/?p=109884","og_locale":"es_ES","og_type":"article","og_title":"San Pedro Cholula fortalece acciones preventivas previo al Concierto de Campanas del Vaniloquio 2025 - AliadosPuebla","og_description":"San Pedro Cholula fortalece acciones preventivas previo al Concierto de Campanas del Vaniloquio 2025 an Pedro Cholula, Pue. &#8211; El Gobierno Municipal de San Pedro Cholula, a trav\u00e9s de la Direcci\u00f3n de Protecci\u00f3n Civil, realiz\u00f3 la supervisi\u00f3n de las iglesias que participar\u00e1n en el tradicional Concierto de Campanas del Vaniloquio 2025, programado para el pr\u00f3ximo 22 de noviembre. Como parte de las acciones preventivas, se llevaron a cabo inspecciones en los siguientes templos: \u2022 Santuario Nuestra Se\u00f1ora de los Remedios Jes\u00fas Tlatempa \u2022 Nuestro Se\u00f1or Ecce Homo Parroquia de San Pedro Cholula \u2022 San Juan Calvario San Miguel Tianguisnahuatl \u2022 Santiago Mixquitla Santa Mar\u00eda Tzocuila \u2022 Santo Entierro Durante los recorridos, se verificaron los amarres de los badajos y las estructuras de las campanas; adem\u00e1s,&hellip;Leer m\u00e1s...","og_url":"https:\/\/www.aliadospuebla.com\/?p=109884","og_site_name":"AliadosPuebla","article_author":"https:\/\/www.facebook.com\/Aliados17Pue","article_published_time":"2025-11-19T01:33:08+00:00","og_image":[{"width":600,"height":450,"url":"https:\/\/www.aliadospuebla.com\/web2017\/wp-content\/uploads\/2025\/11\/497.jpg","type":"image\/jpeg"}],"author":"Aliados17","twitter_card":"summary_large_image","twitter_creator":"@AliadosPuebla","twitter_misc":{"Escrito por":"Aliados17","Tiempo de lectura":"2 minutos"},"schema":{"@context":"https:\/\/schema.org","@graph":[{"@type":"Article","@id":"https:\/\/www.aliadospuebla.com\/?p=109884#article","isPartOf":{"@id":"https:\/\/www.aliadospuebla.com\/?p=109884"},"author":{"name":"Aliados17","@id":"https:\/\/www.aliadospuebla.com\/#\/schema\/person\/5da7dd09320bd4f392b710017ed5f8ad"},"headline":"San Pedro Cholula fortalece acciones preventivas previo al Concierto de Campanas del Vaniloquio 2025","datePublished":"2025-11-19T01:33:08+00:00","mainEntityOfPage":{"@id":"https:\/\/www.aliadospuebla.com\/?p=109884"},"wordCount":227,"commentCount":0,"image":{"@id":"https:\/\/www.aliadospuebla.com\/?p=109884#primaryimage"},"thumbnailUrl":"https:\/\/www.aliadospuebla.com\/web2017\/wp-content\/uploads\/2025\/11\/497.jpg","keywords":["badajos","Concierto de campanas","IGLESIAS","inspecciones","SAN PEDRO CHOLULA","SUPERVISI\u00d3N","TONANTZIN FERN\u00c1NDEZ","Vaniloquio 2025"],"articleSection":["Municipios"],"inLanguage":"es","potentialAction":[{"@type":"CommentAction","name":"Comment","target":["https:\/\/www.aliadospuebla.com\/?p=109884#respond"]}]},{"@type":"WebPage","@id":"https:\/\/www.aliadospuebla.com\/?p=109884","url":"https:\/\/www.aliadospuebla.com\/?p=109884","name":"San Pedro Cholula fortalece acciones preventivas previo al Concierto de Campanas del Vaniloquio 2025 - AliadosPuebla","isPartOf":{"@id":"https:\/\/www.aliadospuebla.com\/#website"},"primaryImageOfPage":{"@id":"https:\/\/www.aliadospuebla.com\/?p=109884#primaryimage"},"image":{"@id":"https:\/\/www.aliadospuebla.com\/?p=109884#primaryimage"},"thumbnailUrl":"https:\/\/www.aliadospuebla.com\/web2017\/wp-content\/uploads\/2025\/11\/497.jpg","datePublished":"2025-11-19T01:33:08+00:00","author":{"@id":"https:\/\/www.aliadospuebla.com\/#\/schema\/person\/5da7dd09320bd4f392b710017ed5f8ad"},"breadcrumb":{"@id":"https:\/\/www.aliadospuebla.com\/?p=109884#breadcrumb"},"inLanguage":"es","potentialAction":[{"@type":"ReadAction","target":["https:\/\/www.aliadospuebla.com\/?p=109884"]}]},{"@type":"ImageObject","inLanguage":"es","@id":"https:\/\/www.aliadospuebla.com\/?p=109884#primaryimage","url":"https:\/\/www.aliadospuebla.com\/web2017\/wp-content\/uploads\/2025\/11\/497.jpg","contentUrl":"https:\/\/www.aliadospuebla.com\/web2017\/wp-content\/uploads\/2025\/11\/497.jpg","width":600,"height":450},{"@type":"BreadcrumbList","@id":"https:\/\/www.aliadospuebla.com\/?p=109884#breadcrumb","itemListElement":[{"@type":"ListItem","position":1,"name":"Portada","item":"https:\/\/www.aliadospuebla.com\/"},{"@type":"ListItem","position":2,"name":"San Pedro Cholula fortalece acciones preventivas previo al Concierto de Campanas del Vaniloquio 2025"}]},{"@type":"WebSite","@id":"https:\/\/www.aliadospuebla.com\/#website","url":"https:\/\/www.aliadospuebla.com\/","name":"AliadosPuebla","description":"La informaci\u00f3n en tus manos","potentialAction":[{"@type":"SearchAction","target":{"@type":"EntryPoint","urlTemplate":"https:\/\/www.aliadospuebla.com\/?s={search_term_string}"},"query-input":{"@type":"PropertyValueSpecification","valueRequired":true,"valueName":"search_term_string"}}],"inLanguage":"es"},{"@type":"Person","@id":"https:\/\/www.aliadospuebla.com\/#\/schema\/person\/5da7dd09320bd4f392b710017ed5f8ad","name":"Aliados17","image":{"@type":"ImageObject","inLanguage":"es","@id":"https:\/\/www.aliadospuebla.com\/web2017\/wp-content\/uploads\/2025\/03\/cropped-para-perfil-8-anos-1-96x96.jpg","url":"https:\/\/www.aliadospuebla.com\/web2017\/wp-content\/uploads\/2025\/03\/cropped-para-perfil-8-anos-1-96x96.jpg","contentUrl":"https:\/\/www.aliadospuebla.com\/web2017\/wp-content\/uploads\/2025\/03\/cropped-para-perfil-8-anos-1-96x96.jpg","caption":"Aliados17"},"sameAs":["https:\/\/www.aliados17.com","https:\/\/www.facebook.com\/Aliados17Pue","https:\/\/x.com\/AliadosPuebla"],"url":"https:\/\/www.aliadospuebla.com\/?author=2"}]}},"views":15,"_links":{"self":[{"href":"https:\/\/www.aliadospuebla.com\/index.php?rest_route=\/wp\/v2\/posts\/109884","targetHints":{"allow":["GET"]}}],"collection":[{"href":"https:\/\/www.aliadospuebla.com\/index.php?rest_route=\/wp\/v2\/posts"}],"about":[{"href":"https:\/\/www.aliadospuebla.com\/index.php?rest_route=\/wp\/v2\/types\/post"}],"author":[{"embeddable":true,"href":"https:\/\/www.aliadospuebla.com\/index.php?rest_route=\/wp\/v2\/users\/2"}],"replies":[{"embeddable":true,"href":"https:\/\/www.aliadospuebla.com\/index.php?rest_route=%2Fwp%2Fv2%2Fcomments&post=109884"}],"version-history":[{"count":1,"href":"https:\/\/www.aliadospuebla.com\/index.php?rest_route=\/wp\/v2\/posts\/109884\/revisions"}],"predecessor-version":[{"id":109886,"href":"https:\/\/www.aliadospuebla.com\/index.php?rest_route=\/wp\/v2\/posts\/109884\/revisions\/109886"}],"wp:featuredmedia":[{"embeddable":true,"href":"https:\/\/www.aliadospuebla.com\/index.php?rest_route=\/wp\/v2\/media\/109885"}],"wp:attachment":[{"href":"https:\/\/www.aliadospuebla.com\/index.php?rest_route=%2Fwp%2Fv2%2Fmedia&parent=109884"}],"wp:term":[{"taxonomy":"category","embeddable":true,"href":"https:\/\/www.aliadospuebla.com\/index.php?rest_route=%2Fwp%2Fv2%2Fcategories&post=109884"},{"taxonomy":"post_tag","embeddable":true,"href":"https:\/\/www.aliadospuebla.com\/index.php?rest_route=%2Fwp%2Fv2%2Ftags&post=109884"}],"curies":[{"name":"wp","href":"https:\/\/api.w.org\/{rel}","templated":true}]}}