{"id":109854,"date":"2025-11-17T11:42:37","date_gmt":"2025-11-17T17:42:37","guid":{"rendered":"https:\/\/www.aliadospuebla.com\/?p=109854"},"modified":"2025-11-17T11:42:37","modified_gmt":"2025-11-17T17:42:37","slug":"con-la-presencia-de-autoridades-municipales-y-locales-fue-inaugurada-este-sabado-la-cuarta-edicion-de-la-feria-agroartesanal-del-tejocote","status":"publish","type":"post","link":"https:\/\/www.aliadospuebla.com\/?p=109854","title":{"rendered":"Con la presencia de autoridades municipales y locales, fue inaugurada este s\u00e1bado la cuarta edici\u00f3n de la Feria Agroartesanal del Tejocote"},"content":{"rendered":"<h4>Con la presencia de autoridades municipales y locales, fue inaugurada este s\u00e1bado la cuarta edici\u00f3n de la Feria Agroartesanal del Tejocote en el Campo Deportivo de la Junta Auxiliar de Santa Mar\u00eda Atexcac, consolidando a esta comunidad como el principal productor nacional del fruto.<\/h4>\n<p>El acto protocolario estuvo encabezado por Andrea Morales Garc\u00eda, Secretaria de Turismo y Cultura;<\/p>\n<p>Asunci\u00f3n Flores Mestre, Presidente Auxiliar de Santa Mar\u00eda Atexcac; Rigoberto Flores Paz,<\/p>\n<p>Presidente del Comit\u00e9 Organizador de la Feria; as\u00ed como miembros del Cabildo Municipal,<\/p>\n<p>&nbsp;<\/p>\n<p>quienes cortaron el list\u00f3n inaugural ante la asistencia de cientos de visitantes y productores.<\/p>\n<p>El evento, que se desarrolla este s\u00e1bado 15 y domingo 16 de noviembre en un horario de 9:00 a 19:00 horas, re\u00fane a 100 expositores entre agricultores, artesanos y 15 cocineras tradicionales que ofrecen una amplia variedad de productos derivados del tejocote: mermeladas, ates, licores, jugos, mezcales, conservas, ponche y platillos t\u00edpicos. Asimismo, se exhiben artesan\u00edas elaboradas en cer\u00e1mica, madera, metal y textiles.<\/p>\n<p>Atexcac aporta el 98 % de la producci\u00f3n nacional de tejocote, con exportaciones regulares a Estados Unidos, Canad\u00e1 y otros mercados internacionales. La feria busca impulsar la econom\u00eda local, promover el turismo regional y fortalecer la identidad cultural en la zona del Izta-Popo.<\/p>\n<p>La entrada es gratuita y se espera una afluencia significativa de familias y turistas durante los dos d\u00edas del evento.<\/p>\n","protected":false},"excerpt":{"rendered":"<p>Con la presencia de autoridades municipales y locales, fue inaugurada este s\u00e1bado la cuarta edici\u00f3n de la Feria Agroartesanal del Tejocote en el Campo Deportivo de la Junta Auxiliar de Santa Mar\u00eda Atexcac, consolidando a esta comunidad como el principal productor nacional del fruto. El acto protocolario estuvo encabezado por Andrea Morales Garc\u00eda, Secretaria de Turismo y Cultura; Asunci\u00f3n Flores Mestre, Presidente Auxiliar de Santa Mar\u00eda Atexcac; Rigoberto Flores Paz, Presidente del Comit\u00e9 Organizador de la Feria; as\u00ed como miembros del Cabildo Municipal, &nbsp; quienes cortaron el list\u00f3n inaugural ante la asistencia de cientos de visitantes y productores. El evento, que se desarrolla este s\u00e1bado 15 y domingo 16 de noviembre en un horario de 9:00 a 19:00 horas, re\u00fane a 100 expositores entre agricultores,&hellip;<\/p>\n<p class=\"excerpt-more\"><a class=\"blog-excerpt button\" href=\"https:\/\/www.aliadospuebla.com\/?p=109854\">Leer m\u00e1s&#8230;<\/a><\/p>\n","protected":false},"author":2,"featured_media":109855,"comment_status":"open","ping_status":"open","sticky":false,"template":"","format":"standard","meta":{"_monsterinsights_skip_tracking":false,"footnotes":""},"categories":[4],"tags":[31536,9363,31571],"class_list":["post-109854","post","type-post","status-publish","format-standard","has-post-thumbnail","hentry","category-municipios","tag-feria-agroartesanal-del-tejocote","tag-productor-nacional","tag-turismo-regional"],"yoast_head":"<!-- This site is optimized with the Yoast SEO plugin v28.3 - https:\/\/yoast.com\/product\/yoast-seo-wordpress\/ -->\n<title>Con la presencia de autoridades municipales y locales, fue inaugurada este s\u00e1bado la cuarta edici\u00f3n de la Feria Agroartesanal del Tejocote - AliadosPuebla<\/title>\n<meta name=\"robots\" content=\"index, follow, max-snippet:-1, max-image-preview:large, max-video-preview:-1\" \/>\n<link rel=\"canonical\" href=\"https:\/\/www.aliadospuebla.com\/?p=109854\" \/>\n<meta property=\"og:locale\" content=\"es_ES\" \/>\n<meta property=\"og:type\" content=\"article\" \/>\n<meta property=\"og:title\" content=\"Con la presencia de autoridades municipales y locales, fue inaugurada este s\u00e1bado la cuarta edici\u00f3n de la Feria Agroartesanal del Tejocote - AliadosPuebla\" \/>\n<meta property=\"og:description\" content=\"Con la presencia de autoridades municipales y locales, fue inaugurada este s\u00e1bado la cuarta edici\u00f3n de la Feria Agroartesanal del Tejocote en el Campo Deportivo de la Junta Auxiliar de Santa Mar\u00eda Atexcac, consolidando a esta comunidad como el principal productor nacional del fruto. El acto protocolario estuvo encabezado por Andrea Morales Garc\u00eda, Secretaria de Turismo y Cultura; Asunci\u00f3n Flores Mestre, Presidente Auxiliar de Santa Mar\u00eda Atexcac; Rigoberto Flores Paz, Presidente del Comit\u00e9 Organizador de la Feria; as\u00ed como miembros del Cabildo Municipal, &nbsp; quienes cortaron el list\u00f3n inaugural ante la asistencia de cientos de visitantes y productores. El evento, que se desarrolla este s\u00e1bado 15 y domingo 16 de noviembre en un horario de 9:00 a 19:00 horas, re\u00fane a 100 expositores entre agricultores,&hellip;Leer m\u00e1s...\" \/>\n<meta property=\"og:url\" content=\"https:\/\/www.aliadospuebla.com\/?p=109854\" \/>\n<meta property=\"og:site_name\" content=\"AliadosPuebla\" \/>\n<meta property=\"article:author\" content=\"https:\/\/www.facebook.com\/Aliados17Pue\" \/>\n<meta property=\"article:published_time\" content=\"2025-11-17T17:42:37+00:00\" \/>\n<meta property=\"og:image\" content=\"https:\/\/www.aliadospuebla.com\/web2017\/wp-content\/uploads\/2025\/11\/488.jpg\" \/>\n\t<meta property=\"og:image:width\" content=\"600\" \/>\n\t<meta property=\"og:image:height\" content=\"450\" \/>\n\t<meta property=\"og:image:type\" content=\"image\/jpeg\" \/>\n<meta name=\"author\" content=\"Aliados17\" \/>\n<meta name=\"twitter:card\" content=\"summary_large_image\" \/>\n<meta name=\"twitter:creator\" content=\"@AliadosPuebla\" \/>\n<meta name=\"twitter:label1\" content=\"Escrito por\" \/>\n\t<meta name=\"twitter:data1\" content=\"Aliados17\" \/>\n\t<meta name=\"twitter:label2\" content=\"Tiempo de lectura\" \/>\n\t<meta name=\"twitter:data2\" content=\"2 minutos\" \/>\n<script type=\"application\/ld+json\" class=\"yoast-schema-graph\">{\"@context\":\"https:\\\/\\\/schema.org\",\"@graph\":[{\"@type\":\"Article\",\"@id\":\"https:\\\/\\\/www.aliadospuebla.com\\\/?p=109854#article\",\"isPartOf\":{\"@id\":\"https:\\\/\\\/www.aliadospuebla.com\\\/?p=109854\"},\"author\":{\"name\":\"Aliados17\",\"@id\":\"https:\\\/\\\/www.aliadospuebla.com\\\/#\\\/schema\\\/person\\\/5da7dd09320bd4f392b710017ed5f8ad\"},\"headline\":\"Con la presencia de autoridades municipales y locales, fue inaugurada este s\u00e1bado la cuarta edici\u00f3n de la Feria Agroartesanal del Tejocote\",\"datePublished\":\"2025-11-17T17:42:37+00:00\",\"mainEntityOfPage\":{\"@id\":\"https:\\\/\\\/www.aliadospuebla.com\\\/?p=109854\"},\"wordCount\":254,\"commentCount\":0,\"image\":{\"@id\":\"https:\\\/\\\/www.aliadospuebla.com\\\/?p=109854#primaryimage\"},\"thumbnailUrl\":\"https:\\\/\\\/www.aliadospuebla.com\\\/web2017\\\/wp-content\\\/uploads\\\/2025\\\/11\\\/488.jpg\",\"keywords\":[\"Feria Agroartesanal del Tejocote\",\"productor nacional\",\"turismo regional\"],\"articleSection\":[\"Municipios\"],\"inLanguage\":\"es\",\"potentialAction\":[{\"@type\":\"CommentAction\",\"name\":\"Comment\",\"target\":[\"https:\\\/\\\/www.aliadospuebla.com\\\/?p=109854#respond\"]}]},{\"@type\":\"WebPage\",\"@id\":\"https:\\\/\\\/www.aliadospuebla.com\\\/?p=109854\",\"url\":\"https:\\\/\\\/www.aliadospuebla.com\\\/?p=109854\",\"name\":\"Con la presencia de autoridades municipales y locales, fue inaugurada este s\u00e1bado la cuarta edici\u00f3n de la Feria Agroartesanal del Tejocote - AliadosPuebla\",\"isPartOf\":{\"@id\":\"https:\\\/\\\/www.aliadospuebla.com\\\/#website\"},\"primaryImageOfPage\":{\"@id\":\"https:\\\/\\\/www.aliadospuebla.com\\\/?p=109854#primaryimage\"},\"image\":{\"@id\":\"https:\\\/\\\/www.aliadospuebla.com\\\/?p=109854#primaryimage\"},\"thumbnailUrl\":\"https:\\\/\\\/www.aliadospuebla.com\\\/web2017\\\/wp-content\\\/uploads\\\/2025\\\/11\\\/488.jpg\",\"datePublished\":\"2025-11-17T17:42:37+00:00\",\"author\":{\"@id\":\"https:\\\/\\\/www.aliadospuebla.com\\\/#\\\/schema\\\/person\\\/5da7dd09320bd4f392b710017ed5f8ad\"},\"breadcrumb\":{\"@id\":\"https:\\\/\\\/www.aliadospuebla.com\\\/?p=109854#breadcrumb\"},\"inLanguage\":\"es\",\"potentialAction\":[{\"@type\":\"ReadAction\",\"target\":[\"https:\\\/\\\/www.aliadospuebla.com\\\/?p=109854\"]}]},{\"@type\":\"ImageObject\",\"inLanguage\":\"es\",\"@id\":\"https:\\\/\\\/www.aliadospuebla.com\\\/?p=109854#primaryimage\",\"url\":\"https:\\\/\\\/www.aliadospuebla.com\\\/web2017\\\/wp-content\\\/uploads\\\/2025\\\/11\\\/488.jpg\",\"contentUrl\":\"https:\\\/\\\/www.aliadospuebla.com\\\/web2017\\\/wp-content\\\/uploads\\\/2025\\\/11\\\/488.jpg\",\"width\":600,\"height\":450},{\"@type\":\"BreadcrumbList\",\"@id\":\"https:\\\/\\\/www.aliadospuebla.com\\\/?p=109854#breadcrumb\",\"itemListElement\":[{\"@type\":\"ListItem\",\"position\":1,\"name\":\"Portada\",\"item\":\"https:\\\/\\\/www.aliadospuebla.com\\\/\"},{\"@type\":\"ListItem\",\"position\":2,\"name\":\"Con la presencia de autoridades municipales y locales, fue inaugurada este s\u00e1bado la cuarta edici\u00f3n de la Feria Agroartesanal del Tejocote\"}]},{\"@type\":\"WebSite\",\"@id\":\"https:\\\/\\\/www.aliadospuebla.com\\\/#website\",\"url\":\"https:\\\/\\\/www.aliadospuebla.com\\\/\",\"name\":\"AliadosPuebla\",\"description\":\"La informaci\u00f3n en tus manos\",\"potentialAction\":[{\"@type\":\"SearchAction\",\"target\":{\"@type\":\"EntryPoint\",\"urlTemplate\":\"https:\\\/\\\/www.aliadospuebla.com\\\/?s={search_term_string}\"},\"query-input\":{\"@type\":\"PropertyValueSpecification\",\"valueRequired\":true,\"valueName\":\"search_term_string\"}}],\"inLanguage\":\"es\"},{\"@type\":\"Person\",\"@id\":\"https:\\\/\\\/www.aliadospuebla.com\\\/#\\\/schema\\\/person\\\/5da7dd09320bd4f392b710017ed5f8ad\",\"name\":\"Aliados17\",\"image\":{\"@type\":\"ImageObject\",\"inLanguage\":\"es\",\"@id\":\"https:\\\/\\\/www.aliadospuebla.com\\\/web2017\\\/wp-content\\\/uploads\\\/2025\\\/03\\\/cropped-para-perfil-8-anos-1-96x96.jpg\",\"url\":\"https:\\\/\\\/www.aliadospuebla.com\\\/web2017\\\/wp-content\\\/uploads\\\/2025\\\/03\\\/cropped-para-perfil-8-anos-1-96x96.jpg\",\"contentUrl\":\"https:\\\/\\\/www.aliadospuebla.com\\\/web2017\\\/wp-content\\\/uploads\\\/2025\\\/03\\\/cropped-para-perfil-8-anos-1-96x96.jpg\",\"caption\":\"Aliados17\"},\"sameAs\":[\"https:\\\/\\\/www.aliados17.com\",\"https:\\\/\\\/www.facebook.com\\\/Aliados17Pue\",\"https:\\\/\\\/x.com\\\/AliadosPuebla\"],\"url\":\"https:\\\/\\\/www.aliadospuebla.com\\\/?author=2\"}]}<\/script>\n<!-- \/ Yoast SEO plugin. -->","yoast_head_json":{"title":"Con la presencia de autoridades municipales y locales, fue inaugurada este s\u00e1bado la cuarta edici\u00f3n de la Feria Agroartesanal del Tejocote - AliadosPuebla","robots":{"index":"index","follow":"follow","max-snippet":"max-snippet:-1","max-image-preview":"max-image-preview:large","max-video-preview":"max-video-preview:-1"},"canonical":"https:\/\/www.aliadospuebla.com\/?p=109854","og_locale":"es_ES","og_type":"article","og_title":"Con la presencia de autoridades municipales y locales, fue inaugurada este s\u00e1bado la cuarta edici\u00f3n de la Feria Agroartesanal del Tejocote - AliadosPuebla","og_description":"Con la presencia de autoridades municipales y locales, fue inaugurada este s\u00e1bado la cuarta edici\u00f3n de la Feria Agroartesanal del Tejocote en el Campo Deportivo de la Junta Auxiliar de Santa Mar\u00eda Atexcac, consolidando a esta comunidad como el principal productor nacional del fruto. El acto protocolario estuvo encabezado por Andrea Morales Garc\u00eda, Secretaria de Turismo y Cultura; Asunci\u00f3n Flores Mestre, Presidente Auxiliar de Santa Mar\u00eda Atexcac; Rigoberto Flores Paz, Presidente del Comit\u00e9 Organizador de la Feria; as\u00ed como miembros del Cabildo Municipal, &nbsp; quienes cortaron el list\u00f3n inaugural ante la asistencia de cientos de visitantes y productores. El evento, que se desarrolla este s\u00e1bado 15 y domingo 16 de noviembre en un horario de 9:00 a 19:00 horas, re\u00fane a 100 expositores entre agricultores,&hellip;Leer m\u00e1s...","og_url":"https:\/\/www.aliadospuebla.com\/?p=109854","og_site_name":"AliadosPuebla","article_author":"https:\/\/www.facebook.com\/Aliados17Pue","article_published_time":"2025-11-17T17:42:37+00:00","og_image":[{"width":600,"height":450,"url":"https:\/\/www.aliadospuebla.com\/web2017\/wp-content\/uploads\/2025\/11\/488.jpg","type":"image\/jpeg"}],"author":"Aliados17","twitter_card":"summary_large_image","twitter_creator":"@AliadosPuebla","twitter_misc":{"Escrito por":"Aliados17","Tiempo de lectura":"2 minutos"},"schema":{"@context":"https:\/\/schema.org","@graph":[{"@type":"Article","@id":"https:\/\/www.aliadospuebla.com\/?p=109854#article","isPartOf":{"@id":"https:\/\/www.aliadospuebla.com\/?p=109854"},"author":{"name":"Aliados17","@id":"https:\/\/www.aliadospuebla.com\/#\/schema\/person\/5da7dd09320bd4f392b710017ed5f8ad"},"headline":"Con la presencia de autoridades municipales y locales, fue inaugurada este s\u00e1bado la cuarta edici\u00f3n de la Feria Agroartesanal del Tejocote","datePublished":"2025-11-17T17:42:37+00:00","mainEntityOfPage":{"@id":"https:\/\/www.aliadospuebla.com\/?p=109854"},"wordCount":254,"commentCount":0,"image":{"@id":"https:\/\/www.aliadospuebla.com\/?p=109854#primaryimage"},"thumbnailUrl":"https:\/\/www.aliadospuebla.com\/web2017\/wp-content\/uploads\/2025\/11\/488.jpg","keywords":["Feria Agroartesanal del Tejocote","productor nacional","turismo regional"],"articleSection":["Municipios"],"inLanguage":"es","potentialAction":[{"@type":"CommentAction","name":"Comment","target":["https:\/\/www.aliadospuebla.com\/?p=109854#respond"]}]},{"@type":"WebPage","@id":"https:\/\/www.aliadospuebla.com\/?p=109854","url":"https:\/\/www.aliadospuebla.com\/?p=109854","name":"Con la presencia de autoridades municipales y locales, fue inaugurada este s\u00e1bado la cuarta edici\u00f3n de la Feria Agroartesanal del Tejocote - AliadosPuebla","isPartOf":{"@id":"https:\/\/www.aliadospuebla.com\/#website"},"primaryImageOfPage":{"@id":"https:\/\/www.aliadospuebla.com\/?p=109854#primaryimage"},"image":{"@id":"https:\/\/www.aliadospuebla.com\/?p=109854#primaryimage"},"thumbnailUrl":"https:\/\/www.aliadospuebla.com\/web2017\/wp-content\/uploads\/2025\/11\/488.jpg","datePublished":"2025-11-17T17:42:37+00:00","author":{"@id":"https:\/\/www.aliadospuebla.com\/#\/schema\/person\/5da7dd09320bd4f392b710017ed5f8ad"},"breadcrumb":{"@id":"https:\/\/www.aliadospuebla.com\/?p=109854#breadcrumb"},"inLanguage":"es","potentialAction":[{"@type":"ReadAction","target":["https:\/\/www.aliadospuebla.com\/?p=109854"]}]},{"@type":"ImageObject","inLanguage":"es","@id":"https:\/\/www.aliadospuebla.com\/?p=109854#primaryimage","url":"https:\/\/www.aliadospuebla.com\/web2017\/wp-content\/uploads\/2025\/11\/488.jpg","contentUrl":"https:\/\/www.aliadospuebla.com\/web2017\/wp-content\/uploads\/2025\/11\/488.jpg","width":600,"height":450},{"@type":"BreadcrumbList","@id":"https:\/\/www.aliadospuebla.com\/?p=109854#breadcrumb","itemListElement":[{"@type":"ListItem","position":1,"name":"Portada","item":"https:\/\/www.aliadospuebla.com\/"},{"@type":"ListItem","position":2,"name":"Con la presencia de autoridades municipales y locales, fue inaugurada este s\u00e1bado la cuarta edici\u00f3n de la Feria Agroartesanal del Tejocote"}]},{"@type":"WebSite","@id":"https:\/\/www.aliadospuebla.com\/#website","url":"https:\/\/www.aliadospuebla.com\/","name":"AliadosPuebla","description":"La informaci\u00f3n en tus manos","potentialAction":[{"@type":"SearchAction","target":{"@type":"EntryPoint","urlTemplate":"https:\/\/www.aliadospuebla.com\/?s={search_term_string}"},"query-input":{"@type":"PropertyValueSpecification","valueRequired":true,"valueName":"search_term_string"}}],"inLanguage":"es"},{"@type":"Person","@id":"https:\/\/www.aliadospuebla.com\/#\/schema\/person\/5da7dd09320bd4f392b710017ed5f8ad","name":"Aliados17","image":{"@type":"ImageObject","inLanguage":"es","@id":"https:\/\/www.aliadospuebla.com\/web2017\/wp-content\/uploads\/2025\/03\/cropped-para-perfil-8-anos-1-96x96.jpg","url":"https:\/\/www.aliadospuebla.com\/web2017\/wp-content\/uploads\/2025\/03\/cropped-para-perfil-8-anos-1-96x96.jpg","contentUrl":"https:\/\/www.aliadospuebla.com\/web2017\/wp-content\/uploads\/2025\/03\/cropped-para-perfil-8-anos-1-96x96.jpg","caption":"Aliados17"},"sameAs":["https:\/\/www.aliados17.com","https:\/\/www.facebook.com\/Aliados17Pue","https:\/\/x.com\/AliadosPuebla"],"url":"https:\/\/www.aliadospuebla.com\/?author=2"}]}},"views":20,"_links":{"self":[{"href":"https:\/\/www.aliadospuebla.com\/index.php?rest_route=\/wp\/v2\/posts\/109854","targetHints":{"allow":["GET"]}}],"collection":[{"href":"https:\/\/www.aliadospuebla.com\/index.php?rest_route=\/wp\/v2\/posts"}],"about":[{"href":"https:\/\/www.aliadospuebla.com\/index.php?rest_route=\/wp\/v2\/types\/post"}],"author":[{"embeddable":true,"href":"https:\/\/www.aliadospuebla.com\/index.php?rest_route=\/wp\/v2\/users\/2"}],"replies":[{"embeddable":true,"href":"https:\/\/www.aliadospuebla.com\/index.php?rest_route=%2Fwp%2Fv2%2Fcomments&post=109854"}],"version-history":[{"count":1,"href":"https:\/\/www.aliadospuebla.com\/index.php?rest_route=\/wp\/v2\/posts\/109854\/revisions"}],"predecessor-version":[{"id":109856,"href":"https:\/\/www.aliadospuebla.com\/index.php?rest_route=\/wp\/v2\/posts\/109854\/revisions\/109856"}],"wp:featuredmedia":[{"embeddable":true,"href":"https:\/\/www.aliadospuebla.com\/index.php?rest_route=\/wp\/v2\/media\/109855"}],"wp:attachment":[{"href":"https:\/\/www.aliadospuebla.com\/index.php?rest_route=%2Fwp%2Fv2%2Fmedia&parent=109854"}],"wp:term":[{"taxonomy":"category","embeddable":true,"href":"https:\/\/www.aliadospuebla.com\/index.php?rest_route=%2Fwp%2Fv2%2Fcategories&post=109854"},{"taxonomy":"post_tag","embeddable":true,"href":"https:\/\/www.aliadospuebla.com\/index.php?rest_route=%2Fwp%2Fv2%2Ftags&post=109854"}],"curies":[{"name":"wp","href":"https:\/\/api.w.org\/{rel}","templated":true}]}}