{"id":109833,"date":"2025-11-15T11:23:03","date_gmt":"2025-11-15T17:23:03","guid":{"rendered":"https:\/\/www.aliadospuebla.com\/?p=109833"},"modified":"2025-11-15T11:23:03","modified_gmt":"2025-11-15T17:23:03","slug":"shamy-spezia-encabeza-entrega-de-apoyos-alimentarios-a-poblacion-vulnerable-en-huejotzingo","status":"publish","type":"post","link":"https:\/\/www.aliadospuebla.com\/?p=109833","title":{"rendered":"Shamy Spezia encabeza entrega de apoyos alimentarios a poblaci\u00f3n vulnerable en Huejotzingo"},"content":{"rendered":"<h4>El Sistema Municipal DIF de Huejotzingo, encabezado por la Presidenta Honoraria Shamy Spezia y con el firme respaldo del Presidente Municipal Roberto Sol\u00eds Valles, realiz\u00f3 la tercera entrega del Programa de Atenci\u00f3n Alimentaria \u201cDe Coraz\u00f3n a Coraz\u00f3n\u201d, mediante el cual se otorgaron despensas a personas en situaci\u00f3n de vulnerabilidad.<\/h4>\n<p>Estas acciones son posibles gracias al trabajo coordinado entre el Gobierno Municipal, el Gobierno del Estado y el DIF Estatal, a trav\u00e9s de la Microrregi\u00f3n 19, reafirmando el compromiso de seguir apoyando a quienes m\u00e1s lo necesitan en el municipio.<\/p>\n<p>Durante el evento, Shamy Spezia destac\u00f3 que la entrega de mil 500 despensas est\u00e1 dirigida a sectores que, por sus condiciones de vida, requieren un acompa\u00f1amiento cercano y constante.<\/p>\n<p>Entre los grupos beneficiados se encuentran:\u2028* Personas adultas mayores\u2028\u2022 Personas con alguna discapacidad\u2028\u2022 Personas que padecen c\u00e1ncer\u2028\u2022 Ni\u00f1as y ni\u00f1os con alg\u00fan grado de desnutrici\u00f3n<br \/>\n\u201cSabemos que cada uno de ustedes enfrenta desaf\u00edos importantes en su d\u00eda a d\u00eda. Por eso, este apoyo busca brindar un alivio directo, fortaleciendo su alimentaci\u00f3n y su bienestar\u201d, se\u00f1al\u00f3 la Presidenta Honoraria.<\/p>\n<p>Cada despensa entregada contiene productos b\u00e1sicos y nutritivos seleccionados para contribuir a una dieta equilibrada, entre ellos: arroz, frijol, alverj\u00f3n, fruta deshidratada, lenteja, harina de ma\u00edz, aceite vegetal, leche en polvo, avena, pasta para sopa, sardina en salsa de tomate, at\u00fan en lata y verduras enlatadas.<\/p>\n<p>El Presidente Municipal Roberto Sol\u00eds Valles reconoci\u00f3 el trabajo del DIF Huejotzingo y reiter\u00f3 que \u201ccuando un gobierno trabaja con coraz\u00f3n y responsabilidad, los apoyos llegan a quienes verdaderamente los necesitan\u201d.<\/p>\n<p>El DIF Huejotzingo reafirma su compromiso de seguir trabajando con cercan\u00eda, sensibilidad y resultados, para mejorar la calidad de vida de los sectores m\u00e1s vulnerables del municipio.<\/p>\n<p>En el evento estuvieron presentes Jos\u00e9 Juan Briones Jim\u00e9nez, delegado del SEDIF de la Microrregi\u00f3n 19 con Cabecera en Huejotzingo; regidoras y regidores; as\u00ed como Sandra Ram\u00edrez Ventura, Directora del \u00c1rea de Programas Comunitarios del SMDIF.<\/p>\n","protected":false},"excerpt":{"rendered":"<p>El Sistema Municipal DIF de Huejotzingo, encabezado por la Presidenta Honoraria Shamy Spezia y con el firme respaldo del Presidente Municipal Roberto Sol\u00eds Valles, realiz\u00f3 la tercera entrega del Programa de Atenci\u00f3n Alimentaria \u201cDe Coraz\u00f3n a Coraz\u00f3n\u201d, mediante el cual se otorgaron despensas a personas en situaci\u00f3n de vulnerabilidad. Estas acciones son posibles gracias al trabajo coordinado entre el Gobierno Municipal, el Gobierno del Estado y el DIF Estatal, a trav\u00e9s de la Microrregi\u00f3n 19, reafirmando el compromiso de seguir apoyando a quienes m\u00e1s lo necesitan en el municipio. Durante el evento, Shamy Spezia destac\u00f3 que la entrega de mil 500 despensas est\u00e1 dirigida a sectores que, por sus condiciones de vida, requieren un acompa\u00f1amiento cercano y constante. Entre los grupos beneficiados se encuentran:\u2028* Personas&hellip;<\/p>\n<p class=\"excerpt-more\"><a class=\"blog-excerpt button\" href=\"https:\/\/www.aliadospuebla.com\/?p=109833\">Leer m\u00e1s&#8230;<\/a><\/p>\n","protected":false},"author":2,"featured_media":109834,"comment_status":"open","ping_status":"open","sticky":false,"template":"","format":"standard","meta":{"_monsterinsights_skip_tracking":false,"footnotes":""},"categories":[4],"tags":[7321,31562,8470,31563,26473,31340,31561],"class_list":["post-109833","post","type-post","status-publish","format-standard","has-post-thumbnail","hentry","category-municipios","tag-apoyos-alimentarios","tag-microrregion-19","tag-poblacion-vulnerable","tag-productos-basicos","tag-roberto-solis-valles","tag-shamy-spezia","tag-sistema-municipal-dif-de-huejotzingo"],"yoast_head":"<!-- This site is optimized with the Yoast SEO plugin v28.4 - https:\/\/yoast.com\/product\/yoast-seo-wordpress\/ -->\n<title>Shamy Spezia encabeza entrega de apoyos alimentarios a poblaci\u00f3n vulnerable en Huejotzingo - AliadosPuebla<\/title>\n<meta name=\"robots\" content=\"index, follow, max-snippet:-1, max-image-preview:large, max-video-preview:-1\" \/>\n<link rel=\"canonical\" href=\"https:\/\/www.aliadospuebla.com\/?p=109833\" \/>\n<meta property=\"og:locale\" content=\"es_ES\" \/>\n<meta property=\"og:type\" content=\"article\" \/>\n<meta property=\"og:title\" content=\"Shamy Spezia encabeza entrega de apoyos alimentarios a poblaci\u00f3n vulnerable en Huejotzingo - AliadosPuebla\" \/>\n<meta property=\"og:description\" content=\"El Sistema Municipal DIF de Huejotzingo, encabezado por la Presidenta Honoraria Shamy Spezia y con el firme respaldo del Presidente Municipal Roberto Sol\u00eds Valles, realiz\u00f3 la tercera entrega del Programa de Atenci\u00f3n Alimentaria \u201cDe Coraz\u00f3n a Coraz\u00f3n\u201d, mediante el cual se otorgaron despensas a personas en situaci\u00f3n de vulnerabilidad. Estas acciones son posibles gracias al trabajo coordinado entre el Gobierno Municipal, el Gobierno del Estado y el DIF Estatal, a trav\u00e9s de la Microrregi\u00f3n 19, reafirmando el compromiso de seguir apoyando a quienes m\u00e1s lo necesitan en el municipio. Durante el evento, Shamy Spezia destac\u00f3 que la entrega de mil 500 despensas est\u00e1 dirigida a sectores que, por sus condiciones de vida, requieren un acompa\u00f1amiento cercano y constante. Entre los grupos beneficiados se encuentran:\u2028* Personas&hellip;Leer m\u00e1s...\" \/>\n<meta property=\"og:url\" content=\"https:\/\/www.aliadospuebla.com\/?p=109833\" \/>\n<meta property=\"og:site_name\" content=\"AliadosPuebla\" \/>\n<meta property=\"article:author\" content=\"https:\/\/www.facebook.com\/Aliados17Pue\" \/>\n<meta property=\"article:published_time\" content=\"2025-11-15T17:23:03+00:00\" \/>\n<meta property=\"og:image\" content=\"https:\/\/www.aliadospuebla.com\/web2017\/wp-content\/uploads\/2025\/11\/481.jpg\" \/>\n\t<meta property=\"og:image:width\" content=\"600\" \/>\n\t<meta property=\"og:image:height\" content=\"450\" \/>\n\t<meta property=\"og:image:type\" content=\"image\/jpeg\" \/>\n<meta name=\"author\" content=\"Aliados17\" \/>\n<meta name=\"twitter:card\" content=\"summary_large_image\" \/>\n<meta name=\"twitter:creator\" content=\"@AliadosPuebla\" \/>\n<meta name=\"twitter:label1\" content=\"Escrito por\" \/>\n\t<meta name=\"twitter:data1\" content=\"Aliados17\" \/>\n\t<meta name=\"twitter:label2\" content=\"Tiempo de lectura\" \/>\n\t<meta name=\"twitter:data2\" content=\"2 minutos\" \/>\n<script type=\"application\/ld+json\" class=\"yoast-schema-graph\">{\"@context\":\"https:\\\/\\\/schema.org\",\"@graph\":[{\"@type\":\"Article\",\"@id\":\"https:\\\/\\\/www.aliadospuebla.com\\\/?p=109833#article\",\"isPartOf\":{\"@id\":\"https:\\\/\\\/www.aliadospuebla.com\\\/?p=109833\"},\"author\":{\"name\":\"Aliados17\",\"@id\":\"https:\\\/\\\/www.aliadospuebla.com\\\/#\\\/schema\\\/person\\\/5da7dd09320bd4f392b710017ed5f8ad\"},\"headline\":\"Shamy Spezia encabeza entrega de apoyos alimentarios a poblaci\u00f3n vulnerable en Huejotzingo\",\"datePublished\":\"2025-11-15T17:23:03+00:00\",\"mainEntityOfPage\":{\"@id\":\"https:\\\/\\\/www.aliadospuebla.com\\\/?p=109833\"},\"wordCount\":356,\"commentCount\":0,\"image\":{\"@id\":\"https:\\\/\\\/www.aliadospuebla.com\\\/?p=109833#primaryimage\"},\"thumbnailUrl\":\"https:\\\/\\\/www.aliadospuebla.com\\\/web2017\\\/wp-content\\\/uploads\\\/2025\\\/11\\\/481.jpg\",\"keywords\":[\"APOYOS ALIMENTARIOS\",\"Microrregi\u00f3n 19\",\"poblaci\u00f3n vulnerable\",\"productos b\u00e1sicos\",\"Roberto Sol\u00eds Valles\",\"Shamy Spezia\",\"Sistema Municipal DIF de Huejotzingo\"],\"articleSection\":[\"Municipios\"],\"inLanguage\":\"es\",\"potentialAction\":[{\"@type\":\"CommentAction\",\"name\":\"Comment\",\"target\":[\"https:\\\/\\\/www.aliadospuebla.com\\\/?p=109833#respond\"]}]},{\"@type\":\"WebPage\",\"@id\":\"https:\\\/\\\/www.aliadospuebla.com\\\/?p=109833\",\"url\":\"https:\\\/\\\/www.aliadospuebla.com\\\/?p=109833\",\"name\":\"Shamy Spezia encabeza entrega de apoyos alimentarios a poblaci\u00f3n vulnerable en Huejotzingo - AliadosPuebla\",\"isPartOf\":{\"@id\":\"https:\\\/\\\/www.aliadospuebla.com\\\/#website\"},\"primaryImageOfPage\":{\"@id\":\"https:\\\/\\\/www.aliadospuebla.com\\\/?p=109833#primaryimage\"},\"image\":{\"@id\":\"https:\\\/\\\/www.aliadospuebla.com\\\/?p=109833#primaryimage\"},\"thumbnailUrl\":\"https:\\\/\\\/www.aliadospuebla.com\\\/web2017\\\/wp-content\\\/uploads\\\/2025\\\/11\\\/481.jpg\",\"datePublished\":\"2025-11-15T17:23:03+00:00\",\"author\":{\"@id\":\"https:\\\/\\\/www.aliadospuebla.com\\\/#\\\/schema\\\/person\\\/5da7dd09320bd4f392b710017ed5f8ad\"},\"breadcrumb\":{\"@id\":\"https:\\\/\\\/www.aliadospuebla.com\\\/?p=109833#breadcrumb\"},\"inLanguage\":\"es\",\"potentialAction\":[{\"@type\":\"ReadAction\",\"target\":[\"https:\\\/\\\/www.aliadospuebla.com\\\/?p=109833\"]}]},{\"@type\":\"ImageObject\",\"inLanguage\":\"es\",\"@id\":\"https:\\\/\\\/www.aliadospuebla.com\\\/?p=109833#primaryimage\",\"url\":\"https:\\\/\\\/www.aliadospuebla.com\\\/web2017\\\/wp-content\\\/uploads\\\/2025\\\/11\\\/481.jpg\",\"contentUrl\":\"https:\\\/\\\/www.aliadospuebla.com\\\/web2017\\\/wp-content\\\/uploads\\\/2025\\\/11\\\/481.jpg\",\"width\":600,\"height\":450},{\"@type\":\"BreadcrumbList\",\"@id\":\"https:\\\/\\\/www.aliadospuebla.com\\\/?p=109833#breadcrumb\",\"itemListElement\":[{\"@type\":\"ListItem\",\"position\":1,\"name\":\"Portada\",\"item\":\"https:\\\/\\\/www.aliadospuebla.com\\\/\"},{\"@type\":\"ListItem\",\"position\":2,\"name\":\"Shamy Spezia encabeza entrega de apoyos alimentarios a poblaci\u00f3n vulnerable en Huejotzingo\"}]},{\"@type\":\"WebSite\",\"@id\":\"https:\\\/\\\/www.aliadospuebla.com\\\/#website\",\"url\":\"https:\\\/\\\/www.aliadospuebla.com\\\/\",\"name\":\"AliadosPuebla\",\"description\":\"La informaci\u00f3n en tus manos\",\"potentialAction\":[{\"@type\":\"SearchAction\",\"target\":{\"@type\":\"EntryPoint\",\"urlTemplate\":\"https:\\\/\\\/www.aliadospuebla.com\\\/?s={search_term_string}\"},\"query-input\":{\"@type\":\"PropertyValueSpecification\",\"valueRequired\":true,\"valueName\":\"search_term_string\"}}],\"inLanguage\":\"es\"},{\"@type\":\"Person\",\"@id\":\"https:\\\/\\\/www.aliadospuebla.com\\\/#\\\/schema\\\/person\\\/5da7dd09320bd4f392b710017ed5f8ad\",\"name\":\"Aliados17\",\"image\":{\"@type\":\"ImageObject\",\"inLanguage\":\"es\",\"@id\":\"https:\\\/\\\/www.aliadospuebla.com\\\/web2017\\\/wp-content\\\/uploads\\\/2025\\\/03\\\/cropped-para-perfil-8-anos-1-96x96.jpg\",\"url\":\"https:\\\/\\\/www.aliadospuebla.com\\\/web2017\\\/wp-content\\\/uploads\\\/2025\\\/03\\\/cropped-para-perfil-8-anos-1-96x96.jpg\",\"contentUrl\":\"https:\\\/\\\/www.aliadospuebla.com\\\/web2017\\\/wp-content\\\/uploads\\\/2025\\\/03\\\/cropped-para-perfil-8-anos-1-96x96.jpg\",\"caption\":\"Aliados17\"},\"sameAs\":[\"https:\\\/\\\/www.aliados17.com\",\"https:\\\/\\\/www.facebook.com\\\/Aliados17Pue\",\"https:\\\/\\\/x.com\\\/AliadosPuebla\"],\"url\":\"https:\\\/\\\/www.aliadospuebla.com\\\/?author=2\"}]}<\/script>\n<!-- \/ Yoast SEO plugin. -->","yoast_head_json":{"title":"Shamy Spezia encabeza entrega de apoyos alimentarios a poblaci\u00f3n vulnerable en Huejotzingo - AliadosPuebla","robots":{"index":"index","follow":"follow","max-snippet":"max-snippet:-1","max-image-preview":"max-image-preview:large","max-video-preview":"max-video-preview:-1"},"canonical":"https:\/\/www.aliadospuebla.com\/?p=109833","og_locale":"es_ES","og_type":"article","og_title":"Shamy Spezia encabeza entrega de apoyos alimentarios a poblaci\u00f3n vulnerable en Huejotzingo - AliadosPuebla","og_description":"El Sistema Municipal DIF de Huejotzingo, encabezado por la Presidenta Honoraria Shamy Spezia y con el firme respaldo del Presidente Municipal Roberto Sol\u00eds Valles, realiz\u00f3 la tercera entrega del Programa de Atenci\u00f3n Alimentaria \u201cDe Coraz\u00f3n a Coraz\u00f3n\u201d, mediante el cual se otorgaron despensas a personas en situaci\u00f3n de vulnerabilidad. Estas acciones son posibles gracias al trabajo coordinado entre el Gobierno Municipal, el Gobierno del Estado y el DIF Estatal, a trav\u00e9s de la Microrregi\u00f3n 19, reafirmando el compromiso de seguir apoyando a quienes m\u00e1s lo necesitan en el municipio. Durante el evento, Shamy Spezia destac\u00f3 que la entrega de mil 500 despensas est\u00e1 dirigida a sectores que, por sus condiciones de vida, requieren un acompa\u00f1amiento cercano y constante. Entre los grupos beneficiados se encuentran:\u2028* Personas&hellip;Leer m\u00e1s...","og_url":"https:\/\/www.aliadospuebla.com\/?p=109833","og_site_name":"AliadosPuebla","article_author":"https:\/\/www.facebook.com\/Aliados17Pue","article_published_time":"2025-11-15T17:23:03+00:00","og_image":[{"width":600,"height":450,"url":"https:\/\/www.aliadospuebla.com\/web2017\/wp-content\/uploads\/2025\/11\/481.jpg","type":"image\/jpeg"}],"author":"Aliados17","twitter_card":"summary_large_image","twitter_creator":"@AliadosPuebla","twitter_misc":{"Escrito por":"Aliados17","Tiempo de lectura":"2 minutos"},"schema":{"@context":"https:\/\/schema.org","@graph":[{"@type":"Article","@id":"https:\/\/www.aliadospuebla.com\/?p=109833#article","isPartOf":{"@id":"https:\/\/www.aliadospuebla.com\/?p=109833"},"author":{"name":"Aliados17","@id":"https:\/\/www.aliadospuebla.com\/#\/schema\/person\/5da7dd09320bd4f392b710017ed5f8ad"},"headline":"Shamy Spezia encabeza entrega de apoyos alimentarios a poblaci\u00f3n vulnerable en Huejotzingo","datePublished":"2025-11-15T17:23:03+00:00","mainEntityOfPage":{"@id":"https:\/\/www.aliadospuebla.com\/?p=109833"},"wordCount":356,"commentCount":0,"image":{"@id":"https:\/\/www.aliadospuebla.com\/?p=109833#primaryimage"},"thumbnailUrl":"https:\/\/www.aliadospuebla.com\/web2017\/wp-content\/uploads\/2025\/11\/481.jpg","keywords":["APOYOS ALIMENTARIOS","Microrregi\u00f3n 19","poblaci\u00f3n vulnerable","productos b\u00e1sicos","Roberto Sol\u00eds Valles","Shamy Spezia","Sistema Municipal DIF de Huejotzingo"],"articleSection":["Municipios"],"inLanguage":"es","potentialAction":[{"@type":"CommentAction","name":"Comment","target":["https:\/\/www.aliadospuebla.com\/?p=109833#respond"]}]},{"@type":"WebPage","@id":"https:\/\/www.aliadospuebla.com\/?p=109833","url":"https:\/\/www.aliadospuebla.com\/?p=109833","name":"Shamy Spezia encabeza entrega de apoyos alimentarios a poblaci\u00f3n vulnerable en Huejotzingo - AliadosPuebla","isPartOf":{"@id":"https:\/\/www.aliadospuebla.com\/#website"},"primaryImageOfPage":{"@id":"https:\/\/www.aliadospuebla.com\/?p=109833#primaryimage"},"image":{"@id":"https:\/\/www.aliadospuebla.com\/?p=109833#primaryimage"},"thumbnailUrl":"https:\/\/www.aliadospuebla.com\/web2017\/wp-content\/uploads\/2025\/11\/481.jpg","datePublished":"2025-11-15T17:23:03+00:00","author":{"@id":"https:\/\/www.aliadospuebla.com\/#\/schema\/person\/5da7dd09320bd4f392b710017ed5f8ad"},"breadcrumb":{"@id":"https:\/\/www.aliadospuebla.com\/?p=109833#breadcrumb"},"inLanguage":"es","potentialAction":[{"@type":"ReadAction","target":["https:\/\/www.aliadospuebla.com\/?p=109833"]}]},{"@type":"ImageObject","inLanguage":"es","@id":"https:\/\/www.aliadospuebla.com\/?p=109833#primaryimage","url":"https:\/\/www.aliadospuebla.com\/web2017\/wp-content\/uploads\/2025\/11\/481.jpg","contentUrl":"https:\/\/www.aliadospuebla.com\/web2017\/wp-content\/uploads\/2025\/11\/481.jpg","width":600,"height":450},{"@type":"BreadcrumbList","@id":"https:\/\/www.aliadospuebla.com\/?p=109833#breadcrumb","itemListElement":[{"@type":"ListItem","position":1,"name":"Portada","item":"https:\/\/www.aliadospuebla.com\/"},{"@type":"ListItem","position":2,"name":"Shamy Spezia encabeza entrega de apoyos alimentarios a poblaci\u00f3n vulnerable en Huejotzingo"}]},{"@type":"WebSite","@id":"https:\/\/www.aliadospuebla.com\/#website","url":"https:\/\/www.aliadospuebla.com\/","name":"AliadosPuebla","description":"La informaci\u00f3n en tus manos","potentialAction":[{"@type":"SearchAction","target":{"@type":"EntryPoint","urlTemplate":"https:\/\/www.aliadospuebla.com\/?s={search_term_string}"},"query-input":{"@type":"PropertyValueSpecification","valueRequired":true,"valueName":"search_term_string"}}],"inLanguage":"es"},{"@type":"Person","@id":"https:\/\/www.aliadospuebla.com\/#\/schema\/person\/5da7dd09320bd4f392b710017ed5f8ad","name":"Aliados17","image":{"@type":"ImageObject","inLanguage":"es","@id":"https:\/\/www.aliadospuebla.com\/web2017\/wp-content\/uploads\/2025\/03\/cropped-para-perfil-8-anos-1-96x96.jpg","url":"https:\/\/www.aliadospuebla.com\/web2017\/wp-content\/uploads\/2025\/03\/cropped-para-perfil-8-anos-1-96x96.jpg","contentUrl":"https:\/\/www.aliadospuebla.com\/web2017\/wp-content\/uploads\/2025\/03\/cropped-para-perfil-8-anos-1-96x96.jpg","caption":"Aliados17"},"sameAs":["https:\/\/www.aliados17.com","https:\/\/www.facebook.com\/Aliados17Pue","https:\/\/x.com\/AliadosPuebla"],"url":"https:\/\/www.aliadospuebla.com\/?author=2"}]}},"views":17,"_links":{"self":[{"href":"https:\/\/www.aliadospuebla.com\/index.php?rest_route=\/wp\/v2\/posts\/109833","targetHints":{"allow":["GET"]}}],"collection":[{"href":"https:\/\/www.aliadospuebla.com\/index.php?rest_route=\/wp\/v2\/posts"}],"about":[{"href":"https:\/\/www.aliadospuebla.com\/index.php?rest_route=\/wp\/v2\/types\/post"}],"author":[{"embeddable":true,"href":"https:\/\/www.aliadospuebla.com\/index.php?rest_route=\/wp\/v2\/users\/2"}],"replies":[{"embeddable":true,"href":"https:\/\/www.aliadospuebla.com\/index.php?rest_route=%2Fwp%2Fv2%2Fcomments&post=109833"}],"version-history":[{"count":1,"href":"https:\/\/www.aliadospuebla.com\/index.php?rest_route=\/wp\/v2\/posts\/109833\/revisions"}],"predecessor-version":[{"id":109835,"href":"https:\/\/www.aliadospuebla.com\/index.php?rest_route=\/wp\/v2\/posts\/109833\/revisions\/109835"}],"wp:featuredmedia":[{"embeddable":true,"href":"https:\/\/www.aliadospuebla.com\/index.php?rest_route=\/wp\/v2\/media\/109834"}],"wp:attachment":[{"href":"https:\/\/www.aliadospuebla.com\/index.php?rest_route=%2Fwp%2Fv2%2Fmedia&parent=109833"}],"wp:term":[{"taxonomy":"category","embeddable":true,"href":"https:\/\/www.aliadospuebla.com\/index.php?rest_route=%2Fwp%2Fv2%2Fcategories&post=109833"},{"taxonomy":"post_tag","embeddable":true,"href":"https:\/\/www.aliadospuebla.com\/index.php?rest_route=%2Fwp%2Fv2%2Ftags&post=109833"}],"curies":[{"name":"wp","href":"https:\/\/api.w.org\/{rel}","templated":true}]}}