{"id":109814,"date":"2025-11-15T10:13:20","date_gmt":"2025-11-15T16:13:20","guid":{"rendered":"https:\/\/www.aliadospuebla.com\/?p=109814"},"modified":"2025-11-15T10:13:20","modified_gmt":"2025-11-15T16:13:20","slug":"tramites-y-recaudacion-en-linea-por-dias-inhabiles-gobierno-de-puebla","status":"publish","type":"post","link":"https:\/\/www.aliadospuebla.com\/?p=109814","title":{"rendered":"Tr\u00e1mites y Recaudaci\u00f3n en l\u00ednea por d\u00edas inh\u00e1biles: Gobierno de Puebla"},"content":{"rendered":"<p>Se suspender\u00e1n actividades conforme al art\u00edculo 16, segundo p\u00e1rrafo, del C\u00f3digo Fiscal del Estado.<\/p>\n<p>CIUDAD DE PUEBLA, Pue. &#8211; La Secretar\u00eda de Planeaci\u00f3n, Finanzas y Administraci\u00f3n del Gobierno del Estado de Puebla informa a la ciudadan\u00eda que las oficinas recaudadoras, el Registro P\u00fablico y las delegaciones catastrales permanecer\u00e1n cerradas los d\u00edas 14 y 17 de noviembre.<\/p>\n<p>El sistema de recaudaci\u00f3n en l\u00ednea opera con normalidad, y las y los contribuyentes pueden realizar sus tr\u00e1mites en los portales oficiales: https:\/\/ventanilladigital.puebla.gob.mx\/ y https:\/\/rl.puebla.gob.mx\/.<\/p>\n<p>La atenci\u00f3n presencial en todas las oficinas se reanuda el 18 de noviembre, en los horarios habituales.<\/p>\n<p>En apoyo a la ciudadan\u00eda, y conforme a las directrices de la presidenta Claudia Sheinbaum Pardo y del gobernador Alejandro Armenta, el Gobierno del Estado mantiene habilitados los servicios en l\u00ednea para que las y los contribuyentes puedan continuar con sus tr\u00e1mites y efectuar pagos durante estos d\u00edas inh\u00e1biles.<\/p>\n","protected":false},"excerpt":{"rendered":"<p>Se suspender\u00e1n actividades conforme al art\u00edculo 16, segundo p\u00e1rrafo, del C\u00f3digo Fiscal del Estado. CIUDAD DE PUEBLA, Pue. &#8211; La Secretar\u00eda de Planeaci\u00f3n, Finanzas y Administraci\u00f3n del Gobierno del Estado de Puebla informa a la ciudadan\u00eda que las oficinas recaudadoras, el Registro P\u00fablico y las delegaciones catastrales permanecer\u00e1n cerradas los d\u00edas 14 y 17 de noviembre. El sistema de recaudaci\u00f3n en l\u00ednea opera con normalidad, y las y los contribuyentes pueden realizar sus tr\u00e1mites en los portales oficiales: https:\/\/ventanilladigital.puebla.gob.mx\/ y https:\/\/rl.puebla.gob.mx\/. La atenci\u00f3n presencial en todas las oficinas se reanuda el 18 de noviembre, en los horarios habituales. En apoyo a la ciudadan\u00eda, y conforme a las directrices de la presidenta Claudia Sheinbaum Pardo y del gobernador Alejandro Armenta, el Gobierno del Estado mantiene habilitados&hellip;<\/p>\n<p class=\"excerpt-more\"><a class=\"blog-excerpt button\" href=\"https:\/\/www.aliadospuebla.com\/?p=109814\">Leer m\u00e1s&#8230;<\/a><\/p>\n","protected":false},"author":2,"featured_media":109815,"comment_status":"open","ping_status":"open","sticky":false,"template":"","format":"standard","meta":{"_monsterinsights_skip_tracking":false,"footnotes":""},"categories":[61],"tags":[4780,20316,450,31553,8056,31554],"class_list":["post-109814","post","type-post","status-publish","format-standard","has-post-thumbnail","hentry","category-gobierno","tag-alejandro-armenta","tag-claudia-sheinbaum-pardo","tag-contribuyentes","tag-dias-inhabiles","tag-gobierno-de-puebla","tag-oficinas-recaudadoras"],"yoast_head":"<!-- This site is optimized with the Yoast SEO plugin v28.3 - https:\/\/yoast.com\/product\/yoast-seo-wordpress\/ -->\n<title>Tr\u00e1mites y Recaudaci\u00f3n en l\u00ednea por d\u00edas inh\u00e1biles: Gobierno de Puebla - AliadosPuebla<\/title>\n<meta name=\"robots\" content=\"index, follow, max-snippet:-1, max-image-preview:large, max-video-preview:-1\" \/>\n<link rel=\"canonical\" href=\"https:\/\/www.aliadospuebla.com\/?p=109814\" \/>\n<meta property=\"og:locale\" content=\"es_ES\" \/>\n<meta property=\"og:type\" content=\"article\" \/>\n<meta property=\"og:title\" content=\"Tr\u00e1mites y Recaudaci\u00f3n en l\u00ednea por d\u00edas inh\u00e1biles: Gobierno de Puebla - AliadosPuebla\" \/>\n<meta property=\"og:description\" content=\"Se suspender\u00e1n actividades conforme al art\u00edculo 16, segundo p\u00e1rrafo, del C\u00f3digo Fiscal del Estado. CIUDAD DE PUEBLA, Pue. &#8211; La Secretar\u00eda de Planeaci\u00f3n, Finanzas y Administraci\u00f3n del Gobierno del Estado de Puebla informa a la ciudadan\u00eda que las oficinas recaudadoras, el Registro P\u00fablico y las delegaciones catastrales permanecer\u00e1n cerradas los d\u00edas 14 y 17 de noviembre. El sistema de recaudaci\u00f3n en l\u00ednea opera con normalidad, y las y los contribuyentes pueden realizar sus tr\u00e1mites en los portales oficiales: https:\/\/ventanilladigital.puebla.gob.mx\/ y https:\/\/rl.puebla.gob.mx\/. La atenci\u00f3n presencial en todas las oficinas se reanuda el 18 de noviembre, en los horarios habituales. En apoyo a la ciudadan\u00eda, y conforme a las directrices de la presidenta Claudia Sheinbaum Pardo y del gobernador Alejandro Armenta, el Gobierno del Estado mantiene habilitados&hellip;Leer m\u00e1s...\" \/>\n<meta property=\"og:url\" content=\"https:\/\/www.aliadospuebla.com\/?p=109814\" \/>\n<meta property=\"og:site_name\" content=\"AliadosPuebla\" \/>\n<meta property=\"article:author\" content=\"https:\/\/www.facebook.com\/Aliados17Pue\" \/>\n<meta property=\"article:published_time\" content=\"2025-11-15T16:13:20+00:00\" \/>\n<meta property=\"og:image\" content=\"https:\/\/www.aliadospuebla.com\/web2017\/wp-content\/uploads\/2025\/11\/475.jpg\" \/>\n\t<meta property=\"og:image:width\" content=\"600\" \/>\n\t<meta property=\"og:image:height\" content=\"450\" \/>\n\t<meta property=\"og:image:type\" content=\"image\/jpeg\" \/>\n<meta name=\"author\" content=\"Aliados17\" \/>\n<meta name=\"twitter:card\" content=\"summary_large_image\" \/>\n<meta name=\"twitter:creator\" content=\"@AliadosPuebla\" \/>\n<meta name=\"twitter:label1\" content=\"Escrito por\" \/>\n\t<meta name=\"twitter:data1\" content=\"Aliados17\" \/>\n\t<meta name=\"twitter:label2\" content=\"Tiempo de lectura\" \/>\n\t<meta name=\"twitter:data2\" content=\"1 minuto\" \/>\n<script type=\"application\/ld+json\" class=\"yoast-schema-graph\">{\"@context\":\"https:\\\/\\\/schema.org\",\"@graph\":[{\"@type\":\"Article\",\"@id\":\"https:\\\/\\\/www.aliadospuebla.com\\\/?p=109814#article\",\"isPartOf\":{\"@id\":\"https:\\\/\\\/www.aliadospuebla.com\\\/?p=109814\"},\"author\":{\"name\":\"Aliados17\",\"@id\":\"https:\\\/\\\/www.aliadospuebla.com\\\/#\\\/schema\\\/person\\\/5da7dd09320bd4f392b710017ed5f8ad\"},\"headline\":\"Tr\u00e1mites y Recaudaci\u00f3n en l\u00ednea por d\u00edas inh\u00e1biles: Gobierno de Puebla\",\"datePublished\":\"2025-11-15T16:13:20+00:00\",\"mainEntityOfPage\":{\"@id\":\"https:\\\/\\\/www.aliadospuebla.com\\\/?p=109814\"},\"wordCount\":187,\"commentCount\":0,\"image\":{\"@id\":\"https:\\\/\\\/www.aliadospuebla.com\\\/?p=109814#primaryimage\"},\"thumbnailUrl\":\"https:\\\/\\\/www.aliadospuebla.com\\\/web2017\\\/wp-content\\\/uploads\\\/2025\\\/11\\\/475.jpg\",\"keywords\":[\"ALEJANDRO ARMENTA\",\"Claudia Sheinbaum Pardo\",\"CONTRIBUYENTES\",\"d\u00edas inh\u00e1biles\",\"GOBIERNO DE PUEBLA\",\"oficinas recaudadoras\"],\"articleSection\":[\"Gobierno\"],\"inLanguage\":\"es\",\"potentialAction\":[{\"@type\":\"CommentAction\",\"name\":\"Comment\",\"target\":[\"https:\\\/\\\/www.aliadospuebla.com\\\/?p=109814#respond\"]}]},{\"@type\":\"WebPage\",\"@id\":\"https:\\\/\\\/www.aliadospuebla.com\\\/?p=109814\",\"url\":\"https:\\\/\\\/www.aliadospuebla.com\\\/?p=109814\",\"name\":\"Tr\u00e1mites y Recaudaci\u00f3n en l\u00ednea por d\u00edas inh\u00e1biles: Gobierno de Puebla - AliadosPuebla\",\"isPartOf\":{\"@id\":\"https:\\\/\\\/www.aliadospuebla.com\\\/#website\"},\"primaryImageOfPage\":{\"@id\":\"https:\\\/\\\/www.aliadospuebla.com\\\/?p=109814#primaryimage\"},\"image\":{\"@id\":\"https:\\\/\\\/www.aliadospuebla.com\\\/?p=109814#primaryimage\"},\"thumbnailUrl\":\"https:\\\/\\\/www.aliadospuebla.com\\\/web2017\\\/wp-content\\\/uploads\\\/2025\\\/11\\\/475.jpg\",\"datePublished\":\"2025-11-15T16:13:20+00:00\",\"author\":{\"@id\":\"https:\\\/\\\/www.aliadospuebla.com\\\/#\\\/schema\\\/person\\\/5da7dd09320bd4f392b710017ed5f8ad\"},\"breadcrumb\":{\"@id\":\"https:\\\/\\\/www.aliadospuebla.com\\\/?p=109814#breadcrumb\"},\"inLanguage\":\"es\",\"potentialAction\":[{\"@type\":\"ReadAction\",\"target\":[\"https:\\\/\\\/www.aliadospuebla.com\\\/?p=109814\"]}]},{\"@type\":\"ImageObject\",\"inLanguage\":\"es\",\"@id\":\"https:\\\/\\\/www.aliadospuebla.com\\\/?p=109814#primaryimage\",\"url\":\"https:\\\/\\\/www.aliadospuebla.com\\\/web2017\\\/wp-content\\\/uploads\\\/2025\\\/11\\\/475.jpg\",\"contentUrl\":\"https:\\\/\\\/www.aliadospuebla.com\\\/web2017\\\/wp-content\\\/uploads\\\/2025\\\/11\\\/475.jpg\",\"width\":600,\"height\":450},{\"@type\":\"BreadcrumbList\",\"@id\":\"https:\\\/\\\/www.aliadospuebla.com\\\/?p=109814#breadcrumb\",\"itemListElement\":[{\"@type\":\"ListItem\",\"position\":1,\"name\":\"Portada\",\"item\":\"https:\\\/\\\/www.aliadospuebla.com\\\/\"},{\"@type\":\"ListItem\",\"position\":2,\"name\":\"Tr\u00e1mites y Recaudaci\u00f3n en l\u00ednea por d\u00edas inh\u00e1biles: Gobierno de Puebla\"}]},{\"@type\":\"WebSite\",\"@id\":\"https:\\\/\\\/www.aliadospuebla.com\\\/#website\",\"url\":\"https:\\\/\\\/www.aliadospuebla.com\\\/\",\"name\":\"AliadosPuebla\",\"description\":\"La informaci\u00f3n en tus manos\",\"potentialAction\":[{\"@type\":\"SearchAction\",\"target\":{\"@type\":\"EntryPoint\",\"urlTemplate\":\"https:\\\/\\\/www.aliadospuebla.com\\\/?s={search_term_string}\"},\"query-input\":{\"@type\":\"PropertyValueSpecification\",\"valueRequired\":true,\"valueName\":\"search_term_string\"}}],\"inLanguage\":\"es\"},{\"@type\":\"Person\",\"@id\":\"https:\\\/\\\/www.aliadospuebla.com\\\/#\\\/schema\\\/person\\\/5da7dd09320bd4f392b710017ed5f8ad\",\"name\":\"Aliados17\",\"image\":{\"@type\":\"ImageObject\",\"inLanguage\":\"es\",\"@id\":\"https:\\\/\\\/www.aliadospuebla.com\\\/web2017\\\/wp-content\\\/uploads\\\/2025\\\/03\\\/cropped-para-perfil-8-anos-1-96x96.jpg\",\"url\":\"https:\\\/\\\/www.aliadospuebla.com\\\/web2017\\\/wp-content\\\/uploads\\\/2025\\\/03\\\/cropped-para-perfil-8-anos-1-96x96.jpg\",\"contentUrl\":\"https:\\\/\\\/www.aliadospuebla.com\\\/web2017\\\/wp-content\\\/uploads\\\/2025\\\/03\\\/cropped-para-perfil-8-anos-1-96x96.jpg\",\"caption\":\"Aliados17\"},\"sameAs\":[\"https:\\\/\\\/www.aliados17.com\",\"https:\\\/\\\/www.facebook.com\\\/Aliados17Pue\",\"https:\\\/\\\/x.com\\\/AliadosPuebla\"],\"url\":\"https:\\\/\\\/www.aliadospuebla.com\\\/?author=2\"}]}<\/script>\n<!-- \/ Yoast SEO plugin. -->","yoast_head_json":{"title":"Tr\u00e1mites y Recaudaci\u00f3n en l\u00ednea por d\u00edas inh\u00e1biles: Gobierno de Puebla - AliadosPuebla","robots":{"index":"index","follow":"follow","max-snippet":"max-snippet:-1","max-image-preview":"max-image-preview:large","max-video-preview":"max-video-preview:-1"},"canonical":"https:\/\/www.aliadospuebla.com\/?p=109814","og_locale":"es_ES","og_type":"article","og_title":"Tr\u00e1mites y Recaudaci\u00f3n en l\u00ednea por d\u00edas inh\u00e1biles: Gobierno de Puebla - AliadosPuebla","og_description":"Se suspender\u00e1n actividades conforme al art\u00edculo 16, segundo p\u00e1rrafo, del C\u00f3digo Fiscal del Estado. CIUDAD DE PUEBLA, Pue. &#8211; La Secretar\u00eda de Planeaci\u00f3n, Finanzas y Administraci\u00f3n del Gobierno del Estado de Puebla informa a la ciudadan\u00eda que las oficinas recaudadoras, el Registro P\u00fablico y las delegaciones catastrales permanecer\u00e1n cerradas los d\u00edas 14 y 17 de noviembre. El sistema de recaudaci\u00f3n en l\u00ednea opera con normalidad, y las y los contribuyentes pueden realizar sus tr\u00e1mites en los portales oficiales: https:\/\/ventanilladigital.puebla.gob.mx\/ y https:\/\/rl.puebla.gob.mx\/. La atenci\u00f3n presencial en todas las oficinas se reanuda el 18 de noviembre, en los horarios habituales. En apoyo a la ciudadan\u00eda, y conforme a las directrices de la presidenta Claudia Sheinbaum Pardo y del gobernador Alejandro Armenta, el Gobierno del Estado mantiene habilitados&hellip;Leer m\u00e1s...","og_url":"https:\/\/www.aliadospuebla.com\/?p=109814","og_site_name":"AliadosPuebla","article_author":"https:\/\/www.facebook.com\/Aliados17Pue","article_published_time":"2025-11-15T16:13:20+00:00","og_image":[{"width":600,"height":450,"url":"https:\/\/www.aliadospuebla.com\/web2017\/wp-content\/uploads\/2025\/11\/475.jpg","type":"image\/jpeg"}],"author":"Aliados17","twitter_card":"summary_large_image","twitter_creator":"@AliadosPuebla","twitter_misc":{"Escrito por":"Aliados17","Tiempo de lectura":"1 minuto"},"schema":{"@context":"https:\/\/schema.org","@graph":[{"@type":"Article","@id":"https:\/\/www.aliadospuebla.com\/?p=109814#article","isPartOf":{"@id":"https:\/\/www.aliadospuebla.com\/?p=109814"},"author":{"name":"Aliados17","@id":"https:\/\/www.aliadospuebla.com\/#\/schema\/person\/5da7dd09320bd4f392b710017ed5f8ad"},"headline":"Tr\u00e1mites y Recaudaci\u00f3n en l\u00ednea por d\u00edas inh\u00e1biles: Gobierno de Puebla","datePublished":"2025-11-15T16:13:20+00:00","mainEntityOfPage":{"@id":"https:\/\/www.aliadospuebla.com\/?p=109814"},"wordCount":187,"commentCount":0,"image":{"@id":"https:\/\/www.aliadospuebla.com\/?p=109814#primaryimage"},"thumbnailUrl":"https:\/\/www.aliadospuebla.com\/web2017\/wp-content\/uploads\/2025\/11\/475.jpg","keywords":["ALEJANDRO ARMENTA","Claudia Sheinbaum Pardo","CONTRIBUYENTES","d\u00edas inh\u00e1biles","GOBIERNO DE PUEBLA","oficinas recaudadoras"],"articleSection":["Gobierno"],"inLanguage":"es","potentialAction":[{"@type":"CommentAction","name":"Comment","target":["https:\/\/www.aliadospuebla.com\/?p=109814#respond"]}]},{"@type":"WebPage","@id":"https:\/\/www.aliadospuebla.com\/?p=109814","url":"https:\/\/www.aliadospuebla.com\/?p=109814","name":"Tr\u00e1mites y Recaudaci\u00f3n en l\u00ednea por d\u00edas inh\u00e1biles: Gobierno de Puebla - AliadosPuebla","isPartOf":{"@id":"https:\/\/www.aliadospuebla.com\/#website"},"primaryImageOfPage":{"@id":"https:\/\/www.aliadospuebla.com\/?p=109814#primaryimage"},"image":{"@id":"https:\/\/www.aliadospuebla.com\/?p=109814#primaryimage"},"thumbnailUrl":"https:\/\/www.aliadospuebla.com\/web2017\/wp-content\/uploads\/2025\/11\/475.jpg","datePublished":"2025-11-15T16:13:20+00:00","author":{"@id":"https:\/\/www.aliadospuebla.com\/#\/schema\/person\/5da7dd09320bd4f392b710017ed5f8ad"},"breadcrumb":{"@id":"https:\/\/www.aliadospuebla.com\/?p=109814#breadcrumb"},"inLanguage":"es","potentialAction":[{"@type":"ReadAction","target":["https:\/\/www.aliadospuebla.com\/?p=109814"]}]},{"@type":"ImageObject","inLanguage":"es","@id":"https:\/\/www.aliadospuebla.com\/?p=109814#primaryimage","url":"https:\/\/www.aliadospuebla.com\/web2017\/wp-content\/uploads\/2025\/11\/475.jpg","contentUrl":"https:\/\/www.aliadospuebla.com\/web2017\/wp-content\/uploads\/2025\/11\/475.jpg","width":600,"height":450},{"@type":"BreadcrumbList","@id":"https:\/\/www.aliadospuebla.com\/?p=109814#breadcrumb","itemListElement":[{"@type":"ListItem","position":1,"name":"Portada","item":"https:\/\/www.aliadospuebla.com\/"},{"@type":"ListItem","position":2,"name":"Tr\u00e1mites y Recaudaci\u00f3n en l\u00ednea por d\u00edas inh\u00e1biles: Gobierno de Puebla"}]},{"@type":"WebSite","@id":"https:\/\/www.aliadospuebla.com\/#website","url":"https:\/\/www.aliadospuebla.com\/","name":"AliadosPuebla","description":"La informaci\u00f3n en tus manos","potentialAction":[{"@type":"SearchAction","target":{"@type":"EntryPoint","urlTemplate":"https:\/\/www.aliadospuebla.com\/?s={search_term_string}"},"query-input":{"@type":"PropertyValueSpecification","valueRequired":true,"valueName":"search_term_string"}}],"inLanguage":"es"},{"@type":"Person","@id":"https:\/\/www.aliadospuebla.com\/#\/schema\/person\/5da7dd09320bd4f392b710017ed5f8ad","name":"Aliados17","image":{"@type":"ImageObject","inLanguage":"es","@id":"https:\/\/www.aliadospuebla.com\/web2017\/wp-content\/uploads\/2025\/03\/cropped-para-perfil-8-anos-1-96x96.jpg","url":"https:\/\/www.aliadospuebla.com\/web2017\/wp-content\/uploads\/2025\/03\/cropped-para-perfil-8-anos-1-96x96.jpg","contentUrl":"https:\/\/www.aliadospuebla.com\/web2017\/wp-content\/uploads\/2025\/03\/cropped-para-perfil-8-anos-1-96x96.jpg","caption":"Aliados17"},"sameAs":["https:\/\/www.aliados17.com","https:\/\/www.facebook.com\/Aliados17Pue","https:\/\/x.com\/AliadosPuebla"],"url":"https:\/\/www.aliadospuebla.com\/?author=2"}]}},"views":17,"_links":{"self":[{"href":"https:\/\/www.aliadospuebla.com\/index.php?rest_route=\/wp\/v2\/posts\/109814","targetHints":{"allow":["GET"]}}],"collection":[{"href":"https:\/\/www.aliadospuebla.com\/index.php?rest_route=\/wp\/v2\/posts"}],"about":[{"href":"https:\/\/www.aliadospuebla.com\/index.php?rest_route=\/wp\/v2\/types\/post"}],"author":[{"embeddable":true,"href":"https:\/\/www.aliadospuebla.com\/index.php?rest_route=\/wp\/v2\/users\/2"}],"replies":[{"embeddable":true,"href":"https:\/\/www.aliadospuebla.com\/index.php?rest_route=%2Fwp%2Fv2%2Fcomments&post=109814"}],"version-history":[{"count":1,"href":"https:\/\/www.aliadospuebla.com\/index.php?rest_route=\/wp\/v2\/posts\/109814\/revisions"}],"predecessor-version":[{"id":109816,"href":"https:\/\/www.aliadospuebla.com\/index.php?rest_route=\/wp\/v2\/posts\/109814\/revisions\/109816"}],"wp:featuredmedia":[{"embeddable":true,"href":"https:\/\/www.aliadospuebla.com\/index.php?rest_route=\/wp\/v2\/media\/109815"}],"wp:attachment":[{"href":"https:\/\/www.aliadospuebla.com\/index.php?rest_route=%2Fwp%2Fv2%2Fmedia&parent=109814"}],"wp:term":[{"taxonomy":"category","embeddable":true,"href":"https:\/\/www.aliadospuebla.com\/index.php?rest_route=%2Fwp%2Fv2%2Fcategories&post=109814"},{"taxonomy":"post_tag","embeddable":true,"href":"https:\/\/www.aliadospuebla.com\/index.php?rest_route=%2Fwp%2Fv2%2Ftags&post=109814"}],"curies":[{"name":"wp","href":"https:\/\/api.w.org\/{rel}","templated":true}]}}