{"id":109718,"date":"2025-11-10T08:22:49","date_gmt":"2025-11-10T14:22:49","guid":{"rendered":"https:\/\/www.aliadospuebla.com\/?p=109718"},"modified":"2025-11-10T08:22:49","modified_gmt":"2025-11-10T14:22:49","slug":"fomenta-congreso-del-estado-la-practica-del-ajedrez-en-la-ninez-y-las-juventudes-poblanas","status":"publish","type":"post","link":"https:\/\/www.aliadospuebla.com\/?p=109718","title":{"rendered":"Fomenta Congreso del Estado la pr\u00e1ctica del ajedrez en la ni\u00f1ez y las juventudes poblanas"},"content":{"rendered":"<h4>&#8211;<em>Diputado Pavel Gaspar puso en marcha el Torneo de Ajedrez Ritmo R\u00e1pido<\/em><\/h4>\n<p>Con la finalidad de promover el pensamiento l\u00f3gico, la estrategia, la disciplina<\/p>\n<p>y el trabajo intelectual como herramientas fundamentales para el desarrollo humano y social,<\/p>\n<p>el Instituto de Investigaciones Legislativas, Financieras y Socioecon\u00f3micas \u201cGilberto Bosques Sald\u00edvar\u201d, del Congreso del Estado, llev\u00f3 a cabo el Torneo de Ajedrez Ritmo R\u00e1pido.<\/p>\n<p>&nbsp;<\/p>\n<p>Durante la inauguraci\u00f3n de este torneo, el diputado Pavel Gaspar Ram\u00edrez, presidente de la Junta de Gobierno y Coordinaci\u00f3n Pol\u00edtica del Congreso del Estado, destac\u00f3 la realizaci\u00f3n de estos eventos que ayudan a la ni\u00f1ez y a las juventudes a desarrollar sus habilidades mentales.<\/p>\n<p>&nbsp;<\/p>\n<p>Tambi\u00e9n reconoci\u00f3 la labor de las madres y padres de familia por inculcar el amor al deporte-ciencia, como es conocido el ajedrez, que permite formar generaciones cr\u00edticas, anal\u00edticas y competitivas.<\/p>\n<p>&nbsp;<\/p>\n<p>El legislador destac\u00f3 el caso de Iv\u00e1n Vallejo Saavedra, seleccionado nacional en los Juegos Centroamericanos y del Caribe Sub-18, con quien hizo la apertura del torneo. El evento se realiz\u00f3 en la sede del Congreso local, en las categor\u00edas: menor, sub-18 y libre.<\/p>\n<p>&nbsp;<\/p>\n<p>En la apertura de este torneo se cont\u00f3 con la presencia de las diputadas Azucena Rosas Tapia, Ana Laura G\u00f3mez Ram\u00edrez y el diputado Jos\u00e9 Luis Figueroa Cort\u00e9s, as\u00ed como el Secretario General del Congreso, Julio Leopoldo de Lara Valera, y la titular del Voluntariado, Minerva Garc\u00eda Ch\u00e1vez.<\/p>\n<p>&nbsp;<\/p>\n<p>De igual manera, asisti\u00f3 el director del Instituto de Investigaciones Legislativas, Financieras y Socioecon\u00f3micas \u201cGilberto Bosques Sald\u00edvar\u201d del Congreso del Estado, Oscar Emilio Carranza Le\u00f3n.<\/p>\n","protected":false},"excerpt":{"rendered":"<p>&#8211;Diputado Pavel Gaspar puso en marcha el Torneo de Ajedrez Ritmo R\u00e1pido Con la finalidad de promover el pensamiento l\u00f3gico, la estrategia, la disciplina y el trabajo intelectual como herramientas fundamentales para el desarrollo humano y social, el Instituto de Investigaciones Legislativas, Financieras y Socioecon\u00f3micas \u201cGilberto Bosques Sald\u00edvar\u201d, del Congreso del Estado, llev\u00f3 a cabo el Torneo de Ajedrez Ritmo R\u00e1pido. &nbsp; Durante la inauguraci\u00f3n de este torneo, el diputado Pavel Gaspar Ram\u00edrez, presidente de la Junta de Gobierno y Coordinaci\u00f3n Pol\u00edtica del Congreso del Estado, destac\u00f3 la realizaci\u00f3n de estos eventos que ayudan a la ni\u00f1ez y a las juventudes a desarrollar sus habilidades mentales. &nbsp; Tambi\u00e9n reconoci\u00f3 la labor de las madres y padres de familia por inculcar el amor al deporte-ciencia, como&hellip;<\/p>\n<p class=\"excerpt-more\"><a class=\"blog-excerpt button\" href=\"https:\/\/www.aliadospuebla.com\/?p=109718\">Leer m\u00e1s&#8230;<\/a><\/p>\n","protected":false},"author":2,"featured_media":109719,"comment_status":"open","ping_status":"open","sticky":false,"template":"","format":"standard","meta":{"_monsterinsights_skip_tracking":false,"footnotes":""},"categories":[6],"tags":[88,7153,31500,24852,31499],"class_list":["post-109718","post","type-post","status-publish","format-standard","has-post-thumbnail","hentry","category-politica","tag-congreso-del-estado","tag-desarrollo-humano","tag-habilidades-mentales","tag-pavel-gaspar","tag-practica-del-ajedrez"],"yoast_head":"<!-- This site is optimized with the Yoast SEO plugin v28.4 - https:\/\/yoast.com\/product\/yoast-seo-wordpress\/ -->\n<title>Fomenta Congreso del Estado la pr\u00e1ctica del ajedrez en la ni\u00f1ez y las juventudes poblanas - AliadosPuebla<\/title>\n<meta name=\"robots\" content=\"index, follow, max-snippet:-1, max-image-preview:large, max-video-preview:-1\" \/>\n<link rel=\"canonical\" href=\"https:\/\/www.aliadospuebla.com\/?p=109718\" \/>\n<meta property=\"og:locale\" content=\"es_ES\" \/>\n<meta property=\"og:type\" content=\"article\" \/>\n<meta property=\"og:title\" content=\"Fomenta Congreso del Estado la pr\u00e1ctica del ajedrez en la ni\u00f1ez y las juventudes poblanas - AliadosPuebla\" \/>\n<meta property=\"og:description\" content=\"&#8211;Diputado Pavel Gaspar puso en marcha el Torneo de Ajedrez Ritmo R\u00e1pido Con la finalidad de promover el pensamiento l\u00f3gico, la estrategia, la disciplina y el trabajo intelectual como herramientas fundamentales para el desarrollo humano y social, el Instituto de Investigaciones Legislativas, Financieras y Socioecon\u00f3micas \u201cGilberto Bosques Sald\u00edvar\u201d, del Congreso del Estado, llev\u00f3 a cabo el Torneo de Ajedrez Ritmo R\u00e1pido. &nbsp; Durante la inauguraci\u00f3n de este torneo, el diputado Pavel Gaspar Ram\u00edrez, presidente de la Junta de Gobierno y Coordinaci\u00f3n Pol\u00edtica del Congreso del Estado, destac\u00f3 la realizaci\u00f3n de estos eventos que ayudan a la ni\u00f1ez y a las juventudes a desarrollar sus habilidades mentales. &nbsp; Tambi\u00e9n reconoci\u00f3 la labor de las madres y padres de familia por inculcar el amor al deporte-ciencia, como&hellip;Leer m\u00e1s...\" \/>\n<meta property=\"og:url\" content=\"https:\/\/www.aliadospuebla.com\/?p=109718\" \/>\n<meta property=\"og:site_name\" content=\"AliadosPuebla\" \/>\n<meta property=\"article:author\" content=\"https:\/\/www.facebook.com\/Aliados17Pue\" \/>\n<meta property=\"article:published_time\" content=\"2025-11-10T14:22:49+00:00\" \/>\n<meta property=\"og:image\" content=\"https:\/\/www.aliadospuebla.com\/web2017\/wp-content\/uploads\/2025\/11\/447.jpg\" \/>\n\t<meta property=\"og:image:width\" content=\"600\" \/>\n\t<meta property=\"og:image:height\" content=\"450\" \/>\n\t<meta property=\"og:image:type\" content=\"image\/jpeg\" \/>\n<meta name=\"author\" content=\"Aliados17\" \/>\n<meta name=\"twitter:card\" content=\"summary_large_image\" \/>\n<meta name=\"twitter:creator\" content=\"@AliadosPuebla\" \/>\n<meta name=\"twitter:label1\" content=\"Escrito por\" \/>\n\t<meta name=\"twitter:data1\" content=\"Aliados17\" \/>\n\t<meta name=\"twitter:label2\" content=\"Tiempo de lectura\" \/>\n\t<meta name=\"twitter:data2\" content=\"2 minutos\" \/>\n<script type=\"application\/ld+json\" class=\"yoast-schema-graph\">{\"@context\":\"https:\\\/\\\/schema.org\",\"@graph\":[{\"@type\":\"Article\",\"@id\":\"https:\\\/\\\/www.aliadospuebla.com\\\/?p=109718#article\",\"isPartOf\":{\"@id\":\"https:\\\/\\\/www.aliadospuebla.com\\\/?p=109718\"},\"author\":{\"name\":\"Aliados17\",\"@id\":\"https:\\\/\\\/www.aliadospuebla.com\\\/#\\\/schema\\\/person\\\/5da7dd09320bd4f392b710017ed5f8ad\"},\"headline\":\"Fomenta Congreso del Estado la pr\u00e1ctica del ajedrez en la ni\u00f1ez y las juventudes poblanas\",\"datePublished\":\"2025-11-10T14:22:49+00:00\",\"mainEntityOfPage\":{\"@id\":\"https:\\\/\\\/www.aliadospuebla.com\\\/?p=109718\"},\"wordCount\":297,\"commentCount\":0,\"image\":{\"@id\":\"https:\\\/\\\/www.aliadospuebla.com\\\/?p=109718#primaryimage\"},\"thumbnailUrl\":\"https:\\\/\\\/www.aliadospuebla.com\\\/web2017\\\/wp-content\\\/uploads\\\/2025\\\/11\\\/447.jpg\",\"keywords\":[\"Congreso del Estado\",\"DESARROLLO HUMANO\",\"habilidades mentales\",\"Pavel Gaspar\",\"pr\u00e1ctica del ajedrez\"],\"articleSection\":[\"Pol\u00edtica\"],\"inLanguage\":\"es\",\"potentialAction\":[{\"@type\":\"CommentAction\",\"name\":\"Comment\",\"target\":[\"https:\\\/\\\/www.aliadospuebla.com\\\/?p=109718#respond\"]}]},{\"@type\":\"WebPage\",\"@id\":\"https:\\\/\\\/www.aliadospuebla.com\\\/?p=109718\",\"url\":\"https:\\\/\\\/www.aliadospuebla.com\\\/?p=109718\",\"name\":\"Fomenta Congreso del Estado la pr\u00e1ctica del ajedrez en la ni\u00f1ez y las juventudes poblanas - AliadosPuebla\",\"isPartOf\":{\"@id\":\"https:\\\/\\\/www.aliadospuebla.com\\\/#website\"},\"primaryImageOfPage\":{\"@id\":\"https:\\\/\\\/www.aliadospuebla.com\\\/?p=109718#primaryimage\"},\"image\":{\"@id\":\"https:\\\/\\\/www.aliadospuebla.com\\\/?p=109718#primaryimage\"},\"thumbnailUrl\":\"https:\\\/\\\/www.aliadospuebla.com\\\/web2017\\\/wp-content\\\/uploads\\\/2025\\\/11\\\/447.jpg\",\"datePublished\":\"2025-11-10T14:22:49+00:00\",\"author\":{\"@id\":\"https:\\\/\\\/www.aliadospuebla.com\\\/#\\\/schema\\\/person\\\/5da7dd09320bd4f392b710017ed5f8ad\"},\"breadcrumb\":{\"@id\":\"https:\\\/\\\/www.aliadospuebla.com\\\/?p=109718#breadcrumb\"},\"inLanguage\":\"es\",\"potentialAction\":[{\"@type\":\"ReadAction\",\"target\":[\"https:\\\/\\\/www.aliadospuebla.com\\\/?p=109718\"]}]},{\"@type\":\"ImageObject\",\"inLanguage\":\"es\",\"@id\":\"https:\\\/\\\/www.aliadospuebla.com\\\/?p=109718#primaryimage\",\"url\":\"https:\\\/\\\/www.aliadospuebla.com\\\/web2017\\\/wp-content\\\/uploads\\\/2025\\\/11\\\/447.jpg\",\"contentUrl\":\"https:\\\/\\\/www.aliadospuebla.com\\\/web2017\\\/wp-content\\\/uploads\\\/2025\\\/11\\\/447.jpg\",\"width\":600,\"height\":450},{\"@type\":\"BreadcrumbList\",\"@id\":\"https:\\\/\\\/www.aliadospuebla.com\\\/?p=109718#breadcrumb\",\"itemListElement\":[{\"@type\":\"ListItem\",\"position\":1,\"name\":\"Portada\",\"item\":\"https:\\\/\\\/www.aliadospuebla.com\\\/\"},{\"@type\":\"ListItem\",\"position\":2,\"name\":\"Fomenta Congreso del Estado la pr\u00e1ctica del ajedrez en la ni\u00f1ez y las juventudes poblanas\"}]},{\"@type\":\"WebSite\",\"@id\":\"https:\\\/\\\/www.aliadospuebla.com\\\/#website\",\"url\":\"https:\\\/\\\/www.aliadospuebla.com\\\/\",\"name\":\"AliadosPuebla\",\"description\":\"La informaci\u00f3n en tus manos\",\"potentialAction\":[{\"@type\":\"SearchAction\",\"target\":{\"@type\":\"EntryPoint\",\"urlTemplate\":\"https:\\\/\\\/www.aliadospuebla.com\\\/?s={search_term_string}\"},\"query-input\":{\"@type\":\"PropertyValueSpecification\",\"valueRequired\":true,\"valueName\":\"search_term_string\"}}],\"inLanguage\":\"es\"},{\"@type\":\"Person\",\"@id\":\"https:\\\/\\\/www.aliadospuebla.com\\\/#\\\/schema\\\/person\\\/5da7dd09320bd4f392b710017ed5f8ad\",\"name\":\"Aliados17\",\"image\":{\"@type\":\"ImageObject\",\"inLanguage\":\"es\",\"@id\":\"https:\\\/\\\/www.aliadospuebla.com\\\/web2017\\\/wp-content\\\/uploads\\\/2025\\\/03\\\/cropped-para-perfil-8-anos-1-96x96.jpg\",\"url\":\"https:\\\/\\\/www.aliadospuebla.com\\\/web2017\\\/wp-content\\\/uploads\\\/2025\\\/03\\\/cropped-para-perfil-8-anos-1-96x96.jpg\",\"contentUrl\":\"https:\\\/\\\/www.aliadospuebla.com\\\/web2017\\\/wp-content\\\/uploads\\\/2025\\\/03\\\/cropped-para-perfil-8-anos-1-96x96.jpg\",\"caption\":\"Aliados17\"},\"sameAs\":[\"https:\\\/\\\/www.aliados17.com\",\"https:\\\/\\\/www.facebook.com\\\/Aliados17Pue\",\"https:\\\/\\\/x.com\\\/AliadosPuebla\"],\"url\":\"https:\\\/\\\/www.aliadospuebla.com\\\/?author=2\"}]}<\/script>\n<!-- \/ Yoast SEO plugin. -->","yoast_head_json":{"title":"Fomenta Congreso del Estado la pr\u00e1ctica del ajedrez en la ni\u00f1ez y las juventudes poblanas - AliadosPuebla","robots":{"index":"index","follow":"follow","max-snippet":"max-snippet:-1","max-image-preview":"max-image-preview:large","max-video-preview":"max-video-preview:-1"},"canonical":"https:\/\/www.aliadospuebla.com\/?p=109718","og_locale":"es_ES","og_type":"article","og_title":"Fomenta Congreso del Estado la pr\u00e1ctica del ajedrez en la ni\u00f1ez y las juventudes poblanas - AliadosPuebla","og_description":"&#8211;Diputado Pavel Gaspar puso en marcha el Torneo de Ajedrez Ritmo R\u00e1pido Con la finalidad de promover el pensamiento l\u00f3gico, la estrategia, la disciplina y el trabajo intelectual como herramientas fundamentales para el desarrollo humano y social, el Instituto de Investigaciones Legislativas, Financieras y Socioecon\u00f3micas \u201cGilberto Bosques Sald\u00edvar\u201d, del Congreso del Estado, llev\u00f3 a cabo el Torneo de Ajedrez Ritmo R\u00e1pido. &nbsp; Durante la inauguraci\u00f3n de este torneo, el diputado Pavel Gaspar Ram\u00edrez, presidente de la Junta de Gobierno y Coordinaci\u00f3n Pol\u00edtica del Congreso del Estado, destac\u00f3 la realizaci\u00f3n de estos eventos que ayudan a la ni\u00f1ez y a las juventudes a desarrollar sus habilidades mentales. &nbsp; Tambi\u00e9n reconoci\u00f3 la labor de las madres y padres de familia por inculcar el amor al deporte-ciencia, como&hellip;Leer m\u00e1s...","og_url":"https:\/\/www.aliadospuebla.com\/?p=109718","og_site_name":"AliadosPuebla","article_author":"https:\/\/www.facebook.com\/Aliados17Pue","article_published_time":"2025-11-10T14:22:49+00:00","og_image":[{"width":600,"height":450,"url":"https:\/\/www.aliadospuebla.com\/web2017\/wp-content\/uploads\/2025\/11\/447.jpg","type":"image\/jpeg"}],"author":"Aliados17","twitter_card":"summary_large_image","twitter_creator":"@AliadosPuebla","twitter_misc":{"Escrito por":"Aliados17","Tiempo de lectura":"2 minutos"},"schema":{"@context":"https:\/\/schema.org","@graph":[{"@type":"Article","@id":"https:\/\/www.aliadospuebla.com\/?p=109718#article","isPartOf":{"@id":"https:\/\/www.aliadospuebla.com\/?p=109718"},"author":{"name":"Aliados17","@id":"https:\/\/www.aliadospuebla.com\/#\/schema\/person\/5da7dd09320bd4f392b710017ed5f8ad"},"headline":"Fomenta Congreso del Estado la pr\u00e1ctica del ajedrez en la ni\u00f1ez y las juventudes poblanas","datePublished":"2025-11-10T14:22:49+00:00","mainEntityOfPage":{"@id":"https:\/\/www.aliadospuebla.com\/?p=109718"},"wordCount":297,"commentCount":0,"image":{"@id":"https:\/\/www.aliadospuebla.com\/?p=109718#primaryimage"},"thumbnailUrl":"https:\/\/www.aliadospuebla.com\/web2017\/wp-content\/uploads\/2025\/11\/447.jpg","keywords":["Congreso del Estado","DESARROLLO HUMANO","habilidades mentales","Pavel Gaspar","pr\u00e1ctica del ajedrez"],"articleSection":["Pol\u00edtica"],"inLanguage":"es","potentialAction":[{"@type":"CommentAction","name":"Comment","target":["https:\/\/www.aliadospuebla.com\/?p=109718#respond"]}]},{"@type":"WebPage","@id":"https:\/\/www.aliadospuebla.com\/?p=109718","url":"https:\/\/www.aliadospuebla.com\/?p=109718","name":"Fomenta Congreso del Estado la pr\u00e1ctica del ajedrez en la ni\u00f1ez y las juventudes poblanas - AliadosPuebla","isPartOf":{"@id":"https:\/\/www.aliadospuebla.com\/#website"},"primaryImageOfPage":{"@id":"https:\/\/www.aliadospuebla.com\/?p=109718#primaryimage"},"image":{"@id":"https:\/\/www.aliadospuebla.com\/?p=109718#primaryimage"},"thumbnailUrl":"https:\/\/www.aliadospuebla.com\/web2017\/wp-content\/uploads\/2025\/11\/447.jpg","datePublished":"2025-11-10T14:22:49+00:00","author":{"@id":"https:\/\/www.aliadospuebla.com\/#\/schema\/person\/5da7dd09320bd4f392b710017ed5f8ad"},"breadcrumb":{"@id":"https:\/\/www.aliadospuebla.com\/?p=109718#breadcrumb"},"inLanguage":"es","potentialAction":[{"@type":"ReadAction","target":["https:\/\/www.aliadospuebla.com\/?p=109718"]}]},{"@type":"ImageObject","inLanguage":"es","@id":"https:\/\/www.aliadospuebla.com\/?p=109718#primaryimage","url":"https:\/\/www.aliadospuebla.com\/web2017\/wp-content\/uploads\/2025\/11\/447.jpg","contentUrl":"https:\/\/www.aliadospuebla.com\/web2017\/wp-content\/uploads\/2025\/11\/447.jpg","width":600,"height":450},{"@type":"BreadcrumbList","@id":"https:\/\/www.aliadospuebla.com\/?p=109718#breadcrumb","itemListElement":[{"@type":"ListItem","position":1,"name":"Portada","item":"https:\/\/www.aliadospuebla.com\/"},{"@type":"ListItem","position":2,"name":"Fomenta Congreso del Estado la pr\u00e1ctica del ajedrez en la ni\u00f1ez y las juventudes poblanas"}]},{"@type":"WebSite","@id":"https:\/\/www.aliadospuebla.com\/#website","url":"https:\/\/www.aliadospuebla.com\/","name":"AliadosPuebla","description":"La informaci\u00f3n en tus manos","potentialAction":[{"@type":"SearchAction","target":{"@type":"EntryPoint","urlTemplate":"https:\/\/www.aliadospuebla.com\/?s={search_term_string}"},"query-input":{"@type":"PropertyValueSpecification","valueRequired":true,"valueName":"search_term_string"}}],"inLanguage":"es"},{"@type":"Person","@id":"https:\/\/www.aliadospuebla.com\/#\/schema\/person\/5da7dd09320bd4f392b710017ed5f8ad","name":"Aliados17","image":{"@type":"ImageObject","inLanguage":"es","@id":"https:\/\/www.aliadospuebla.com\/web2017\/wp-content\/uploads\/2025\/03\/cropped-para-perfil-8-anos-1-96x96.jpg","url":"https:\/\/www.aliadospuebla.com\/web2017\/wp-content\/uploads\/2025\/03\/cropped-para-perfil-8-anos-1-96x96.jpg","contentUrl":"https:\/\/www.aliadospuebla.com\/web2017\/wp-content\/uploads\/2025\/03\/cropped-para-perfil-8-anos-1-96x96.jpg","caption":"Aliados17"},"sameAs":["https:\/\/www.aliados17.com","https:\/\/www.facebook.com\/Aliados17Pue","https:\/\/x.com\/AliadosPuebla"],"url":"https:\/\/www.aliadospuebla.com\/?author=2"}]}},"views":34,"_links":{"self":[{"href":"https:\/\/www.aliadospuebla.com\/index.php?rest_route=\/wp\/v2\/posts\/109718","targetHints":{"allow":["GET"]}}],"collection":[{"href":"https:\/\/www.aliadospuebla.com\/index.php?rest_route=\/wp\/v2\/posts"}],"about":[{"href":"https:\/\/www.aliadospuebla.com\/index.php?rest_route=\/wp\/v2\/types\/post"}],"author":[{"embeddable":true,"href":"https:\/\/www.aliadospuebla.com\/index.php?rest_route=\/wp\/v2\/users\/2"}],"replies":[{"embeddable":true,"href":"https:\/\/www.aliadospuebla.com\/index.php?rest_route=%2Fwp%2Fv2%2Fcomments&post=109718"}],"version-history":[{"count":1,"href":"https:\/\/www.aliadospuebla.com\/index.php?rest_route=\/wp\/v2\/posts\/109718\/revisions"}],"predecessor-version":[{"id":109720,"href":"https:\/\/www.aliadospuebla.com\/index.php?rest_route=\/wp\/v2\/posts\/109718\/revisions\/109720"}],"wp:featuredmedia":[{"embeddable":true,"href":"https:\/\/www.aliadospuebla.com\/index.php?rest_route=\/wp\/v2\/media\/109719"}],"wp:attachment":[{"href":"https:\/\/www.aliadospuebla.com\/index.php?rest_route=%2Fwp%2Fv2%2Fmedia&parent=109718"}],"wp:term":[{"taxonomy":"category","embeddable":true,"href":"https:\/\/www.aliadospuebla.com\/index.php?rest_route=%2Fwp%2Fv2%2Fcategories&post=109718"},{"taxonomy":"post_tag","embeddable":true,"href":"https:\/\/www.aliadospuebla.com\/index.php?rest_route=%2Fwp%2Fv2%2Ftags&post=109718"}],"curies":[{"name":"wp","href":"https:\/\/api.w.org\/{rel}","templated":true}]}}