{"id":109564,"date":"2025-11-03T08:30:42","date_gmt":"2025-11-03T14:30:42","guid":{"rendered":"https:\/\/www.aliadospuebla.com\/?p=109564"},"modified":"2025-11-03T08:30:42","modified_gmt":"2025-11-03T14:30:42","slug":"respeto-de-nuestras-tradiciones-y-cultura-eje-esencial-de-la-identidad-nacional-pavel-gaspar","status":"publish","type":"post","link":"https:\/\/www.aliadospuebla.com\/?p=109564","title":{"rendered":"Respeto de nuestras tradiciones y cultura, eje esencial de la identidad nacional: Pavel Gaspar"},"content":{"rendered":"<h4><em>El diputado asisti\u00f3 a la Ofrenda de las Mil Luces y al Festival de la Luz y de la Vida, en Chignahuapan, con motivo del D\u00eda de Muertos<\/em><\/h4>\n<p>Convencido de que el respeto, la reivindicaci\u00f3n y el fortalecimiento de la cultura, las tradiciones y las costumbres de nuestros pueblos, son parte esencial de la identidad nacional, el presidente de la Junta de Gobierno y Coordinaci\u00f3n\u00a0 Pol\u00edtica del Congreso del Estado, Pavel Gaspar Ram\u00edrez acompa\u00f1\u00f3 al Gobernador Alejandro Armenta, a la inauguraci\u00f3n de la Ofrenda de las Mil Luces, en el Municipio de Chignahuapan, como parte de las festividades del D\u00eda de Muertos.<\/p>\n<p>&nbsp;<\/p>\n<p>Con el titular del Ejecutivo del Estado, autoridades municipales y cientos de asistentes de la comunidad,\u00a0 el diputado P\u00e1vel Gaspar realiz\u00f3 la tradicional Caminata de Las Antorchas y el recorrido de los tapetes monumentales, en la Calzada de las Almas, para presenciar el Festival de la Luz y de la Vida, una celebraci\u00f3n \u00fanica en el pa\u00eds que une el pasado con el presente para honrar nuestras ra\u00edces y nuestro legado ancestral.<\/p>\n<p>&nbsp;<\/p>\n<p>El Festival de la Luz y de la Vida en Chignahuapan es un espect\u00e1culo \u00fanico de danza, m\u00fasica y luces que se lleva a cabo sobre la laguna de la poblaci\u00f3n, que combina tradici\u00f3n, cultura y misticismo, enmarcada en una pir\u00e1mide monumental de 400 metros cuadrados.<\/p>\n<p>&nbsp;<\/p>\n<p>Durante este evento, el diputado Pavel Gaspar refrend\u00f3 su compromiso con la historia, las costumbres y la cultura de nuestros pueblos, como parte esencial de nuestra identidad como mexicanos.<\/p>\n","protected":false},"excerpt":{"rendered":"<p>El diputado asisti\u00f3 a la Ofrenda de las Mil Luces y al Festival de la Luz y de la Vida, en Chignahuapan, con motivo del D\u00eda de Muertos Convencido de que el respeto, la reivindicaci\u00f3n y el fortalecimiento de la cultura, las tradiciones y las costumbres de nuestros pueblos, son parte esencial de la identidad nacional, el presidente de la Junta de Gobierno y Coordinaci\u00f3n\u00a0 Pol\u00edtica del Congreso del Estado, Pavel Gaspar Ram\u00edrez acompa\u00f1\u00f3 al Gobernador Alejandro Armenta, a la inauguraci\u00f3n de la Ofrenda de las Mil Luces, en el Municipio de Chignahuapan, como parte de las festividades del D\u00eda de Muertos. &nbsp; Con el titular del Ejecutivo del Estado, autoridades municipales y cientos de asistentes de la comunidad,\u00a0 el diputado P\u00e1vel Gaspar realiz\u00f3 la&hellip;<\/p>\n<p class=\"excerpt-more\"><a class=\"blog-excerpt button\" href=\"https:\/\/www.aliadospuebla.com\/?p=109564\">Leer m\u00e1s&#8230;<\/a><\/p>\n","protected":false},"author":2,"featured_media":109565,"comment_status":"open","ping_status":"open","sticky":false,"template":"","format":"standard","meta":{"_monsterinsights_skip_tracking":false,"footnotes":""},"categories":[6],"tags":[4780,31436,117,88,31435,24852,631],"class_list":["post-109564","post","type-post","status-publish","format-standard","has-post-thumbnail","hentry","category-politica","tag-alejandro-armenta","tag-caminata-de-las-antorchas","tag-chignahuapan","tag-congreso-del-estado","tag-festival-de-la-luz-y-de-la-vida","tag-pavel-gaspar","tag-tradiciones"],"yoast_head":"<!-- This site is optimized with the Yoast SEO plugin v28.4 - https:\/\/yoast.com\/product\/yoast-seo-wordpress\/ -->\n<title>Respeto de nuestras tradiciones y cultura, eje esencial de la identidad nacional: Pavel Gaspar - AliadosPuebla<\/title>\n<meta name=\"robots\" content=\"index, follow, max-snippet:-1, max-image-preview:large, max-video-preview:-1\" \/>\n<link rel=\"canonical\" href=\"https:\/\/www.aliadospuebla.com\/?p=109564\" \/>\n<meta property=\"og:locale\" content=\"es_ES\" \/>\n<meta property=\"og:type\" content=\"article\" \/>\n<meta property=\"og:title\" content=\"Respeto de nuestras tradiciones y cultura, eje esencial de la identidad nacional: Pavel Gaspar - AliadosPuebla\" \/>\n<meta property=\"og:description\" content=\"El diputado asisti\u00f3 a la Ofrenda de las Mil Luces y al Festival de la Luz y de la Vida, en Chignahuapan, con motivo del D\u00eda de Muertos Convencido de que el respeto, la reivindicaci\u00f3n y el fortalecimiento de la cultura, las tradiciones y las costumbres de nuestros pueblos, son parte esencial de la identidad nacional, el presidente de la Junta de Gobierno y Coordinaci\u00f3n\u00a0 Pol\u00edtica del Congreso del Estado, Pavel Gaspar Ram\u00edrez acompa\u00f1\u00f3 al Gobernador Alejandro Armenta, a la inauguraci\u00f3n de la Ofrenda de las Mil Luces, en el Municipio de Chignahuapan, como parte de las festividades del D\u00eda de Muertos. &nbsp; Con el titular del Ejecutivo del Estado, autoridades municipales y cientos de asistentes de la comunidad,\u00a0 el diputado P\u00e1vel Gaspar realiz\u00f3 la&hellip;Leer m\u00e1s...\" \/>\n<meta property=\"og:url\" content=\"https:\/\/www.aliadospuebla.com\/?p=109564\" \/>\n<meta property=\"og:site_name\" content=\"AliadosPuebla\" \/>\n<meta property=\"article:author\" content=\"https:\/\/www.facebook.com\/Aliados17Pue\" \/>\n<meta property=\"article:published_time\" content=\"2025-11-03T14:30:42+00:00\" \/>\n<meta property=\"og:image\" content=\"https:\/\/www.aliadospuebla.com\/web2017\/wp-content\/uploads\/2025\/11\/400.jpg\" \/>\n\t<meta property=\"og:image:width\" content=\"600\" \/>\n\t<meta property=\"og:image:height\" content=\"450\" \/>\n\t<meta property=\"og:image:type\" content=\"image\/jpeg\" \/>\n<meta name=\"author\" content=\"Aliados17\" \/>\n<meta name=\"twitter:card\" content=\"summary_large_image\" \/>\n<meta name=\"twitter:creator\" content=\"@AliadosPuebla\" \/>\n<meta name=\"twitter:label1\" content=\"Escrito por\" \/>\n\t<meta name=\"twitter:data1\" content=\"Aliados17\" \/>\n\t<meta name=\"twitter:label2\" content=\"Tiempo de lectura\" \/>\n\t<meta name=\"twitter:data2\" content=\"2 minutos\" \/>\n<script type=\"application\/ld+json\" class=\"yoast-schema-graph\">{\"@context\":\"https:\\\/\\\/schema.org\",\"@graph\":[{\"@type\":\"Article\",\"@id\":\"https:\\\/\\\/www.aliadospuebla.com\\\/?p=109564#article\",\"isPartOf\":{\"@id\":\"https:\\\/\\\/www.aliadospuebla.com\\\/?p=109564\"},\"author\":{\"name\":\"Aliados17\",\"@id\":\"https:\\\/\\\/www.aliadospuebla.com\\\/#\\\/schema\\\/person\\\/5da7dd09320bd4f392b710017ed5f8ad\"},\"headline\":\"Respeto de nuestras tradiciones y cultura, eje esencial de la identidad nacional: Pavel Gaspar\",\"datePublished\":\"2025-11-03T14:30:42+00:00\",\"mainEntityOfPage\":{\"@id\":\"https:\\\/\\\/www.aliadospuebla.com\\\/?p=109564\"},\"wordCount\":281,\"commentCount\":0,\"image\":{\"@id\":\"https:\\\/\\\/www.aliadospuebla.com\\\/?p=109564#primaryimage\"},\"thumbnailUrl\":\"https:\\\/\\\/www.aliadospuebla.com\\\/web2017\\\/wp-content\\\/uploads\\\/2025\\\/11\\\/400.jpg\",\"keywords\":[\"ALEJANDRO ARMENTA\",\"Caminata de Las Antorchas\",\"Chignahuapan\",\"Congreso del Estado\",\"Festival de la Luz y de la Vida\",\"Pavel Gaspar\",\"TRADICIONES\"],\"articleSection\":[\"Pol\u00edtica\"],\"inLanguage\":\"es\",\"potentialAction\":[{\"@type\":\"CommentAction\",\"name\":\"Comment\",\"target\":[\"https:\\\/\\\/www.aliadospuebla.com\\\/?p=109564#respond\"]}]},{\"@type\":\"WebPage\",\"@id\":\"https:\\\/\\\/www.aliadospuebla.com\\\/?p=109564\",\"url\":\"https:\\\/\\\/www.aliadospuebla.com\\\/?p=109564\",\"name\":\"Respeto de nuestras tradiciones y cultura, eje esencial de la identidad nacional: Pavel Gaspar - AliadosPuebla\",\"isPartOf\":{\"@id\":\"https:\\\/\\\/www.aliadospuebla.com\\\/#website\"},\"primaryImageOfPage\":{\"@id\":\"https:\\\/\\\/www.aliadospuebla.com\\\/?p=109564#primaryimage\"},\"image\":{\"@id\":\"https:\\\/\\\/www.aliadospuebla.com\\\/?p=109564#primaryimage\"},\"thumbnailUrl\":\"https:\\\/\\\/www.aliadospuebla.com\\\/web2017\\\/wp-content\\\/uploads\\\/2025\\\/11\\\/400.jpg\",\"datePublished\":\"2025-11-03T14:30:42+00:00\",\"author\":{\"@id\":\"https:\\\/\\\/www.aliadospuebla.com\\\/#\\\/schema\\\/person\\\/5da7dd09320bd4f392b710017ed5f8ad\"},\"breadcrumb\":{\"@id\":\"https:\\\/\\\/www.aliadospuebla.com\\\/?p=109564#breadcrumb\"},\"inLanguage\":\"es\",\"potentialAction\":[{\"@type\":\"ReadAction\",\"target\":[\"https:\\\/\\\/www.aliadospuebla.com\\\/?p=109564\"]}]},{\"@type\":\"ImageObject\",\"inLanguage\":\"es\",\"@id\":\"https:\\\/\\\/www.aliadospuebla.com\\\/?p=109564#primaryimage\",\"url\":\"https:\\\/\\\/www.aliadospuebla.com\\\/web2017\\\/wp-content\\\/uploads\\\/2025\\\/11\\\/400.jpg\",\"contentUrl\":\"https:\\\/\\\/www.aliadospuebla.com\\\/web2017\\\/wp-content\\\/uploads\\\/2025\\\/11\\\/400.jpg\",\"width\":600,\"height\":450},{\"@type\":\"BreadcrumbList\",\"@id\":\"https:\\\/\\\/www.aliadospuebla.com\\\/?p=109564#breadcrumb\",\"itemListElement\":[{\"@type\":\"ListItem\",\"position\":1,\"name\":\"Portada\",\"item\":\"https:\\\/\\\/www.aliadospuebla.com\\\/\"},{\"@type\":\"ListItem\",\"position\":2,\"name\":\"Respeto de nuestras tradiciones y cultura, eje esencial de la identidad nacional: Pavel Gaspar\"}]},{\"@type\":\"WebSite\",\"@id\":\"https:\\\/\\\/www.aliadospuebla.com\\\/#website\",\"url\":\"https:\\\/\\\/www.aliadospuebla.com\\\/\",\"name\":\"AliadosPuebla\",\"description\":\"La informaci\u00f3n en tus manos\",\"potentialAction\":[{\"@type\":\"SearchAction\",\"target\":{\"@type\":\"EntryPoint\",\"urlTemplate\":\"https:\\\/\\\/www.aliadospuebla.com\\\/?s={search_term_string}\"},\"query-input\":{\"@type\":\"PropertyValueSpecification\",\"valueRequired\":true,\"valueName\":\"search_term_string\"}}],\"inLanguage\":\"es\"},{\"@type\":\"Person\",\"@id\":\"https:\\\/\\\/www.aliadospuebla.com\\\/#\\\/schema\\\/person\\\/5da7dd09320bd4f392b710017ed5f8ad\",\"name\":\"Aliados17\",\"image\":{\"@type\":\"ImageObject\",\"inLanguage\":\"es\",\"@id\":\"https:\\\/\\\/www.aliadospuebla.com\\\/web2017\\\/wp-content\\\/uploads\\\/2025\\\/03\\\/cropped-para-perfil-8-anos-1-96x96.jpg\",\"url\":\"https:\\\/\\\/www.aliadospuebla.com\\\/web2017\\\/wp-content\\\/uploads\\\/2025\\\/03\\\/cropped-para-perfil-8-anos-1-96x96.jpg\",\"contentUrl\":\"https:\\\/\\\/www.aliadospuebla.com\\\/web2017\\\/wp-content\\\/uploads\\\/2025\\\/03\\\/cropped-para-perfil-8-anos-1-96x96.jpg\",\"caption\":\"Aliados17\"},\"sameAs\":[\"https:\\\/\\\/www.aliados17.com\",\"https:\\\/\\\/www.facebook.com\\\/Aliados17Pue\",\"https:\\\/\\\/x.com\\\/AliadosPuebla\"],\"url\":\"https:\\\/\\\/www.aliadospuebla.com\\\/?author=2\"}]}<\/script>\n<!-- \/ Yoast SEO plugin. -->","yoast_head_json":{"title":"Respeto de nuestras tradiciones y cultura, eje esencial de la identidad nacional: Pavel Gaspar - AliadosPuebla","robots":{"index":"index","follow":"follow","max-snippet":"max-snippet:-1","max-image-preview":"max-image-preview:large","max-video-preview":"max-video-preview:-1"},"canonical":"https:\/\/www.aliadospuebla.com\/?p=109564","og_locale":"es_ES","og_type":"article","og_title":"Respeto de nuestras tradiciones y cultura, eje esencial de la identidad nacional: Pavel Gaspar - AliadosPuebla","og_description":"El diputado asisti\u00f3 a la Ofrenda de las Mil Luces y al Festival de la Luz y de la Vida, en Chignahuapan, con motivo del D\u00eda de Muertos Convencido de que el respeto, la reivindicaci\u00f3n y el fortalecimiento de la cultura, las tradiciones y las costumbres de nuestros pueblos, son parte esencial de la identidad nacional, el presidente de la Junta de Gobierno y Coordinaci\u00f3n\u00a0 Pol\u00edtica del Congreso del Estado, Pavel Gaspar Ram\u00edrez acompa\u00f1\u00f3 al Gobernador Alejandro Armenta, a la inauguraci\u00f3n de la Ofrenda de las Mil Luces, en el Municipio de Chignahuapan, como parte de las festividades del D\u00eda de Muertos. &nbsp; Con el titular del Ejecutivo del Estado, autoridades municipales y cientos de asistentes de la comunidad,\u00a0 el diputado P\u00e1vel Gaspar realiz\u00f3 la&hellip;Leer m\u00e1s...","og_url":"https:\/\/www.aliadospuebla.com\/?p=109564","og_site_name":"AliadosPuebla","article_author":"https:\/\/www.facebook.com\/Aliados17Pue","article_published_time":"2025-11-03T14:30:42+00:00","og_image":[{"width":600,"height":450,"url":"https:\/\/www.aliadospuebla.com\/web2017\/wp-content\/uploads\/2025\/11\/400.jpg","type":"image\/jpeg"}],"author":"Aliados17","twitter_card":"summary_large_image","twitter_creator":"@AliadosPuebla","twitter_misc":{"Escrito por":"Aliados17","Tiempo de lectura":"2 minutos"},"schema":{"@context":"https:\/\/schema.org","@graph":[{"@type":"Article","@id":"https:\/\/www.aliadospuebla.com\/?p=109564#article","isPartOf":{"@id":"https:\/\/www.aliadospuebla.com\/?p=109564"},"author":{"name":"Aliados17","@id":"https:\/\/www.aliadospuebla.com\/#\/schema\/person\/5da7dd09320bd4f392b710017ed5f8ad"},"headline":"Respeto de nuestras tradiciones y cultura, eje esencial de la identidad nacional: Pavel Gaspar","datePublished":"2025-11-03T14:30:42+00:00","mainEntityOfPage":{"@id":"https:\/\/www.aliadospuebla.com\/?p=109564"},"wordCount":281,"commentCount":0,"image":{"@id":"https:\/\/www.aliadospuebla.com\/?p=109564#primaryimage"},"thumbnailUrl":"https:\/\/www.aliadospuebla.com\/web2017\/wp-content\/uploads\/2025\/11\/400.jpg","keywords":["ALEJANDRO ARMENTA","Caminata de Las Antorchas","Chignahuapan","Congreso del Estado","Festival de la Luz y de la Vida","Pavel Gaspar","TRADICIONES"],"articleSection":["Pol\u00edtica"],"inLanguage":"es","potentialAction":[{"@type":"CommentAction","name":"Comment","target":["https:\/\/www.aliadospuebla.com\/?p=109564#respond"]}]},{"@type":"WebPage","@id":"https:\/\/www.aliadospuebla.com\/?p=109564","url":"https:\/\/www.aliadospuebla.com\/?p=109564","name":"Respeto de nuestras tradiciones y cultura, eje esencial de la identidad nacional: Pavel Gaspar - AliadosPuebla","isPartOf":{"@id":"https:\/\/www.aliadospuebla.com\/#website"},"primaryImageOfPage":{"@id":"https:\/\/www.aliadospuebla.com\/?p=109564#primaryimage"},"image":{"@id":"https:\/\/www.aliadospuebla.com\/?p=109564#primaryimage"},"thumbnailUrl":"https:\/\/www.aliadospuebla.com\/web2017\/wp-content\/uploads\/2025\/11\/400.jpg","datePublished":"2025-11-03T14:30:42+00:00","author":{"@id":"https:\/\/www.aliadospuebla.com\/#\/schema\/person\/5da7dd09320bd4f392b710017ed5f8ad"},"breadcrumb":{"@id":"https:\/\/www.aliadospuebla.com\/?p=109564#breadcrumb"},"inLanguage":"es","potentialAction":[{"@type":"ReadAction","target":["https:\/\/www.aliadospuebla.com\/?p=109564"]}]},{"@type":"ImageObject","inLanguage":"es","@id":"https:\/\/www.aliadospuebla.com\/?p=109564#primaryimage","url":"https:\/\/www.aliadospuebla.com\/web2017\/wp-content\/uploads\/2025\/11\/400.jpg","contentUrl":"https:\/\/www.aliadospuebla.com\/web2017\/wp-content\/uploads\/2025\/11\/400.jpg","width":600,"height":450},{"@type":"BreadcrumbList","@id":"https:\/\/www.aliadospuebla.com\/?p=109564#breadcrumb","itemListElement":[{"@type":"ListItem","position":1,"name":"Portada","item":"https:\/\/www.aliadospuebla.com\/"},{"@type":"ListItem","position":2,"name":"Respeto de nuestras tradiciones y cultura, eje esencial de la identidad nacional: Pavel Gaspar"}]},{"@type":"WebSite","@id":"https:\/\/www.aliadospuebla.com\/#website","url":"https:\/\/www.aliadospuebla.com\/","name":"AliadosPuebla","description":"La informaci\u00f3n en tus manos","potentialAction":[{"@type":"SearchAction","target":{"@type":"EntryPoint","urlTemplate":"https:\/\/www.aliadospuebla.com\/?s={search_term_string}"},"query-input":{"@type":"PropertyValueSpecification","valueRequired":true,"valueName":"search_term_string"}}],"inLanguage":"es"},{"@type":"Person","@id":"https:\/\/www.aliadospuebla.com\/#\/schema\/person\/5da7dd09320bd4f392b710017ed5f8ad","name":"Aliados17","image":{"@type":"ImageObject","inLanguage":"es","@id":"https:\/\/www.aliadospuebla.com\/web2017\/wp-content\/uploads\/2025\/03\/cropped-para-perfil-8-anos-1-96x96.jpg","url":"https:\/\/www.aliadospuebla.com\/web2017\/wp-content\/uploads\/2025\/03\/cropped-para-perfil-8-anos-1-96x96.jpg","contentUrl":"https:\/\/www.aliadospuebla.com\/web2017\/wp-content\/uploads\/2025\/03\/cropped-para-perfil-8-anos-1-96x96.jpg","caption":"Aliados17"},"sameAs":["https:\/\/www.aliados17.com","https:\/\/www.facebook.com\/Aliados17Pue","https:\/\/x.com\/AliadosPuebla"],"url":"https:\/\/www.aliadospuebla.com\/?author=2"}]}},"views":20,"_links":{"self":[{"href":"https:\/\/www.aliadospuebla.com\/index.php?rest_route=\/wp\/v2\/posts\/109564","targetHints":{"allow":["GET"]}}],"collection":[{"href":"https:\/\/www.aliadospuebla.com\/index.php?rest_route=\/wp\/v2\/posts"}],"about":[{"href":"https:\/\/www.aliadospuebla.com\/index.php?rest_route=\/wp\/v2\/types\/post"}],"author":[{"embeddable":true,"href":"https:\/\/www.aliadospuebla.com\/index.php?rest_route=\/wp\/v2\/users\/2"}],"replies":[{"embeddable":true,"href":"https:\/\/www.aliadospuebla.com\/index.php?rest_route=%2Fwp%2Fv2%2Fcomments&post=109564"}],"version-history":[{"count":1,"href":"https:\/\/www.aliadospuebla.com\/index.php?rest_route=\/wp\/v2\/posts\/109564\/revisions"}],"predecessor-version":[{"id":109566,"href":"https:\/\/www.aliadospuebla.com\/index.php?rest_route=\/wp\/v2\/posts\/109564\/revisions\/109566"}],"wp:featuredmedia":[{"embeddable":true,"href":"https:\/\/www.aliadospuebla.com\/index.php?rest_route=\/wp\/v2\/media\/109565"}],"wp:attachment":[{"href":"https:\/\/www.aliadospuebla.com\/index.php?rest_route=%2Fwp%2Fv2%2Fmedia&parent=109564"}],"wp:term":[{"taxonomy":"category","embeddable":true,"href":"https:\/\/www.aliadospuebla.com\/index.php?rest_route=%2Fwp%2Fv2%2Fcategories&post=109564"},{"taxonomy":"post_tag","embeddable":true,"href":"https:\/\/www.aliadospuebla.com\/index.php?rest_route=%2Fwp%2Fv2%2Ftags&post=109564"}],"curies":[{"name":"wp","href":"https:\/\/api.w.org\/{rel}","templated":true}]}}