{"id":109473,"date":"2025-10-29T21:36:16","date_gmt":"2025-10-30T03:36:16","guid":{"rendered":"https:\/\/www.aliadospuebla.com\/?p=109473"},"modified":"2025-10-29T21:36:16","modified_gmt":"2025-10-30T03:36:16","slug":"dif-puebla-capital-e-ieea-graduan-a-la-1a-generacion-imparable-del-centro-de-dia","status":"publish","type":"post","link":"https:\/\/www.aliadospuebla.com\/?p=109473","title":{"rendered":"DIF Puebla Capital e IEEA grad\u00faan a la 1\u00aa Generaci\u00f3n Imparable del Centro de D\u00eda"},"content":{"rendered":"<h4>24 ni\u00f1as, ni\u00f1os y adolescentes concluyeron satisfactoriamente sus estudios de nivel primaria y secundaria bajo el modelo semiescolarizado<\/h4>\n<p>Puebla, Pue. \u2013 Con gran orgullo el DIF Puebla Capital realiz\u00f3 la ceremonia de graduaci\u00f3n<\/p>\n<p>de la 1\u00aa Generaci\u00f3n Imparable del Centro de D\u00eda, un evento dedicado a celebrar el esfuerzo,<\/p>\n<p>la perseverancia y dedicaci\u00f3n de las y los alumnos que, pese a los desaf\u00edos de la vida cotidiana,<\/p>\n<p>lograron alcanzar una importante meta acad\u00e9mica. Durante el evento,<\/p>\n<p>se realiz\u00f3 la entrega de 24 certificados y reconocimientos de estudios a quienes<\/p>\n<p>concluyeron exitosamente su primaria y secundaria.<\/p>\n<p>En representaci\u00f3n de la presidenta del Patronato, MariElise Budib, la directora jur\u00eddica<\/p>\n<p>del Sistema Municipal para el Desarrollo Integral de la Familia (SMDIF),<\/p>\n<p>Irma M\u00e9ndez reconoci\u00f3 la constancia y el compromiso de cada uno de los egresados,<\/p>\n<p>subrayando que este logro tambi\u00e9n pertenece a todas las personas que integran el Centro de D\u00eda,<\/p>\n<p>un espacio dedicado a apoyar a ni\u00f1as, ni\u00f1os y adolescentes con rezago educativo.<\/p>\n<h4>\u201cLo m\u00e1s importante es el agradecimiento para las ni\u00f1as, para los ni\u00f1os, las y los adolescentes que se grad\u00faan. Que el d\u00eda de hoy ven el resultado de su trabajo, de su dedicaci\u00f3n y de su compromiso.<\/h4>\n<p>Han tenido d\u00edas muy dif\u00edciles, d\u00edas probablemente no tan dif\u00edciles, pero sin duda, todos han sabido superar retos y superar desaf\u00edos, y enfrentarlos con tenacidad\u201d, explic\u00f3 la directora jur\u00eddica del DIF Puebla Capital.<\/p>\n<p>El Centro de D\u00eda del DIF Puebla Capital atiende a ni\u00f1as, ni\u00f1os y adolescentes de 10 a 17 a\u00f1os de edad en situaci\u00f3n vulnerable, bajo el modelo educativo del Instituto Nacional para la Educaci\u00f3n de los Adultos (INEA), y en coordinaci\u00f3n con su hom\u00f3logo en el estado, ofreciendo no s\u00f3lo apoyo acad\u00e9mico bajo un sistema semiescolarizado, tambi\u00e9n alimentaci\u00f3n, apoyo psicol\u00f3gico, as\u00ed como actividades culturales y recreativas.<\/p>\n<p>Al respecto, Andr\u00e9s Morales Zayas, director general del Instituto Estatal para la Educaci\u00f3n de los Adultos (IEEA), record\u00f3 que nunca es tarde para continuar con los estudios, invit\u00e1ndolos a que sigan con su camino acad\u00e9mico hasta culminar su educaci\u00f3n superior.<\/p>\n<p>\u201cMuchas felicidades a los graduados, muchas felicidades a los pap\u00e1s por apoyar a los j\u00f3venes a que siguieran estudiando, porque s\u00ed hay muchos que por alguna circunstancia no lo pudieron hacer en su momento, pero nunca es tarde. Muchas gracias al DIF Municipal por apoyar a los j\u00f3venes, nunca es tarde, son ejemplo, nosotros aprendemos de ustedes, porque ustedes saben salir adelante\u201d, coment\u00f3 Andr\u00e9s Morales Zayas.<\/p>\n<p>Para ingresar al Centro de D\u00eda, es necesario acudir a las instalaciones que se ubican sobre la privada 14 A sur n\u00famero 3912, colonia Anzures, o llamar al n\u00famero de tel\u00e9fono 222 214 00 00 ext. 223; en un horario de atenci\u00f3n de 9:00 a 17:00 horas.<\/p>\n","protected":false},"excerpt":{"rendered":"<p>24 ni\u00f1as, ni\u00f1os y adolescentes concluyeron satisfactoriamente sus estudios de nivel primaria y secundaria bajo el modelo semiescolarizado Puebla, Pue. \u2013 Con gran orgullo el DIF Puebla Capital realiz\u00f3 la ceremonia de graduaci\u00f3n de la 1\u00aa Generaci\u00f3n Imparable del Centro de D\u00eda, un evento dedicado a celebrar el esfuerzo, la perseverancia y dedicaci\u00f3n de las y los alumnos que, pese a los desaf\u00edos de la vida cotidiana, lograron alcanzar una importante meta acad\u00e9mica. Durante el evento, se realiz\u00f3 la entrega de 24 certificados y reconocimientos de estudios a quienes concluyeron exitosamente su primaria y secundaria. En representaci\u00f3n de la presidenta del Patronato, MariElise Budib, la directora jur\u00eddica del Sistema Municipal para el Desarrollo Integral de la Familia (SMDIF), Irma M\u00e9ndez reconoci\u00f3 la constancia y el&hellip;<\/p>\n<p class=\"excerpt-more\"><a class=\"blog-excerpt button\" href=\"https:\/\/www.aliadospuebla.com\/?p=109473\">Leer m\u00e1s&#8230;<\/a><\/p>\n","protected":false},"author":2,"featured_media":109474,"comment_status":"open","ping_status":"open","sticky":false,"template":"","format":"standard","meta":{"_monsterinsights_skip_tracking":false,"footnotes":""},"categories":[62],"tags":[27868,18022,27831,6736,24949,1797],"class_list":["post-109473","post","type-post","status-publish","format-standard","has-post-thumbnail","hentry","category-capital","tag-andres-morales-zayas","tag-centro-de-dia","tag-dif-puebla-capital","tag-ieea","tag-marielise-budib","tag-smdif"],"yoast_head":"<!-- This site is optimized with the Yoast SEO plugin v28.4 - https:\/\/yoast.com\/product\/yoast-seo-wordpress\/ -->\n<title>DIF Puebla Capital e IEEA grad\u00faan a la 1\u00aa Generaci\u00f3n Imparable del Centro de D\u00eda - AliadosPuebla<\/title>\n<meta name=\"robots\" content=\"index, follow, max-snippet:-1, max-image-preview:large, max-video-preview:-1\" \/>\n<link rel=\"canonical\" href=\"https:\/\/www.aliadospuebla.com\/?p=109473\" \/>\n<meta property=\"og:locale\" content=\"es_ES\" \/>\n<meta property=\"og:type\" content=\"article\" \/>\n<meta property=\"og:title\" content=\"DIF Puebla Capital e IEEA grad\u00faan a la 1\u00aa Generaci\u00f3n Imparable del Centro de D\u00eda - AliadosPuebla\" \/>\n<meta property=\"og:description\" content=\"24 ni\u00f1as, ni\u00f1os y adolescentes concluyeron satisfactoriamente sus estudios de nivel primaria y secundaria bajo el modelo semiescolarizado Puebla, Pue. \u2013 Con gran orgullo el DIF Puebla Capital realiz\u00f3 la ceremonia de graduaci\u00f3n de la 1\u00aa Generaci\u00f3n Imparable del Centro de D\u00eda, un evento dedicado a celebrar el esfuerzo, la perseverancia y dedicaci\u00f3n de las y los alumnos que, pese a los desaf\u00edos de la vida cotidiana, lograron alcanzar una importante meta acad\u00e9mica. Durante el evento, se realiz\u00f3 la entrega de 24 certificados y reconocimientos de estudios a quienes concluyeron exitosamente su primaria y secundaria. En representaci\u00f3n de la presidenta del Patronato, MariElise Budib, la directora jur\u00eddica del Sistema Municipal para el Desarrollo Integral de la Familia (SMDIF), Irma M\u00e9ndez reconoci\u00f3 la constancia y el&hellip;Leer m\u00e1s...\" \/>\n<meta property=\"og:url\" content=\"https:\/\/www.aliadospuebla.com\/?p=109473\" \/>\n<meta property=\"og:site_name\" content=\"AliadosPuebla\" \/>\n<meta property=\"article:author\" content=\"https:\/\/www.facebook.com\/Aliados17Pue\" \/>\n<meta property=\"article:published_time\" content=\"2025-10-30T03:36:16+00:00\" \/>\n<meta property=\"og:image\" content=\"https:\/\/www.aliadospuebla.com\/web2017\/wp-content\/uploads\/2025\/10\/373.jpg\" \/>\n\t<meta property=\"og:image:width\" content=\"600\" \/>\n\t<meta property=\"og:image:height\" content=\"450\" \/>\n\t<meta property=\"og:image:type\" content=\"image\/jpeg\" \/>\n<meta name=\"author\" content=\"Aliados17\" \/>\n<meta name=\"twitter:card\" content=\"summary_large_image\" \/>\n<meta name=\"twitter:creator\" content=\"@AliadosPuebla\" \/>\n<meta name=\"twitter:label1\" content=\"Escrito por\" \/>\n\t<meta name=\"twitter:data1\" content=\"Aliados17\" \/>\n\t<meta name=\"twitter:label2\" content=\"Tiempo de lectura\" \/>\n\t<meta name=\"twitter:data2\" content=\"3 minutos\" \/>\n<script type=\"application\/ld+json\" class=\"yoast-schema-graph\">{\"@context\":\"https:\\\/\\\/schema.org\",\"@graph\":[{\"@type\":\"Article\",\"@id\":\"https:\\\/\\\/www.aliadospuebla.com\\\/?p=109473#article\",\"isPartOf\":{\"@id\":\"https:\\\/\\\/www.aliadospuebla.com\\\/?p=109473\"},\"author\":{\"name\":\"Aliados17\",\"@id\":\"https:\\\/\\\/www.aliadospuebla.com\\\/#\\\/schema\\\/person\\\/5da7dd09320bd4f392b710017ed5f8ad\"},\"headline\":\"DIF Puebla Capital e IEEA grad\u00faan a la 1\u00aa Generaci\u00f3n Imparable del Centro de D\u00eda\",\"datePublished\":\"2025-10-30T03:36:16+00:00\",\"mainEntityOfPage\":{\"@id\":\"https:\\\/\\\/www.aliadospuebla.com\\\/?p=109473\"},\"wordCount\":506,\"commentCount\":0,\"image\":{\"@id\":\"https:\\\/\\\/www.aliadospuebla.com\\\/?p=109473#primaryimage\"},\"thumbnailUrl\":\"https:\\\/\\\/www.aliadospuebla.com\\\/web2017\\\/wp-content\\\/uploads\\\/2025\\\/10\\\/373.jpg\",\"keywords\":[\"Andr\u00e9s Morales Zayas\",\"Centro de d\u00eda\",\"DIF Puebla Capital\",\"IEEA\",\"MARIELISE BUDIB\",\"SMDIF\"],\"articleSection\":[\"Capital\"],\"inLanguage\":\"es\",\"potentialAction\":[{\"@type\":\"CommentAction\",\"name\":\"Comment\",\"target\":[\"https:\\\/\\\/www.aliadospuebla.com\\\/?p=109473#respond\"]}]},{\"@type\":\"WebPage\",\"@id\":\"https:\\\/\\\/www.aliadospuebla.com\\\/?p=109473\",\"url\":\"https:\\\/\\\/www.aliadospuebla.com\\\/?p=109473\",\"name\":\"DIF Puebla Capital e IEEA grad\u00faan a la 1\u00aa Generaci\u00f3n Imparable del Centro de D\u00eda - AliadosPuebla\",\"isPartOf\":{\"@id\":\"https:\\\/\\\/www.aliadospuebla.com\\\/#website\"},\"primaryImageOfPage\":{\"@id\":\"https:\\\/\\\/www.aliadospuebla.com\\\/?p=109473#primaryimage\"},\"image\":{\"@id\":\"https:\\\/\\\/www.aliadospuebla.com\\\/?p=109473#primaryimage\"},\"thumbnailUrl\":\"https:\\\/\\\/www.aliadospuebla.com\\\/web2017\\\/wp-content\\\/uploads\\\/2025\\\/10\\\/373.jpg\",\"datePublished\":\"2025-10-30T03:36:16+00:00\",\"author\":{\"@id\":\"https:\\\/\\\/www.aliadospuebla.com\\\/#\\\/schema\\\/person\\\/5da7dd09320bd4f392b710017ed5f8ad\"},\"breadcrumb\":{\"@id\":\"https:\\\/\\\/www.aliadospuebla.com\\\/?p=109473#breadcrumb\"},\"inLanguage\":\"es\",\"potentialAction\":[{\"@type\":\"ReadAction\",\"target\":[\"https:\\\/\\\/www.aliadospuebla.com\\\/?p=109473\"]}]},{\"@type\":\"ImageObject\",\"inLanguage\":\"es\",\"@id\":\"https:\\\/\\\/www.aliadospuebla.com\\\/?p=109473#primaryimage\",\"url\":\"https:\\\/\\\/www.aliadospuebla.com\\\/web2017\\\/wp-content\\\/uploads\\\/2025\\\/10\\\/373.jpg\",\"contentUrl\":\"https:\\\/\\\/www.aliadospuebla.com\\\/web2017\\\/wp-content\\\/uploads\\\/2025\\\/10\\\/373.jpg\",\"width\":600,\"height\":450},{\"@type\":\"BreadcrumbList\",\"@id\":\"https:\\\/\\\/www.aliadospuebla.com\\\/?p=109473#breadcrumb\",\"itemListElement\":[{\"@type\":\"ListItem\",\"position\":1,\"name\":\"Portada\",\"item\":\"https:\\\/\\\/www.aliadospuebla.com\\\/\"},{\"@type\":\"ListItem\",\"position\":2,\"name\":\"DIF Puebla Capital e IEEA grad\u00faan a la 1\u00aa Generaci\u00f3n Imparable del Centro de D\u00eda\"}]},{\"@type\":\"WebSite\",\"@id\":\"https:\\\/\\\/www.aliadospuebla.com\\\/#website\",\"url\":\"https:\\\/\\\/www.aliadospuebla.com\\\/\",\"name\":\"AliadosPuebla\",\"description\":\"La informaci\u00f3n en tus manos\",\"potentialAction\":[{\"@type\":\"SearchAction\",\"target\":{\"@type\":\"EntryPoint\",\"urlTemplate\":\"https:\\\/\\\/www.aliadospuebla.com\\\/?s={search_term_string}\"},\"query-input\":{\"@type\":\"PropertyValueSpecification\",\"valueRequired\":true,\"valueName\":\"search_term_string\"}}],\"inLanguage\":\"es\"},{\"@type\":\"Person\",\"@id\":\"https:\\\/\\\/www.aliadospuebla.com\\\/#\\\/schema\\\/person\\\/5da7dd09320bd4f392b710017ed5f8ad\",\"name\":\"Aliados17\",\"image\":{\"@type\":\"ImageObject\",\"inLanguage\":\"es\",\"@id\":\"https:\\\/\\\/www.aliadospuebla.com\\\/web2017\\\/wp-content\\\/uploads\\\/2025\\\/03\\\/cropped-para-perfil-8-anos-1-96x96.jpg\",\"url\":\"https:\\\/\\\/www.aliadospuebla.com\\\/web2017\\\/wp-content\\\/uploads\\\/2025\\\/03\\\/cropped-para-perfil-8-anos-1-96x96.jpg\",\"contentUrl\":\"https:\\\/\\\/www.aliadospuebla.com\\\/web2017\\\/wp-content\\\/uploads\\\/2025\\\/03\\\/cropped-para-perfil-8-anos-1-96x96.jpg\",\"caption\":\"Aliados17\"},\"sameAs\":[\"https:\\\/\\\/www.aliados17.com\",\"https:\\\/\\\/www.facebook.com\\\/Aliados17Pue\",\"https:\\\/\\\/x.com\\\/AliadosPuebla\"],\"url\":\"https:\\\/\\\/www.aliadospuebla.com\\\/?author=2\"}]}<\/script>\n<!-- \/ Yoast SEO plugin. -->","yoast_head_json":{"title":"DIF Puebla Capital e IEEA grad\u00faan a la 1\u00aa Generaci\u00f3n Imparable del Centro de D\u00eda - AliadosPuebla","robots":{"index":"index","follow":"follow","max-snippet":"max-snippet:-1","max-image-preview":"max-image-preview:large","max-video-preview":"max-video-preview:-1"},"canonical":"https:\/\/www.aliadospuebla.com\/?p=109473","og_locale":"es_ES","og_type":"article","og_title":"DIF Puebla Capital e IEEA grad\u00faan a la 1\u00aa Generaci\u00f3n Imparable del Centro de D\u00eda - AliadosPuebla","og_description":"24 ni\u00f1as, ni\u00f1os y adolescentes concluyeron satisfactoriamente sus estudios de nivel primaria y secundaria bajo el modelo semiescolarizado Puebla, Pue. \u2013 Con gran orgullo el DIF Puebla Capital realiz\u00f3 la ceremonia de graduaci\u00f3n de la 1\u00aa Generaci\u00f3n Imparable del Centro de D\u00eda, un evento dedicado a celebrar el esfuerzo, la perseverancia y dedicaci\u00f3n de las y los alumnos que, pese a los desaf\u00edos de la vida cotidiana, lograron alcanzar una importante meta acad\u00e9mica. Durante el evento, se realiz\u00f3 la entrega de 24 certificados y reconocimientos de estudios a quienes concluyeron exitosamente su primaria y secundaria. En representaci\u00f3n de la presidenta del Patronato, MariElise Budib, la directora jur\u00eddica del Sistema Municipal para el Desarrollo Integral de la Familia (SMDIF), Irma M\u00e9ndez reconoci\u00f3 la constancia y el&hellip;Leer m\u00e1s...","og_url":"https:\/\/www.aliadospuebla.com\/?p=109473","og_site_name":"AliadosPuebla","article_author":"https:\/\/www.facebook.com\/Aliados17Pue","article_published_time":"2025-10-30T03:36:16+00:00","og_image":[{"width":600,"height":450,"url":"https:\/\/www.aliadospuebla.com\/web2017\/wp-content\/uploads\/2025\/10\/373.jpg","type":"image\/jpeg"}],"author":"Aliados17","twitter_card":"summary_large_image","twitter_creator":"@AliadosPuebla","twitter_misc":{"Escrito por":"Aliados17","Tiempo de lectura":"3 minutos"},"schema":{"@context":"https:\/\/schema.org","@graph":[{"@type":"Article","@id":"https:\/\/www.aliadospuebla.com\/?p=109473#article","isPartOf":{"@id":"https:\/\/www.aliadospuebla.com\/?p=109473"},"author":{"name":"Aliados17","@id":"https:\/\/www.aliadospuebla.com\/#\/schema\/person\/5da7dd09320bd4f392b710017ed5f8ad"},"headline":"DIF Puebla Capital e IEEA grad\u00faan a la 1\u00aa Generaci\u00f3n Imparable del Centro de D\u00eda","datePublished":"2025-10-30T03:36:16+00:00","mainEntityOfPage":{"@id":"https:\/\/www.aliadospuebla.com\/?p=109473"},"wordCount":506,"commentCount":0,"image":{"@id":"https:\/\/www.aliadospuebla.com\/?p=109473#primaryimage"},"thumbnailUrl":"https:\/\/www.aliadospuebla.com\/web2017\/wp-content\/uploads\/2025\/10\/373.jpg","keywords":["Andr\u00e9s Morales Zayas","Centro de d\u00eda","DIF Puebla Capital","IEEA","MARIELISE BUDIB","SMDIF"],"articleSection":["Capital"],"inLanguage":"es","potentialAction":[{"@type":"CommentAction","name":"Comment","target":["https:\/\/www.aliadospuebla.com\/?p=109473#respond"]}]},{"@type":"WebPage","@id":"https:\/\/www.aliadospuebla.com\/?p=109473","url":"https:\/\/www.aliadospuebla.com\/?p=109473","name":"DIF Puebla Capital e IEEA grad\u00faan a la 1\u00aa Generaci\u00f3n Imparable del Centro de D\u00eda - AliadosPuebla","isPartOf":{"@id":"https:\/\/www.aliadospuebla.com\/#website"},"primaryImageOfPage":{"@id":"https:\/\/www.aliadospuebla.com\/?p=109473#primaryimage"},"image":{"@id":"https:\/\/www.aliadospuebla.com\/?p=109473#primaryimage"},"thumbnailUrl":"https:\/\/www.aliadospuebla.com\/web2017\/wp-content\/uploads\/2025\/10\/373.jpg","datePublished":"2025-10-30T03:36:16+00:00","author":{"@id":"https:\/\/www.aliadospuebla.com\/#\/schema\/person\/5da7dd09320bd4f392b710017ed5f8ad"},"breadcrumb":{"@id":"https:\/\/www.aliadospuebla.com\/?p=109473#breadcrumb"},"inLanguage":"es","potentialAction":[{"@type":"ReadAction","target":["https:\/\/www.aliadospuebla.com\/?p=109473"]}]},{"@type":"ImageObject","inLanguage":"es","@id":"https:\/\/www.aliadospuebla.com\/?p=109473#primaryimage","url":"https:\/\/www.aliadospuebla.com\/web2017\/wp-content\/uploads\/2025\/10\/373.jpg","contentUrl":"https:\/\/www.aliadospuebla.com\/web2017\/wp-content\/uploads\/2025\/10\/373.jpg","width":600,"height":450},{"@type":"BreadcrumbList","@id":"https:\/\/www.aliadospuebla.com\/?p=109473#breadcrumb","itemListElement":[{"@type":"ListItem","position":1,"name":"Portada","item":"https:\/\/www.aliadospuebla.com\/"},{"@type":"ListItem","position":2,"name":"DIF Puebla Capital e IEEA grad\u00faan a la 1\u00aa Generaci\u00f3n Imparable del Centro de D\u00eda"}]},{"@type":"WebSite","@id":"https:\/\/www.aliadospuebla.com\/#website","url":"https:\/\/www.aliadospuebla.com\/","name":"AliadosPuebla","description":"La informaci\u00f3n en tus manos","potentialAction":[{"@type":"SearchAction","target":{"@type":"EntryPoint","urlTemplate":"https:\/\/www.aliadospuebla.com\/?s={search_term_string}"},"query-input":{"@type":"PropertyValueSpecification","valueRequired":true,"valueName":"search_term_string"}}],"inLanguage":"es"},{"@type":"Person","@id":"https:\/\/www.aliadospuebla.com\/#\/schema\/person\/5da7dd09320bd4f392b710017ed5f8ad","name":"Aliados17","image":{"@type":"ImageObject","inLanguage":"es","@id":"https:\/\/www.aliadospuebla.com\/web2017\/wp-content\/uploads\/2025\/03\/cropped-para-perfil-8-anos-1-96x96.jpg","url":"https:\/\/www.aliadospuebla.com\/web2017\/wp-content\/uploads\/2025\/03\/cropped-para-perfil-8-anos-1-96x96.jpg","contentUrl":"https:\/\/www.aliadospuebla.com\/web2017\/wp-content\/uploads\/2025\/03\/cropped-para-perfil-8-anos-1-96x96.jpg","caption":"Aliados17"},"sameAs":["https:\/\/www.aliados17.com","https:\/\/www.facebook.com\/Aliados17Pue","https:\/\/x.com\/AliadosPuebla"],"url":"https:\/\/www.aliadospuebla.com\/?author=2"}]}},"views":20,"_links":{"self":[{"href":"https:\/\/www.aliadospuebla.com\/index.php?rest_route=\/wp\/v2\/posts\/109473","targetHints":{"allow":["GET"]}}],"collection":[{"href":"https:\/\/www.aliadospuebla.com\/index.php?rest_route=\/wp\/v2\/posts"}],"about":[{"href":"https:\/\/www.aliadospuebla.com\/index.php?rest_route=\/wp\/v2\/types\/post"}],"author":[{"embeddable":true,"href":"https:\/\/www.aliadospuebla.com\/index.php?rest_route=\/wp\/v2\/users\/2"}],"replies":[{"embeddable":true,"href":"https:\/\/www.aliadospuebla.com\/index.php?rest_route=%2Fwp%2Fv2%2Fcomments&post=109473"}],"version-history":[{"count":1,"href":"https:\/\/www.aliadospuebla.com\/index.php?rest_route=\/wp\/v2\/posts\/109473\/revisions"}],"predecessor-version":[{"id":109475,"href":"https:\/\/www.aliadospuebla.com\/index.php?rest_route=\/wp\/v2\/posts\/109473\/revisions\/109475"}],"wp:featuredmedia":[{"embeddable":true,"href":"https:\/\/www.aliadospuebla.com\/index.php?rest_route=\/wp\/v2\/media\/109474"}],"wp:attachment":[{"href":"https:\/\/www.aliadospuebla.com\/index.php?rest_route=%2Fwp%2Fv2%2Fmedia&parent=109473"}],"wp:term":[{"taxonomy":"category","embeddable":true,"href":"https:\/\/www.aliadospuebla.com\/index.php?rest_route=%2Fwp%2Fv2%2Fcategories&post=109473"},{"taxonomy":"post_tag","embeddable":true,"href":"https:\/\/www.aliadospuebla.com\/index.php?rest_route=%2Fwp%2Fv2%2Ftags&post=109473"}],"curies":[{"name":"wp","href":"https:\/\/api.w.org\/{rel}","templated":true}]}}