{"id":109410,"date":"2025-10-27T06:49:57","date_gmt":"2025-10-27T12:49:57","guid":{"rendered":"https:\/\/www.aliadospuebla.com\/?p=109410"},"modified":"2025-10-27T06:49:57","modified_gmt":"2025-10-27T12:49:57","slug":"gobierno-de-puebla-refuerza-labores-de-busqueda-de-desaparecidos-en-sierra-norte","status":"publish","type":"post","link":"https:\/\/www.aliadospuebla.com\/?p=109410","title":{"rendered":"Gobierno de Puebla refuerza labores de b\u00fasqueda de desaparecidos en Sierra Norte"},"content":{"rendered":"<h4>Se han realizado prospecciones terrestres, vehiculares y a\u00e9reas con el uso de drones equipados con c\u00e1maras t\u00e9rmicas y multiespectrales, as\u00ed como georadar.<\/h4>\n<p>-Se duplican esfuerzos para la localizaci\u00f3n del menor de 6 a\u00f1os y un adulto de 75 a\u00f1os.<\/p>\n<p>HUAUCHINANGO, Pue.- Personal de la Comisi\u00f3n de B\u00fasqueda de Personas de Puebla,<\/p>\n<p>de Protecci\u00f3n Civil, Bomberos, Seguridad P\u00fablica Estatal y Guardia Nacional,<\/p>\n<p>mantienen operativo coordinado para la localizaci\u00f3n del adulto y el menor desaparecidos<\/p>\n<p>en la Sierra Norte del estado a causa de la contingencia por las lluvias pasadas.<\/p>\n<p>Las labores se mantienen activas, permanentes, sin interrupci\u00f3n y por indicaci\u00f3n<\/p>\n<p>del gobernador del estado, Alejandro Armenta, en coordinaci\u00f3n con brigadas especializadas<\/p>\n<p>de los tres \u00f3rdenes de gobierno, as\u00ed como familiares de los reportados.<\/p>\n<p>En el caso del menor Liam Tadeo Gonz\u00e1lez Lechuga, de 6 a\u00f1os, originario de Huauchinango,<\/p>\n<p>las acciones de b\u00fasqueda han sido constantes desde el momento de su desaparici\u00f3n, se han realizado prospecciones terrestres, vehiculares y a\u00e9reas con el uso de drones equipados con c\u00e1maras t\u00e9rmicas y multiespectrales, as\u00ed como georadar; limpieza y despalme de terreno con maquinaria especializada (mini retroexcavadora); b\u00fasquedas acu\u00e1ticas en la presa de Tenango de las Flores, mediante embarcaciones; y revisiones en puntos de inter\u00e9s en el cauce del r\u00edo Cuacuila, as\u00ed como en la zona de Piedras Pintadas.<br \/>\nCon la coordinaci\u00f3n permanente con la Secretar\u00eda de la Defensa Nacional (DEFENSA), Secretar\u00eda de Marina (SEMAR), Protecci\u00f3n Civil del Estado, Bomberos, Comisi\u00f3n de B\u00fasqueda de Personas, adem\u00e1s de la delegaci\u00f3n de la Secretar\u00eda de Gobernaci\u00f3n de la Regi\u00f3n Huauchinango, se han llevado a cabo las labores de b\u00fasqueda, como el recorrido de 2.5 km con caminata r\u00edo abajo, el retiro de tierra, ramas de \u00e1rboles y piedras, as\u00ed mismo, se realizaron inmersiones en el r\u00edo que cruza la colonia para buscar en pozas, sin tener resultados positivos hasta el momento.<br \/>\nDe la misma forma, se mantiene activa la ficha de b\u00fasqueda de Pedro Segura Mu\u00f1oz, de 75 a\u00f1os de edad.<\/p>\n<p>El Gobierno del Estado reafirma el compromiso de continuar las acciones hasta encontrar a las personas desaparecidas y de trabajar con convicci\u00f3n, sensibilidad y profesionalismo, para brindar respuestas y esperanza a las familias que esperan reencontrarse con sus seres queridos.<\/p>\n","protected":false},"excerpt":{"rendered":"<p>Se han realizado prospecciones terrestres, vehiculares y a\u00e9reas con el uso de drones equipados con c\u00e1maras t\u00e9rmicas y multiespectrales, as\u00ed como georadar. -Se duplican esfuerzos para la localizaci\u00f3n del menor de 6 a\u00f1os y un adulto de 75 a\u00f1os. HUAUCHINANGO, Pue.- Personal de la Comisi\u00f3n de B\u00fasqueda de Personas de Puebla, de Protecci\u00f3n Civil, Bomberos, Seguridad P\u00fablica Estatal y Guardia Nacional, mantienen operativo coordinado para la localizaci\u00f3n del adulto y el menor desaparecidos en la Sierra Norte del estado a causa de la contingencia por las lluvias pasadas. Las labores se mantienen activas, permanentes, sin interrupci\u00f3n y por indicaci\u00f3n del gobernador del estado, Alejandro Armenta, en coordinaci\u00f3n con brigadas especializadas de los tres \u00f3rdenes de gobierno, as\u00ed como familiares de los reportados. En el caso&hellip;<\/p>\n<p class=\"excerpt-more\"><a class=\"blog-excerpt button\" href=\"https:\/\/www.aliadospuebla.com\/?p=109410\">Leer m\u00e1s&#8230;<\/a><\/p>\n","protected":false},"author":2,"featured_media":109411,"comment_status":"open","ping_status":"open","sticky":false,"template":"","format":"standard","meta":{"_monsterinsights_skip_tracking":false,"footnotes":""},"categories":[61],"tags":[31361,4780,31360,31362,1217],"class_list":["post-109410","post","type-post","status-publish","format-standard","has-post-thumbnail","hentry","category-gobierno","tag-acciones-de-busqueda","tag-alejandro-armenta","tag-busqueda-de-desaparecidos","tag-coordinacion-permanente","tag-sierra-norte"],"yoast_head":"<!-- This site is optimized with the Yoast SEO plugin v28.4 - https:\/\/yoast.com\/product\/yoast-seo-wordpress\/ -->\n<title>Gobierno de Puebla refuerza labores de b\u00fasqueda de desaparecidos en Sierra Norte - AliadosPuebla<\/title>\n<meta name=\"robots\" content=\"index, follow, max-snippet:-1, max-image-preview:large, max-video-preview:-1\" \/>\n<link rel=\"canonical\" href=\"https:\/\/www.aliadospuebla.com\/?p=109410\" \/>\n<meta property=\"og:locale\" content=\"es_ES\" \/>\n<meta property=\"og:type\" content=\"article\" \/>\n<meta property=\"og:title\" content=\"Gobierno de Puebla refuerza labores de b\u00fasqueda de desaparecidos en Sierra Norte - AliadosPuebla\" \/>\n<meta property=\"og:description\" content=\"Se han realizado prospecciones terrestres, vehiculares y a\u00e9reas con el uso de drones equipados con c\u00e1maras t\u00e9rmicas y multiespectrales, as\u00ed como georadar. -Se duplican esfuerzos para la localizaci\u00f3n del menor de 6 a\u00f1os y un adulto de 75 a\u00f1os. HUAUCHINANGO, Pue.- Personal de la Comisi\u00f3n de B\u00fasqueda de Personas de Puebla, de Protecci\u00f3n Civil, Bomberos, Seguridad P\u00fablica Estatal y Guardia Nacional, mantienen operativo coordinado para la localizaci\u00f3n del adulto y el menor desaparecidos en la Sierra Norte del estado a causa de la contingencia por las lluvias pasadas. Las labores se mantienen activas, permanentes, sin interrupci\u00f3n y por indicaci\u00f3n del gobernador del estado, Alejandro Armenta, en coordinaci\u00f3n con brigadas especializadas de los tres \u00f3rdenes de gobierno, as\u00ed como familiares de los reportados. En el caso&hellip;Leer m\u00e1s...\" \/>\n<meta property=\"og:url\" content=\"https:\/\/www.aliadospuebla.com\/?p=109410\" \/>\n<meta property=\"og:site_name\" content=\"AliadosPuebla\" \/>\n<meta property=\"article:author\" content=\"https:\/\/www.facebook.com\/Aliados17Pue\" \/>\n<meta property=\"article:published_time\" content=\"2025-10-27T12:49:57+00:00\" \/>\n<meta property=\"og:image\" content=\"https:\/\/www.aliadospuebla.com\/web2017\/wp-content\/uploads\/2025\/10\/354.jpg\" \/>\n\t<meta property=\"og:image:width\" content=\"600\" \/>\n\t<meta property=\"og:image:height\" content=\"450\" \/>\n\t<meta property=\"og:image:type\" content=\"image\/jpeg\" \/>\n<meta name=\"author\" content=\"Aliados17\" \/>\n<meta name=\"twitter:card\" content=\"summary_large_image\" \/>\n<meta name=\"twitter:creator\" content=\"@AliadosPuebla\" \/>\n<meta name=\"twitter:label1\" content=\"Escrito por\" \/>\n\t<meta name=\"twitter:data1\" content=\"Aliados17\" \/>\n\t<meta name=\"twitter:label2\" content=\"Tiempo de lectura\" \/>\n\t<meta name=\"twitter:data2\" content=\"2 minutos\" \/>\n<script type=\"application\/ld+json\" class=\"yoast-schema-graph\">{\"@context\":\"https:\\\/\\\/schema.org\",\"@graph\":[{\"@type\":\"Article\",\"@id\":\"https:\\\/\\\/www.aliadospuebla.com\\\/?p=109410#article\",\"isPartOf\":{\"@id\":\"https:\\\/\\\/www.aliadospuebla.com\\\/?p=109410\"},\"author\":{\"name\":\"Aliados17\",\"@id\":\"https:\\\/\\\/www.aliadospuebla.com\\\/#\\\/schema\\\/person\\\/5da7dd09320bd4f392b710017ed5f8ad\"},\"headline\":\"Gobierno de Puebla refuerza labores de b\u00fasqueda de desaparecidos en Sierra Norte\",\"datePublished\":\"2025-10-27T12:49:57+00:00\",\"mainEntityOfPage\":{\"@id\":\"https:\\\/\\\/www.aliadospuebla.com\\\/?p=109410\"},\"wordCount\":416,\"commentCount\":0,\"image\":{\"@id\":\"https:\\\/\\\/www.aliadospuebla.com\\\/?p=109410#primaryimage\"},\"thumbnailUrl\":\"https:\\\/\\\/www.aliadospuebla.com\\\/web2017\\\/wp-content\\\/uploads\\\/2025\\\/10\\\/354.jpg\",\"keywords\":[\"acciones de b\u00fasqueda\",\"ALEJANDRO ARMENTA\",\"b\u00fasqueda de desaparecidos\",\"coordinaci\u00f3n permanente\",\"SIERRA NORTE\"],\"articleSection\":[\"Gobierno\"],\"inLanguage\":\"es\",\"potentialAction\":[{\"@type\":\"CommentAction\",\"name\":\"Comment\",\"target\":[\"https:\\\/\\\/www.aliadospuebla.com\\\/?p=109410#respond\"]}]},{\"@type\":\"WebPage\",\"@id\":\"https:\\\/\\\/www.aliadospuebla.com\\\/?p=109410\",\"url\":\"https:\\\/\\\/www.aliadospuebla.com\\\/?p=109410\",\"name\":\"Gobierno de Puebla refuerza labores de b\u00fasqueda de desaparecidos en Sierra Norte - AliadosPuebla\",\"isPartOf\":{\"@id\":\"https:\\\/\\\/www.aliadospuebla.com\\\/#website\"},\"primaryImageOfPage\":{\"@id\":\"https:\\\/\\\/www.aliadospuebla.com\\\/?p=109410#primaryimage\"},\"image\":{\"@id\":\"https:\\\/\\\/www.aliadospuebla.com\\\/?p=109410#primaryimage\"},\"thumbnailUrl\":\"https:\\\/\\\/www.aliadospuebla.com\\\/web2017\\\/wp-content\\\/uploads\\\/2025\\\/10\\\/354.jpg\",\"datePublished\":\"2025-10-27T12:49:57+00:00\",\"author\":{\"@id\":\"https:\\\/\\\/www.aliadospuebla.com\\\/#\\\/schema\\\/person\\\/5da7dd09320bd4f392b710017ed5f8ad\"},\"breadcrumb\":{\"@id\":\"https:\\\/\\\/www.aliadospuebla.com\\\/?p=109410#breadcrumb\"},\"inLanguage\":\"es\",\"potentialAction\":[{\"@type\":\"ReadAction\",\"target\":[\"https:\\\/\\\/www.aliadospuebla.com\\\/?p=109410\"]}]},{\"@type\":\"ImageObject\",\"inLanguage\":\"es\",\"@id\":\"https:\\\/\\\/www.aliadospuebla.com\\\/?p=109410#primaryimage\",\"url\":\"https:\\\/\\\/www.aliadospuebla.com\\\/web2017\\\/wp-content\\\/uploads\\\/2025\\\/10\\\/354.jpg\",\"contentUrl\":\"https:\\\/\\\/www.aliadospuebla.com\\\/web2017\\\/wp-content\\\/uploads\\\/2025\\\/10\\\/354.jpg\",\"width\":600,\"height\":450},{\"@type\":\"BreadcrumbList\",\"@id\":\"https:\\\/\\\/www.aliadospuebla.com\\\/?p=109410#breadcrumb\",\"itemListElement\":[{\"@type\":\"ListItem\",\"position\":1,\"name\":\"Portada\",\"item\":\"https:\\\/\\\/www.aliadospuebla.com\\\/\"},{\"@type\":\"ListItem\",\"position\":2,\"name\":\"Gobierno de Puebla refuerza labores de b\u00fasqueda de desaparecidos en Sierra Norte\"}]},{\"@type\":\"WebSite\",\"@id\":\"https:\\\/\\\/www.aliadospuebla.com\\\/#website\",\"url\":\"https:\\\/\\\/www.aliadospuebla.com\\\/\",\"name\":\"AliadosPuebla\",\"description\":\"La informaci\u00f3n en tus manos\",\"potentialAction\":[{\"@type\":\"SearchAction\",\"target\":{\"@type\":\"EntryPoint\",\"urlTemplate\":\"https:\\\/\\\/www.aliadospuebla.com\\\/?s={search_term_string}\"},\"query-input\":{\"@type\":\"PropertyValueSpecification\",\"valueRequired\":true,\"valueName\":\"search_term_string\"}}],\"inLanguage\":\"es\"},{\"@type\":\"Person\",\"@id\":\"https:\\\/\\\/www.aliadospuebla.com\\\/#\\\/schema\\\/person\\\/5da7dd09320bd4f392b710017ed5f8ad\",\"name\":\"Aliados17\",\"image\":{\"@type\":\"ImageObject\",\"inLanguage\":\"es\",\"@id\":\"https:\\\/\\\/www.aliadospuebla.com\\\/web2017\\\/wp-content\\\/uploads\\\/2025\\\/03\\\/cropped-para-perfil-8-anos-1-96x96.jpg\",\"url\":\"https:\\\/\\\/www.aliadospuebla.com\\\/web2017\\\/wp-content\\\/uploads\\\/2025\\\/03\\\/cropped-para-perfil-8-anos-1-96x96.jpg\",\"contentUrl\":\"https:\\\/\\\/www.aliadospuebla.com\\\/web2017\\\/wp-content\\\/uploads\\\/2025\\\/03\\\/cropped-para-perfil-8-anos-1-96x96.jpg\",\"caption\":\"Aliados17\"},\"sameAs\":[\"https:\\\/\\\/www.aliados17.com\",\"https:\\\/\\\/www.facebook.com\\\/Aliados17Pue\",\"https:\\\/\\\/x.com\\\/AliadosPuebla\"],\"url\":\"https:\\\/\\\/www.aliadospuebla.com\\\/?author=2\"}]}<\/script>\n<!-- \/ Yoast SEO plugin. -->","yoast_head_json":{"title":"Gobierno de Puebla refuerza labores de b\u00fasqueda de desaparecidos en Sierra Norte - AliadosPuebla","robots":{"index":"index","follow":"follow","max-snippet":"max-snippet:-1","max-image-preview":"max-image-preview:large","max-video-preview":"max-video-preview:-1"},"canonical":"https:\/\/www.aliadospuebla.com\/?p=109410","og_locale":"es_ES","og_type":"article","og_title":"Gobierno de Puebla refuerza labores de b\u00fasqueda de desaparecidos en Sierra Norte - AliadosPuebla","og_description":"Se han realizado prospecciones terrestres, vehiculares y a\u00e9reas con el uso de drones equipados con c\u00e1maras t\u00e9rmicas y multiespectrales, as\u00ed como georadar. -Se duplican esfuerzos para la localizaci\u00f3n del menor de 6 a\u00f1os y un adulto de 75 a\u00f1os. HUAUCHINANGO, Pue.- Personal de la Comisi\u00f3n de B\u00fasqueda de Personas de Puebla, de Protecci\u00f3n Civil, Bomberos, Seguridad P\u00fablica Estatal y Guardia Nacional, mantienen operativo coordinado para la localizaci\u00f3n del adulto y el menor desaparecidos en la Sierra Norte del estado a causa de la contingencia por las lluvias pasadas. Las labores se mantienen activas, permanentes, sin interrupci\u00f3n y por indicaci\u00f3n del gobernador del estado, Alejandro Armenta, en coordinaci\u00f3n con brigadas especializadas de los tres \u00f3rdenes de gobierno, as\u00ed como familiares de los reportados. En el caso&hellip;Leer m\u00e1s...","og_url":"https:\/\/www.aliadospuebla.com\/?p=109410","og_site_name":"AliadosPuebla","article_author":"https:\/\/www.facebook.com\/Aliados17Pue","article_published_time":"2025-10-27T12:49:57+00:00","og_image":[{"width":600,"height":450,"url":"https:\/\/www.aliadospuebla.com\/web2017\/wp-content\/uploads\/2025\/10\/354.jpg","type":"image\/jpeg"}],"author":"Aliados17","twitter_card":"summary_large_image","twitter_creator":"@AliadosPuebla","twitter_misc":{"Escrito por":"Aliados17","Tiempo de lectura":"2 minutos"},"schema":{"@context":"https:\/\/schema.org","@graph":[{"@type":"Article","@id":"https:\/\/www.aliadospuebla.com\/?p=109410#article","isPartOf":{"@id":"https:\/\/www.aliadospuebla.com\/?p=109410"},"author":{"name":"Aliados17","@id":"https:\/\/www.aliadospuebla.com\/#\/schema\/person\/5da7dd09320bd4f392b710017ed5f8ad"},"headline":"Gobierno de Puebla refuerza labores de b\u00fasqueda de desaparecidos en Sierra Norte","datePublished":"2025-10-27T12:49:57+00:00","mainEntityOfPage":{"@id":"https:\/\/www.aliadospuebla.com\/?p=109410"},"wordCount":416,"commentCount":0,"image":{"@id":"https:\/\/www.aliadospuebla.com\/?p=109410#primaryimage"},"thumbnailUrl":"https:\/\/www.aliadospuebla.com\/web2017\/wp-content\/uploads\/2025\/10\/354.jpg","keywords":["acciones de b\u00fasqueda","ALEJANDRO ARMENTA","b\u00fasqueda de desaparecidos","coordinaci\u00f3n permanente","SIERRA NORTE"],"articleSection":["Gobierno"],"inLanguage":"es","potentialAction":[{"@type":"CommentAction","name":"Comment","target":["https:\/\/www.aliadospuebla.com\/?p=109410#respond"]}]},{"@type":"WebPage","@id":"https:\/\/www.aliadospuebla.com\/?p=109410","url":"https:\/\/www.aliadospuebla.com\/?p=109410","name":"Gobierno de Puebla refuerza labores de b\u00fasqueda de desaparecidos en Sierra Norte - AliadosPuebla","isPartOf":{"@id":"https:\/\/www.aliadospuebla.com\/#website"},"primaryImageOfPage":{"@id":"https:\/\/www.aliadospuebla.com\/?p=109410#primaryimage"},"image":{"@id":"https:\/\/www.aliadospuebla.com\/?p=109410#primaryimage"},"thumbnailUrl":"https:\/\/www.aliadospuebla.com\/web2017\/wp-content\/uploads\/2025\/10\/354.jpg","datePublished":"2025-10-27T12:49:57+00:00","author":{"@id":"https:\/\/www.aliadospuebla.com\/#\/schema\/person\/5da7dd09320bd4f392b710017ed5f8ad"},"breadcrumb":{"@id":"https:\/\/www.aliadospuebla.com\/?p=109410#breadcrumb"},"inLanguage":"es","potentialAction":[{"@type":"ReadAction","target":["https:\/\/www.aliadospuebla.com\/?p=109410"]}]},{"@type":"ImageObject","inLanguage":"es","@id":"https:\/\/www.aliadospuebla.com\/?p=109410#primaryimage","url":"https:\/\/www.aliadospuebla.com\/web2017\/wp-content\/uploads\/2025\/10\/354.jpg","contentUrl":"https:\/\/www.aliadospuebla.com\/web2017\/wp-content\/uploads\/2025\/10\/354.jpg","width":600,"height":450},{"@type":"BreadcrumbList","@id":"https:\/\/www.aliadospuebla.com\/?p=109410#breadcrumb","itemListElement":[{"@type":"ListItem","position":1,"name":"Portada","item":"https:\/\/www.aliadospuebla.com\/"},{"@type":"ListItem","position":2,"name":"Gobierno de Puebla refuerza labores de b\u00fasqueda de desaparecidos en Sierra Norte"}]},{"@type":"WebSite","@id":"https:\/\/www.aliadospuebla.com\/#website","url":"https:\/\/www.aliadospuebla.com\/","name":"AliadosPuebla","description":"La informaci\u00f3n en tus manos","potentialAction":[{"@type":"SearchAction","target":{"@type":"EntryPoint","urlTemplate":"https:\/\/www.aliadospuebla.com\/?s={search_term_string}"},"query-input":{"@type":"PropertyValueSpecification","valueRequired":true,"valueName":"search_term_string"}}],"inLanguage":"es"},{"@type":"Person","@id":"https:\/\/www.aliadospuebla.com\/#\/schema\/person\/5da7dd09320bd4f392b710017ed5f8ad","name":"Aliados17","image":{"@type":"ImageObject","inLanguage":"es","@id":"https:\/\/www.aliadospuebla.com\/web2017\/wp-content\/uploads\/2025\/03\/cropped-para-perfil-8-anos-1-96x96.jpg","url":"https:\/\/www.aliadospuebla.com\/web2017\/wp-content\/uploads\/2025\/03\/cropped-para-perfil-8-anos-1-96x96.jpg","contentUrl":"https:\/\/www.aliadospuebla.com\/web2017\/wp-content\/uploads\/2025\/03\/cropped-para-perfil-8-anos-1-96x96.jpg","caption":"Aliados17"},"sameAs":["https:\/\/www.aliados17.com","https:\/\/www.facebook.com\/Aliados17Pue","https:\/\/x.com\/AliadosPuebla"],"url":"https:\/\/www.aliadospuebla.com\/?author=2"}]}},"views":11,"_links":{"self":[{"href":"https:\/\/www.aliadospuebla.com\/index.php?rest_route=\/wp\/v2\/posts\/109410","targetHints":{"allow":["GET"]}}],"collection":[{"href":"https:\/\/www.aliadospuebla.com\/index.php?rest_route=\/wp\/v2\/posts"}],"about":[{"href":"https:\/\/www.aliadospuebla.com\/index.php?rest_route=\/wp\/v2\/types\/post"}],"author":[{"embeddable":true,"href":"https:\/\/www.aliadospuebla.com\/index.php?rest_route=\/wp\/v2\/users\/2"}],"replies":[{"embeddable":true,"href":"https:\/\/www.aliadospuebla.com\/index.php?rest_route=%2Fwp%2Fv2%2Fcomments&post=109410"}],"version-history":[{"count":1,"href":"https:\/\/www.aliadospuebla.com\/index.php?rest_route=\/wp\/v2\/posts\/109410\/revisions"}],"predecessor-version":[{"id":109412,"href":"https:\/\/www.aliadospuebla.com\/index.php?rest_route=\/wp\/v2\/posts\/109410\/revisions\/109412"}],"wp:featuredmedia":[{"embeddable":true,"href":"https:\/\/www.aliadospuebla.com\/index.php?rest_route=\/wp\/v2\/media\/109411"}],"wp:attachment":[{"href":"https:\/\/www.aliadospuebla.com\/index.php?rest_route=%2Fwp%2Fv2%2Fmedia&parent=109410"}],"wp:term":[{"taxonomy":"category","embeddable":true,"href":"https:\/\/www.aliadospuebla.com\/index.php?rest_route=%2Fwp%2Fv2%2Fcategories&post=109410"},{"taxonomy":"post_tag","embeddable":true,"href":"https:\/\/www.aliadospuebla.com\/index.php?rest_route=%2Fwp%2Fv2%2Ftags&post=109410"}],"curies":[{"name":"wp","href":"https:\/\/api.w.org\/{rel}","templated":true}]}}