{"id":109322,"date":"2025-10-23T11:21:48","date_gmt":"2025-10-23T17:21:48","guid":{"rendered":"https:\/\/www.aliadospuebla.com\/?p=109322"},"modified":"2025-10-23T11:21:48","modified_gmt":"2025-10-23T17:21:48","slug":"tono-lopez-destaca-la-importancia-economica-de-la-reforma-a-la-ley-aduanera","status":"publish","type":"post","link":"https:\/\/www.aliadospuebla.com\/?p=109322","title":{"rendered":"To\u00f1o L\u00f3pez destaca la importancia econ\u00f3mica de la reforma a la Ley Aduanera"},"content":{"rendered":"<p>Ciudad de M\u00e9xico.- Durante la discusi\u00f3n en el Pleno de la<br \/>\nC\u00e1mara de Diputados sobre la minuta de la Ley Aduanera,<\/p>\n<p>el diputado To\u00f1o L\u00f3pez, secretario de la Comisi\u00f3n de Hacienda y Cr\u00e9dito P\u00fablico,<\/p>\n<p>subray\u00f3 la relevancia de las aduanas como pilares del comercio exterior<\/p>\n<p>y de la econom\u00eda nacional.<br \/>\nEn su intervenci\u00f3n en tribuna, el legislador poblano record\u00f3 que las aduanas<br \/>\ngeneran m\u00e1s del 30% de los ingresos tributarios federales,<\/p>\n<p>movilizan m\u00e1s de 11 millones de pedimentos al a\u00f1o y son el motor que sostiene<\/p>\n<p>el intercambio comercial que hoy posiciona a M\u00e9xico como una potencia manufacturera y<br \/>\nexportadora.<br \/>\n\u201c\u00bfPor qu\u00e9 no se manifiestan los aduaneros tan agravados? \u00bfPor qu\u00e9 esto lo<br \/>\nquieren hacer pol\u00edtico cuando es econ\u00f3mico?\u201d, expres\u00f3 To\u00f1o L\u00f3pez, al se\u00f1alar<br \/>\nque esta reforma tiene un car\u00e1cter t\u00e9cnico y estrat\u00e9gico, no partidista.<br \/>\nExplic\u00f3 que la reforma busca mejorar los sistemas de control, capacitar al<br \/>\npersonal aduanero e implementar tecnolog\u00eda que permita mayor trazabilidad<br \/>\nde las mercanc\u00edas, con el objetivo de combatir la evasi\u00f3n y el contrabando que<br \/>\ntanto da\u00f1o hacen a la econom\u00eda del pa\u00eds.<br \/>\n\u201cM\u00e9xico es una potencia exportadora y en este minuto mantiene intacto lo que<br \/>\nenvi\u00f3 la Presidenta, porque vamos a combatir la evasi\u00f3n y el contrabando\u201d,<br \/>\npuntualiz\u00f3 el diputado.<\/p>\n<p>L\u00f3pez precis\u00f3 que el Senado, como c\u00e1mara revisora, realiz\u00f3 modificaciones<br \/>\nrelacionadas con los tiempos de entrada en vigor, por lo que la estas<br \/>\nmodificaciones a Ley Aduanera comenzar\u00e1 a aplicarse a partir de enero de 2026.<br \/>\nFinalmente, el legislador del Partido del Trabajo se\u00f1al\u00f3 que su bancada reconoce<br \/>\nque estas reformas fortalecer\u00e1n la recaudaci\u00f3n, la competitividad y la confianza en<br \/>\nnuestras instituciones, por lo que llam\u00f3 a votar a favor de la minuta, recordando<br \/>\nque \u201ctenemos un gran pa\u00eds y hay que pensar en el desarrollo, pero en el desarrollo<br \/>\ncompartido\u201d.<\/p>\n","protected":false},"excerpt":{"rendered":"<p>Ciudad de M\u00e9xico.- Durante la discusi\u00f3n en el Pleno de la C\u00e1mara de Diputados sobre la minuta de la Ley Aduanera, el diputado To\u00f1o L\u00f3pez, secretario de la Comisi\u00f3n de Hacienda y Cr\u00e9dito P\u00fablico, subray\u00f3 la relevancia de las aduanas como pilares del comercio exterior y de la econom\u00eda nacional. En su intervenci\u00f3n en tribuna, el legislador poblano record\u00f3 que las aduanas generan m\u00e1s del 30% de los ingresos tributarios federales, movilizan m\u00e1s de 11 millones de pedimentos al a\u00f1o y son el motor que sostiene el intercambio comercial que hoy posiciona a M\u00e9xico como una potencia manufacturera y exportadora. \u201c\u00bfPor qu\u00e9 no se manifiestan los aduaneros tan agravados? \u00bfPor qu\u00e9 esto lo quieren hacer pol\u00edtico cuando es econ\u00f3mico?\u201d, expres\u00f3 To\u00f1o L\u00f3pez, al se\u00f1alar que&hellip;<\/p>\n<p class=\"excerpt-more\"><a class=\"blog-excerpt button\" href=\"https:\/\/www.aliadospuebla.com\/?p=109322\">Leer m\u00e1s&#8230;<\/a><\/p>\n","protected":false},"author":2,"featured_media":109323,"comment_status":"open","ping_status":"open","sticky":false,"template":"","format":"standard","meta":{"_monsterinsights_skip_tracking":false,"footnotes":""},"categories":[6],"tags":[7829,31311,7816,20598,31309,31308,31310,15430],"class_list":["post-109322","post","type-post","status-publish","format-standard","has-post-thumbnail","hentry","category-politica","tag-camara-de-diputados","tag-combatir-la-evasion","tag-comercio-exterior","tag-economia-nacional","tag-ingresos-tributarios-federales","tag-ley-aduanera","tag-potencia-manufacturera","tag-tono-lopez"],"yoast_head":"<!-- This site is optimized with the Yoast SEO plugin v28.4 - https:\/\/yoast.com\/product\/yoast-seo-wordpress\/ -->\n<title>To\u00f1o L\u00f3pez destaca la importancia econ\u00f3mica de la reforma a la Ley Aduanera - AliadosPuebla<\/title>\n<meta name=\"robots\" content=\"index, follow, max-snippet:-1, max-image-preview:large, max-video-preview:-1\" \/>\n<link rel=\"canonical\" href=\"https:\/\/www.aliadospuebla.com\/?p=109322\" \/>\n<meta property=\"og:locale\" content=\"es_ES\" \/>\n<meta property=\"og:type\" content=\"article\" \/>\n<meta property=\"og:title\" content=\"To\u00f1o L\u00f3pez destaca la importancia econ\u00f3mica de la reforma a la Ley Aduanera - AliadosPuebla\" \/>\n<meta property=\"og:description\" content=\"Ciudad de M\u00e9xico.- Durante la discusi\u00f3n en el Pleno de la C\u00e1mara de Diputados sobre la minuta de la Ley Aduanera, el diputado To\u00f1o L\u00f3pez, secretario de la Comisi\u00f3n de Hacienda y Cr\u00e9dito P\u00fablico, subray\u00f3 la relevancia de las aduanas como pilares del comercio exterior y de la econom\u00eda nacional. En su intervenci\u00f3n en tribuna, el legislador poblano record\u00f3 que las aduanas generan m\u00e1s del 30% de los ingresos tributarios federales, movilizan m\u00e1s de 11 millones de pedimentos al a\u00f1o y son el motor que sostiene el intercambio comercial que hoy posiciona a M\u00e9xico como una potencia manufacturera y exportadora. \u201c\u00bfPor qu\u00e9 no se manifiestan los aduaneros tan agravados? \u00bfPor qu\u00e9 esto lo quieren hacer pol\u00edtico cuando es econ\u00f3mico?\u201d, expres\u00f3 To\u00f1o L\u00f3pez, al se\u00f1alar que&hellip;Leer m\u00e1s...\" \/>\n<meta property=\"og:url\" content=\"https:\/\/www.aliadospuebla.com\/?p=109322\" \/>\n<meta property=\"og:site_name\" content=\"AliadosPuebla\" \/>\n<meta property=\"article:author\" content=\"https:\/\/www.facebook.com\/Aliados17Pue\" \/>\n<meta property=\"article:published_time\" content=\"2025-10-23T17:21:48+00:00\" \/>\n<meta property=\"og:image\" content=\"https:\/\/www.aliadospuebla.com\/web2017\/wp-content\/uploads\/2025\/10\/327.jpg\" \/>\n\t<meta property=\"og:image:width\" content=\"600\" \/>\n\t<meta property=\"og:image:height\" content=\"450\" \/>\n\t<meta property=\"og:image:type\" content=\"image\/jpeg\" \/>\n<meta name=\"author\" content=\"Aliados17\" \/>\n<meta name=\"twitter:card\" content=\"summary_large_image\" \/>\n<meta name=\"twitter:creator\" content=\"@AliadosPuebla\" \/>\n<meta name=\"twitter:label1\" content=\"Escrito por\" \/>\n\t<meta name=\"twitter:data1\" content=\"Aliados17\" \/>\n\t<meta name=\"twitter:label2\" content=\"Tiempo de lectura\" \/>\n\t<meta name=\"twitter:data2\" content=\"2 minutos\" \/>\n<script type=\"application\/ld+json\" class=\"yoast-schema-graph\">{\"@context\":\"https:\\\/\\\/schema.org\",\"@graph\":[{\"@type\":\"Article\",\"@id\":\"https:\\\/\\\/www.aliadospuebla.com\\\/?p=109322#article\",\"isPartOf\":{\"@id\":\"https:\\\/\\\/www.aliadospuebla.com\\\/?p=109322\"},\"author\":{\"name\":\"Aliados17\",\"@id\":\"https:\\\/\\\/www.aliadospuebla.com\\\/#\\\/schema\\\/person\\\/5da7dd09320bd4f392b710017ed5f8ad\"},\"headline\":\"To\u00f1o L\u00f3pez destaca la importancia econ\u00f3mica de la reforma a la Ley Aduanera\",\"datePublished\":\"2025-10-23T17:21:48+00:00\",\"mainEntityOfPage\":{\"@id\":\"https:\\\/\\\/www.aliadospuebla.com\\\/?p=109322\"},\"wordCount\":347,\"commentCount\":0,\"image\":{\"@id\":\"https:\\\/\\\/www.aliadospuebla.com\\\/?p=109322#primaryimage\"},\"thumbnailUrl\":\"https:\\\/\\\/www.aliadospuebla.com\\\/web2017\\\/wp-content\\\/uploads\\\/2025\\\/10\\\/327.jpg\",\"keywords\":[\"C\u00c1MARA DE DIPUTADOS\",\"combatir la evasi\u00f3n\",\"COMERCIO EXTERIOR\",\"econom\u00eda nacional\",\"ingresos tributarios federales\",\"Ley Aduanera\",\"potencia manufacturera\",\"To\u00f1o L\u00f3pez\"],\"articleSection\":[\"Pol\u00edtica\"],\"inLanguage\":\"es\",\"potentialAction\":[{\"@type\":\"CommentAction\",\"name\":\"Comment\",\"target\":[\"https:\\\/\\\/www.aliadospuebla.com\\\/?p=109322#respond\"]}]},{\"@type\":\"WebPage\",\"@id\":\"https:\\\/\\\/www.aliadospuebla.com\\\/?p=109322\",\"url\":\"https:\\\/\\\/www.aliadospuebla.com\\\/?p=109322\",\"name\":\"To\u00f1o L\u00f3pez destaca la importancia econ\u00f3mica de la reforma a la Ley Aduanera - AliadosPuebla\",\"isPartOf\":{\"@id\":\"https:\\\/\\\/www.aliadospuebla.com\\\/#website\"},\"primaryImageOfPage\":{\"@id\":\"https:\\\/\\\/www.aliadospuebla.com\\\/?p=109322#primaryimage\"},\"image\":{\"@id\":\"https:\\\/\\\/www.aliadospuebla.com\\\/?p=109322#primaryimage\"},\"thumbnailUrl\":\"https:\\\/\\\/www.aliadospuebla.com\\\/web2017\\\/wp-content\\\/uploads\\\/2025\\\/10\\\/327.jpg\",\"datePublished\":\"2025-10-23T17:21:48+00:00\",\"author\":{\"@id\":\"https:\\\/\\\/www.aliadospuebla.com\\\/#\\\/schema\\\/person\\\/5da7dd09320bd4f392b710017ed5f8ad\"},\"breadcrumb\":{\"@id\":\"https:\\\/\\\/www.aliadospuebla.com\\\/?p=109322#breadcrumb\"},\"inLanguage\":\"es\",\"potentialAction\":[{\"@type\":\"ReadAction\",\"target\":[\"https:\\\/\\\/www.aliadospuebla.com\\\/?p=109322\"]}]},{\"@type\":\"ImageObject\",\"inLanguage\":\"es\",\"@id\":\"https:\\\/\\\/www.aliadospuebla.com\\\/?p=109322#primaryimage\",\"url\":\"https:\\\/\\\/www.aliadospuebla.com\\\/web2017\\\/wp-content\\\/uploads\\\/2025\\\/10\\\/327.jpg\",\"contentUrl\":\"https:\\\/\\\/www.aliadospuebla.com\\\/web2017\\\/wp-content\\\/uploads\\\/2025\\\/10\\\/327.jpg\",\"width\":600,\"height\":450},{\"@type\":\"BreadcrumbList\",\"@id\":\"https:\\\/\\\/www.aliadospuebla.com\\\/?p=109322#breadcrumb\",\"itemListElement\":[{\"@type\":\"ListItem\",\"position\":1,\"name\":\"Portada\",\"item\":\"https:\\\/\\\/www.aliadospuebla.com\\\/\"},{\"@type\":\"ListItem\",\"position\":2,\"name\":\"To\u00f1o L\u00f3pez destaca la importancia econ\u00f3mica de la reforma a la Ley Aduanera\"}]},{\"@type\":\"WebSite\",\"@id\":\"https:\\\/\\\/www.aliadospuebla.com\\\/#website\",\"url\":\"https:\\\/\\\/www.aliadospuebla.com\\\/\",\"name\":\"AliadosPuebla\",\"description\":\"La informaci\u00f3n en tus manos\",\"potentialAction\":[{\"@type\":\"SearchAction\",\"target\":{\"@type\":\"EntryPoint\",\"urlTemplate\":\"https:\\\/\\\/www.aliadospuebla.com\\\/?s={search_term_string}\"},\"query-input\":{\"@type\":\"PropertyValueSpecification\",\"valueRequired\":true,\"valueName\":\"search_term_string\"}}],\"inLanguage\":\"es\"},{\"@type\":\"Person\",\"@id\":\"https:\\\/\\\/www.aliadospuebla.com\\\/#\\\/schema\\\/person\\\/5da7dd09320bd4f392b710017ed5f8ad\",\"name\":\"Aliados17\",\"image\":{\"@type\":\"ImageObject\",\"inLanguage\":\"es\",\"@id\":\"https:\\\/\\\/www.aliadospuebla.com\\\/web2017\\\/wp-content\\\/uploads\\\/2025\\\/03\\\/cropped-para-perfil-8-anos-1-96x96.jpg\",\"url\":\"https:\\\/\\\/www.aliadospuebla.com\\\/web2017\\\/wp-content\\\/uploads\\\/2025\\\/03\\\/cropped-para-perfil-8-anos-1-96x96.jpg\",\"contentUrl\":\"https:\\\/\\\/www.aliadospuebla.com\\\/web2017\\\/wp-content\\\/uploads\\\/2025\\\/03\\\/cropped-para-perfil-8-anos-1-96x96.jpg\",\"caption\":\"Aliados17\"},\"sameAs\":[\"https:\\\/\\\/www.aliados17.com\",\"https:\\\/\\\/www.facebook.com\\\/Aliados17Pue\",\"https:\\\/\\\/x.com\\\/AliadosPuebla\"],\"url\":\"https:\\\/\\\/www.aliadospuebla.com\\\/?author=2\"}]}<\/script>\n<!-- \/ Yoast SEO plugin. -->","yoast_head_json":{"title":"To\u00f1o L\u00f3pez destaca la importancia econ\u00f3mica de la reforma a la Ley Aduanera - AliadosPuebla","robots":{"index":"index","follow":"follow","max-snippet":"max-snippet:-1","max-image-preview":"max-image-preview:large","max-video-preview":"max-video-preview:-1"},"canonical":"https:\/\/www.aliadospuebla.com\/?p=109322","og_locale":"es_ES","og_type":"article","og_title":"To\u00f1o L\u00f3pez destaca la importancia econ\u00f3mica de la reforma a la Ley Aduanera - AliadosPuebla","og_description":"Ciudad de M\u00e9xico.- Durante la discusi\u00f3n en el Pleno de la C\u00e1mara de Diputados sobre la minuta de la Ley Aduanera, el diputado To\u00f1o L\u00f3pez, secretario de la Comisi\u00f3n de Hacienda y Cr\u00e9dito P\u00fablico, subray\u00f3 la relevancia de las aduanas como pilares del comercio exterior y de la econom\u00eda nacional. En su intervenci\u00f3n en tribuna, el legislador poblano record\u00f3 que las aduanas generan m\u00e1s del 30% de los ingresos tributarios federales, movilizan m\u00e1s de 11 millones de pedimentos al a\u00f1o y son el motor que sostiene el intercambio comercial que hoy posiciona a M\u00e9xico como una potencia manufacturera y exportadora. \u201c\u00bfPor qu\u00e9 no se manifiestan los aduaneros tan agravados? \u00bfPor qu\u00e9 esto lo quieren hacer pol\u00edtico cuando es econ\u00f3mico?\u201d, expres\u00f3 To\u00f1o L\u00f3pez, al se\u00f1alar que&hellip;Leer m\u00e1s...","og_url":"https:\/\/www.aliadospuebla.com\/?p=109322","og_site_name":"AliadosPuebla","article_author":"https:\/\/www.facebook.com\/Aliados17Pue","article_published_time":"2025-10-23T17:21:48+00:00","og_image":[{"width":600,"height":450,"url":"https:\/\/www.aliadospuebla.com\/web2017\/wp-content\/uploads\/2025\/10\/327.jpg","type":"image\/jpeg"}],"author":"Aliados17","twitter_card":"summary_large_image","twitter_creator":"@AliadosPuebla","twitter_misc":{"Escrito por":"Aliados17","Tiempo de lectura":"2 minutos"},"schema":{"@context":"https:\/\/schema.org","@graph":[{"@type":"Article","@id":"https:\/\/www.aliadospuebla.com\/?p=109322#article","isPartOf":{"@id":"https:\/\/www.aliadospuebla.com\/?p=109322"},"author":{"name":"Aliados17","@id":"https:\/\/www.aliadospuebla.com\/#\/schema\/person\/5da7dd09320bd4f392b710017ed5f8ad"},"headline":"To\u00f1o L\u00f3pez destaca la importancia econ\u00f3mica de la reforma a la Ley Aduanera","datePublished":"2025-10-23T17:21:48+00:00","mainEntityOfPage":{"@id":"https:\/\/www.aliadospuebla.com\/?p=109322"},"wordCount":347,"commentCount":0,"image":{"@id":"https:\/\/www.aliadospuebla.com\/?p=109322#primaryimage"},"thumbnailUrl":"https:\/\/www.aliadospuebla.com\/web2017\/wp-content\/uploads\/2025\/10\/327.jpg","keywords":["C\u00c1MARA DE DIPUTADOS","combatir la evasi\u00f3n","COMERCIO EXTERIOR","econom\u00eda nacional","ingresos tributarios federales","Ley Aduanera","potencia manufacturera","To\u00f1o L\u00f3pez"],"articleSection":["Pol\u00edtica"],"inLanguage":"es","potentialAction":[{"@type":"CommentAction","name":"Comment","target":["https:\/\/www.aliadospuebla.com\/?p=109322#respond"]}]},{"@type":"WebPage","@id":"https:\/\/www.aliadospuebla.com\/?p=109322","url":"https:\/\/www.aliadospuebla.com\/?p=109322","name":"To\u00f1o L\u00f3pez destaca la importancia econ\u00f3mica de la reforma a la Ley Aduanera - AliadosPuebla","isPartOf":{"@id":"https:\/\/www.aliadospuebla.com\/#website"},"primaryImageOfPage":{"@id":"https:\/\/www.aliadospuebla.com\/?p=109322#primaryimage"},"image":{"@id":"https:\/\/www.aliadospuebla.com\/?p=109322#primaryimage"},"thumbnailUrl":"https:\/\/www.aliadospuebla.com\/web2017\/wp-content\/uploads\/2025\/10\/327.jpg","datePublished":"2025-10-23T17:21:48+00:00","author":{"@id":"https:\/\/www.aliadospuebla.com\/#\/schema\/person\/5da7dd09320bd4f392b710017ed5f8ad"},"breadcrumb":{"@id":"https:\/\/www.aliadospuebla.com\/?p=109322#breadcrumb"},"inLanguage":"es","potentialAction":[{"@type":"ReadAction","target":["https:\/\/www.aliadospuebla.com\/?p=109322"]}]},{"@type":"ImageObject","inLanguage":"es","@id":"https:\/\/www.aliadospuebla.com\/?p=109322#primaryimage","url":"https:\/\/www.aliadospuebla.com\/web2017\/wp-content\/uploads\/2025\/10\/327.jpg","contentUrl":"https:\/\/www.aliadospuebla.com\/web2017\/wp-content\/uploads\/2025\/10\/327.jpg","width":600,"height":450},{"@type":"BreadcrumbList","@id":"https:\/\/www.aliadospuebla.com\/?p=109322#breadcrumb","itemListElement":[{"@type":"ListItem","position":1,"name":"Portada","item":"https:\/\/www.aliadospuebla.com\/"},{"@type":"ListItem","position":2,"name":"To\u00f1o L\u00f3pez destaca la importancia econ\u00f3mica de la reforma a la Ley Aduanera"}]},{"@type":"WebSite","@id":"https:\/\/www.aliadospuebla.com\/#website","url":"https:\/\/www.aliadospuebla.com\/","name":"AliadosPuebla","description":"La informaci\u00f3n en tus manos","potentialAction":[{"@type":"SearchAction","target":{"@type":"EntryPoint","urlTemplate":"https:\/\/www.aliadospuebla.com\/?s={search_term_string}"},"query-input":{"@type":"PropertyValueSpecification","valueRequired":true,"valueName":"search_term_string"}}],"inLanguage":"es"},{"@type":"Person","@id":"https:\/\/www.aliadospuebla.com\/#\/schema\/person\/5da7dd09320bd4f392b710017ed5f8ad","name":"Aliados17","image":{"@type":"ImageObject","inLanguage":"es","@id":"https:\/\/www.aliadospuebla.com\/web2017\/wp-content\/uploads\/2025\/03\/cropped-para-perfil-8-anos-1-96x96.jpg","url":"https:\/\/www.aliadospuebla.com\/web2017\/wp-content\/uploads\/2025\/03\/cropped-para-perfil-8-anos-1-96x96.jpg","contentUrl":"https:\/\/www.aliadospuebla.com\/web2017\/wp-content\/uploads\/2025\/03\/cropped-para-perfil-8-anos-1-96x96.jpg","caption":"Aliados17"},"sameAs":["https:\/\/www.aliados17.com","https:\/\/www.facebook.com\/Aliados17Pue","https:\/\/x.com\/AliadosPuebla"],"url":"https:\/\/www.aliadospuebla.com\/?author=2"}]}},"views":15,"_links":{"self":[{"href":"https:\/\/www.aliadospuebla.com\/index.php?rest_route=\/wp\/v2\/posts\/109322","targetHints":{"allow":["GET"]}}],"collection":[{"href":"https:\/\/www.aliadospuebla.com\/index.php?rest_route=\/wp\/v2\/posts"}],"about":[{"href":"https:\/\/www.aliadospuebla.com\/index.php?rest_route=\/wp\/v2\/types\/post"}],"author":[{"embeddable":true,"href":"https:\/\/www.aliadospuebla.com\/index.php?rest_route=\/wp\/v2\/users\/2"}],"replies":[{"embeddable":true,"href":"https:\/\/www.aliadospuebla.com\/index.php?rest_route=%2Fwp%2Fv2%2Fcomments&post=109322"}],"version-history":[{"count":1,"href":"https:\/\/www.aliadospuebla.com\/index.php?rest_route=\/wp\/v2\/posts\/109322\/revisions"}],"predecessor-version":[{"id":109324,"href":"https:\/\/www.aliadospuebla.com\/index.php?rest_route=\/wp\/v2\/posts\/109322\/revisions\/109324"}],"wp:featuredmedia":[{"embeddable":true,"href":"https:\/\/www.aliadospuebla.com\/index.php?rest_route=\/wp\/v2\/media\/109323"}],"wp:attachment":[{"href":"https:\/\/www.aliadospuebla.com\/index.php?rest_route=%2Fwp%2Fv2%2Fmedia&parent=109322"}],"wp:term":[{"taxonomy":"category","embeddable":true,"href":"https:\/\/www.aliadospuebla.com\/index.php?rest_route=%2Fwp%2Fv2%2Fcategories&post=109322"},{"taxonomy":"post_tag","embeddable":true,"href":"https:\/\/www.aliadospuebla.com\/index.php?rest_route=%2Fwp%2Fv2%2Ftags&post=109322"}],"curies":[{"name":"wp","href":"https:\/\/api.w.org\/{rel}","templated":true}]}}