{"id":109319,"date":"2025-10-23T11:02:49","date_gmt":"2025-10-23T17:02:49","guid":{"rendered":"https:\/\/www.aliadospuebla.com\/?p=109319"},"modified":"2025-10-23T11:02:49","modified_gmt":"2025-10-23T17:02:49","slug":"catrinerias-2025-impulsa-record-economico-y-turistico-en-puebla","status":"publish","type":"post","link":"https:\/\/www.aliadospuebla.com\/?p=109319","title":{"rendered":"CATRINER\u00cdAS 2025 IMPULSA R\u00c9CORD ECON\u00d3MICO Y TUR\u00cdSTICO EN PUEBLA"},"content":{"rendered":"<h4>Quedan solo dos fines de semana para vivir esta experiencia \u00fanica del D\u00eda de Muertos en la Hacienda de Chautla.<\/h4>\n<p>CIUDAD DE PUEBLA, Pue.- El Gobierno de Alejandro Armenta, a trav\u00e9s de Convenciones y Parques,<\/p>\n<p>celebra el \u00e9xito rotundo de Catriner\u00edas 2025, evento que honra la tradici\u00f3n del D\u00eda de Muertos<\/p>\n<p>en la hist\u00f3rica Ex Hacienda de Chautla. La directora ejecutiva Michelle Talavera<\/p>\n<p>inform\u00f3 que, en tan solo dos fines de semana, el festival ha recibido a m\u00e1s de 55 mil visitantes,<\/p>\n<p>lo que supera con creces las proyecciones iniciales. Este extraordinario flujo tur\u00edstico, impulsado por visitantes de CDMX, Quer\u00e9taro, Hidalgo y turismo internacional, consolida a Puebla como un destino l\u00edder en grandes eventos.<\/p>\n<p>Talavera destac\u00f3 que la afluencia registrada ha generado una derrama econ\u00f3mica muy significativa en la regi\u00f3n de San Mart\u00edn Texmelucan, San Salvador El Verde y juntas auxiliares como San Lucas el Grande, San Rafael Tlanalapa entre otros, se proyecta que supere la meta de 20 millones de pesos que inicialmente se estim\u00f3, al fortalecer directamente a los municipios de la regi\u00f3n y a los m\u00e1s de 100 productores locales que participan en los pabellones gastron\u00f3micos y artesanales. Esta inversi\u00f3n cultural y tur\u00edstica es un claro ejemplo del trabajo realizado por Amor a Puebla.<\/p>\n<p>El festival ofrece una experiencia inmersiva completa de jueves a domingo, de 12:00 a 23:00 horas, con atracciones estelares como las trajineras sobre el lago, las seis leyendas inmersivas y la Casa del Terror. Para aprovechar al m\u00e1ximo esta experiencia, que es principalmente nocturna, se recomienda a las y los asistentes llegar con anticipaci\u00f3n, idealmente entre las 4:30 y 5:00 de la tarde, lo que garantiza as\u00ed el recorrido completo.<\/p>\n<p>\u00a1La oportunidad se agota! Catriner\u00edas 2025, un evento de calidad y seguridad garantizada, cierra sus puertas el domingo 2 de noviembre. Las y los poblanos y visitantes tienen solo dos fines de semana para disfrutar de esta memorable y rentable celebraci\u00f3n del D\u00eda de Muertos.<\/p>\n","protected":false},"excerpt":{"rendered":"<p>Quedan solo dos fines de semana para vivir esta experiencia \u00fanica del D\u00eda de Muertos en la Hacienda de Chautla. CIUDAD DE PUEBLA, Pue.- El Gobierno de Alejandro Armenta, a trav\u00e9s de Convenciones y Parques, celebra el \u00e9xito rotundo de Catriner\u00edas 2025, evento que honra la tradici\u00f3n del D\u00eda de Muertos en la hist\u00f3rica Ex Hacienda de Chautla. La directora ejecutiva Michelle Talavera inform\u00f3 que, en tan solo dos fines de semana, el festival ha recibido a m\u00e1s de 55 mil visitantes, lo que supera con creces las proyecciones iniciales. Este extraordinario flujo tur\u00edstico, impulsado por visitantes de CDMX, Quer\u00e9taro, Hidalgo y turismo internacional, consolida a Puebla como un destino l\u00edder en grandes eventos. Talavera destac\u00f3 que la afluencia registrada ha generado una derrama econ\u00f3mica&hellip;<\/p>\n<p class=\"excerpt-more\"><a class=\"blog-excerpt button\" href=\"https:\/\/www.aliadospuebla.com\/?p=109319\">Leer m\u00e1s&#8230;<\/a><\/p>\n","protected":false},"author":2,"featured_media":109320,"comment_status":"open","ping_status":"open","sticky":false,"template":"","format":"standard","meta":{"_monsterinsights_skip_tracking":false,"footnotes":""},"categories":[61],"tags":[4780,31305,2351,31307,31306,26338,31304],"class_list":["post-109319","post","type-post","status-publish","format-standard","has-post-thumbnail","hentry","category-gobierno","tag-alejandro-armenta","tag-catrinerias-2025","tag-dia-de-muertos","tag-experiencia-inmersiva","tag-flujo-turistico","tag-michelle-talavera","tag-proyecciones-iniciales"],"yoast_head":"<!-- This site is optimized with the Yoast SEO plugin v28.4 - https:\/\/yoast.com\/product\/yoast-seo-wordpress\/ -->\n<title>CATRINER\u00cdAS 2025 IMPULSA R\u00c9CORD ECON\u00d3MICO Y TUR\u00cdSTICO EN PUEBLA - AliadosPuebla<\/title>\n<meta name=\"robots\" content=\"index, follow, max-snippet:-1, max-image-preview:large, max-video-preview:-1\" \/>\n<link rel=\"canonical\" href=\"https:\/\/www.aliadospuebla.com\/?p=109319\" \/>\n<meta property=\"og:locale\" content=\"es_ES\" \/>\n<meta property=\"og:type\" content=\"article\" \/>\n<meta property=\"og:title\" content=\"CATRINER\u00cdAS 2025 IMPULSA R\u00c9CORD ECON\u00d3MICO Y TUR\u00cdSTICO EN PUEBLA - AliadosPuebla\" \/>\n<meta property=\"og:description\" content=\"Quedan solo dos fines de semana para vivir esta experiencia \u00fanica del D\u00eda de Muertos en la Hacienda de Chautla. CIUDAD DE PUEBLA, Pue.- El Gobierno de Alejandro Armenta, a trav\u00e9s de Convenciones y Parques, celebra el \u00e9xito rotundo de Catriner\u00edas 2025, evento que honra la tradici\u00f3n del D\u00eda de Muertos en la hist\u00f3rica Ex Hacienda de Chautla. La directora ejecutiva Michelle Talavera inform\u00f3 que, en tan solo dos fines de semana, el festival ha recibido a m\u00e1s de 55 mil visitantes, lo que supera con creces las proyecciones iniciales. Este extraordinario flujo tur\u00edstico, impulsado por visitantes de CDMX, Quer\u00e9taro, Hidalgo y turismo internacional, consolida a Puebla como un destino l\u00edder en grandes eventos. Talavera destac\u00f3 que la afluencia registrada ha generado una derrama econ\u00f3mica&hellip;Leer m\u00e1s...\" \/>\n<meta property=\"og:url\" content=\"https:\/\/www.aliadospuebla.com\/?p=109319\" \/>\n<meta property=\"og:site_name\" content=\"AliadosPuebla\" \/>\n<meta property=\"article:author\" content=\"https:\/\/www.facebook.com\/Aliados17Pue\" \/>\n<meta property=\"article:published_time\" content=\"2025-10-23T17:02:49+00:00\" \/>\n<meta property=\"og:image\" content=\"https:\/\/www.aliadospuebla.com\/web2017\/wp-content\/uploads\/2025\/10\/326.jpg\" \/>\n\t<meta property=\"og:image:width\" content=\"600\" \/>\n\t<meta property=\"og:image:height\" content=\"450\" \/>\n\t<meta property=\"og:image:type\" content=\"image\/jpeg\" \/>\n<meta name=\"author\" content=\"Aliados17\" \/>\n<meta name=\"twitter:card\" content=\"summary_large_image\" \/>\n<meta name=\"twitter:creator\" content=\"@AliadosPuebla\" \/>\n<meta name=\"twitter:label1\" content=\"Escrito por\" \/>\n\t<meta name=\"twitter:data1\" content=\"Aliados17\" \/>\n\t<meta name=\"twitter:label2\" content=\"Tiempo de lectura\" \/>\n\t<meta name=\"twitter:data2\" content=\"2 minutos\" \/>\n<script type=\"application\/ld+json\" class=\"yoast-schema-graph\">{\"@context\":\"https:\\\/\\\/schema.org\",\"@graph\":[{\"@type\":\"Article\",\"@id\":\"https:\\\/\\\/www.aliadospuebla.com\\\/?p=109319#article\",\"isPartOf\":{\"@id\":\"https:\\\/\\\/www.aliadospuebla.com\\\/?p=109319\"},\"author\":{\"name\":\"Aliados17\",\"@id\":\"https:\\\/\\\/www.aliadospuebla.com\\\/#\\\/schema\\\/person\\\/5da7dd09320bd4f392b710017ed5f8ad\"},\"headline\":\"CATRINER\u00cdAS 2025 IMPULSA R\u00c9CORD ECON\u00d3MICO Y TUR\u00cdSTICO EN PUEBLA\",\"datePublished\":\"2025-10-23T17:02:49+00:00\",\"mainEntityOfPage\":{\"@id\":\"https:\\\/\\\/www.aliadospuebla.com\\\/?p=109319\"},\"wordCount\":348,\"commentCount\":0,\"image\":{\"@id\":\"https:\\\/\\\/www.aliadospuebla.com\\\/?p=109319#primaryimage\"},\"thumbnailUrl\":\"https:\\\/\\\/www.aliadospuebla.com\\\/web2017\\\/wp-content\\\/uploads\\\/2025\\\/10\\\/326.jpg\",\"keywords\":[\"ALEJANDRO ARMENTA\",\"Catriner\u00edas 2025\",\"D\u00cdA DE MUERTOS\",\"experiencia inmersiva\",\"flujo tur\u00edstico\",\"Michelle Talavera\",\"proyecciones iniciales\"],\"articleSection\":[\"Gobierno\"],\"inLanguage\":\"es\",\"potentialAction\":[{\"@type\":\"CommentAction\",\"name\":\"Comment\",\"target\":[\"https:\\\/\\\/www.aliadospuebla.com\\\/?p=109319#respond\"]}]},{\"@type\":\"WebPage\",\"@id\":\"https:\\\/\\\/www.aliadospuebla.com\\\/?p=109319\",\"url\":\"https:\\\/\\\/www.aliadospuebla.com\\\/?p=109319\",\"name\":\"CATRINER\u00cdAS 2025 IMPULSA R\u00c9CORD ECON\u00d3MICO Y TUR\u00cdSTICO EN PUEBLA - AliadosPuebla\",\"isPartOf\":{\"@id\":\"https:\\\/\\\/www.aliadospuebla.com\\\/#website\"},\"primaryImageOfPage\":{\"@id\":\"https:\\\/\\\/www.aliadospuebla.com\\\/?p=109319#primaryimage\"},\"image\":{\"@id\":\"https:\\\/\\\/www.aliadospuebla.com\\\/?p=109319#primaryimage\"},\"thumbnailUrl\":\"https:\\\/\\\/www.aliadospuebla.com\\\/web2017\\\/wp-content\\\/uploads\\\/2025\\\/10\\\/326.jpg\",\"datePublished\":\"2025-10-23T17:02:49+00:00\",\"author\":{\"@id\":\"https:\\\/\\\/www.aliadospuebla.com\\\/#\\\/schema\\\/person\\\/5da7dd09320bd4f392b710017ed5f8ad\"},\"breadcrumb\":{\"@id\":\"https:\\\/\\\/www.aliadospuebla.com\\\/?p=109319#breadcrumb\"},\"inLanguage\":\"es\",\"potentialAction\":[{\"@type\":\"ReadAction\",\"target\":[\"https:\\\/\\\/www.aliadospuebla.com\\\/?p=109319\"]}]},{\"@type\":\"ImageObject\",\"inLanguage\":\"es\",\"@id\":\"https:\\\/\\\/www.aliadospuebla.com\\\/?p=109319#primaryimage\",\"url\":\"https:\\\/\\\/www.aliadospuebla.com\\\/web2017\\\/wp-content\\\/uploads\\\/2025\\\/10\\\/326.jpg\",\"contentUrl\":\"https:\\\/\\\/www.aliadospuebla.com\\\/web2017\\\/wp-content\\\/uploads\\\/2025\\\/10\\\/326.jpg\",\"width\":600,\"height\":450},{\"@type\":\"BreadcrumbList\",\"@id\":\"https:\\\/\\\/www.aliadospuebla.com\\\/?p=109319#breadcrumb\",\"itemListElement\":[{\"@type\":\"ListItem\",\"position\":1,\"name\":\"Portada\",\"item\":\"https:\\\/\\\/www.aliadospuebla.com\\\/\"},{\"@type\":\"ListItem\",\"position\":2,\"name\":\"CATRINER\u00cdAS 2025 IMPULSA R\u00c9CORD ECON\u00d3MICO Y TUR\u00cdSTICO EN PUEBLA\"}]},{\"@type\":\"WebSite\",\"@id\":\"https:\\\/\\\/www.aliadospuebla.com\\\/#website\",\"url\":\"https:\\\/\\\/www.aliadospuebla.com\\\/\",\"name\":\"AliadosPuebla\",\"description\":\"La informaci\u00f3n en tus manos\",\"potentialAction\":[{\"@type\":\"SearchAction\",\"target\":{\"@type\":\"EntryPoint\",\"urlTemplate\":\"https:\\\/\\\/www.aliadospuebla.com\\\/?s={search_term_string}\"},\"query-input\":{\"@type\":\"PropertyValueSpecification\",\"valueRequired\":true,\"valueName\":\"search_term_string\"}}],\"inLanguage\":\"es\"},{\"@type\":\"Person\",\"@id\":\"https:\\\/\\\/www.aliadospuebla.com\\\/#\\\/schema\\\/person\\\/5da7dd09320bd4f392b710017ed5f8ad\",\"name\":\"Aliados17\",\"image\":{\"@type\":\"ImageObject\",\"inLanguage\":\"es\",\"@id\":\"https:\\\/\\\/www.aliadospuebla.com\\\/web2017\\\/wp-content\\\/uploads\\\/2025\\\/03\\\/cropped-para-perfil-8-anos-1-96x96.jpg\",\"url\":\"https:\\\/\\\/www.aliadospuebla.com\\\/web2017\\\/wp-content\\\/uploads\\\/2025\\\/03\\\/cropped-para-perfil-8-anos-1-96x96.jpg\",\"contentUrl\":\"https:\\\/\\\/www.aliadospuebla.com\\\/web2017\\\/wp-content\\\/uploads\\\/2025\\\/03\\\/cropped-para-perfil-8-anos-1-96x96.jpg\",\"caption\":\"Aliados17\"},\"sameAs\":[\"https:\\\/\\\/www.aliados17.com\",\"https:\\\/\\\/www.facebook.com\\\/Aliados17Pue\",\"https:\\\/\\\/x.com\\\/AliadosPuebla\"],\"url\":\"https:\\\/\\\/www.aliadospuebla.com\\\/?author=2\"}]}<\/script>\n<!-- \/ Yoast SEO plugin. -->","yoast_head_json":{"title":"CATRINER\u00cdAS 2025 IMPULSA R\u00c9CORD ECON\u00d3MICO Y TUR\u00cdSTICO EN PUEBLA - AliadosPuebla","robots":{"index":"index","follow":"follow","max-snippet":"max-snippet:-1","max-image-preview":"max-image-preview:large","max-video-preview":"max-video-preview:-1"},"canonical":"https:\/\/www.aliadospuebla.com\/?p=109319","og_locale":"es_ES","og_type":"article","og_title":"CATRINER\u00cdAS 2025 IMPULSA R\u00c9CORD ECON\u00d3MICO Y TUR\u00cdSTICO EN PUEBLA - AliadosPuebla","og_description":"Quedan solo dos fines de semana para vivir esta experiencia \u00fanica del D\u00eda de Muertos en la Hacienda de Chautla. CIUDAD DE PUEBLA, Pue.- El Gobierno de Alejandro Armenta, a trav\u00e9s de Convenciones y Parques, celebra el \u00e9xito rotundo de Catriner\u00edas 2025, evento que honra la tradici\u00f3n del D\u00eda de Muertos en la hist\u00f3rica Ex Hacienda de Chautla. La directora ejecutiva Michelle Talavera inform\u00f3 que, en tan solo dos fines de semana, el festival ha recibido a m\u00e1s de 55 mil visitantes, lo que supera con creces las proyecciones iniciales. Este extraordinario flujo tur\u00edstico, impulsado por visitantes de CDMX, Quer\u00e9taro, Hidalgo y turismo internacional, consolida a Puebla como un destino l\u00edder en grandes eventos. Talavera destac\u00f3 que la afluencia registrada ha generado una derrama econ\u00f3mica&hellip;Leer m\u00e1s...","og_url":"https:\/\/www.aliadospuebla.com\/?p=109319","og_site_name":"AliadosPuebla","article_author":"https:\/\/www.facebook.com\/Aliados17Pue","article_published_time":"2025-10-23T17:02:49+00:00","og_image":[{"width":600,"height":450,"url":"https:\/\/www.aliadospuebla.com\/web2017\/wp-content\/uploads\/2025\/10\/326.jpg","type":"image\/jpeg"}],"author":"Aliados17","twitter_card":"summary_large_image","twitter_creator":"@AliadosPuebla","twitter_misc":{"Escrito por":"Aliados17","Tiempo de lectura":"2 minutos"},"schema":{"@context":"https:\/\/schema.org","@graph":[{"@type":"Article","@id":"https:\/\/www.aliadospuebla.com\/?p=109319#article","isPartOf":{"@id":"https:\/\/www.aliadospuebla.com\/?p=109319"},"author":{"name":"Aliados17","@id":"https:\/\/www.aliadospuebla.com\/#\/schema\/person\/5da7dd09320bd4f392b710017ed5f8ad"},"headline":"CATRINER\u00cdAS 2025 IMPULSA R\u00c9CORD ECON\u00d3MICO Y TUR\u00cdSTICO EN PUEBLA","datePublished":"2025-10-23T17:02:49+00:00","mainEntityOfPage":{"@id":"https:\/\/www.aliadospuebla.com\/?p=109319"},"wordCount":348,"commentCount":0,"image":{"@id":"https:\/\/www.aliadospuebla.com\/?p=109319#primaryimage"},"thumbnailUrl":"https:\/\/www.aliadospuebla.com\/web2017\/wp-content\/uploads\/2025\/10\/326.jpg","keywords":["ALEJANDRO ARMENTA","Catriner\u00edas 2025","D\u00cdA DE MUERTOS","experiencia inmersiva","flujo tur\u00edstico","Michelle Talavera","proyecciones iniciales"],"articleSection":["Gobierno"],"inLanguage":"es","potentialAction":[{"@type":"CommentAction","name":"Comment","target":["https:\/\/www.aliadospuebla.com\/?p=109319#respond"]}]},{"@type":"WebPage","@id":"https:\/\/www.aliadospuebla.com\/?p=109319","url":"https:\/\/www.aliadospuebla.com\/?p=109319","name":"CATRINER\u00cdAS 2025 IMPULSA R\u00c9CORD ECON\u00d3MICO Y TUR\u00cdSTICO EN PUEBLA - AliadosPuebla","isPartOf":{"@id":"https:\/\/www.aliadospuebla.com\/#website"},"primaryImageOfPage":{"@id":"https:\/\/www.aliadospuebla.com\/?p=109319#primaryimage"},"image":{"@id":"https:\/\/www.aliadospuebla.com\/?p=109319#primaryimage"},"thumbnailUrl":"https:\/\/www.aliadospuebla.com\/web2017\/wp-content\/uploads\/2025\/10\/326.jpg","datePublished":"2025-10-23T17:02:49+00:00","author":{"@id":"https:\/\/www.aliadospuebla.com\/#\/schema\/person\/5da7dd09320bd4f392b710017ed5f8ad"},"breadcrumb":{"@id":"https:\/\/www.aliadospuebla.com\/?p=109319#breadcrumb"},"inLanguage":"es","potentialAction":[{"@type":"ReadAction","target":["https:\/\/www.aliadospuebla.com\/?p=109319"]}]},{"@type":"ImageObject","inLanguage":"es","@id":"https:\/\/www.aliadospuebla.com\/?p=109319#primaryimage","url":"https:\/\/www.aliadospuebla.com\/web2017\/wp-content\/uploads\/2025\/10\/326.jpg","contentUrl":"https:\/\/www.aliadospuebla.com\/web2017\/wp-content\/uploads\/2025\/10\/326.jpg","width":600,"height":450},{"@type":"BreadcrumbList","@id":"https:\/\/www.aliadospuebla.com\/?p=109319#breadcrumb","itemListElement":[{"@type":"ListItem","position":1,"name":"Portada","item":"https:\/\/www.aliadospuebla.com\/"},{"@type":"ListItem","position":2,"name":"CATRINER\u00cdAS 2025 IMPULSA R\u00c9CORD ECON\u00d3MICO Y TUR\u00cdSTICO EN PUEBLA"}]},{"@type":"WebSite","@id":"https:\/\/www.aliadospuebla.com\/#website","url":"https:\/\/www.aliadospuebla.com\/","name":"AliadosPuebla","description":"La informaci\u00f3n en tus manos","potentialAction":[{"@type":"SearchAction","target":{"@type":"EntryPoint","urlTemplate":"https:\/\/www.aliadospuebla.com\/?s={search_term_string}"},"query-input":{"@type":"PropertyValueSpecification","valueRequired":true,"valueName":"search_term_string"}}],"inLanguage":"es"},{"@type":"Person","@id":"https:\/\/www.aliadospuebla.com\/#\/schema\/person\/5da7dd09320bd4f392b710017ed5f8ad","name":"Aliados17","image":{"@type":"ImageObject","inLanguage":"es","@id":"https:\/\/www.aliadospuebla.com\/web2017\/wp-content\/uploads\/2025\/03\/cropped-para-perfil-8-anos-1-96x96.jpg","url":"https:\/\/www.aliadospuebla.com\/web2017\/wp-content\/uploads\/2025\/03\/cropped-para-perfil-8-anos-1-96x96.jpg","contentUrl":"https:\/\/www.aliadospuebla.com\/web2017\/wp-content\/uploads\/2025\/03\/cropped-para-perfil-8-anos-1-96x96.jpg","caption":"Aliados17"},"sameAs":["https:\/\/www.aliados17.com","https:\/\/www.facebook.com\/Aliados17Pue","https:\/\/x.com\/AliadosPuebla"],"url":"https:\/\/www.aliadospuebla.com\/?author=2"}]}},"views":20,"_links":{"self":[{"href":"https:\/\/www.aliadospuebla.com\/index.php?rest_route=\/wp\/v2\/posts\/109319","targetHints":{"allow":["GET"]}}],"collection":[{"href":"https:\/\/www.aliadospuebla.com\/index.php?rest_route=\/wp\/v2\/posts"}],"about":[{"href":"https:\/\/www.aliadospuebla.com\/index.php?rest_route=\/wp\/v2\/types\/post"}],"author":[{"embeddable":true,"href":"https:\/\/www.aliadospuebla.com\/index.php?rest_route=\/wp\/v2\/users\/2"}],"replies":[{"embeddable":true,"href":"https:\/\/www.aliadospuebla.com\/index.php?rest_route=%2Fwp%2Fv2%2Fcomments&post=109319"}],"version-history":[{"count":1,"href":"https:\/\/www.aliadospuebla.com\/index.php?rest_route=\/wp\/v2\/posts\/109319\/revisions"}],"predecessor-version":[{"id":109321,"href":"https:\/\/www.aliadospuebla.com\/index.php?rest_route=\/wp\/v2\/posts\/109319\/revisions\/109321"}],"wp:featuredmedia":[{"embeddable":true,"href":"https:\/\/www.aliadospuebla.com\/index.php?rest_route=\/wp\/v2\/media\/109320"}],"wp:attachment":[{"href":"https:\/\/www.aliadospuebla.com\/index.php?rest_route=%2Fwp%2Fv2%2Fmedia&parent=109319"}],"wp:term":[{"taxonomy":"category","embeddable":true,"href":"https:\/\/www.aliadospuebla.com\/index.php?rest_route=%2Fwp%2Fv2%2Fcategories&post=109319"},{"taxonomy":"post_tag","embeddable":true,"href":"https:\/\/www.aliadospuebla.com\/index.php?rest_route=%2Fwp%2Fv2%2Ftags&post=109319"}],"curies":[{"name":"wp","href":"https:\/\/api.w.org\/{rel}","templated":true}]}}