{"id":109172,"date":"2025-10-14T19:43:55","date_gmt":"2025-10-15T01:43:55","guid":{"rendered":"https:\/\/www.aliadospuebla.com\/?p=109172"},"modified":"2025-10-14T19:43:55","modified_gmt":"2025-10-15T01:43:55","slug":"exige-pri-al-gobierno-actuar-eficazmente-ante-desastres-naturales","status":"publish","type":"post","link":"https:\/\/www.aliadospuebla.com\/?p=109172","title":{"rendered":"EXIGE PRI AL GOBIERNO ACTUAR EFICAZMENTE ANTE DESASTRES NATURALES"},"content":{"rendered":"<h4>El presidente del partido se\u00f1al\u00f3 que el FONDEN, que Morena desapareci\u00f3, serv\u00eda para reconstruir escuelas, carreteras, suministrar agua potable y luz el\u00e9ctrica.<\/h4>\n<p>Tras manifestar su solidaridad a las familias que resultaron afectadas en el Norte de Puebla<\/p>\n<p>por causa de las lluvias registradas la semana pasada, el presidente del Comit\u00e9 Directivo Estatal (CDE) del PRI,<\/p>\n<p>Juan Jos\u00e9 Castro Justo, exigi\u00f3 al Gobierno de Morena actuar con eficacia<\/p>\n<p>y responsabilidad para atender a la poblaci\u00f3n, quien careci\u00f3 de acciones preventivas.<br \/>\nDestac\u00f3 que en 2021 el oficialismo elimin\u00f3 los recursos del Fondo de Desastres Naturales<\/p>\n<p>(FONDEN) y el PRI se\u00f1al\u00f3 en aquel momento, que era una decisi\u00f3n err\u00f3nea y criminal.<\/p>\n<p>\u201cHoy que se necesitan esos recursos de respuesta inmediata, MORENA<\/p>\n<p>pretende enga\u00f1ar al pueblo de M\u00e9xico con migajas y donativos que en nada resuelven<\/p>\n<p>la grave situaci\u00f3n que afecta a miles de familias\u201d.<br \/>\nAcompa\u00f1ado por la secretaria general, diputada Delfina Pozos Vergara, lament\u00f3 la deficiencia de las administraciones morenistas para llevar a cabo acciones preventivas, con informaci\u00f3n oportuna y adecuada que evitara da\u00f1os, sobre todo, por la p\u00e9rdida de vidas humanas.<br \/>\nEn este sentido, el presidente del Comit\u00e9 Municipal de Puebla, Jorge Eduardo Amador Alarc\u00f3n, destac\u00f3 que se encuentra abierto un Centro de Acopio en sus oficinas, ubicadas en la Avenida 5 Poniente 122, Centro Hist\u00f3rico.<br \/>\nAsimismo, la subsecretaria de Gesti\u00f3n Social del CDE, Ingrid Maldonado Rodr\u00edguez, inform\u00f3 que se localiza otro Centro de Acopio en el Comit\u00e9 Estatal, ubicado en la Diagonal Defensores de la Rep\u00fablica No. 862, en la colonia Adolfo L\u00f3pez Mateos.<br \/>\nFinalmente, el l\u00edder de la Confederaci\u00f3n Nacional Campesina (CNC), Teodomiro Ortega Gonz\u00e1lez, hizo un llamado a las y los priistas del estado a sumarse para apoyar a las personas que lamentablemente sufrieron p\u00e9rdidas por los eventos climatol\u00f3gicos recientes.<\/p>\n","protected":false},"excerpt":{"rendered":"<p>El presidente del partido se\u00f1al\u00f3 que el FONDEN, que Morena desapareci\u00f3, serv\u00eda para reconstruir escuelas, carreteras, suministrar agua potable y luz el\u00e9ctrica. Tras manifestar su solidaridad a las familias que resultaron afectadas en el Norte de Puebla por causa de las lluvias registradas la semana pasada, el presidente del Comit\u00e9 Directivo Estatal (CDE) del PRI, Juan Jos\u00e9 Castro Justo, exigi\u00f3 al Gobierno de Morena actuar con eficacia y responsabilidad para atender a la poblaci\u00f3n, quien careci\u00f3 de acciones preventivas. Destac\u00f3 que en 2021 el oficialismo elimin\u00f3 los recursos del Fondo de Desastres Naturales (FONDEN) y el PRI se\u00f1al\u00f3 en aquel momento, que era una decisi\u00f3n err\u00f3nea y criminal. \u201cHoy que se necesitan esos recursos de respuesta inmediata, MORENA pretende enga\u00f1ar al pueblo de M\u00e9xico con&hellip;<\/p>\n<p class=\"excerpt-more\"><a class=\"blog-excerpt button\" href=\"https:\/\/www.aliadospuebla.com\/?p=109172\">Leer m\u00e1s&#8230;<\/a><\/p>\n","protected":false},"author":2,"featured_media":109173,"comment_status":"open","ping_status":"open","sticky":false,"template":"","format":"standard","meta":{"_monsterinsights_skip_tracking":false,"footnotes":""},"categories":[6],"tags":[9526,21486,1774,31232,30955,666,45],"class_list":["post-109172","post","type-post","status-publish","format-standard","has-post-thumbnail","hentry","category-politica","tag-acciones-preventivas","tag-delfina-pozos-vergara","tag-fonden","tag-jorge-eduardo-amador-alarcon","tag-juan-jose-castro-justo","tag-morena","tag-pri"],"yoast_head":"<!-- This site is optimized with the Yoast SEO plugin v28.4 - https:\/\/yoast.com\/product\/yoast-seo-wordpress\/ -->\n<title>EXIGE PRI AL GOBIERNO ACTUAR EFICAZMENTE ANTE DESASTRES NATURALES - AliadosPuebla<\/title>\n<meta name=\"robots\" content=\"index, follow, max-snippet:-1, max-image-preview:large, max-video-preview:-1\" \/>\n<link rel=\"canonical\" href=\"https:\/\/www.aliadospuebla.com\/?p=109172\" \/>\n<meta property=\"og:locale\" content=\"es_ES\" \/>\n<meta property=\"og:type\" content=\"article\" \/>\n<meta property=\"og:title\" content=\"EXIGE PRI AL GOBIERNO ACTUAR EFICAZMENTE ANTE DESASTRES NATURALES - AliadosPuebla\" \/>\n<meta property=\"og:description\" content=\"El presidente del partido se\u00f1al\u00f3 que el FONDEN, que Morena desapareci\u00f3, serv\u00eda para reconstruir escuelas, carreteras, suministrar agua potable y luz el\u00e9ctrica. Tras manifestar su solidaridad a las familias que resultaron afectadas en el Norte de Puebla por causa de las lluvias registradas la semana pasada, el presidente del Comit\u00e9 Directivo Estatal (CDE) del PRI, Juan Jos\u00e9 Castro Justo, exigi\u00f3 al Gobierno de Morena actuar con eficacia y responsabilidad para atender a la poblaci\u00f3n, quien careci\u00f3 de acciones preventivas. Destac\u00f3 que en 2021 el oficialismo elimin\u00f3 los recursos del Fondo de Desastres Naturales (FONDEN) y el PRI se\u00f1al\u00f3 en aquel momento, que era una decisi\u00f3n err\u00f3nea y criminal. \u201cHoy que se necesitan esos recursos de respuesta inmediata, MORENA pretende enga\u00f1ar al pueblo de M\u00e9xico con&hellip;Leer m\u00e1s...\" \/>\n<meta property=\"og:url\" content=\"https:\/\/www.aliadospuebla.com\/?p=109172\" \/>\n<meta property=\"og:site_name\" content=\"AliadosPuebla\" \/>\n<meta property=\"article:author\" content=\"https:\/\/www.facebook.com\/Aliados17Pue\" \/>\n<meta property=\"article:published_time\" content=\"2025-10-15T01:43:55+00:00\" \/>\n<meta property=\"og:image\" content=\"https:\/\/www.aliadospuebla.com\/web2017\/wp-content\/uploads\/2025\/10\/287.jpg\" \/>\n\t<meta property=\"og:image:width\" content=\"600\" \/>\n\t<meta property=\"og:image:height\" content=\"450\" \/>\n\t<meta property=\"og:image:type\" content=\"image\/jpeg\" \/>\n<meta name=\"author\" content=\"Aliados17\" \/>\n<meta name=\"twitter:card\" content=\"summary_large_image\" \/>\n<meta name=\"twitter:creator\" content=\"@AliadosPuebla\" \/>\n<meta name=\"twitter:label1\" content=\"Escrito por\" \/>\n\t<meta name=\"twitter:data1\" content=\"Aliados17\" \/>\n\t<meta name=\"twitter:label2\" content=\"Tiempo de lectura\" \/>\n\t<meta name=\"twitter:data2\" content=\"2 minutos\" \/>\n<script type=\"application\/ld+json\" class=\"yoast-schema-graph\">{\"@context\":\"https:\\\/\\\/schema.org\",\"@graph\":[{\"@type\":\"Article\",\"@id\":\"https:\\\/\\\/www.aliadospuebla.com\\\/?p=109172#article\",\"isPartOf\":{\"@id\":\"https:\\\/\\\/www.aliadospuebla.com\\\/?p=109172\"},\"author\":{\"name\":\"Aliados17\",\"@id\":\"https:\\\/\\\/www.aliadospuebla.com\\\/#\\\/schema\\\/person\\\/5da7dd09320bd4f392b710017ed5f8ad\"},\"headline\":\"EXIGE PRI AL GOBIERNO ACTUAR EFICAZMENTE ANTE DESASTRES NATURALES\",\"datePublished\":\"2025-10-15T01:43:55+00:00\",\"mainEntityOfPage\":{\"@id\":\"https:\\\/\\\/www.aliadospuebla.com\\\/?p=109172\"},\"wordCount\":321,\"commentCount\":0,\"image\":{\"@id\":\"https:\\\/\\\/www.aliadospuebla.com\\\/?p=109172#primaryimage\"},\"thumbnailUrl\":\"https:\\\/\\\/www.aliadospuebla.com\\\/web2017\\\/wp-content\\\/uploads\\\/2025\\\/10\\\/287.jpg\",\"keywords\":[\"acciones preventivas\",\"Delfina Pozos Vergara\",\"FONDEN\",\"Jorge Eduardo Amador Alarc\u00f3n\",\"Juan Jos\u00e9 Castro Justo\",\"MORENA\",\"PRI\"],\"articleSection\":[\"Pol\u00edtica\"],\"inLanguage\":\"es\",\"potentialAction\":[{\"@type\":\"CommentAction\",\"name\":\"Comment\",\"target\":[\"https:\\\/\\\/www.aliadospuebla.com\\\/?p=109172#respond\"]}]},{\"@type\":\"WebPage\",\"@id\":\"https:\\\/\\\/www.aliadospuebla.com\\\/?p=109172\",\"url\":\"https:\\\/\\\/www.aliadospuebla.com\\\/?p=109172\",\"name\":\"EXIGE PRI AL GOBIERNO ACTUAR EFICAZMENTE ANTE DESASTRES NATURALES - AliadosPuebla\",\"isPartOf\":{\"@id\":\"https:\\\/\\\/www.aliadospuebla.com\\\/#website\"},\"primaryImageOfPage\":{\"@id\":\"https:\\\/\\\/www.aliadospuebla.com\\\/?p=109172#primaryimage\"},\"image\":{\"@id\":\"https:\\\/\\\/www.aliadospuebla.com\\\/?p=109172#primaryimage\"},\"thumbnailUrl\":\"https:\\\/\\\/www.aliadospuebla.com\\\/web2017\\\/wp-content\\\/uploads\\\/2025\\\/10\\\/287.jpg\",\"datePublished\":\"2025-10-15T01:43:55+00:00\",\"author\":{\"@id\":\"https:\\\/\\\/www.aliadospuebla.com\\\/#\\\/schema\\\/person\\\/5da7dd09320bd4f392b710017ed5f8ad\"},\"breadcrumb\":{\"@id\":\"https:\\\/\\\/www.aliadospuebla.com\\\/?p=109172#breadcrumb\"},\"inLanguage\":\"es\",\"potentialAction\":[{\"@type\":\"ReadAction\",\"target\":[\"https:\\\/\\\/www.aliadospuebla.com\\\/?p=109172\"]}]},{\"@type\":\"ImageObject\",\"inLanguage\":\"es\",\"@id\":\"https:\\\/\\\/www.aliadospuebla.com\\\/?p=109172#primaryimage\",\"url\":\"https:\\\/\\\/www.aliadospuebla.com\\\/web2017\\\/wp-content\\\/uploads\\\/2025\\\/10\\\/287.jpg\",\"contentUrl\":\"https:\\\/\\\/www.aliadospuebla.com\\\/web2017\\\/wp-content\\\/uploads\\\/2025\\\/10\\\/287.jpg\",\"width\":600,\"height\":450},{\"@type\":\"BreadcrumbList\",\"@id\":\"https:\\\/\\\/www.aliadospuebla.com\\\/?p=109172#breadcrumb\",\"itemListElement\":[{\"@type\":\"ListItem\",\"position\":1,\"name\":\"Portada\",\"item\":\"https:\\\/\\\/www.aliadospuebla.com\\\/\"},{\"@type\":\"ListItem\",\"position\":2,\"name\":\"EXIGE PRI AL GOBIERNO ACTUAR EFICAZMENTE ANTE DESASTRES NATURALES\"}]},{\"@type\":\"WebSite\",\"@id\":\"https:\\\/\\\/www.aliadospuebla.com\\\/#website\",\"url\":\"https:\\\/\\\/www.aliadospuebla.com\\\/\",\"name\":\"AliadosPuebla\",\"description\":\"La informaci\u00f3n en tus manos\",\"potentialAction\":[{\"@type\":\"SearchAction\",\"target\":{\"@type\":\"EntryPoint\",\"urlTemplate\":\"https:\\\/\\\/www.aliadospuebla.com\\\/?s={search_term_string}\"},\"query-input\":{\"@type\":\"PropertyValueSpecification\",\"valueRequired\":true,\"valueName\":\"search_term_string\"}}],\"inLanguage\":\"es\"},{\"@type\":\"Person\",\"@id\":\"https:\\\/\\\/www.aliadospuebla.com\\\/#\\\/schema\\\/person\\\/5da7dd09320bd4f392b710017ed5f8ad\",\"name\":\"Aliados17\",\"image\":{\"@type\":\"ImageObject\",\"inLanguage\":\"es\",\"@id\":\"https:\\\/\\\/www.aliadospuebla.com\\\/web2017\\\/wp-content\\\/uploads\\\/2025\\\/03\\\/cropped-para-perfil-8-anos-1-96x96.jpg\",\"url\":\"https:\\\/\\\/www.aliadospuebla.com\\\/web2017\\\/wp-content\\\/uploads\\\/2025\\\/03\\\/cropped-para-perfil-8-anos-1-96x96.jpg\",\"contentUrl\":\"https:\\\/\\\/www.aliadospuebla.com\\\/web2017\\\/wp-content\\\/uploads\\\/2025\\\/03\\\/cropped-para-perfil-8-anos-1-96x96.jpg\",\"caption\":\"Aliados17\"},\"sameAs\":[\"https:\\\/\\\/www.aliados17.com\",\"https:\\\/\\\/www.facebook.com\\\/Aliados17Pue\",\"https:\\\/\\\/x.com\\\/AliadosPuebla\"],\"url\":\"https:\\\/\\\/www.aliadospuebla.com\\\/?author=2\"}]}<\/script>\n<!-- \/ Yoast SEO plugin. -->","yoast_head_json":{"title":"EXIGE PRI AL GOBIERNO ACTUAR EFICAZMENTE ANTE DESASTRES NATURALES - AliadosPuebla","robots":{"index":"index","follow":"follow","max-snippet":"max-snippet:-1","max-image-preview":"max-image-preview:large","max-video-preview":"max-video-preview:-1"},"canonical":"https:\/\/www.aliadospuebla.com\/?p=109172","og_locale":"es_ES","og_type":"article","og_title":"EXIGE PRI AL GOBIERNO ACTUAR EFICAZMENTE ANTE DESASTRES NATURALES - AliadosPuebla","og_description":"El presidente del partido se\u00f1al\u00f3 que el FONDEN, que Morena desapareci\u00f3, serv\u00eda para reconstruir escuelas, carreteras, suministrar agua potable y luz el\u00e9ctrica. Tras manifestar su solidaridad a las familias que resultaron afectadas en el Norte de Puebla por causa de las lluvias registradas la semana pasada, el presidente del Comit\u00e9 Directivo Estatal (CDE) del PRI, Juan Jos\u00e9 Castro Justo, exigi\u00f3 al Gobierno de Morena actuar con eficacia y responsabilidad para atender a la poblaci\u00f3n, quien careci\u00f3 de acciones preventivas. Destac\u00f3 que en 2021 el oficialismo elimin\u00f3 los recursos del Fondo de Desastres Naturales (FONDEN) y el PRI se\u00f1al\u00f3 en aquel momento, que era una decisi\u00f3n err\u00f3nea y criminal. \u201cHoy que se necesitan esos recursos de respuesta inmediata, MORENA pretende enga\u00f1ar al pueblo de M\u00e9xico con&hellip;Leer m\u00e1s...","og_url":"https:\/\/www.aliadospuebla.com\/?p=109172","og_site_name":"AliadosPuebla","article_author":"https:\/\/www.facebook.com\/Aliados17Pue","article_published_time":"2025-10-15T01:43:55+00:00","og_image":[{"width":600,"height":450,"url":"https:\/\/www.aliadospuebla.com\/web2017\/wp-content\/uploads\/2025\/10\/287.jpg","type":"image\/jpeg"}],"author":"Aliados17","twitter_card":"summary_large_image","twitter_creator":"@AliadosPuebla","twitter_misc":{"Escrito por":"Aliados17","Tiempo de lectura":"2 minutos"},"schema":{"@context":"https:\/\/schema.org","@graph":[{"@type":"Article","@id":"https:\/\/www.aliadospuebla.com\/?p=109172#article","isPartOf":{"@id":"https:\/\/www.aliadospuebla.com\/?p=109172"},"author":{"name":"Aliados17","@id":"https:\/\/www.aliadospuebla.com\/#\/schema\/person\/5da7dd09320bd4f392b710017ed5f8ad"},"headline":"EXIGE PRI AL GOBIERNO ACTUAR EFICAZMENTE ANTE DESASTRES NATURALES","datePublished":"2025-10-15T01:43:55+00:00","mainEntityOfPage":{"@id":"https:\/\/www.aliadospuebla.com\/?p=109172"},"wordCount":321,"commentCount":0,"image":{"@id":"https:\/\/www.aliadospuebla.com\/?p=109172#primaryimage"},"thumbnailUrl":"https:\/\/www.aliadospuebla.com\/web2017\/wp-content\/uploads\/2025\/10\/287.jpg","keywords":["acciones preventivas","Delfina Pozos Vergara","FONDEN","Jorge Eduardo Amador Alarc\u00f3n","Juan Jos\u00e9 Castro Justo","MORENA","PRI"],"articleSection":["Pol\u00edtica"],"inLanguage":"es","potentialAction":[{"@type":"CommentAction","name":"Comment","target":["https:\/\/www.aliadospuebla.com\/?p=109172#respond"]}]},{"@type":"WebPage","@id":"https:\/\/www.aliadospuebla.com\/?p=109172","url":"https:\/\/www.aliadospuebla.com\/?p=109172","name":"EXIGE PRI AL GOBIERNO ACTUAR EFICAZMENTE ANTE DESASTRES NATURALES - AliadosPuebla","isPartOf":{"@id":"https:\/\/www.aliadospuebla.com\/#website"},"primaryImageOfPage":{"@id":"https:\/\/www.aliadospuebla.com\/?p=109172#primaryimage"},"image":{"@id":"https:\/\/www.aliadospuebla.com\/?p=109172#primaryimage"},"thumbnailUrl":"https:\/\/www.aliadospuebla.com\/web2017\/wp-content\/uploads\/2025\/10\/287.jpg","datePublished":"2025-10-15T01:43:55+00:00","author":{"@id":"https:\/\/www.aliadospuebla.com\/#\/schema\/person\/5da7dd09320bd4f392b710017ed5f8ad"},"breadcrumb":{"@id":"https:\/\/www.aliadospuebla.com\/?p=109172#breadcrumb"},"inLanguage":"es","potentialAction":[{"@type":"ReadAction","target":["https:\/\/www.aliadospuebla.com\/?p=109172"]}]},{"@type":"ImageObject","inLanguage":"es","@id":"https:\/\/www.aliadospuebla.com\/?p=109172#primaryimage","url":"https:\/\/www.aliadospuebla.com\/web2017\/wp-content\/uploads\/2025\/10\/287.jpg","contentUrl":"https:\/\/www.aliadospuebla.com\/web2017\/wp-content\/uploads\/2025\/10\/287.jpg","width":600,"height":450},{"@type":"BreadcrumbList","@id":"https:\/\/www.aliadospuebla.com\/?p=109172#breadcrumb","itemListElement":[{"@type":"ListItem","position":1,"name":"Portada","item":"https:\/\/www.aliadospuebla.com\/"},{"@type":"ListItem","position":2,"name":"EXIGE PRI AL GOBIERNO ACTUAR EFICAZMENTE ANTE DESASTRES NATURALES"}]},{"@type":"WebSite","@id":"https:\/\/www.aliadospuebla.com\/#website","url":"https:\/\/www.aliadospuebla.com\/","name":"AliadosPuebla","description":"La informaci\u00f3n en tus manos","potentialAction":[{"@type":"SearchAction","target":{"@type":"EntryPoint","urlTemplate":"https:\/\/www.aliadospuebla.com\/?s={search_term_string}"},"query-input":{"@type":"PropertyValueSpecification","valueRequired":true,"valueName":"search_term_string"}}],"inLanguage":"es"},{"@type":"Person","@id":"https:\/\/www.aliadospuebla.com\/#\/schema\/person\/5da7dd09320bd4f392b710017ed5f8ad","name":"Aliados17","image":{"@type":"ImageObject","inLanguage":"es","@id":"https:\/\/www.aliadospuebla.com\/web2017\/wp-content\/uploads\/2025\/03\/cropped-para-perfil-8-anos-1-96x96.jpg","url":"https:\/\/www.aliadospuebla.com\/web2017\/wp-content\/uploads\/2025\/03\/cropped-para-perfil-8-anos-1-96x96.jpg","contentUrl":"https:\/\/www.aliadospuebla.com\/web2017\/wp-content\/uploads\/2025\/03\/cropped-para-perfil-8-anos-1-96x96.jpg","caption":"Aliados17"},"sameAs":["https:\/\/www.aliados17.com","https:\/\/www.facebook.com\/Aliados17Pue","https:\/\/x.com\/AliadosPuebla"],"url":"https:\/\/www.aliadospuebla.com\/?author=2"}]}},"views":29,"_links":{"self":[{"href":"https:\/\/www.aliadospuebla.com\/index.php?rest_route=\/wp\/v2\/posts\/109172","targetHints":{"allow":["GET"]}}],"collection":[{"href":"https:\/\/www.aliadospuebla.com\/index.php?rest_route=\/wp\/v2\/posts"}],"about":[{"href":"https:\/\/www.aliadospuebla.com\/index.php?rest_route=\/wp\/v2\/types\/post"}],"author":[{"embeddable":true,"href":"https:\/\/www.aliadospuebla.com\/index.php?rest_route=\/wp\/v2\/users\/2"}],"replies":[{"embeddable":true,"href":"https:\/\/www.aliadospuebla.com\/index.php?rest_route=%2Fwp%2Fv2%2Fcomments&post=109172"}],"version-history":[{"count":1,"href":"https:\/\/www.aliadospuebla.com\/index.php?rest_route=\/wp\/v2\/posts\/109172\/revisions"}],"predecessor-version":[{"id":109174,"href":"https:\/\/www.aliadospuebla.com\/index.php?rest_route=\/wp\/v2\/posts\/109172\/revisions\/109174"}],"wp:featuredmedia":[{"embeddable":true,"href":"https:\/\/www.aliadospuebla.com\/index.php?rest_route=\/wp\/v2\/media\/109173"}],"wp:attachment":[{"href":"https:\/\/www.aliadospuebla.com\/index.php?rest_route=%2Fwp%2Fv2%2Fmedia&parent=109172"}],"wp:term":[{"taxonomy":"category","embeddable":true,"href":"https:\/\/www.aliadospuebla.com\/index.php?rest_route=%2Fwp%2Fv2%2Fcategories&post=109172"},{"taxonomy":"post_tag","embeddable":true,"href":"https:\/\/www.aliadospuebla.com\/index.php?rest_route=%2Fwp%2Fv2%2Ftags&post=109172"}],"curies":[{"name":"wp","href":"https:\/\/api.w.org\/{rel}","templated":true}]}}