{"id":109160,"date":"2025-10-14T09:39:50","date_gmt":"2025-10-14T15:39:50","guid":{"rendered":"https:\/\/www.aliadospuebla.com\/?p=109160"},"modified":"2025-10-14T09:39:50","modified_gmt":"2025-10-14T15:39:50","slug":"seguiremos-dignificando-las-vialidades-de-todo-san-pedro-cholula-tonantzin-fernandez","status":"publish","type":"post","link":"https:\/\/www.aliadospuebla.com\/?p=109160","title":{"rendered":"\u201cSeguiremos dignificando las vialidades de todo San Pedro Cholula\u201d: Tonantzin Fern\u00e1ndez"},"content":{"rendered":"<h4>La presidenta municipal dio el arranque de una obra m\u00e1s en la Cabecera Municipal<\/h4>\n<p>&#8211; Las cuadrillas de bacheo contin\u00faan recorriendo las calles del municipio<\/p>\n<p>San Pedro Cholula, Pue. &#8211; Atendiendo una de las principales demandas de las y los ciudadanos,<\/p>\n<p>la presidenta municipal, Tonantzin Fern\u00e1ndez, contin\u00faa impulsando obras p\u00fablicas<\/p>\n<p>que mejoran la movilidad y la calidad de vida en todo San Pedro Cholula.<\/p>\n<p>En esta ocasi\u00f3n, la edil dio el banderazo de inicio a los trabajos de rehabilitaci\u00f3n<\/p>\n<p>de la calle 5 de Mayo, entre 20 Oriente-Poniente y Cholula, ubicada en el barrio de Santiago Mixquitla,<\/p>\n<p>perteneciente a la Cabecera Municipal.<\/p>\n<p>De acuerdo con vecinas y vecinos de la zona, esta vialidad no hab\u00eda sido intervenida<\/p>\n<p>desde su construcci\u00f3n y, al ser una de las m\u00e1s transitadas para llegar al Centro y conectar<\/p>\n<p>con la 12 Oriente-Poniente, presentaba un notable deterioro que hac\u00eda urgente su rehabilitaci\u00f3n.<\/p>\n<p>Al respecto, Tonantzin Fern\u00e1ndez destac\u00f3 que su administraci\u00f3n est\u00e1 asumiendo<\/p>\n<p>la responsabilidad de terminar con el abandono y la negligencia que durante a\u00f1os<\/p>\n<p>afectaron a las calles de San Pedro Cholula, provocando miles de baches y vialidades en mal estado.<\/p>\n<h4>CONTIN\u00daA LA TERCERA ETAPA DEL \u201cBACHET\u00d3N\u201d RECORRIENDO EL MUNICIPIO<\/h4>\n<p>De manera paralela, la presidenta municipal supervis\u00f3 los avances de la tercera etapa<\/p>\n<p>del programa Bachet\u00f3n, que actualmente se encuentra trabajando en la 17 Poniente,<\/p>\n<p>entre 9 y 11 Sur, en la Cabecera Municipal.<\/p>\n<p>Durante su recorrido, Tonantzin Fern\u00e1ndez inform\u00f3 que las cuadrillas<\/p>\n<p>contin\u00faan laborando diariamente para tapar baches en distintos puntos del municipio<\/p>\n<p>y reiter\u00f3 que las calles que ya no son aptas para bacheo ser\u00e1n incluidas<\/p>\n<p>en el programa de rehabilitaci\u00f3n integral.<\/p>\n","protected":false},"excerpt":{"rendered":"<p>La presidenta municipal dio el arranque de una obra m\u00e1s en la Cabecera Municipal &#8211; Las cuadrillas de bacheo contin\u00faan recorriendo las calles del municipio San Pedro Cholula, Pue. &#8211; Atendiendo una de las principales demandas de las y los ciudadanos, la presidenta municipal, Tonantzin Fern\u00e1ndez, contin\u00faa impulsando obras p\u00fablicas que mejoran la movilidad y la calidad de vida en todo San Pedro Cholula. En esta ocasi\u00f3n, la edil dio el banderazo de inicio a los trabajos de rehabilitaci\u00f3n de la calle 5 de Mayo, entre 20 Oriente-Poniente y Cholula, ubicada en el barrio de Santiago Mixquitla, perteneciente a la Cabecera Municipal. De acuerdo con vecinas y vecinos de la zona, esta vialidad no hab\u00eda sido intervenida desde su construcci\u00f3n y, al ser una de&hellip;<\/p>\n<p class=\"excerpt-more\"><a class=\"blog-excerpt button\" href=\"https:\/\/www.aliadospuebla.com\/?p=109160\">Leer m\u00e1s&#8230;<\/a><\/p>\n","protected":false},"author":2,"featured_media":109161,"comment_status":"open","ping_status":"open","sticky":false,"template":"","format":"standard","meta":{"_monsterinsights_skip_tracking":false,"footnotes":""},"categories":[4],"tags":[2697,15038,387,7394,508],"class_list":["post-109160","post","type-post","status-publish","format-standard","has-post-thumbnail","hentry","category-municipios","tag-cabecera-municipal","tag-rehabilitacion-integral","tag-san-pedro-cholula","tag-tonantzin-fernandez","tag-vialidades"],"yoast_head":"<!-- This site is optimized with the Yoast SEO plugin v28.4 - https:\/\/yoast.com\/product\/yoast-seo-wordpress\/ -->\n<title>\u201cSeguiremos dignificando las vialidades de todo San Pedro Cholula\u201d: Tonantzin Fern\u00e1ndez - AliadosPuebla<\/title>\n<meta name=\"robots\" content=\"index, follow, max-snippet:-1, max-image-preview:large, max-video-preview:-1\" \/>\n<link rel=\"canonical\" href=\"https:\/\/www.aliadospuebla.com\/?p=109160\" \/>\n<meta property=\"og:locale\" content=\"es_ES\" \/>\n<meta property=\"og:type\" content=\"article\" \/>\n<meta property=\"og:title\" content=\"\u201cSeguiremos dignificando las vialidades de todo San Pedro Cholula\u201d: Tonantzin Fern\u00e1ndez - AliadosPuebla\" \/>\n<meta property=\"og:description\" content=\"La presidenta municipal dio el arranque de una obra m\u00e1s en la Cabecera Municipal &#8211; Las cuadrillas de bacheo contin\u00faan recorriendo las calles del municipio San Pedro Cholula, Pue. &#8211; Atendiendo una de las principales demandas de las y los ciudadanos, la presidenta municipal, Tonantzin Fern\u00e1ndez, contin\u00faa impulsando obras p\u00fablicas que mejoran la movilidad y la calidad de vida en todo San Pedro Cholula. En esta ocasi\u00f3n, la edil dio el banderazo de inicio a los trabajos de rehabilitaci\u00f3n de la calle 5 de Mayo, entre 20 Oriente-Poniente y Cholula, ubicada en el barrio de Santiago Mixquitla, perteneciente a la Cabecera Municipal. De acuerdo con vecinas y vecinos de la zona, esta vialidad no hab\u00eda sido intervenida desde su construcci\u00f3n y, al ser una de&hellip;Leer m\u00e1s...\" \/>\n<meta property=\"og:url\" content=\"https:\/\/www.aliadospuebla.com\/?p=109160\" \/>\n<meta property=\"og:site_name\" content=\"AliadosPuebla\" \/>\n<meta property=\"article:author\" content=\"https:\/\/www.facebook.com\/Aliados17Pue\" \/>\n<meta property=\"article:published_time\" content=\"2025-10-14T15:39:50+00:00\" \/>\n<meta property=\"og:image\" content=\"https:\/\/www.aliadospuebla.com\/web2017\/wp-content\/uploads\/2025\/10\/283.jpg\" \/>\n\t<meta property=\"og:image:width\" content=\"600\" \/>\n\t<meta property=\"og:image:height\" content=\"450\" \/>\n\t<meta property=\"og:image:type\" content=\"image\/jpeg\" \/>\n<meta name=\"author\" content=\"Aliados17\" \/>\n<meta name=\"twitter:card\" content=\"summary_large_image\" \/>\n<meta name=\"twitter:creator\" content=\"@AliadosPuebla\" \/>\n<meta name=\"twitter:label1\" content=\"Escrito por\" \/>\n\t<meta name=\"twitter:data1\" content=\"Aliados17\" \/>\n\t<meta name=\"twitter:label2\" content=\"Tiempo de lectura\" \/>\n\t<meta name=\"twitter:data2\" content=\"2 minutos\" \/>\n<script type=\"application\/ld+json\" class=\"yoast-schema-graph\">{\"@context\":\"https:\\\/\\\/schema.org\",\"@graph\":[{\"@type\":\"Article\",\"@id\":\"https:\\\/\\\/www.aliadospuebla.com\\\/?p=109160#article\",\"isPartOf\":{\"@id\":\"https:\\\/\\\/www.aliadospuebla.com\\\/?p=109160\"},\"author\":{\"name\":\"Aliados17\",\"@id\":\"https:\\\/\\\/www.aliadospuebla.com\\\/#\\\/schema\\\/person\\\/5da7dd09320bd4f392b710017ed5f8ad\"},\"headline\":\"\u201cSeguiremos dignificando las vialidades de todo San Pedro Cholula\u201d: Tonantzin Fern\u00e1ndez\",\"datePublished\":\"2025-10-14T15:39:50+00:00\",\"mainEntityOfPage\":{\"@id\":\"https:\\\/\\\/www.aliadospuebla.com\\\/?p=109160\"},\"wordCount\":298,\"commentCount\":0,\"image\":{\"@id\":\"https:\\\/\\\/www.aliadospuebla.com\\\/?p=109160#primaryimage\"},\"thumbnailUrl\":\"https:\\\/\\\/www.aliadospuebla.com\\\/web2017\\\/wp-content\\\/uploads\\\/2025\\\/10\\\/283.jpg\",\"keywords\":[\"CABECERA MUNICIPAL\",\"rehabilitaci\u00f3n integral\",\"SAN PEDRO CHOLULA\",\"TONANTZIN FERN\u00c1NDEZ\",\"VIALIDADES\"],\"articleSection\":[\"Municipios\"],\"inLanguage\":\"es\",\"potentialAction\":[{\"@type\":\"CommentAction\",\"name\":\"Comment\",\"target\":[\"https:\\\/\\\/www.aliadospuebla.com\\\/?p=109160#respond\"]}]},{\"@type\":\"WebPage\",\"@id\":\"https:\\\/\\\/www.aliadospuebla.com\\\/?p=109160\",\"url\":\"https:\\\/\\\/www.aliadospuebla.com\\\/?p=109160\",\"name\":\"\u201cSeguiremos dignificando las vialidades de todo San Pedro Cholula\u201d: Tonantzin Fern\u00e1ndez - AliadosPuebla\",\"isPartOf\":{\"@id\":\"https:\\\/\\\/www.aliadospuebla.com\\\/#website\"},\"primaryImageOfPage\":{\"@id\":\"https:\\\/\\\/www.aliadospuebla.com\\\/?p=109160#primaryimage\"},\"image\":{\"@id\":\"https:\\\/\\\/www.aliadospuebla.com\\\/?p=109160#primaryimage\"},\"thumbnailUrl\":\"https:\\\/\\\/www.aliadospuebla.com\\\/web2017\\\/wp-content\\\/uploads\\\/2025\\\/10\\\/283.jpg\",\"datePublished\":\"2025-10-14T15:39:50+00:00\",\"author\":{\"@id\":\"https:\\\/\\\/www.aliadospuebla.com\\\/#\\\/schema\\\/person\\\/5da7dd09320bd4f392b710017ed5f8ad\"},\"breadcrumb\":{\"@id\":\"https:\\\/\\\/www.aliadospuebla.com\\\/?p=109160#breadcrumb\"},\"inLanguage\":\"es\",\"potentialAction\":[{\"@type\":\"ReadAction\",\"target\":[\"https:\\\/\\\/www.aliadospuebla.com\\\/?p=109160\"]}]},{\"@type\":\"ImageObject\",\"inLanguage\":\"es\",\"@id\":\"https:\\\/\\\/www.aliadospuebla.com\\\/?p=109160#primaryimage\",\"url\":\"https:\\\/\\\/www.aliadospuebla.com\\\/web2017\\\/wp-content\\\/uploads\\\/2025\\\/10\\\/283.jpg\",\"contentUrl\":\"https:\\\/\\\/www.aliadospuebla.com\\\/web2017\\\/wp-content\\\/uploads\\\/2025\\\/10\\\/283.jpg\",\"width\":600,\"height\":450},{\"@type\":\"BreadcrumbList\",\"@id\":\"https:\\\/\\\/www.aliadospuebla.com\\\/?p=109160#breadcrumb\",\"itemListElement\":[{\"@type\":\"ListItem\",\"position\":1,\"name\":\"Portada\",\"item\":\"https:\\\/\\\/www.aliadospuebla.com\\\/\"},{\"@type\":\"ListItem\",\"position\":2,\"name\":\"\u201cSeguiremos dignificando las vialidades de todo San Pedro Cholula\u201d: Tonantzin Fern\u00e1ndez\"}]},{\"@type\":\"WebSite\",\"@id\":\"https:\\\/\\\/www.aliadospuebla.com\\\/#website\",\"url\":\"https:\\\/\\\/www.aliadospuebla.com\\\/\",\"name\":\"AliadosPuebla\",\"description\":\"La informaci\u00f3n en tus manos\",\"potentialAction\":[{\"@type\":\"SearchAction\",\"target\":{\"@type\":\"EntryPoint\",\"urlTemplate\":\"https:\\\/\\\/www.aliadospuebla.com\\\/?s={search_term_string}\"},\"query-input\":{\"@type\":\"PropertyValueSpecification\",\"valueRequired\":true,\"valueName\":\"search_term_string\"}}],\"inLanguage\":\"es\"},{\"@type\":\"Person\",\"@id\":\"https:\\\/\\\/www.aliadospuebla.com\\\/#\\\/schema\\\/person\\\/5da7dd09320bd4f392b710017ed5f8ad\",\"name\":\"Aliados17\",\"image\":{\"@type\":\"ImageObject\",\"inLanguage\":\"es\",\"@id\":\"https:\\\/\\\/www.aliadospuebla.com\\\/web2017\\\/wp-content\\\/uploads\\\/2025\\\/03\\\/cropped-para-perfil-8-anos-1-96x96.jpg\",\"url\":\"https:\\\/\\\/www.aliadospuebla.com\\\/web2017\\\/wp-content\\\/uploads\\\/2025\\\/03\\\/cropped-para-perfil-8-anos-1-96x96.jpg\",\"contentUrl\":\"https:\\\/\\\/www.aliadospuebla.com\\\/web2017\\\/wp-content\\\/uploads\\\/2025\\\/03\\\/cropped-para-perfil-8-anos-1-96x96.jpg\",\"caption\":\"Aliados17\"},\"sameAs\":[\"https:\\\/\\\/www.aliados17.com\",\"https:\\\/\\\/www.facebook.com\\\/Aliados17Pue\",\"https:\\\/\\\/x.com\\\/AliadosPuebla\"],\"url\":\"https:\\\/\\\/www.aliadospuebla.com\\\/?author=2\"}]}<\/script>\n<!-- \/ Yoast SEO plugin. -->","yoast_head_json":{"title":"\u201cSeguiremos dignificando las vialidades de todo San Pedro Cholula\u201d: Tonantzin Fern\u00e1ndez - AliadosPuebla","robots":{"index":"index","follow":"follow","max-snippet":"max-snippet:-1","max-image-preview":"max-image-preview:large","max-video-preview":"max-video-preview:-1"},"canonical":"https:\/\/www.aliadospuebla.com\/?p=109160","og_locale":"es_ES","og_type":"article","og_title":"\u201cSeguiremos dignificando las vialidades de todo San Pedro Cholula\u201d: Tonantzin Fern\u00e1ndez - AliadosPuebla","og_description":"La presidenta municipal dio el arranque de una obra m\u00e1s en la Cabecera Municipal &#8211; Las cuadrillas de bacheo contin\u00faan recorriendo las calles del municipio San Pedro Cholula, Pue. &#8211; Atendiendo una de las principales demandas de las y los ciudadanos, la presidenta municipal, Tonantzin Fern\u00e1ndez, contin\u00faa impulsando obras p\u00fablicas que mejoran la movilidad y la calidad de vida en todo San Pedro Cholula. En esta ocasi\u00f3n, la edil dio el banderazo de inicio a los trabajos de rehabilitaci\u00f3n de la calle 5 de Mayo, entre 20 Oriente-Poniente y Cholula, ubicada en el barrio de Santiago Mixquitla, perteneciente a la Cabecera Municipal. De acuerdo con vecinas y vecinos de la zona, esta vialidad no hab\u00eda sido intervenida desde su construcci\u00f3n y, al ser una de&hellip;Leer m\u00e1s...","og_url":"https:\/\/www.aliadospuebla.com\/?p=109160","og_site_name":"AliadosPuebla","article_author":"https:\/\/www.facebook.com\/Aliados17Pue","article_published_time":"2025-10-14T15:39:50+00:00","og_image":[{"width":600,"height":450,"url":"https:\/\/www.aliadospuebla.com\/web2017\/wp-content\/uploads\/2025\/10\/283.jpg","type":"image\/jpeg"}],"author":"Aliados17","twitter_card":"summary_large_image","twitter_creator":"@AliadosPuebla","twitter_misc":{"Escrito por":"Aliados17","Tiempo de lectura":"2 minutos"},"schema":{"@context":"https:\/\/schema.org","@graph":[{"@type":"Article","@id":"https:\/\/www.aliadospuebla.com\/?p=109160#article","isPartOf":{"@id":"https:\/\/www.aliadospuebla.com\/?p=109160"},"author":{"name":"Aliados17","@id":"https:\/\/www.aliadospuebla.com\/#\/schema\/person\/5da7dd09320bd4f392b710017ed5f8ad"},"headline":"\u201cSeguiremos dignificando las vialidades de todo San Pedro Cholula\u201d: Tonantzin Fern\u00e1ndez","datePublished":"2025-10-14T15:39:50+00:00","mainEntityOfPage":{"@id":"https:\/\/www.aliadospuebla.com\/?p=109160"},"wordCount":298,"commentCount":0,"image":{"@id":"https:\/\/www.aliadospuebla.com\/?p=109160#primaryimage"},"thumbnailUrl":"https:\/\/www.aliadospuebla.com\/web2017\/wp-content\/uploads\/2025\/10\/283.jpg","keywords":["CABECERA MUNICIPAL","rehabilitaci\u00f3n integral","SAN PEDRO CHOLULA","TONANTZIN FERN\u00c1NDEZ","VIALIDADES"],"articleSection":["Municipios"],"inLanguage":"es","potentialAction":[{"@type":"CommentAction","name":"Comment","target":["https:\/\/www.aliadospuebla.com\/?p=109160#respond"]}]},{"@type":"WebPage","@id":"https:\/\/www.aliadospuebla.com\/?p=109160","url":"https:\/\/www.aliadospuebla.com\/?p=109160","name":"\u201cSeguiremos dignificando las vialidades de todo San Pedro Cholula\u201d: Tonantzin Fern\u00e1ndez - AliadosPuebla","isPartOf":{"@id":"https:\/\/www.aliadospuebla.com\/#website"},"primaryImageOfPage":{"@id":"https:\/\/www.aliadospuebla.com\/?p=109160#primaryimage"},"image":{"@id":"https:\/\/www.aliadospuebla.com\/?p=109160#primaryimage"},"thumbnailUrl":"https:\/\/www.aliadospuebla.com\/web2017\/wp-content\/uploads\/2025\/10\/283.jpg","datePublished":"2025-10-14T15:39:50+00:00","author":{"@id":"https:\/\/www.aliadospuebla.com\/#\/schema\/person\/5da7dd09320bd4f392b710017ed5f8ad"},"breadcrumb":{"@id":"https:\/\/www.aliadospuebla.com\/?p=109160#breadcrumb"},"inLanguage":"es","potentialAction":[{"@type":"ReadAction","target":["https:\/\/www.aliadospuebla.com\/?p=109160"]}]},{"@type":"ImageObject","inLanguage":"es","@id":"https:\/\/www.aliadospuebla.com\/?p=109160#primaryimage","url":"https:\/\/www.aliadospuebla.com\/web2017\/wp-content\/uploads\/2025\/10\/283.jpg","contentUrl":"https:\/\/www.aliadospuebla.com\/web2017\/wp-content\/uploads\/2025\/10\/283.jpg","width":600,"height":450},{"@type":"BreadcrumbList","@id":"https:\/\/www.aliadospuebla.com\/?p=109160#breadcrumb","itemListElement":[{"@type":"ListItem","position":1,"name":"Portada","item":"https:\/\/www.aliadospuebla.com\/"},{"@type":"ListItem","position":2,"name":"\u201cSeguiremos dignificando las vialidades de todo San Pedro Cholula\u201d: Tonantzin Fern\u00e1ndez"}]},{"@type":"WebSite","@id":"https:\/\/www.aliadospuebla.com\/#website","url":"https:\/\/www.aliadospuebla.com\/","name":"AliadosPuebla","description":"La informaci\u00f3n en tus manos","potentialAction":[{"@type":"SearchAction","target":{"@type":"EntryPoint","urlTemplate":"https:\/\/www.aliadospuebla.com\/?s={search_term_string}"},"query-input":{"@type":"PropertyValueSpecification","valueRequired":true,"valueName":"search_term_string"}}],"inLanguage":"es"},{"@type":"Person","@id":"https:\/\/www.aliadospuebla.com\/#\/schema\/person\/5da7dd09320bd4f392b710017ed5f8ad","name":"Aliados17","image":{"@type":"ImageObject","inLanguage":"es","@id":"https:\/\/www.aliadospuebla.com\/web2017\/wp-content\/uploads\/2025\/03\/cropped-para-perfil-8-anos-1-96x96.jpg","url":"https:\/\/www.aliadospuebla.com\/web2017\/wp-content\/uploads\/2025\/03\/cropped-para-perfil-8-anos-1-96x96.jpg","contentUrl":"https:\/\/www.aliadospuebla.com\/web2017\/wp-content\/uploads\/2025\/03\/cropped-para-perfil-8-anos-1-96x96.jpg","caption":"Aliados17"},"sameAs":["https:\/\/www.aliados17.com","https:\/\/www.facebook.com\/Aliados17Pue","https:\/\/x.com\/AliadosPuebla"],"url":"https:\/\/www.aliadospuebla.com\/?author=2"}]}},"views":24,"_links":{"self":[{"href":"https:\/\/www.aliadospuebla.com\/index.php?rest_route=\/wp\/v2\/posts\/109160","targetHints":{"allow":["GET"]}}],"collection":[{"href":"https:\/\/www.aliadospuebla.com\/index.php?rest_route=\/wp\/v2\/posts"}],"about":[{"href":"https:\/\/www.aliadospuebla.com\/index.php?rest_route=\/wp\/v2\/types\/post"}],"author":[{"embeddable":true,"href":"https:\/\/www.aliadospuebla.com\/index.php?rest_route=\/wp\/v2\/users\/2"}],"replies":[{"embeddable":true,"href":"https:\/\/www.aliadospuebla.com\/index.php?rest_route=%2Fwp%2Fv2%2Fcomments&post=109160"}],"version-history":[{"count":1,"href":"https:\/\/www.aliadospuebla.com\/index.php?rest_route=\/wp\/v2\/posts\/109160\/revisions"}],"predecessor-version":[{"id":109162,"href":"https:\/\/www.aliadospuebla.com\/index.php?rest_route=\/wp\/v2\/posts\/109160\/revisions\/109162"}],"wp:featuredmedia":[{"embeddable":true,"href":"https:\/\/www.aliadospuebla.com\/index.php?rest_route=\/wp\/v2\/media\/109161"}],"wp:attachment":[{"href":"https:\/\/www.aliadospuebla.com\/index.php?rest_route=%2Fwp%2Fv2%2Fmedia&parent=109160"}],"wp:term":[{"taxonomy":"category","embeddable":true,"href":"https:\/\/www.aliadospuebla.com\/index.php?rest_route=%2Fwp%2Fv2%2Fcategories&post=109160"},{"taxonomy":"post_tag","embeddable":true,"href":"https:\/\/www.aliadospuebla.com\/index.php?rest_route=%2Fwp%2Fv2%2Ftags&post=109160"}],"curies":[{"name":"wp","href":"https:\/\/api.w.org\/{rel}","templated":true}]}}