{"id":109091,"date":"2025-09-24T13:31:24","date_gmt":"2025-09-24T19:31:24","guid":{"rendered":"https:\/\/www.aliadospuebla.com\/?p=109091"},"modified":"2025-10-11T13:43:58","modified_gmt":"2025-10-11T19:43:58","slug":"asiste-mateo-hernandez-a-la-comision-presidencial-para-la-reforma-electoral","status":"publish","type":"post","link":"https:\/\/www.aliadospuebla.com\/?p=109091","title":{"rendered":"Asiste Mateo Hern\u00e1ndez a la Comisi\u00f3n Presidencial para la Reforma Electoral"},"content":{"rendered":"<div class=\"xdj266r x14z9mp xat24cr x1lziwak x1vvkbs x126k92a\">\n<div dir=\"auto\">El Presidente Municipal <span class=\"html-span xdj266r x14z9mp xat24cr x1lziwak xexx8yu xyri2b x18d9i69 x1c1uobl x1hl2dhg x16tdsg8 x1vvkbs\"><a class=\"x1i10hfl xjbqb8w x1ejq31n x18oe1m7 x1sy0etr xstzfhl x972fbf x10w94by x1qhh985 x14e42zd x9f619 x1ypdohk xt0psk2 x3ct3a4 xdj266r x14z9mp xat24cr x1lziwak xexx8yu xyri2b x18d9i69 x1c1uobl x16tdsg8 x1hl2dhg xggy1nq x1a2a7pz xkrqix3 x1sur9pj x1fey0fg x1s688f\" tabindex=\"0\" role=\"link\" href=\"https:\/\/www.facebook.com\/MateoHernandezLopezOficial?__cft__[0]=AZXedzw6WqWYn1LmiHrpsqX4E5_E4NpP1YFClAWle0j6o8zXV31dHSZf03bIXjX9OxSuB9nUHsVB7YmxffVsEf_4nyNo-y6RgmLyUXAxGnjKEeXMVBqMoLSDktbtLv7xZzj8qK4YGnTac1ZqF55oFM6i-l4jlitjNJgDXP-5GnogVEDURBeAJ7yayfr8qop1yvc&amp;__tn__=-]K-R\"><span class=\"xt0psk2\"><span class=\"xjp7ctv\">Mateo Hern\u00e1ndez L\u00f3pez<\/span><\/span><\/a><\/span> asisti\u00f3 a la Comisi\u00f3n Presidencial para la Reforma Electoral,<\/div>\n<div dir=\"auto\">un evento significativo encabezado por la Secretaria de Gobernaci\u00f3n del Gobierno Federal, Rosa Isela Rodr\u00edguez, y en el que tambi\u00e9n estuvo presente el gobernador del estado, Alejandro Armenta.<\/div>\n<\/div>\n<div class=\"x14z9mp xat24cr x1lziwak x1vvkbs xtlvy1s x126k92a\">\n<div dir=\"auto\">Durante esta reuni\u00f3n, se discutieron importantes propuestas para transformar el sistema electoral mexicano.<\/div>\n<\/div>\n<div class=\"x14z9mp xat24cr x1lziwak x1vvkbs xtlvy1s x126k92a\">\n<div dir=\"auto\">Esta iniciativa busca mejorar la transparencia y eficiencia del sistema electoral, promoviendo una mayor participaci\u00f3n ciudadana.<\/div>\n<\/div>\n","protected":false},"excerpt":{"rendered":"<p>El Presidente Municipal Mateo Hern\u00e1ndez L\u00f3pez asisti\u00f3 a la Comisi\u00f3n Presidencial para la Reforma Electoral, un evento significativo encabezado por la Secretaria de Gobernaci\u00f3n del Gobierno Federal, Rosa Isela Rodr\u00edguez, y en el que tambi\u00e9n estuvo presente el gobernador del estado, Alejandro Armenta. Durante esta reuni\u00f3n, se discutieron importantes propuestas para transformar el sistema electoral mexicano. Esta iniciativa busca mejorar la transparencia y eficiencia del sistema electoral, promoviendo una mayor participaci\u00f3n ciudadana.<\/p>\n","protected":false},"author":2,"featured_media":109092,"comment_status":"open","ping_status":"open","sticky":false,"template":"","format":"standard","meta":{"_monsterinsights_skip_tracking":false,"footnotes":""},"categories":[4],"tags":[4780,28053,18213,31182,31183],"class_list":["post-109091","post","type-post","status-publish","format-standard","has-post-thumbnail","hentry","category-municipios","tag-alejandro-armenta","tag-mateo-hernandez-lopez","tag-reforma-electoral","tag-rosa-isela-rodriguez","tag-sistema-electoral-mexicano"],"yoast_head":"<!-- This site is optimized with the Yoast SEO plugin v28.4 - https:\/\/yoast.com\/product\/yoast-seo-wordpress\/ -->\n<title>Asiste Mateo Hern\u00e1ndez a la Comisi\u00f3n Presidencial para la Reforma Electoral - AliadosPuebla<\/title>\n<meta name=\"robots\" content=\"index, follow, max-snippet:-1, max-image-preview:large, max-video-preview:-1\" \/>\n<link rel=\"canonical\" href=\"https:\/\/www.aliadospuebla.com\/?p=109091\" \/>\n<meta property=\"og:locale\" content=\"es_ES\" \/>\n<meta property=\"og:type\" content=\"article\" \/>\n<meta property=\"og:title\" content=\"Asiste Mateo Hern\u00e1ndez a la Comisi\u00f3n Presidencial para la Reforma Electoral - AliadosPuebla\" \/>\n<meta property=\"og:description\" content=\"El Presidente Municipal Mateo Hern\u00e1ndez L\u00f3pez asisti\u00f3 a la Comisi\u00f3n Presidencial para la Reforma Electoral, un evento significativo encabezado por la Secretaria de Gobernaci\u00f3n del Gobierno Federal, Rosa Isela Rodr\u00edguez, y en el que tambi\u00e9n estuvo presente el gobernador del estado, Alejandro Armenta. Durante esta reuni\u00f3n, se discutieron importantes propuestas para transformar el sistema electoral mexicano. Esta iniciativa busca mejorar la transparencia y eficiencia del sistema electoral, promoviendo una mayor participaci\u00f3n ciudadana.\" \/>\n<meta property=\"og:url\" content=\"https:\/\/www.aliadospuebla.com\/?p=109091\" \/>\n<meta property=\"og:site_name\" content=\"AliadosPuebla\" \/>\n<meta property=\"article:author\" content=\"https:\/\/www.facebook.com\/Aliados17Pue\" \/>\n<meta property=\"article:published_time\" content=\"2025-09-24T19:31:24+00:00\" \/>\n<meta property=\"article:modified_time\" content=\"2025-10-11T19:43:58+00:00\" \/>\n<meta property=\"og:image\" content=\"https:\/\/www.aliadospuebla.com\/web2017\/wp-content\/uploads\/2025\/10\/263.jpg\" \/>\n\t<meta property=\"og:image:width\" content=\"600\" \/>\n\t<meta property=\"og:image:height\" content=\"450\" \/>\n\t<meta property=\"og:image:type\" content=\"image\/jpeg\" \/>\n<meta name=\"author\" content=\"Aliados17\" \/>\n<meta name=\"twitter:card\" content=\"summary_large_image\" \/>\n<meta name=\"twitter:creator\" content=\"@AliadosPuebla\" \/>\n<meta name=\"twitter:label1\" content=\"Escrito por\" \/>\n\t<meta name=\"twitter:data1\" content=\"Aliados17\" \/>\n\t<meta name=\"twitter:label2\" content=\"Tiempo de lectura\" \/>\n\t<meta name=\"twitter:data2\" content=\"1 minuto\" \/>\n<script type=\"application\/ld+json\" class=\"yoast-schema-graph\">{\"@context\":\"https:\\\/\\\/schema.org\",\"@graph\":[{\"@type\":\"Article\",\"@id\":\"https:\\\/\\\/www.aliadospuebla.com\\\/?p=109091#article\",\"isPartOf\":{\"@id\":\"https:\\\/\\\/www.aliadospuebla.com\\\/?p=109091\"},\"author\":{\"name\":\"Aliados17\",\"@id\":\"https:\\\/\\\/www.aliadospuebla.com\\\/#\\\/schema\\\/person\\\/5da7dd09320bd4f392b710017ed5f8ad\"},\"headline\":\"Asiste Mateo Hern\u00e1ndez a la Comisi\u00f3n Presidencial para la Reforma Electoral\",\"datePublished\":\"2025-09-24T19:31:24+00:00\",\"dateModified\":\"2025-10-11T19:43:58+00:00\",\"mainEntityOfPage\":{\"@id\":\"https:\\\/\\\/www.aliadospuebla.com\\\/?p=109091\"},\"wordCount\":93,\"commentCount\":0,\"image\":{\"@id\":\"https:\\\/\\\/www.aliadospuebla.com\\\/?p=109091#primaryimage\"},\"thumbnailUrl\":\"https:\\\/\\\/www.aliadospuebla.com\\\/web2017\\\/wp-content\\\/uploads\\\/2025\\\/10\\\/263.jpg\",\"keywords\":[\"ALEJANDRO ARMENTA\",\"Mateo Hern\u00e1ndez L\u00f3pez\",\"reforma electoral\",\"Rosa Isela Rodr\u00edguez\",\"sistema electoral mexicano\"],\"articleSection\":[\"Municipios\"],\"inLanguage\":\"es\",\"potentialAction\":[{\"@type\":\"CommentAction\",\"name\":\"Comment\",\"target\":[\"https:\\\/\\\/www.aliadospuebla.com\\\/?p=109091#respond\"]}]},{\"@type\":\"WebPage\",\"@id\":\"https:\\\/\\\/www.aliadospuebla.com\\\/?p=109091\",\"url\":\"https:\\\/\\\/www.aliadospuebla.com\\\/?p=109091\",\"name\":\"Asiste Mateo Hern\u00e1ndez a la Comisi\u00f3n Presidencial para la Reforma Electoral - AliadosPuebla\",\"isPartOf\":{\"@id\":\"https:\\\/\\\/www.aliadospuebla.com\\\/#website\"},\"primaryImageOfPage\":{\"@id\":\"https:\\\/\\\/www.aliadospuebla.com\\\/?p=109091#primaryimage\"},\"image\":{\"@id\":\"https:\\\/\\\/www.aliadospuebla.com\\\/?p=109091#primaryimage\"},\"thumbnailUrl\":\"https:\\\/\\\/www.aliadospuebla.com\\\/web2017\\\/wp-content\\\/uploads\\\/2025\\\/10\\\/263.jpg\",\"datePublished\":\"2025-09-24T19:31:24+00:00\",\"dateModified\":\"2025-10-11T19:43:58+00:00\",\"author\":{\"@id\":\"https:\\\/\\\/www.aliadospuebla.com\\\/#\\\/schema\\\/person\\\/5da7dd09320bd4f392b710017ed5f8ad\"},\"breadcrumb\":{\"@id\":\"https:\\\/\\\/www.aliadospuebla.com\\\/?p=109091#breadcrumb\"},\"inLanguage\":\"es\",\"potentialAction\":[{\"@type\":\"ReadAction\",\"target\":[\"https:\\\/\\\/www.aliadospuebla.com\\\/?p=109091\"]}]},{\"@type\":\"ImageObject\",\"inLanguage\":\"es\",\"@id\":\"https:\\\/\\\/www.aliadospuebla.com\\\/?p=109091#primaryimage\",\"url\":\"https:\\\/\\\/www.aliadospuebla.com\\\/web2017\\\/wp-content\\\/uploads\\\/2025\\\/10\\\/263.jpg\",\"contentUrl\":\"https:\\\/\\\/www.aliadospuebla.com\\\/web2017\\\/wp-content\\\/uploads\\\/2025\\\/10\\\/263.jpg\",\"width\":600,\"height\":450},{\"@type\":\"BreadcrumbList\",\"@id\":\"https:\\\/\\\/www.aliadospuebla.com\\\/?p=109091#breadcrumb\",\"itemListElement\":[{\"@type\":\"ListItem\",\"position\":1,\"name\":\"Portada\",\"item\":\"https:\\\/\\\/www.aliadospuebla.com\\\/\"},{\"@type\":\"ListItem\",\"position\":2,\"name\":\"Asiste Mateo Hern\u00e1ndez a la Comisi\u00f3n Presidencial para la Reforma Electoral\"}]},{\"@type\":\"WebSite\",\"@id\":\"https:\\\/\\\/www.aliadospuebla.com\\\/#website\",\"url\":\"https:\\\/\\\/www.aliadospuebla.com\\\/\",\"name\":\"AliadosPuebla\",\"description\":\"La informaci\u00f3n en tus manos\",\"potentialAction\":[{\"@type\":\"SearchAction\",\"target\":{\"@type\":\"EntryPoint\",\"urlTemplate\":\"https:\\\/\\\/www.aliadospuebla.com\\\/?s={search_term_string}\"},\"query-input\":{\"@type\":\"PropertyValueSpecification\",\"valueRequired\":true,\"valueName\":\"search_term_string\"}}],\"inLanguage\":\"es\"},{\"@type\":\"Person\",\"@id\":\"https:\\\/\\\/www.aliadospuebla.com\\\/#\\\/schema\\\/person\\\/5da7dd09320bd4f392b710017ed5f8ad\",\"name\":\"Aliados17\",\"image\":{\"@type\":\"ImageObject\",\"inLanguage\":\"es\",\"@id\":\"https:\\\/\\\/www.aliadospuebla.com\\\/web2017\\\/wp-content\\\/uploads\\\/2025\\\/03\\\/cropped-para-perfil-8-anos-1-96x96.jpg\",\"url\":\"https:\\\/\\\/www.aliadospuebla.com\\\/web2017\\\/wp-content\\\/uploads\\\/2025\\\/03\\\/cropped-para-perfil-8-anos-1-96x96.jpg\",\"contentUrl\":\"https:\\\/\\\/www.aliadospuebla.com\\\/web2017\\\/wp-content\\\/uploads\\\/2025\\\/03\\\/cropped-para-perfil-8-anos-1-96x96.jpg\",\"caption\":\"Aliados17\"},\"sameAs\":[\"https:\\\/\\\/www.aliados17.com\",\"https:\\\/\\\/www.facebook.com\\\/Aliados17Pue\",\"https:\\\/\\\/x.com\\\/AliadosPuebla\"],\"url\":\"https:\\\/\\\/www.aliadospuebla.com\\\/?author=2\"}]}<\/script>\n<!-- \/ Yoast SEO plugin. -->","yoast_head_json":{"title":"Asiste Mateo Hern\u00e1ndez a la Comisi\u00f3n Presidencial para la Reforma Electoral - AliadosPuebla","robots":{"index":"index","follow":"follow","max-snippet":"max-snippet:-1","max-image-preview":"max-image-preview:large","max-video-preview":"max-video-preview:-1"},"canonical":"https:\/\/www.aliadospuebla.com\/?p=109091","og_locale":"es_ES","og_type":"article","og_title":"Asiste Mateo Hern\u00e1ndez a la Comisi\u00f3n Presidencial para la Reforma Electoral - AliadosPuebla","og_description":"El Presidente Municipal Mateo Hern\u00e1ndez L\u00f3pez asisti\u00f3 a la Comisi\u00f3n Presidencial para la Reforma Electoral, un evento significativo encabezado por la Secretaria de Gobernaci\u00f3n del Gobierno Federal, Rosa Isela Rodr\u00edguez, y en el que tambi\u00e9n estuvo presente el gobernador del estado, Alejandro Armenta. Durante esta reuni\u00f3n, se discutieron importantes propuestas para transformar el sistema electoral mexicano. Esta iniciativa busca mejorar la transparencia y eficiencia del sistema electoral, promoviendo una mayor participaci\u00f3n ciudadana.","og_url":"https:\/\/www.aliadospuebla.com\/?p=109091","og_site_name":"AliadosPuebla","article_author":"https:\/\/www.facebook.com\/Aliados17Pue","article_published_time":"2025-09-24T19:31:24+00:00","article_modified_time":"2025-10-11T19:43:58+00:00","og_image":[{"width":600,"height":450,"url":"https:\/\/www.aliadospuebla.com\/web2017\/wp-content\/uploads\/2025\/10\/263.jpg","type":"image\/jpeg"}],"author":"Aliados17","twitter_card":"summary_large_image","twitter_creator":"@AliadosPuebla","twitter_misc":{"Escrito por":"Aliados17","Tiempo de lectura":"1 minuto"},"schema":{"@context":"https:\/\/schema.org","@graph":[{"@type":"Article","@id":"https:\/\/www.aliadospuebla.com\/?p=109091#article","isPartOf":{"@id":"https:\/\/www.aliadospuebla.com\/?p=109091"},"author":{"name":"Aliados17","@id":"https:\/\/www.aliadospuebla.com\/#\/schema\/person\/5da7dd09320bd4f392b710017ed5f8ad"},"headline":"Asiste Mateo Hern\u00e1ndez a la Comisi\u00f3n Presidencial para la Reforma Electoral","datePublished":"2025-09-24T19:31:24+00:00","dateModified":"2025-10-11T19:43:58+00:00","mainEntityOfPage":{"@id":"https:\/\/www.aliadospuebla.com\/?p=109091"},"wordCount":93,"commentCount":0,"image":{"@id":"https:\/\/www.aliadospuebla.com\/?p=109091#primaryimage"},"thumbnailUrl":"https:\/\/www.aliadospuebla.com\/web2017\/wp-content\/uploads\/2025\/10\/263.jpg","keywords":["ALEJANDRO ARMENTA","Mateo Hern\u00e1ndez L\u00f3pez","reforma electoral","Rosa Isela Rodr\u00edguez","sistema electoral mexicano"],"articleSection":["Municipios"],"inLanguage":"es","potentialAction":[{"@type":"CommentAction","name":"Comment","target":["https:\/\/www.aliadospuebla.com\/?p=109091#respond"]}]},{"@type":"WebPage","@id":"https:\/\/www.aliadospuebla.com\/?p=109091","url":"https:\/\/www.aliadospuebla.com\/?p=109091","name":"Asiste Mateo Hern\u00e1ndez a la Comisi\u00f3n Presidencial para la Reforma Electoral - AliadosPuebla","isPartOf":{"@id":"https:\/\/www.aliadospuebla.com\/#website"},"primaryImageOfPage":{"@id":"https:\/\/www.aliadospuebla.com\/?p=109091#primaryimage"},"image":{"@id":"https:\/\/www.aliadospuebla.com\/?p=109091#primaryimage"},"thumbnailUrl":"https:\/\/www.aliadospuebla.com\/web2017\/wp-content\/uploads\/2025\/10\/263.jpg","datePublished":"2025-09-24T19:31:24+00:00","dateModified":"2025-10-11T19:43:58+00:00","author":{"@id":"https:\/\/www.aliadospuebla.com\/#\/schema\/person\/5da7dd09320bd4f392b710017ed5f8ad"},"breadcrumb":{"@id":"https:\/\/www.aliadospuebla.com\/?p=109091#breadcrumb"},"inLanguage":"es","potentialAction":[{"@type":"ReadAction","target":["https:\/\/www.aliadospuebla.com\/?p=109091"]}]},{"@type":"ImageObject","inLanguage":"es","@id":"https:\/\/www.aliadospuebla.com\/?p=109091#primaryimage","url":"https:\/\/www.aliadospuebla.com\/web2017\/wp-content\/uploads\/2025\/10\/263.jpg","contentUrl":"https:\/\/www.aliadospuebla.com\/web2017\/wp-content\/uploads\/2025\/10\/263.jpg","width":600,"height":450},{"@type":"BreadcrumbList","@id":"https:\/\/www.aliadospuebla.com\/?p=109091#breadcrumb","itemListElement":[{"@type":"ListItem","position":1,"name":"Portada","item":"https:\/\/www.aliadospuebla.com\/"},{"@type":"ListItem","position":2,"name":"Asiste Mateo Hern\u00e1ndez a la Comisi\u00f3n Presidencial para la Reforma Electoral"}]},{"@type":"WebSite","@id":"https:\/\/www.aliadospuebla.com\/#website","url":"https:\/\/www.aliadospuebla.com\/","name":"AliadosPuebla","description":"La informaci\u00f3n en tus manos","potentialAction":[{"@type":"SearchAction","target":{"@type":"EntryPoint","urlTemplate":"https:\/\/www.aliadospuebla.com\/?s={search_term_string}"},"query-input":{"@type":"PropertyValueSpecification","valueRequired":true,"valueName":"search_term_string"}}],"inLanguage":"es"},{"@type":"Person","@id":"https:\/\/www.aliadospuebla.com\/#\/schema\/person\/5da7dd09320bd4f392b710017ed5f8ad","name":"Aliados17","image":{"@type":"ImageObject","inLanguage":"es","@id":"https:\/\/www.aliadospuebla.com\/web2017\/wp-content\/uploads\/2025\/03\/cropped-para-perfil-8-anos-1-96x96.jpg","url":"https:\/\/www.aliadospuebla.com\/web2017\/wp-content\/uploads\/2025\/03\/cropped-para-perfil-8-anos-1-96x96.jpg","contentUrl":"https:\/\/www.aliadospuebla.com\/web2017\/wp-content\/uploads\/2025\/03\/cropped-para-perfil-8-anos-1-96x96.jpg","caption":"Aliados17"},"sameAs":["https:\/\/www.aliados17.com","https:\/\/www.facebook.com\/Aliados17Pue","https:\/\/x.com\/AliadosPuebla"],"url":"https:\/\/www.aliadospuebla.com\/?author=2"}]}},"views":8,"_links":{"self":[{"href":"https:\/\/www.aliadospuebla.com\/index.php?rest_route=\/wp\/v2\/posts\/109091","targetHints":{"allow":["GET"]}}],"collection":[{"href":"https:\/\/www.aliadospuebla.com\/index.php?rest_route=\/wp\/v2\/posts"}],"about":[{"href":"https:\/\/www.aliadospuebla.com\/index.php?rest_route=\/wp\/v2\/types\/post"}],"author":[{"embeddable":true,"href":"https:\/\/www.aliadospuebla.com\/index.php?rest_route=\/wp\/v2\/users\/2"}],"replies":[{"embeddable":true,"href":"https:\/\/www.aliadospuebla.com\/index.php?rest_route=%2Fwp%2Fv2%2Fcomments&post=109091"}],"version-history":[{"count":1,"href":"https:\/\/www.aliadospuebla.com\/index.php?rest_route=\/wp\/v2\/posts\/109091\/revisions"}],"predecessor-version":[{"id":109093,"href":"https:\/\/www.aliadospuebla.com\/index.php?rest_route=\/wp\/v2\/posts\/109091\/revisions\/109093"}],"wp:featuredmedia":[{"embeddable":true,"href":"https:\/\/www.aliadospuebla.com\/index.php?rest_route=\/wp\/v2\/media\/109092"}],"wp:attachment":[{"href":"https:\/\/www.aliadospuebla.com\/index.php?rest_route=%2Fwp%2Fv2%2Fmedia&parent=109091"}],"wp:term":[{"taxonomy":"category","embeddable":true,"href":"https:\/\/www.aliadospuebla.com\/index.php?rest_route=%2Fwp%2Fv2%2Fcategories&post=109091"},{"taxonomy":"post_tag","embeddable":true,"href":"https:\/\/www.aliadospuebla.com\/index.php?rest_route=%2Fwp%2Fv2%2Ftags&post=109091"}],"curies":[{"name":"wp","href":"https:\/\/api.w.org\/{rel}","templated":true}]}}