{"id":108985,"date":"2025-10-09T06:46:15","date_gmt":"2025-10-09T12:46:15","guid":{"rendered":"https:\/\/www.aliadospuebla.com\/?p=108985"},"modified":"2025-10-09T06:46:15","modified_gmt":"2025-10-09T12:46:15","slug":"con-dialogo-y-cercania-tonantzin-fernandez-cumple-una-peticion-historica-en-santiago-momoxpan","status":"publish","type":"post","link":"https:\/\/www.aliadospuebla.com\/?p=108985","title":{"rendered":"Con di\u00e1logo y cercan\u00eda, Tonantzin Fern\u00e1ndez cumple una petici\u00f3n hist\u00f3rica en Santiago Momoxpan"},"content":{"rendered":"<h4>Despu\u00e9s de d\u00e9cadas de espera, vecinas y vecinos celebran el inicio de una obra que mejorar\u00e1 su vida diaria.<\/h4>\n<p>San Pedro Cholula, Pue. \u2013 El Gobierno Municipal de San Pedro Cholula, encabezado<\/p>\n<p>por Tonantzin Fern\u00e1ndez, contin\u00faa transformando la infraestructura del municipio<\/p>\n<p>y acercando bienestar y seguridad a todas las juntas auxiliares.<\/p>\n<p>Bajo esa premisa, la presidenta municipal, acompa\u00f1ada del presidente auxiliar de Santiago Momoxpan,<\/p>\n<p>Antonio Z\u00fa\u00f1iga, dio el arranque a la construcci\u00f3n de la calle R\u00edo Rabanillo,<\/p>\n<p>entre las calles Puebla y Torrecillas, una obra largamente esperada por las y los vecinos de la zona.<\/p>\n<p>En su mensaje, Tonantzin Fern\u00e1ndez reafirm\u00f3 su compromiso de no dejar a ninguna junta auxiliar sin obra p\u00fablica, destacando que, a menos de cumplir un a\u00f1o de gobierno, todas las demarcaciones han sido beneficiadas con la rehabilitaci\u00f3n y construcci\u00f3n de calles, as\u00ed como con la sustituci\u00f3n de drenajes y mejoras en servicios b\u00e1sicos.<\/p>\n<p>Asimismo, agradeci\u00f3 el recibimiento de las y los habitantes, quienes reconocieron que esta obra fue solicitada durante a\u00f1os sin respuesta en administraciones anteriores. Subrayaron, adem\u00e1s, la cercan\u00eda y sensibilidad del actual Gobierno Municipal con las necesidades de la poblaci\u00f3n.<\/p>\n<p>Finalmente, la presidenta municipal asegur\u00f3 que existe comunicaci\u00f3n constante y trabajo conjunto con la autoridad auxiliar, y adelant\u00f3 que m\u00e1s obras, servicios p\u00fablicos y programas de bienestar continuar\u00e1n llegando a Santiago Momoxpan, con el objetivo de mejorar la calidad de vida de todas y todos los cholultecas.<\/p>\n","protected":false},"excerpt":{"rendered":"<p>Despu\u00e9s de d\u00e9cadas de espera, vecinas y vecinos celebran el inicio de una obra que mejorar\u00e1 su vida diaria. San Pedro Cholula, Pue. \u2013 El Gobierno Municipal de San Pedro Cholula, encabezado por Tonantzin Fern\u00e1ndez, contin\u00faa transformando la infraestructura del municipio y acercando bienestar y seguridad a todas las juntas auxiliares. Bajo esa premisa, la presidenta municipal, acompa\u00f1ada del presidente auxiliar de Santiago Momoxpan, Antonio Z\u00fa\u00f1iga, dio el arranque a la construcci\u00f3n de la calle R\u00edo Rabanillo, entre las calles Puebla y Torrecillas, una obra largamente esperada por las y los vecinos de la zona. En su mensaje, Tonantzin Fern\u00e1ndez reafirm\u00f3 su compromiso de no dejar a ninguna junta auxiliar sin obra p\u00fablica, destacando que, a menos de cumplir un a\u00f1o de gobierno, todas las&hellip;<\/p>\n<p class=\"excerpt-more\"><a class=\"blog-excerpt button\" href=\"https:\/\/www.aliadospuebla.com\/?p=108985\">Leer m\u00e1s&#8230;<\/a><\/p>\n","protected":false},"author":2,"featured_media":108986,"comment_status":"open","ping_status":"open","sticky":false,"template":"","format":"standard","meta":{"_monsterinsights_skip_tracking":false,"footnotes":""},"categories":[4],"tags":[3802,387,17802,2696,7394],"class_list":["post-108985","post","type-post","status-publish","format-standard","has-post-thumbnail","hentry","category-municipios","tag-dialogo","tag-san-pedro-cholula","tag-santiago-momoxpan","tag-servicios-basicos","tag-tonantzin-fernandez"],"yoast_head":"<!-- This site is optimized with the Yoast SEO plugin v28.4 - https:\/\/yoast.com\/product\/yoast-seo-wordpress\/ -->\n<title>Con di\u00e1logo y cercan\u00eda, Tonantzin Fern\u00e1ndez cumple una petici\u00f3n hist\u00f3rica en Santiago Momoxpan - AliadosPuebla<\/title>\n<meta name=\"robots\" content=\"index, follow, max-snippet:-1, max-image-preview:large, max-video-preview:-1\" \/>\n<link rel=\"canonical\" href=\"https:\/\/www.aliadospuebla.com\/?p=108985\" \/>\n<meta property=\"og:locale\" content=\"es_ES\" \/>\n<meta property=\"og:type\" content=\"article\" \/>\n<meta property=\"og:title\" content=\"Con di\u00e1logo y cercan\u00eda, Tonantzin Fern\u00e1ndez cumple una petici\u00f3n hist\u00f3rica en Santiago Momoxpan - AliadosPuebla\" \/>\n<meta property=\"og:description\" content=\"Despu\u00e9s de d\u00e9cadas de espera, vecinas y vecinos celebran el inicio de una obra que mejorar\u00e1 su vida diaria. San Pedro Cholula, Pue. \u2013 El Gobierno Municipal de San Pedro Cholula, encabezado por Tonantzin Fern\u00e1ndez, contin\u00faa transformando la infraestructura del municipio y acercando bienestar y seguridad a todas las juntas auxiliares. Bajo esa premisa, la presidenta municipal, acompa\u00f1ada del presidente auxiliar de Santiago Momoxpan, Antonio Z\u00fa\u00f1iga, dio el arranque a la construcci\u00f3n de la calle R\u00edo Rabanillo, entre las calles Puebla y Torrecillas, una obra largamente esperada por las y los vecinos de la zona. En su mensaje, Tonantzin Fern\u00e1ndez reafirm\u00f3 su compromiso de no dejar a ninguna junta auxiliar sin obra p\u00fablica, destacando que, a menos de cumplir un a\u00f1o de gobierno, todas las&hellip;Leer m\u00e1s...\" \/>\n<meta property=\"og:url\" content=\"https:\/\/www.aliadospuebla.com\/?p=108985\" \/>\n<meta property=\"og:site_name\" content=\"AliadosPuebla\" \/>\n<meta property=\"article:author\" content=\"https:\/\/www.facebook.com\/Aliados17Pue\" \/>\n<meta property=\"article:published_time\" content=\"2025-10-09T12:46:15+00:00\" \/>\n<meta property=\"og:image\" content=\"https:\/\/www.aliadospuebla.com\/web2017\/wp-content\/uploads\/2025\/10\/236.jpg\" \/>\n\t<meta property=\"og:image:width\" content=\"600\" \/>\n\t<meta property=\"og:image:height\" content=\"450\" \/>\n\t<meta property=\"og:image:type\" content=\"image\/jpeg\" \/>\n<meta name=\"author\" content=\"Aliados17\" \/>\n<meta name=\"twitter:card\" content=\"summary_large_image\" \/>\n<meta name=\"twitter:creator\" content=\"@AliadosPuebla\" \/>\n<meta name=\"twitter:label1\" content=\"Escrito por\" \/>\n\t<meta name=\"twitter:data1\" content=\"Aliados17\" \/>\n\t<meta name=\"twitter:label2\" content=\"Tiempo de lectura\" \/>\n\t<meta name=\"twitter:data2\" content=\"2 minutos\" \/>\n<script type=\"application\/ld+json\" class=\"yoast-schema-graph\">{\"@context\":\"https:\\\/\\\/schema.org\",\"@graph\":[{\"@type\":\"Article\",\"@id\":\"https:\\\/\\\/www.aliadospuebla.com\\\/?p=108985#article\",\"isPartOf\":{\"@id\":\"https:\\\/\\\/www.aliadospuebla.com\\\/?p=108985\"},\"author\":{\"name\":\"Aliados17\",\"@id\":\"https:\\\/\\\/www.aliadospuebla.com\\\/#\\\/schema\\\/person\\\/5da7dd09320bd4f392b710017ed5f8ad\"},\"headline\":\"Con di\u00e1logo y cercan\u00eda, Tonantzin Fern\u00e1ndez cumple una petici\u00f3n hist\u00f3rica en Santiago Momoxpan\",\"datePublished\":\"2025-10-09T12:46:15+00:00\",\"mainEntityOfPage\":{\"@id\":\"https:\\\/\\\/www.aliadospuebla.com\\\/?p=108985\"},\"wordCount\":274,\"commentCount\":0,\"image\":{\"@id\":\"https:\\\/\\\/www.aliadospuebla.com\\\/?p=108985#primaryimage\"},\"thumbnailUrl\":\"https:\\\/\\\/www.aliadospuebla.com\\\/web2017\\\/wp-content\\\/uploads\\\/2025\\\/10\\\/236.jpg\",\"keywords\":[\"DI\u00c1LOGO\",\"SAN PEDRO CHOLULA\",\"Santiago Momoxpan\",\"SERVICIOS B\u00c1SICOS\",\"TONANTZIN FERN\u00c1NDEZ\"],\"articleSection\":[\"Municipios\"],\"inLanguage\":\"es\",\"potentialAction\":[{\"@type\":\"CommentAction\",\"name\":\"Comment\",\"target\":[\"https:\\\/\\\/www.aliadospuebla.com\\\/?p=108985#respond\"]}]},{\"@type\":\"WebPage\",\"@id\":\"https:\\\/\\\/www.aliadospuebla.com\\\/?p=108985\",\"url\":\"https:\\\/\\\/www.aliadospuebla.com\\\/?p=108985\",\"name\":\"Con di\u00e1logo y cercan\u00eda, Tonantzin Fern\u00e1ndez cumple una petici\u00f3n hist\u00f3rica en Santiago Momoxpan - AliadosPuebla\",\"isPartOf\":{\"@id\":\"https:\\\/\\\/www.aliadospuebla.com\\\/#website\"},\"primaryImageOfPage\":{\"@id\":\"https:\\\/\\\/www.aliadospuebla.com\\\/?p=108985#primaryimage\"},\"image\":{\"@id\":\"https:\\\/\\\/www.aliadospuebla.com\\\/?p=108985#primaryimage\"},\"thumbnailUrl\":\"https:\\\/\\\/www.aliadospuebla.com\\\/web2017\\\/wp-content\\\/uploads\\\/2025\\\/10\\\/236.jpg\",\"datePublished\":\"2025-10-09T12:46:15+00:00\",\"author\":{\"@id\":\"https:\\\/\\\/www.aliadospuebla.com\\\/#\\\/schema\\\/person\\\/5da7dd09320bd4f392b710017ed5f8ad\"},\"breadcrumb\":{\"@id\":\"https:\\\/\\\/www.aliadospuebla.com\\\/?p=108985#breadcrumb\"},\"inLanguage\":\"es\",\"potentialAction\":[{\"@type\":\"ReadAction\",\"target\":[\"https:\\\/\\\/www.aliadospuebla.com\\\/?p=108985\"]}]},{\"@type\":\"ImageObject\",\"inLanguage\":\"es\",\"@id\":\"https:\\\/\\\/www.aliadospuebla.com\\\/?p=108985#primaryimage\",\"url\":\"https:\\\/\\\/www.aliadospuebla.com\\\/web2017\\\/wp-content\\\/uploads\\\/2025\\\/10\\\/236.jpg\",\"contentUrl\":\"https:\\\/\\\/www.aliadospuebla.com\\\/web2017\\\/wp-content\\\/uploads\\\/2025\\\/10\\\/236.jpg\",\"width\":600,\"height\":450},{\"@type\":\"BreadcrumbList\",\"@id\":\"https:\\\/\\\/www.aliadospuebla.com\\\/?p=108985#breadcrumb\",\"itemListElement\":[{\"@type\":\"ListItem\",\"position\":1,\"name\":\"Portada\",\"item\":\"https:\\\/\\\/www.aliadospuebla.com\\\/\"},{\"@type\":\"ListItem\",\"position\":2,\"name\":\"Con di\u00e1logo y cercan\u00eda, Tonantzin Fern\u00e1ndez cumple una petici\u00f3n hist\u00f3rica en Santiago Momoxpan\"}]},{\"@type\":\"WebSite\",\"@id\":\"https:\\\/\\\/www.aliadospuebla.com\\\/#website\",\"url\":\"https:\\\/\\\/www.aliadospuebla.com\\\/\",\"name\":\"AliadosPuebla\",\"description\":\"La informaci\u00f3n en tus manos\",\"potentialAction\":[{\"@type\":\"SearchAction\",\"target\":{\"@type\":\"EntryPoint\",\"urlTemplate\":\"https:\\\/\\\/www.aliadospuebla.com\\\/?s={search_term_string}\"},\"query-input\":{\"@type\":\"PropertyValueSpecification\",\"valueRequired\":true,\"valueName\":\"search_term_string\"}}],\"inLanguage\":\"es\"},{\"@type\":\"Person\",\"@id\":\"https:\\\/\\\/www.aliadospuebla.com\\\/#\\\/schema\\\/person\\\/5da7dd09320bd4f392b710017ed5f8ad\",\"name\":\"Aliados17\",\"image\":{\"@type\":\"ImageObject\",\"inLanguage\":\"es\",\"@id\":\"https:\\\/\\\/www.aliadospuebla.com\\\/web2017\\\/wp-content\\\/uploads\\\/2025\\\/03\\\/cropped-para-perfil-8-anos-1-96x96.jpg\",\"url\":\"https:\\\/\\\/www.aliadospuebla.com\\\/web2017\\\/wp-content\\\/uploads\\\/2025\\\/03\\\/cropped-para-perfil-8-anos-1-96x96.jpg\",\"contentUrl\":\"https:\\\/\\\/www.aliadospuebla.com\\\/web2017\\\/wp-content\\\/uploads\\\/2025\\\/03\\\/cropped-para-perfil-8-anos-1-96x96.jpg\",\"caption\":\"Aliados17\"},\"sameAs\":[\"https:\\\/\\\/www.aliados17.com\",\"https:\\\/\\\/www.facebook.com\\\/Aliados17Pue\",\"https:\\\/\\\/x.com\\\/AliadosPuebla\"],\"url\":\"https:\\\/\\\/www.aliadospuebla.com\\\/?author=2\"}]}<\/script>\n<!-- \/ Yoast SEO plugin. -->","yoast_head_json":{"title":"Con di\u00e1logo y cercan\u00eda, Tonantzin Fern\u00e1ndez cumple una petici\u00f3n hist\u00f3rica en Santiago Momoxpan - AliadosPuebla","robots":{"index":"index","follow":"follow","max-snippet":"max-snippet:-1","max-image-preview":"max-image-preview:large","max-video-preview":"max-video-preview:-1"},"canonical":"https:\/\/www.aliadospuebla.com\/?p=108985","og_locale":"es_ES","og_type":"article","og_title":"Con di\u00e1logo y cercan\u00eda, Tonantzin Fern\u00e1ndez cumple una petici\u00f3n hist\u00f3rica en Santiago Momoxpan - AliadosPuebla","og_description":"Despu\u00e9s de d\u00e9cadas de espera, vecinas y vecinos celebran el inicio de una obra que mejorar\u00e1 su vida diaria. San Pedro Cholula, Pue. \u2013 El Gobierno Municipal de San Pedro Cholula, encabezado por Tonantzin Fern\u00e1ndez, contin\u00faa transformando la infraestructura del municipio y acercando bienestar y seguridad a todas las juntas auxiliares. Bajo esa premisa, la presidenta municipal, acompa\u00f1ada del presidente auxiliar de Santiago Momoxpan, Antonio Z\u00fa\u00f1iga, dio el arranque a la construcci\u00f3n de la calle R\u00edo Rabanillo, entre las calles Puebla y Torrecillas, una obra largamente esperada por las y los vecinos de la zona. En su mensaje, Tonantzin Fern\u00e1ndez reafirm\u00f3 su compromiso de no dejar a ninguna junta auxiliar sin obra p\u00fablica, destacando que, a menos de cumplir un a\u00f1o de gobierno, todas las&hellip;Leer m\u00e1s...","og_url":"https:\/\/www.aliadospuebla.com\/?p=108985","og_site_name":"AliadosPuebla","article_author":"https:\/\/www.facebook.com\/Aliados17Pue","article_published_time":"2025-10-09T12:46:15+00:00","og_image":[{"width":600,"height":450,"url":"https:\/\/www.aliadospuebla.com\/web2017\/wp-content\/uploads\/2025\/10\/236.jpg","type":"image\/jpeg"}],"author":"Aliados17","twitter_card":"summary_large_image","twitter_creator":"@AliadosPuebla","twitter_misc":{"Escrito por":"Aliados17","Tiempo de lectura":"2 minutos"},"schema":{"@context":"https:\/\/schema.org","@graph":[{"@type":"Article","@id":"https:\/\/www.aliadospuebla.com\/?p=108985#article","isPartOf":{"@id":"https:\/\/www.aliadospuebla.com\/?p=108985"},"author":{"name":"Aliados17","@id":"https:\/\/www.aliadospuebla.com\/#\/schema\/person\/5da7dd09320bd4f392b710017ed5f8ad"},"headline":"Con di\u00e1logo y cercan\u00eda, Tonantzin Fern\u00e1ndez cumple una petici\u00f3n hist\u00f3rica en Santiago Momoxpan","datePublished":"2025-10-09T12:46:15+00:00","mainEntityOfPage":{"@id":"https:\/\/www.aliadospuebla.com\/?p=108985"},"wordCount":274,"commentCount":0,"image":{"@id":"https:\/\/www.aliadospuebla.com\/?p=108985#primaryimage"},"thumbnailUrl":"https:\/\/www.aliadospuebla.com\/web2017\/wp-content\/uploads\/2025\/10\/236.jpg","keywords":["DI\u00c1LOGO","SAN PEDRO CHOLULA","Santiago Momoxpan","SERVICIOS B\u00c1SICOS","TONANTZIN FERN\u00c1NDEZ"],"articleSection":["Municipios"],"inLanguage":"es","potentialAction":[{"@type":"CommentAction","name":"Comment","target":["https:\/\/www.aliadospuebla.com\/?p=108985#respond"]}]},{"@type":"WebPage","@id":"https:\/\/www.aliadospuebla.com\/?p=108985","url":"https:\/\/www.aliadospuebla.com\/?p=108985","name":"Con di\u00e1logo y cercan\u00eda, Tonantzin Fern\u00e1ndez cumple una petici\u00f3n hist\u00f3rica en Santiago Momoxpan - AliadosPuebla","isPartOf":{"@id":"https:\/\/www.aliadospuebla.com\/#website"},"primaryImageOfPage":{"@id":"https:\/\/www.aliadospuebla.com\/?p=108985#primaryimage"},"image":{"@id":"https:\/\/www.aliadospuebla.com\/?p=108985#primaryimage"},"thumbnailUrl":"https:\/\/www.aliadospuebla.com\/web2017\/wp-content\/uploads\/2025\/10\/236.jpg","datePublished":"2025-10-09T12:46:15+00:00","author":{"@id":"https:\/\/www.aliadospuebla.com\/#\/schema\/person\/5da7dd09320bd4f392b710017ed5f8ad"},"breadcrumb":{"@id":"https:\/\/www.aliadospuebla.com\/?p=108985#breadcrumb"},"inLanguage":"es","potentialAction":[{"@type":"ReadAction","target":["https:\/\/www.aliadospuebla.com\/?p=108985"]}]},{"@type":"ImageObject","inLanguage":"es","@id":"https:\/\/www.aliadospuebla.com\/?p=108985#primaryimage","url":"https:\/\/www.aliadospuebla.com\/web2017\/wp-content\/uploads\/2025\/10\/236.jpg","contentUrl":"https:\/\/www.aliadospuebla.com\/web2017\/wp-content\/uploads\/2025\/10\/236.jpg","width":600,"height":450},{"@type":"BreadcrumbList","@id":"https:\/\/www.aliadospuebla.com\/?p=108985#breadcrumb","itemListElement":[{"@type":"ListItem","position":1,"name":"Portada","item":"https:\/\/www.aliadospuebla.com\/"},{"@type":"ListItem","position":2,"name":"Con di\u00e1logo y cercan\u00eda, Tonantzin Fern\u00e1ndez cumple una petici\u00f3n hist\u00f3rica en Santiago Momoxpan"}]},{"@type":"WebSite","@id":"https:\/\/www.aliadospuebla.com\/#website","url":"https:\/\/www.aliadospuebla.com\/","name":"AliadosPuebla","description":"La informaci\u00f3n en tus manos","potentialAction":[{"@type":"SearchAction","target":{"@type":"EntryPoint","urlTemplate":"https:\/\/www.aliadospuebla.com\/?s={search_term_string}"},"query-input":{"@type":"PropertyValueSpecification","valueRequired":true,"valueName":"search_term_string"}}],"inLanguage":"es"},{"@type":"Person","@id":"https:\/\/www.aliadospuebla.com\/#\/schema\/person\/5da7dd09320bd4f392b710017ed5f8ad","name":"Aliados17","image":{"@type":"ImageObject","inLanguage":"es","@id":"https:\/\/www.aliadospuebla.com\/web2017\/wp-content\/uploads\/2025\/03\/cropped-para-perfil-8-anos-1-96x96.jpg","url":"https:\/\/www.aliadospuebla.com\/web2017\/wp-content\/uploads\/2025\/03\/cropped-para-perfil-8-anos-1-96x96.jpg","contentUrl":"https:\/\/www.aliadospuebla.com\/web2017\/wp-content\/uploads\/2025\/03\/cropped-para-perfil-8-anos-1-96x96.jpg","caption":"Aliados17"},"sameAs":["https:\/\/www.aliados17.com","https:\/\/www.facebook.com\/Aliados17Pue","https:\/\/x.com\/AliadosPuebla"],"url":"https:\/\/www.aliadospuebla.com\/?author=2"}]}},"views":8,"_links":{"self":[{"href":"https:\/\/www.aliadospuebla.com\/index.php?rest_route=\/wp\/v2\/posts\/108985","targetHints":{"allow":["GET"]}}],"collection":[{"href":"https:\/\/www.aliadospuebla.com\/index.php?rest_route=\/wp\/v2\/posts"}],"about":[{"href":"https:\/\/www.aliadospuebla.com\/index.php?rest_route=\/wp\/v2\/types\/post"}],"author":[{"embeddable":true,"href":"https:\/\/www.aliadospuebla.com\/index.php?rest_route=\/wp\/v2\/users\/2"}],"replies":[{"embeddable":true,"href":"https:\/\/www.aliadospuebla.com\/index.php?rest_route=%2Fwp%2Fv2%2Fcomments&post=108985"}],"version-history":[{"count":1,"href":"https:\/\/www.aliadospuebla.com\/index.php?rest_route=\/wp\/v2\/posts\/108985\/revisions"}],"predecessor-version":[{"id":108987,"href":"https:\/\/www.aliadospuebla.com\/index.php?rest_route=\/wp\/v2\/posts\/108985\/revisions\/108987"}],"wp:featuredmedia":[{"embeddable":true,"href":"https:\/\/www.aliadospuebla.com\/index.php?rest_route=\/wp\/v2\/media\/108986"}],"wp:attachment":[{"href":"https:\/\/www.aliadospuebla.com\/index.php?rest_route=%2Fwp%2Fv2%2Fmedia&parent=108985"}],"wp:term":[{"taxonomy":"category","embeddable":true,"href":"https:\/\/www.aliadospuebla.com\/index.php?rest_route=%2Fwp%2Fv2%2Fcategories&post=108985"},{"taxonomy":"post_tag","embeddable":true,"href":"https:\/\/www.aliadospuebla.com\/index.php?rest_route=%2Fwp%2Fv2%2Ftags&post=108985"}],"curies":[{"name":"wp","href":"https:\/\/api.w.org\/{rel}","templated":true}]}}