{"id":108903,"date":"2025-10-06T19:11:08","date_gmt":"2025-10-07T01:11:08","guid":{"rendered":"https:\/\/www.aliadospuebla.com\/?p=108903"},"modified":"2025-10-06T19:11:08","modified_gmt":"2025-10-07T01:11:08","slug":"tono-lopez-impulsa-estabilidad-en-la-reforma-a-la-ley-aduanera","status":"publish","type":"post","link":"https:\/\/www.aliadospuebla.com\/?p=108903","title":{"rendered":"To\u00f1o L\u00f3pez impulsa estabilidad en la Reforma a la Ley Aduanera"},"content":{"rendered":"<p>Ciudad de M\u00e9xico.- Durante la reuni\u00f3n de la Comisi\u00f3n de Hacienda<\/p>\n<p>y Cr\u00e9dito P\u00fablico, se discuti\u00f3 y aprob\u00f3 el Dictamen de Reforma a la Ley Aduanera,<\/p>\n<p>enviado por la presidenta Claudia Sheinbaum Pardo, con el prop\u00f3sito<\/p>\n<p>de modernizar y fortalecer la legislaci\u00f3n aduanera mexicana, adem\u00e1s de combatir la evasi\u00f3n fiscal,<\/p>\n<p>el contrabando y la subvaluaci\u00f3n de mercanc\u00edas mediante el uso de tecnolog\u00eda<\/p>\n<p>y mayores facultades de supervisi\u00f3n.<\/p>\n<h4>\nEl Diputado Federal To\u00f1o L\u00f3pez, Secretario de dicha Comisi\u00f3n, destac\u00f3 que el Grupo Parlamentario del Partido del Trabajo mantiene su compromiso con la justicia fiscal,\u00a0 la transparencia y el combate real a la corrupci\u00f3n.<\/h4>\n<p>\u201cCreemos que la reforma enviada por el Ejecutivo Federal constituye un paso hacia delante<\/p>\n<p>en el fortalecimiento, sobre todo del Estado, en la lucha contra la evasi\u00f3n fiscal\u201d, se\u00f1al\u00f3.<\/p>\n<p>Durante su intervenci\u00f3n, el legislador poblano reconoci\u00f3 las modificaciones generadas<\/p>\n<p>por la Comis\u00f3n en el dictamen, especialmente la que reforma el art\u00edculo cuarto transitorio,<br \/>\npropuesta originalmente por \u00e9l, la cual fue resultado de los foros de parlamento abierto<br \/>\nrealizados por la Comisi\u00f3n de Hacienda y Cr\u00e9dito P\u00fablico.<\/p>\n<p>Esta modificaci\u00f3n surgi\u00f3 ante la preocupaci\u00f3n del gremio aduanal<\/p>\n<p>por la redacci\u00f3n inicial de la iniciativa, que planteaba una vigencia de 10 a\u00f1os prorrogables<\/p>\n<p>para las patentes de los agentes aduanales.<\/p>\n<p>El diputado L\u00f3pez impuls\u00f3 que se ampliara la vigencia a 20 a\u00f1os, prorrogables<\/p>\n<p>por un mismo periodo, con el objetivo de garantizar continuidad, competitividad<\/p>\n<p>y estabilidad a un sector que aporta directamente al desarrollo econ\u00f3mico y a la recaudaci\u00f3n nacional,<\/p>\n<p>disposici\u00f3n que es acorde con las modificaciones propuestas para los art\u00edculo 159 y 167-D del proyecto de reforma.<\/p>\n<p>De acuerdo con el an\u00e1lisis de la propia Comisi\u00f3n, esta medida da certeza jur\u00eddica a miles de<br \/>\nagentes aduanales y empresas vinculadas al comercio exterior, un sector que genera empleos<br \/>\naltamente especializados y contribuye a m\u00e1s del 30% de los ingresos tributarios federales.<br \/>\nAsimismo, el diputado resalt\u00f3 que la reforma fortalece la fiscalizaci\u00f3n, promueve la<br \/>\ntransparencia y alinea la normativa mexicana con los compromisos internacionales,<br \/>\npermitiendo a M\u00e9xico mantener su competitividad frente a sus socios comerciales.<\/p>\n<p>\u201cEsta Ley Aduanera forma parte de una gran estrategia, no solo para combatir la evasi\u00f3n fiscal,<br \/>\nsino tambi\u00e9n en materia de seguridad\u2026 y esto tambi\u00e9n es un claro ejemplo de por qu\u00e9 nuestro<br \/>\nvoto va a favor\u201d, concluy\u00f3.<br \/>\nFinalmente, el dictamen fue aprobado con las modificaciones pertinentes y ser\u00e1 discutido<br \/>\nma\u00f1ana en el Pleno de la C\u00e1mara de Diputados para su votaci\u00f3n definitiva.<\/p>\n","protected":false},"excerpt":{"rendered":"<p>Ciudad de M\u00e9xico.- Durante la reuni\u00f3n de la Comisi\u00f3n de Hacienda y Cr\u00e9dito P\u00fablico, se discuti\u00f3 y aprob\u00f3 el Dictamen de Reforma a la Ley Aduanera, enviado por la presidenta Claudia Sheinbaum Pardo, con el prop\u00f3sito de modernizar y fortalecer la legislaci\u00f3n aduanera mexicana, adem\u00e1s de combatir la evasi\u00f3n fiscal, el contrabando y la subvaluaci\u00f3n de mercanc\u00edas mediante el uso de tecnolog\u00eda y mayores facultades de supervisi\u00f3n. El Diputado Federal To\u00f1o L\u00f3pez, Secretario de dicha Comisi\u00f3n, destac\u00f3 que el Grupo Parlamentario del Partido del Trabajo mantiene su compromiso con la justicia fiscal,\u00a0 la transparencia y el combate real a la corrupci\u00f3n. \u201cCreemos que la reforma enviada por el Ejecutivo Federal constituye un paso hacia delante en el fortalecimiento, sobre todo del Estado, en la lucha&hellip;<\/p>\n<p class=\"excerpt-more\"><a class=\"blog-excerpt button\" href=\"https:\/\/www.aliadospuebla.com\/?p=108903\">Leer m\u00e1s&#8230;<\/a><\/p>\n","protected":false},"author":2,"featured_media":108904,"comment_status":"open","ping_status":"open","sticky":false,"template":"","format":"standard","meta":{"_monsterinsights_skip_tracking":false,"footnotes":""},"categories":[6],"tags":[20316,31086,31087,31088,31085,15430],"class_list":["post-108903","post","type-post","status-publish","format-standard","has-post-thumbnail","hentry","category-politica","tag-claudia-sheinbaum-pardo","tag-justicia-fiscal","tag-lucha-contra-la-evasion-fiscal","tag-modificaciones-generadas","tag-reforma-a-la-ley-aduanera","tag-tono-lopez"],"yoast_head":"<!-- This site is optimized with the Yoast SEO plugin v28.3 - https:\/\/yoast.com\/product\/yoast-seo-wordpress\/ -->\n<title>To\u00f1o L\u00f3pez impulsa estabilidad en la Reforma a la Ley Aduanera - AliadosPuebla<\/title>\n<meta name=\"robots\" content=\"index, follow, max-snippet:-1, max-image-preview:large, max-video-preview:-1\" \/>\n<link rel=\"canonical\" href=\"https:\/\/www.aliadospuebla.com\/?p=108903\" \/>\n<meta property=\"og:locale\" content=\"es_ES\" \/>\n<meta property=\"og:type\" content=\"article\" \/>\n<meta property=\"og:title\" content=\"To\u00f1o L\u00f3pez impulsa estabilidad en la Reforma a la Ley Aduanera - AliadosPuebla\" \/>\n<meta property=\"og:description\" content=\"Ciudad de M\u00e9xico.- Durante la reuni\u00f3n de la Comisi\u00f3n de Hacienda y Cr\u00e9dito P\u00fablico, se discuti\u00f3 y aprob\u00f3 el Dictamen de Reforma a la Ley Aduanera, enviado por la presidenta Claudia Sheinbaum Pardo, con el prop\u00f3sito de modernizar y fortalecer la legislaci\u00f3n aduanera mexicana, adem\u00e1s de combatir la evasi\u00f3n fiscal, el contrabando y la subvaluaci\u00f3n de mercanc\u00edas mediante el uso de tecnolog\u00eda y mayores facultades de supervisi\u00f3n. El Diputado Federal To\u00f1o L\u00f3pez, Secretario de dicha Comisi\u00f3n, destac\u00f3 que el Grupo Parlamentario del Partido del Trabajo mantiene su compromiso con la justicia fiscal,\u00a0 la transparencia y el combate real a la corrupci\u00f3n. \u201cCreemos que la reforma enviada por el Ejecutivo Federal constituye un paso hacia delante en el fortalecimiento, sobre todo del Estado, en la lucha&hellip;Leer m\u00e1s...\" \/>\n<meta property=\"og:url\" content=\"https:\/\/www.aliadospuebla.com\/?p=108903\" \/>\n<meta property=\"og:site_name\" content=\"AliadosPuebla\" \/>\n<meta property=\"article:author\" content=\"https:\/\/www.facebook.com\/Aliados17Pue\" \/>\n<meta property=\"article:published_time\" content=\"2025-10-07T01:11:08+00:00\" \/>\n<meta property=\"og:image\" content=\"https:\/\/www.aliadospuebla.com\/web2017\/wp-content\/uploads\/2025\/10\/216.jpg\" \/>\n\t<meta property=\"og:image:width\" content=\"600\" \/>\n\t<meta property=\"og:image:height\" content=\"450\" \/>\n\t<meta property=\"og:image:type\" content=\"image\/jpeg\" \/>\n<meta name=\"author\" content=\"Aliados17\" \/>\n<meta name=\"twitter:card\" content=\"summary_large_image\" \/>\n<meta name=\"twitter:creator\" content=\"@AliadosPuebla\" \/>\n<meta name=\"twitter:label1\" content=\"Escrito por\" \/>\n\t<meta name=\"twitter:data1\" content=\"Aliados17\" \/>\n\t<meta name=\"twitter:label2\" content=\"Tiempo de lectura\" \/>\n\t<meta name=\"twitter:data2\" content=\"3 minutos\" \/>\n<script type=\"application\/ld+json\" class=\"yoast-schema-graph\">{\"@context\":\"https:\\\/\\\/schema.org\",\"@graph\":[{\"@type\":\"Article\",\"@id\":\"https:\\\/\\\/www.aliadospuebla.com\\\/?p=108903#article\",\"isPartOf\":{\"@id\":\"https:\\\/\\\/www.aliadospuebla.com\\\/?p=108903\"},\"author\":{\"name\":\"Aliados17\",\"@id\":\"https:\\\/\\\/www.aliadospuebla.com\\\/#\\\/schema\\\/person\\\/5da7dd09320bd4f392b710017ed5f8ad\"},\"headline\":\"To\u00f1o L\u00f3pez impulsa estabilidad en la Reforma a la Ley Aduanera\",\"datePublished\":\"2025-10-07T01:11:08+00:00\",\"mainEntityOfPage\":{\"@id\":\"https:\\\/\\\/www.aliadospuebla.com\\\/?p=108903\"},\"wordCount\":462,\"commentCount\":0,\"image\":{\"@id\":\"https:\\\/\\\/www.aliadospuebla.com\\\/?p=108903#primaryimage\"},\"thumbnailUrl\":\"https:\\\/\\\/www.aliadospuebla.com\\\/web2017\\\/wp-content\\\/uploads\\\/2025\\\/10\\\/216.jpg\",\"keywords\":[\"Claudia Sheinbaum Pardo\",\"justicia fiscal\",\"lucha contra la evasi\u00f3n fiscal\",\"modificaciones generadas\",\"Reforma a la Ley Aduanera\",\"To\u00f1o L\u00f3pez\"],\"articleSection\":[\"Pol\u00edtica\"],\"inLanguage\":\"es\",\"potentialAction\":[{\"@type\":\"CommentAction\",\"name\":\"Comment\",\"target\":[\"https:\\\/\\\/www.aliadospuebla.com\\\/?p=108903#respond\"]}]},{\"@type\":\"WebPage\",\"@id\":\"https:\\\/\\\/www.aliadospuebla.com\\\/?p=108903\",\"url\":\"https:\\\/\\\/www.aliadospuebla.com\\\/?p=108903\",\"name\":\"To\u00f1o L\u00f3pez impulsa estabilidad en la Reforma a la Ley Aduanera - AliadosPuebla\",\"isPartOf\":{\"@id\":\"https:\\\/\\\/www.aliadospuebla.com\\\/#website\"},\"primaryImageOfPage\":{\"@id\":\"https:\\\/\\\/www.aliadospuebla.com\\\/?p=108903#primaryimage\"},\"image\":{\"@id\":\"https:\\\/\\\/www.aliadospuebla.com\\\/?p=108903#primaryimage\"},\"thumbnailUrl\":\"https:\\\/\\\/www.aliadospuebla.com\\\/web2017\\\/wp-content\\\/uploads\\\/2025\\\/10\\\/216.jpg\",\"datePublished\":\"2025-10-07T01:11:08+00:00\",\"author\":{\"@id\":\"https:\\\/\\\/www.aliadospuebla.com\\\/#\\\/schema\\\/person\\\/5da7dd09320bd4f392b710017ed5f8ad\"},\"breadcrumb\":{\"@id\":\"https:\\\/\\\/www.aliadospuebla.com\\\/?p=108903#breadcrumb\"},\"inLanguage\":\"es\",\"potentialAction\":[{\"@type\":\"ReadAction\",\"target\":[\"https:\\\/\\\/www.aliadospuebla.com\\\/?p=108903\"]}]},{\"@type\":\"ImageObject\",\"inLanguage\":\"es\",\"@id\":\"https:\\\/\\\/www.aliadospuebla.com\\\/?p=108903#primaryimage\",\"url\":\"https:\\\/\\\/www.aliadospuebla.com\\\/web2017\\\/wp-content\\\/uploads\\\/2025\\\/10\\\/216.jpg\",\"contentUrl\":\"https:\\\/\\\/www.aliadospuebla.com\\\/web2017\\\/wp-content\\\/uploads\\\/2025\\\/10\\\/216.jpg\",\"width\":600,\"height\":450},{\"@type\":\"BreadcrumbList\",\"@id\":\"https:\\\/\\\/www.aliadospuebla.com\\\/?p=108903#breadcrumb\",\"itemListElement\":[{\"@type\":\"ListItem\",\"position\":1,\"name\":\"Portada\",\"item\":\"https:\\\/\\\/www.aliadospuebla.com\\\/\"},{\"@type\":\"ListItem\",\"position\":2,\"name\":\"To\u00f1o L\u00f3pez impulsa estabilidad en la Reforma a la Ley Aduanera\"}]},{\"@type\":\"WebSite\",\"@id\":\"https:\\\/\\\/www.aliadospuebla.com\\\/#website\",\"url\":\"https:\\\/\\\/www.aliadospuebla.com\\\/\",\"name\":\"AliadosPuebla\",\"description\":\"La informaci\u00f3n en tus manos\",\"potentialAction\":[{\"@type\":\"SearchAction\",\"target\":{\"@type\":\"EntryPoint\",\"urlTemplate\":\"https:\\\/\\\/www.aliadospuebla.com\\\/?s={search_term_string}\"},\"query-input\":{\"@type\":\"PropertyValueSpecification\",\"valueRequired\":true,\"valueName\":\"search_term_string\"}}],\"inLanguage\":\"es\"},{\"@type\":\"Person\",\"@id\":\"https:\\\/\\\/www.aliadospuebla.com\\\/#\\\/schema\\\/person\\\/5da7dd09320bd4f392b710017ed5f8ad\",\"name\":\"Aliados17\",\"image\":{\"@type\":\"ImageObject\",\"inLanguage\":\"es\",\"@id\":\"https:\\\/\\\/www.aliadospuebla.com\\\/web2017\\\/wp-content\\\/uploads\\\/2025\\\/03\\\/cropped-para-perfil-8-anos-1-96x96.jpg\",\"url\":\"https:\\\/\\\/www.aliadospuebla.com\\\/web2017\\\/wp-content\\\/uploads\\\/2025\\\/03\\\/cropped-para-perfil-8-anos-1-96x96.jpg\",\"contentUrl\":\"https:\\\/\\\/www.aliadospuebla.com\\\/web2017\\\/wp-content\\\/uploads\\\/2025\\\/03\\\/cropped-para-perfil-8-anos-1-96x96.jpg\",\"caption\":\"Aliados17\"},\"sameAs\":[\"https:\\\/\\\/www.aliados17.com\",\"https:\\\/\\\/www.facebook.com\\\/Aliados17Pue\",\"https:\\\/\\\/x.com\\\/AliadosPuebla\"],\"url\":\"https:\\\/\\\/www.aliadospuebla.com\\\/?author=2\"}]}<\/script>\n<!-- \/ Yoast SEO plugin. -->","yoast_head_json":{"title":"To\u00f1o L\u00f3pez impulsa estabilidad en la Reforma a la Ley Aduanera - AliadosPuebla","robots":{"index":"index","follow":"follow","max-snippet":"max-snippet:-1","max-image-preview":"max-image-preview:large","max-video-preview":"max-video-preview:-1"},"canonical":"https:\/\/www.aliadospuebla.com\/?p=108903","og_locale":"es_ES","og_type":"article","og_title":"To\u00f1o L\u00f3pez impulsa estabilidad en la Reforma a la Ley Aduanera - AliadosPuebla","og_description":"Ciudad de M\u00e9xico.- Durante la reuni\u00f3n de la Comisi\u00f3n de Hacienda y Cr\u00e9dito P\u00fablico, se discuti\u00f3 y aprob\u00f3 el Dictamen de Reforma a la Ley Aduanera, enviado por la presidenta Claudia Sheinbaum Pardo, con el prop\u00f3sito de modernizar y fortalecer la legislaci\u00f3n aduanera mexicana, adem\u00e1s de combatir la evasi\u00f3n fiscal, el contrabando y la subvaluaci\u00f3n de mercanc\u00edas mediante el uso de tecnolog\u00eda y mayores facultades de supervisi\u00f3n. El Diputado Federal To\u00f1o L\u00f3pez, Secretario de dicha Comisi\u00f3n, destac\u00f3 que el Grupo Parlamentario del Partido del Trabajo mantiene su compromiso con la justicia fiscal,\u00a0 la transparencia y el combate real a la corrupci\u00f3n. \u201cCreemos que la reforma enviada por el Ejecutivo Federal constituye un paso hacia delante en el fortalecimiento, sobre todo del Estado, en la lucha&hellip;Leer m\u00e1s...","og_url":"https:\/\/www.aliadospuebla.com\/?p=108903","og_site_name":"AliadosPuebla","article_author":"https:\/\/www.facebook.com\/Aliados17Pue","article_published_time":"2025-10-07T01:11:08+00:00","og_image":[{"width":600,"height":450,"url":"https:\/\/www.aliadospuebla.com\/web2017\/wp-content\/uploads\/2025\/10\/216.jpg","type":"image\/jpeg"}],"author":"Aliados17","twitter_card":"summary_large_image","twitter_creator":"@AliadosPuebla","twitter_misc":{"Escrito por":"Aliados17","Tiempo de lectura":"3 minutos"},"schema":{"@context":"https:\/\/schema.org","@graph":[{"@type":"Article","@id":"https:\/\/www.aliadospuebla.com\/?p=108903#article","isPartOf":{"@id":"https:\/\/www.aliadospuebla.com\/?p=108903"},"author":{"name":"Aliados17","@id":"https:\/\/www.aliadospuebla.com\/#\/schema\/person\/5da7dd09320bd4f392b710017ed5f8ad"},"headline":"To\u00f1o L\u00f3pez impulsa estabilidad en la Reforma a la Ley Aduanera","datePublished":"2025-10-07T01:11:08+00:00","mainEntityOfPage":{"@id":"https:\/\/www.aliadospuebla.com\/?p=108903"},"wordCount":462,"commentCount":0,"image":{"@id":"https:\/\/www.aliadospuebla.com\/?p=108903#primaryimage"},"thumbnailUrl":"https:\/\/www.aliadospuebla.com\/web2017\/wp-content\/uploads\/2025\/10\/216.jpg","keywords":["Claudia Sheinbaum Pardo","justicia fiscal","lucha contra la evasi\u00f3n fiscal","modificaciones generadas","Reforma a la Ley Aduanera","To\u00f1o L\u00f3pez"],"articleSection":["Pol\u00edtica"],"inLanguage":"es","potentialAction":[{"@type":"CommentAction","name":"Comment","target":["https:\/\/www.aliadospuebla.com\/?p=108903#respond"]}]},{"@type":"WebPage","@id":"https:\/\/www.aliadospuebla.com\/?p=108903","url":"https:\/\/www.aliadospuebla.com\/?p=108903","name":"To\u00f1o L\u00f3pez impulsa estabilidad en la Reforma a la Ley Aduanera - AliadosPuebla","isPartOf":{"@id":"https:\/\/www.aliadospuebla.com\/#website"},"primaryImageOfPage":{"@id":"https:\/\/www.aliadospuebla.com\/?p=108903#primaryimage"},"image":{"@id":"https:\/\/www.aliadospuebla.com\/?p=108903#primaryimage"},"thumbnailUrl":"https:\/\/www.aliadospuebla.com\/web2017\/wp-content\/uploads\/2025\/10\/216.jpg","datePublished":"2025-10-07T01:11:08+00:00","author":{"@id":"https:\/\/www.aliadospuebla.com\/#\/schema\/person\/5da7dd09320bd4f392b710017ed5f8ad"},"breadcrumb":{"@id":"https:\/\/www.aliadospuebla.com\/?p=108903#breadcrumb"},"inLanguage":"es","potentialAction":[{"@type":"ReadAction","target":["https:\/\/www.aliadospuebla.com\/?p=108903"]}]},{"@type":"ImageObject","inLanguage":"es","@id":"https:\/\/www.aliadospuebla.com\/?p=108903#primaryimage","url":"https:\/\/www.aliadospuebla.com\/web2017\/wp-content\/uploads\/2025\/10\/216.jpg","contentUrl":"https:\/\/www.aliadospuebla.com\/web2017\/wp-content\/uploads\/2025\/10\/216.jpg","width":600,"height":450},{"@type":"BreadcrumbList","@id":"https:\/\/www.aliadospuebla.com\/?p=108903#breadcrumb","itemListElement":[{"@type":"ListItem","position":1,"name":"Portada","item":"https:\/\/www.aliadospuebla.com\/"},{"@type":"ListItem","position":2,"name":"To\u00f1o L\u00f3pez impulsa estabilidad en la Reforma a la Ley Aduanera"}]},{"@type":"WebSite","@id":"https:\/\/www.aliadospuebla.com\/#website","url":"https:\/\/www.aliadospuebla.com\/","name":"AliadosPuebla","description":"La informaci\u00f3n en tus manos","potentialAction":[{"@type":"SearchAction","target":{"@type":"EntryPoint","urlTemplate":"https:\/\/www.aliadospuebla.com\/?s={search_term_string}"},"query-input":{"@type":"PropertyValueSpecification","valueRequired":true,"valueName":"search_term_string"}}],"inLanguage":"es"},{"@type":"Person","@id":"https:\/\/www.aliadospuebla.com\/#\/schema\/person\/5da7dd09320bd4f392b710017ed5f8ad","name":"Aliados17","image":{"@type":"ImageObject","inLanguage":"es","@id":"https:\/\/www.aliadospuebla.com\/web2017\/wp-content\/uploads\/2025\/03\/cropped-para-perfil-8-anos-1-96x96.jpg","url":"https:\/\/www.aliadospuebla.com\/web2017\/wp-content\/uploads\/2025\/03\/cropped-para-perfil-8-anos-1-96x96.jpg","contentUrl":"https:\/\/www.aliadospuebla.com\/web2017\/wp-content\/uploads\/2025\/03\/cropped-para-perfil-8-anos-1-96x96.jpg","caption":"Aliados17"},"sameAs":["https:\/\/www.aliados17.com","https:\/\/www.facebook.com\/Aliados17Pue","https:\/\/x.com\/AliadosPuebla"],"url":"https:\/\/www.aliadospuebla.com\/?author=2"}]}},"views":25,"_links":{"self":[{"href":"https:\/\/www.aliadospuebla.com\/index.php?rest_route=\/wp\/v2\/posts\/108903","targetHints":{"allow":["GET"]}}],"collection":[{"href":"https:\/\/www.aliadospuebla.com\/index.php?rest_route=\/wp\/v2\/posts"}],"about":[{"href":"https:\/\/www.aliadospuebla.com\/index.php?rest_route=\/wp\/v2\/types\/post"}],"author":[{"embeddable":true,"href":"https:\/\/www.aliadospuebla.com\/index.php?rest_route=\/wp\/v2\/users\/2"}],"replies":[{"embeddable":true,"href":"https:\/\/www.aliadospuebla.com\/index.php?rest_route=%2Fwp%2Fv2%2Fcomments&post=108903"}],"version-history":[{"count":1,"href":"https:\/\/www.aliadospuebla.com\/index.php?rest_route=\/wp\/v2\/posts\/108903\/revisions"}],"predecessor-version":[{"id":108905,"href":"https:\/\/www.aliadospuebla.com\/index.php?rest_route=\/wp\/v2\/posts\/108903\/revisions\/108905"}],"wp:featuredmedia":[{"embeddable":true,"href":"https:\/\/www.aliadospuebla.com\/index.php?rest_route=\/wp\/v2\/media\/108904"}],"wp:attachment":[{"href":"https:\/\/www.aliadospuebla.com\/index.php?rest_route=%2Fwp%2Fv2%2Fmedia&parent=108903"}],"wp:term":[{"taxonomy":"category","embeddable":true,"href":"https:\/\/www.aliadospuebla.com\/index.php?rest_route=%2Fwp%2Fv2%2Fcategories&post=108903"},{"taxonomy":"post_tag","embeddable":true,"href":"https:\/\/www.aliadospuebla.com\/index.php?rest_route=%2Fwp%2Fv2%2Ftags&post=108903"}],"curies":[{"name":"wp","href":"https:\/\/api.w.org\/{rel}","templated":true}]}}