{"id":108591,"date":"2025-09-23T10:33:51","date_gmt":"2025-09-23T16:33:51","guid":{"rendered":"https:\/\/www.aliadospuebla.com\/?p=108591"},"modified":"2025-09-23T10:33:51","modified_gmt":"2025-09-23T16:33:51","slug":"firma-smdif-convenio-de-colaboracion-con-terapias-ecuestres-mexico","status":"publish","type":"post","link":"https:\/\/www.aliadospuebla.com\/?p=108591","title":{"rendered":"FIRMA SMDIF CONVENIO DE COLABORACI\u00d3N CON TERAPIAS ECUESTRES M\u00c9XICO"},"content":{"rendered":"<h4>&#8211; Se busca fortalecer la profesionalizaci\u00f3n del personal de CMERI que presta asistencia con equinos<\/h4>\n<p>Puebla, Pue.\u2013 Como un hecho sin precedentes para la profesionalizaci\u00f3n de la equinoterapia en la capital poblana,<\/p>\n<p>se llev\u00f3 a cabo la firma de un convenio de colaboraci\u00f3n entre el Sistema Municipal DIF (SMDIF) de Puebla<\/p>\n<p>y la organizaci\u00f3n Terapias Ecuestres M\u00e9xico. En representaci\u00f3n de la presidenta del Patronato, MariElise Budib,<\/p>\n<p>sign\u00f3 dicho documento el director general del SMDIF, Jes\u00fas Alejandro Cort\u00e9s Carrasco.<\/p>\n<p>El acuerdo permitir\u00e1 utilizar las instalaciones del Centro Municipal de Equinoterapia<\/p>\n<p>y Rehabilitaci\u00f3n Integral (CMERI) como sede oficial para ofrecer capacitaci\u00f3n y certificaci\u00f3n<\/p>\n<p>en terapias ecuestres bajo el modelo OPPAC.<\/p>\n<p>Tambi\u00e9n tiene como prop\u00f3sito capacitar el talento humano que integra el centro y profesionalizar<\/p>\n<p>las terapias asistidas con equinos que ah\u00ed se imparten.<\/p>\n<p>De esta manera, se busca elevar la calidad del servicio terap\u00e9utico, promoviendo pr\u00e1cticas basadas<\/p>\n<p>en est\u00e1ndares nacionales e internacionales.<\/p>\n<p>\u201cEl CMERI es un lugar muy importante en el coraz\u00f3n de muchas poblanas y poblanos,<\/p>\n<p>aqu\u00ed nos esmeramos para que la atenci\u00f3n sea de calidad.<\/p>\n<p>He sido testigo c\u00f3mo las terapias f\u00edsicas, ocupacionales, de lenguaje y equinoterapias<\/p>\n<p>ayudan a recuperar la confianza y mejoran la calidad de vida no solo de quienes las reciben, sino tambi\u00e9n de sus familias\u201d,<\/p>\n<p>destac\u00f3 el director general del DIF Puebla Capital, Jes\u00fas Alejandro Cort\u00e9s Carrasco.<\/p>\n<p>Durante el acto protocolario, el director de Vinculaci\u00f3n y Enlace Interinstitucional<\/p>\n<p>de Terapias Ecuestres M\u00e9xico OPACC, Fernando L\u00f3pez, subray\u00f3 la importancia de generar alianzas estrat\u00e9gicas<\/p>\n<p>para el desarrollo de competencias especializadas, reconociendo que la profesionalizaci\u00f3n de las terapias ecuestres<\/p>\n<p>no solo beneficia a los terapeutas, sino tambi\u00e9n a las familias que conf\u00edan en estos tratamientos como parte de su proceso de rehabilitaci\u00f3n.<\/p>\n<p>\u201cHace 10 a\u00f1os inici\u00f3 el proyecto que es Terapias Ecuestres M\u00e9xico con la firme convicci\u00f3n de desarrollar un proyecto profesional para poder vincular todos los haberes a un nivel de humildad, pero con mucha disciplina uniendo la ciencia, uniendo la pedagog\u00eda, y por supuesto, la gran tradici\u00f3n terapias ecuestres. Y as\u00ed surge terapias ecuestres M\u00e9xico, logrando a la fecha m\u00e1s de 850 certificaciones a nivel nacional\u201d, explic\u00f3 Fernando L\u00f3pez.<\/p>\n<p>El evento cont\u00f3 con la participaci\u00f3n de autoridades municipales, representantes de la organizaci\u00f3n OPPAC, terapeutas, psic\u00f3logos, personal del DIF Puebla Capital, directores y acad\u00e9micos de universidades, as\u00ed como estudiantes del \u00e1rea de la salud y personas interesadas en formarse en el \u00e1mbito de la equinoterapia. Y es que a trav\u00e9s de dicho convenio tambi\u00e9n se contempla la capacitaci\u00f3n y certificaci\u00f3n dirigida a personas externas al CMERI, brindando la oportunidad de formarse en una disciplina que cada vez cobra mayor relevancia en el \u00e1mbito de la salud integral y la inclusi\u00f3n social.<\/p>\n<p>\u201cNuestro compromiso, como sede, es brindar la certificaci\u00f3n junto con OPPAC Terapias Ecuestres M\u00e9xico, a todos los profesionistas en el \u00e1rea de la salud interesados, dos fechas al a\u00f1o. Pr\u00f3ximamente en octubre de 2025, con una duraci\u00f3n de cuatro d\u00edas para formalizar su profesionalizaci\u00f3n\u201d, afirm\u00f3 Pilar Villegas, coordinadora del CMERI.<\/p>\n<p>Con acciones como esta, el DIF Puebla Capital reafirma su compromiso con el bienestar de las personas y la mejora continua de los servicios que ofrece, posicionando al municipio como un referente en terapias asistidas con equinos a nivel nacional.<\/p>\n","protected":false},"excerpt":{"rendered":"<p>&#8211; Se busca fortalecer la profesionalizaci\u00f3n del personal de CMERI que presta asistencia con equinos Puebla, Pue.\u2013 Como un hecho sin precedentes para la profesionalizaci\u00f3n de la equinoterapia en la capital poblana, se llev\u00f3 a cabo la firma de un convenio de colaboraci\u00f3n entre el Sistema Municipal DIF (SMDIF) de Puebla y la organizaci\u00f3n Terapias Ecuestres M\u00e9xico. En representaci\u00f3n de la presidenta del Patronato, MariElise Budib, sign\u00f3 dicho documento el director general del SMDIF, Jes\u00fas Alejandro Cort\u00e9s Carrasco. El acuerdo permitir\u00e1 utilizar las instalaciones del Centro Municipal de Equinoterapia y Rehabilitaci\u00f3n Integral (CMERI) como sede oficial para ofrecer capacitaci\u00f3n y certificaci\u00f3n en terapias ecuestres bajo el modelo OPPAC. Tambi\u00e9n tiene como prop\u00f3sito capacitar el talento humano que integra el centro y profesionalizar las terapias asistidas&hellip;<\/p>\n<p class=\"excerpt-more\"><a class=\"blog-excerpt button\" href=\"https:\/\/www.aliadospuebla.com\/?p=108591\">Leer m\u00e1s&#8230;<\/a><\/p>\n","protected":false},"author":2,"featured_media":108592,"comment_status":"open","ping_status":"open","sticky":false,"template":"","format":"standard","meta":{"_monsterinsights_skip_tracking":false,"footnotes":""},"categories":[62],"tags":[11252,30950,1929,25212,24949,30952,1797,30951,30953],"class_list":["post-108591","post","type-post","status-publish","format-standard","has-post-thumbnail","hentry","category-capital","tag-cmeri","tag-equinos","tag-equinoterapia","tag-jesus-alejandro-cortes-carrasco","tag-marielise-budib","tag-modelo-oppac","tag-smdif","tag-terapias-ecuestres-mexico","tag-terapias-fisicas"],"yoast_head":"<!-- This site is optimized with the Yoast SEO plugin v28.4 - https:\/\/yoast.com\/product\/yoast-seo-wordpress\/ -->\n<title>FIRMA SMDIF CONVENIO DE COLABORACI\u00d3N CON TERAPIAS ECUESTRES M\u00c9XICO - AliadosPuebla<\/title>\n<meta name=\"robots\" content=\"index, follow, max-snippet:-1, max-image-preview:large, max-video-preview:-1\" \/>\n<link rel=\"canonical\" href=\"https:\/\/www.aliadospuebla.com\/?p=108591\" \/>\n<meta property=\"og:locale\" content=\"es_ES\" \/>\n<meta property=\"og:type\" content=\"article\" \/>\n<meta property=\"og:title\" content=\"FIRMA SMDIF CONVENIO DE COLABORACI\u00d3N CON TERAPIAS ECUESTRES M\u00c9XICO - AliadosPuebla\" \/>\n<meta property=\"og:description\" content=\"&#8211; Se busca fortalecer la profesionalizaci\u00f3n del personal de CMERI que presta asistencia con equinos Puebla, Pue.\u2013 Como un hecho sin precedentes para la profesionalizaci\u00f3n de la equinoterapia en la capital poblana, se llev\u00f3 a cabo la firma de un convenio de colaboraci\u00f3n entre el Sistema Municipal DIF (SMDIF) de Puebla y la organizaci\u00f3n Terapias Ecuestres M\u00e9xico. En representaci\u00f3n de la presidenta del Patronato, MariElise Budib, sign\u00f3 dicho documento el director general del SMDIF, Jes\u00fas Alejandro Cort\u00e9s Carrasco. El acuerdo permitir\u00e1 utilizar las instalaciones del Centro Municipal de Equinoterapia y Rehabilitaci\u00f3n Integral (CMERI) como sede oficial para ofrecer capacitaci\u00f3n y certificaci\u00f3n en terapias ecuestres bajo el modelo OPPAC. Tambi\u00e9n tiene como prop\u00f3sito capacitar el talento humano que integra el centro y profesionalizar las terapias asistidas&hellip;Leer m\u00e1s...\" \/>\n<meta property=\"og:url\" content=\"https:\/\/www.aliadospuebla.com\/?p=108591\" \/>\n<meta property=\"og:site_name\" content=\"AliadosPuebla\" \/>\n<meta property=\"article:author\" content=\"https:\/\/www.facebook.com\/Aliados17Pue\" \/>\n<meta property=\"article:published_time\" content=\"2025-09-23T16:33:51+00:00\" \/>\n<meta property=\"og:image\" content=\"https:\/\/www.aliadospuebla.com\/web2017\/wp-content\/uploads\/2025\/09\/129.jpg\" \/>\n\t<meta property=\"og:image:width\" content=\"600\" \/>\n\t<meta property=\"og:image:height\" content=\"450\" \/>\n\t<meta property=\"og:image:type\" content=\"image\/jpeg\" \/>\n<meta name=\"author\" content=\"Aliados17\" \/>\n<meta name=\"twitter:card\" content=\"summary_large_image\" \/>\n<meta name=\"twitter:creator\" content=\"@AliadosPuebla\" \/>\n<meta name=\"twitter:label1\" content=\"Escrito por\" \/>\n\t<meta name=\"twitter:data1\" content=\"Aliados17\" \/>\n\t<meta name=\"twitter:label2\" content=\"Tiempo de lectura\" \/>\n\t<meta name=\"twitter:data2\" content=\"3 minutos\" \/>\n<script type=\"application\/ld+json\" class=\"yoast-schema-graph\">{\"@context\":\"https:\\\/\\\/schema.org\",\"@graph\":[{\"@type\":\"Article\",\"@id\":\"https:\\\/\\\/www.aliadospuebla.com\\\/?p=108591#article\",\"isPartOf\":{\"@id\":\"https:\\\/\\\/www.aliadospuebla.com\\\/?p=108591\"},\"author\":{\"name\":\"Aliados17\",\"@id\":\"https:\\\/\\\/www.aliadospuebla.com\\\/#\\\/schema\\\/person\\\/5da7dd09320bd4f392b710017ed5f8ad\"},\"headline\":\"FIRMA SMDIF CONVENIO DE COLABORACI\u00d3N CON TERAPIAS ECUESTRES M\u00c9XICO\",\"datePublished\":\"2025-09-23T16:33:51+00:00\",\"mainEntityOfPage\":{\"@id\":\"https:\\\/\\\/www.aliadospuebla.com\\\/?p=108591\"},\"wordCount\":596,\"commentCount\":0,\"image\":{\"@id\":\"https:\\\/\\\/www.aliadospuebla.com\\\/?p=108591#primaryimage\"},\"thumbnailUrl\":\"https:\\\/\\\/www.aliadospuebla.com\\\/web2017\\\/wp-content\\\/uploads\\\/2025\\\/09\\\/129.jpg\",\"keywords\":[\"CMERI\",\"equinos\",\"EQUINOTERAPIA\",\"Jes\u00fas Alejandro Cort\u00e9s Carrasco\",\"MARIELISE BUDIB\",\"modelo OPPAC\",\"SMDIF\",\"Terapias Ecuestres M\u00e9xico\",\"terapias f\u00edsicas\"],\"articleSection\":[\"Capital\"],\"inLanguage\":\"es\",\"potentialAction\":[{\"@type\":\"CommentAction\",\"name\":\"Comment\",\"target\":[\"https:\\\/\\\/www.aliadospuebla.com\\\/?p=108591#respond\"]}]},{\"@type\":\"WebPage\",\"@id\":\"https:\\\/\\\/www.aliadospuebla.com\\\/?p=108591\",\"url\":\"https:\\\/\\\/www.aliadospuebla.com\\\/?p=108591\",\"name\":\"FIRMA SMDIF CONVENIO DE COLABORACI\u00d3N CON TERAPIAS ECUESTRES M\u00c9XICO - AliadosPuebla\",\"isPartOf\":{\"@id\":\"https:\\\/\\\/www.aliadospuebla.com\\\/#website\"},\"primaryImageOfPage\":{\"@id\":\"https:\\\/\\\/www.aliadospuebla.com\\\/?p=108591#primaryimage\"},\"image\":{\"@id\":\"https:\\\/\\\/www.aliadospuebla.com\\\/?p=108591#primaryimage\"},\"thumbnailUrl\":\"https:\\\/\\\/www.aliadospuebla.com\\\/web2017\\\/wp-content\\\/uploads\\\/2025\\\/09\\\/129.jpg\",\"datePublished\":\"2025-09-23T16:33:51+00:00\",\"author\":{\"@id\":\"https:\\\/\\\/www.aliadospuebla.com\\\/#\\\/schema\\\/person\\\/5da7dd09320bd4f392b710017ed5f8ad\"},\"breadcrumb\":{\"@id\":\"https:\\\/\\\/www.aliadospuebla.com\\\/?p=108591#breadcrumb\"},\"inLanguage\":\"es\",\"potentialAction\":[{\"@type\":\"ReadAction\",\"target\":[\"https:\\\/\\\/www.aliadospuebla.com\\\/?p=108591\"]}]},{\"@type\":\"ImageObject\",\"inLanguage\":\"es\",\"@id\":\"https:\\\/\\\/www.aliadospuebla.com\\\/?p=108591#primaryimage\",\"url\":\"https:\\\/\\\/www.aliadospuebla.com\\\/web2017\\\/wp-content\\\/uploads\\\/2025\\\/09\\\/129.jpg\",\"contentUrl\":\"https:\\\/\\\/www.aliadospuebla.com\\\/web2017\\\/wp-content\\\/uploads\\\/2025\\\/09\\\/129.jpg\",\"width\":600,\"height\":450},{\"@type\":\"BreadcrumbList\",\"@id\":\"https:\\\/\\\/www.aliadospuebla.com\\\/?p=108591#breadcrumb\",\"itemListElement\":[{\"@type\":\"ListItem\",\"position\":1,\"name\":\"Portada\",\"item\":\"https:\\\/\\\/www.aliadospuebla.com\\\/\"},{\"@type\":\"ListItem\",\"position\":2,\"name\":\"FIRMA SMDIF CONVENIO DE COLABORACI\u00d3N CON TERAPIAS ECUESTRES M\u00c9XICO\"}]},{\"@type\":\"WebSite\",\"@id\":\"https:\\\/\\\/www.aliadospuebla.com\\\/#website\",\"url\":\"https:\\\/\\\/www.aliadospuebla.com\\\/\",\"name\":\"AliadosPuebla\",\"description\":\"La informaci\u00f3n en tus manos\",\"potentialAction\":[{\"@type\":\"SearchAction\",\"target\":{\"@type\":\"EntryPoint\",\"urlTemplate\":\"https:\\\/\\\/www.aliadospuebla.com\\\/?s={search_term_string}\"},\"query-input\":{\"@type\":\"PropertyValueSpecification\",\"valueRequired\":true,\"valueName\":\"search_term_string\"}}],\"inLanguage\":\"es\"},{\"@type\":\"Person\",\"@id\":\"https:\\\/\\\/www.aliadospuebla.com\\\/#\\\/schema\\\/person\\\/5da7dd09320bd4f392b710017ed5f8ad\",\"name\":\"Aliados17\",\"image\":{\"@type\":\"ImageObject\",\"inLanguage\":\"es\",\"@id\":\"https:\\\/\\\/www.aliadospuebla.com\\\/web2017\\\/wp-content\\\/uploads\\\/2025\\\/03\\\/cropped-para-perfil-8-anos-1-96x96.jpg\",\"url\":\"https:\\\/\\\/www.aliadospuebla.com\\\/web2017\\\/wp-content\\\/uploads\\\/2025\\\/03\\\/cropped-para-perfil-8-anos-1-96x96.jpg\",\"contentUrl\":\"https:\\\/\\\/www.aliadospuebla.com\\\/web2017\\\/wp-content\\\/uploads\\\/2025\\\/03\\\/cropped-para-perfil-8-anos-1-96x96.jpg\",\"caption\":\"Aliados17\"},\"sameAs\":[\"https:\\\/\\\/www.aliados17.com\",\"https:\\\/\\\/www.facebook.com\\\/Aliados17Pue\",\"https:\\\/\\\/x.com\\\/AliadosPuebla\"],\"url\":\"https:\\\/\\\/www.aliadospuebla.com\\\/?author=2\"}]}<\/script>\n<!-- \/ Yoast SEO plugin. -->","yoast_head_json":{"title":"FIRMA SMDIF CONVENIO DE COLABORACI\u00d3N CON TERAPIAS ECUESTRES M\u00c9XICO - AliadosPuebla","robots":{"index":"index","follow":"follow","max-snippet":"max-snippet:-1","max-image-preview":"max-image-preview:large","max-video-preview":"max-video-preview:-1"},"canonical":"https:\/\/www.aliadospuebla.com\/?p=108591","og_locale":"es_ES","og_type":"article","og_title":"FIRMA SMDIF CONVENIO DE COLABORACI\u00d3N CON TERAPIAS ECUESTRES M\u00c9XICO - AliadosPuebla","og_description":"&#8211; Se busca fortalecer la profesionalizaci\u00f3n del personal de CMERI que presta asistencia con equinos Puebla, Pue.\u2013 Como un hecho sin precedentes para la profesionalizaci\u00f3n de la equinoterapia en la capital poblana, se llev\u00f3 a cabo la firma de un convenio de colaboraci\u00f3n entre el Sistema Municipal DIF (SMDIF) de Puebla y la organizaci\u00f3n Terapias Ecuestres M\u00e9xico. En representaci\u00f3n de la presidenta del Patronato, MariElise Budib, sign\u00f3 dicho documento el director general del SMDIF, Jes\u00fas Alejandro Cort\u00e9s Carrasco. El acuerdo permitir\u00e1 utilizar las instalaciones del Centro Municipal de Equinoterapia y Rehabilitaci\u00f3n Integral (CMERI) como sede oficial para ofrecer capacitaci\u00f3n y certificaci\u00f3n en terapias ecuestres bajo el modelo OPPAC. Tambi\u00e9n tiene como prop\u00f3sito capacitar el talento humano que integra el centro y profesionalizar las terapias asistidas&hellip;Leer m\u00e1s...","og_url":"https:\/\/www.aliadospuebla.com\/?p=108591","og_site_name":"AliadosPuebla","article_author":"https:\/\/www.facebook.com\/Aliados17Pue","article_published_time":"2025-09-23T16:33:51+00:00","og_image":[{"width":600,"height":450,"url":"https:\/\/www.aliadospuebla.com\/web2017\/wp-content\/uploads\/2025\/09\/129.jpg","type":"image\/jpeg"}],"author":"Aliados17","twitter_card":"summary_large_image","twitter_creator":"@AliadosPuebla","twitter_misc":{"Escrito por":"Aliados17","Tiempo de lectura":"3 minutos"},"schema":{"@context":"https:\/\/schema.org","@graph":[{"@type":"Article","@id":"https:\/\/www.aliadospuebla.com\/?p=108591#article","isPartOf":{"@id":"https:\/\/www.aliadospuebla.com\/?p=108591"},"author":{"name":"Aliados17","@id":"https:\/\/www.aliadospuebla.com\/#\/schema\/person\/5da7dd09320bd4f392b710017ed5f8ad"},"headline":"FIRMA SMDIF CONVENIO DE COLABORACI\u00d3N CON TERAPIAS ECUESTRES M\u00c9XICO","datePublished":"2025-09-23T16:33:51+00:00","mainEntityOfPage":{"@id":"https:\/\/www.aliadospuebla.com\/?p=108591"},"wordCount":596,"commentCount":0,"image":{"@id":"https:\/\/www.aliadospuebla.com\/?p=108591#primaryimage"},"thumbnailUrl":"https:\/\/www.aliadospuebla.com\/web2017\/wp-content\/uploads\/2025\/09\/129.jpg","keywords":["CMERI","equinos","EQUINOTERAPIA","Jes\u00fas Alejandro Cort\u00e9s Carrasco","MARIELISE BUDIB","modelo OPPAC","SMDIF","Terapias Ecuestres M\u00e9xico","terapias f\u00edsicas"],"articleSection":["Capital"],"inLanguage":"es","potentialAction":[{"@type":"CommentAction","name":"Comment","target":["https:\/\/www.aliadospuebla.com\/?p=108591#respond"]}]},{"@type":"WebPage","@id":"https:\/\/www.aliadospuebla.com\/?p=108591","url":"https:\/\/www.aliadospuebla.com\/?p=108591","name":"FIRMA SMDIF CONVENIO DE COLABORACI\u00d3N CON TERAPIAS ECUESTRES M\u00c9XICO - AliadosPuebla","isPartOf":{"@id":"https:\/\/www.aliadospuebla.com\/#website"},"primaryImageOfPage":{"@id":"https:\/\/www.aliadospuebla.com\/?p=108591#primaryimage"},"image":{"@id":"https:\/\/www.aliadospuebla.com\/?p=108591#primaryimage"},"thumbnailUrl":"https:\/\/www.aliadospuebla.com\/web2017\/wp-content\/uploads\/2025\/09\/129.jpg","datePublished":"2025-09-23T16:33:51+00:00","author":{"@id":"https:\/\/www.aliadospuebla.com\/#\/schema\/person\/5da7dd09320bd4f392b710017ed5f8ad"},"breadcrumb":{"@id":"https:\/\/www.aliadospuebla.com\/?p=108591#breadcrumb"},"inLanguage":"es","potentialAction":[{"@type":"ReadAction","target":["https:\/\/www.aliadospuebla.com\/?p=108591"]}]},{"@type":"ImageObject","inLanguage":"es","@id":"https:\/\/www.aliadospuebla.com\/?p=108591#primaryimage","url":"https:\/\/www.aliadospuebla.com\/web2017\/wp-content\/uploads\/2025\/09\/129.jpg","contentUrl":"https:\/\/www.aliadospuebla.com\/web2017\/wp-content\/uploads\/2025\/09\/129.jpg","width":600,"height":450},{"@type":"BreadcrumbList","@id":"https:\/\/www.aliadospuebla.com\/?p=108591#breadcrumb","itemListElement":[{"@type":"ListItem","position":1,"name":"Portada","item":"https:\/\/www.aliadospuebla.com\/"},{"@type":"ListItem","position":2,"name":"FIRMA SMDIF CONVENIO DE COLABORACI\u00d3N CON TERAPIAS ECUESTRES M\u00c9XICO"}]},{"@type":"WebSite","@id":"https:\/\/www.aliadospuebla.com\/#website","url":"https:\/\/www.aliadospuebla.com\/","name":"AliadosPuebla","description":"La informaci\u00f3n en tus manos","potentialAction":[{"@type":"SearchAction","target":{"@type":"EntryPoint","urlTemplate":"https:\/\/www.aliadospuebla.com\/?s={search_term_string}"},"query-input":{"@type":"PropertyValueSpecification","valueRequired":true,"valueName":"search_term_string"}}],"inLanguage":"es"},{"@type":"Person","@id":"https:\/\/www.aliadospuebla.com\/#\/schema\/person\/5da7dd09320bd4f392b710017ed5f8ad","name":"Aliados17","image":{"@type":"ImageObject","inLanguage":"es","@id":"https:\/\/www.aliadospuebla.com\/web2017\/wp-content\/uploads\/2025\/03\/cropped-para-perfil-8-anos-1-96x96.jpg","url":"https:\/\/www.aliadospuebla.com\/web2017\/wp-content\/uploads\/2025\/03\/cropped-para-perfil-8-anos-1-96x96.jpg","contentUrl":"https:\/\/www.aliadospuebla.com\/web2017\/wp-content\/uploads\/2025\/03\/cropped-para-perfil-8-anos-1-96x96.jpg","caption":"Aliados17"},"sameAs":["https:\/\/www.aliados17.com","https:\/\/www.facebook.com\/Aliados17Pue","https:\/\/x.com\/AliadosPuebla"],"url":"https:\/\/www.aliadospuebla.com\/?author=2"}]}},"views":21,"_links":{"self":[{"href":"https:\/\/www.aliadospuebla.com\/index.php?rest_route=\/wp\/v2\/posts\/108591","targetHints":{"allow":["GET"]}}],"collection":[{"href":"https:\/\/www.aliadospuebla.com\/index.php?rest_route=\/wp\/v2\/posts"}],"about":[{"href":"https:\/\/www.aliadospuebla.com\/index.php?rest_route=\/wp\/v2\/types\/post"}],"author":[{"embeddable":true,"href":"https:\/\/www.aliadospuebla.com\/index.php?rest_route=\/wp\/v2\/users\/2"}],"replies":[{"embeddable":true,"href":"https:\/\/www.aliadospuebla.com\/index.php?rest_route=%2Fwp%2Fv2%2Fcomments&post=108591"}],"version-history":[{"count":1,"href":"https:\/\/www.aliadospuebla.com\/index.php?rest_route=\/wp\/v2\/posts\/108591\/revisions"}],"predecessor-version":[{"id":108593,"href":"https:\/\/www.aliadospuebla.com\/index.php?rest_route=\/wp\/v2\/posts\/108591\/revisions\/108593"}],"wp:featuredmedia":[{"embeddable":true,"href":"https:\/\/www.aliadospuebla.com\/index.php?rest_route=\/wp\/v2\/media\/108592"}],"wp:attachment":[{"href":"https:\/\/www.aliadospuebla.com\/index.php?rest_route=%2Fwp%2Fv2%2Fmedia&parent=108591"}],"wp:term":[{"taxonomy":"category","embeddable":true,"href":"https:\/\/www.aliadospuebla.com\/index.php?rest_route=%2Fwp%2Fv2%2Fcategories&post=108591"},{"taxonomy":"post_tag","embeddable":true,"href":"https:\/\/www.aliadospuebla.com\/index.php?rest_route=%2Fwp%2Fv2%2Ftags&post=108591"}],"curies":[{"name":"wp","href":"https:\/\/api.w.org\/{rel}","templated":true}]}}