{"id":108480,"date":"2025-09-16T09:57:37","date_gmt":"2025-09-16T15:57:37","guid":{"rendered":"https:\/\/www.aliadospuebla.com\/?p=108480"},"modified":"2025-09-16T09:57:37","modified_gmt":"2025-09-16T15:57:37","slug":"con-patriotismo-puebla-vibra-con-primer-grito-de-independencia-del-gobernador-alejandro-armenta","status":"publish","type":"post","link":"https:\/\/www.aliadospuebla.com\/?p=108480","title":{"rendered":"Con patriotismo, Puebla vibra con primer grito de Independencia del gobernador Alejandro Armenta"},"content":{"rendered":"<h4>&#8211; Ante m\u00e1s de 8 mil poblanas y poblanos, y en un ambiente de seguridad y orden, el gobernador vitore\u00f3 a los h\u00e9roes que dieron patria y libertad.<\/h4>\n<p>&#8211; \u00a1Viva el humanismo mexicano! \u00a1Vivan las mujeres! \u00a1Viva nuestra primera presidenta de M\u00e9xico!,<\/p>\n<p>areng\u00f3 el titular del ejecutivo estatal.<\/p>\n<p>CIUDAD DE PUEBLA, Pue.- En un ambiente de paz, de uni\u00f3n familiar y profundo orgullo patrio,<\/p>\n<p>desde Palacio Municipal, el gobernador de Puebla, Alejandro Armenta, presidi\u00f3<\/p>\n<p>la Ceremonia del 215 Aniversario del Grito de Independencia, acompa\u00f1ado por su esposa,<\/p>\n<p>Ceci Arellano; el presidente municipal, Jos\u00e9 Chedraui Budib, y su esposa Mari Elise Budib.<\/p>\n<p>Con m\u00fasica, luces, colores y un ambiente de alegr\u00eda, miles de poblanas, poblanos, visitantes nacionales e internacionales,<\/p>\n<p>el mandatario estatal vitore\u00f3 a los h\u00e9roes que dieron libertad a M\u00e9xico en 1810: Miguel Hidalgo y Costilla,<\/p>\n<p>Jos\u00e9 Mar\u00eda Morelos y Pav\u00f3n, Josefa Ortiz de Dom\u00ednguez, Leona Vicario, Ignacio Allende, Juan Aldama,<\/p>\n<p>Vicente Guerrero y Guadalupe Victoria.<\/p>\n<p>\u00abCon el coraz\u00f3n repleto de emoci\u00f3n, alzamos nuestras voces para honrar a quienes con valor<\/p>\n<p>y sacrificio nos dieron patria y libertad\u00bb, areng\u00f3 el mandatario estatal.<\/p>\n<p>Con voz firme exalt\u00f3 a las y los h\u00e9roes poblanos an\u00f3nimos que forjaron la historia.<\/p>\n<p>Tambi\u00e9n record\u00f3 el humanismo mexicano y a los pueblos originarios.<\/p>\n<h4>Con entusiasmo patrio el gobernador Alejandro Armenta enalteci\u00f3 a las y los hermanos migrantes y a\u00f1adi\u00f3: \u00ab\u00a1Que vivan cada uno de ustedes que honran a Puebla todos los d\u00edas con amor, honestidad, trabajo y esfuerzo!\u00bb, en referencia a las y los poblanos.<\/h4>\n<p>Durante la arenga Alejandro Armenta clam\u00f3 \u00ab\u00a1Vivan las mujeres! \u00a1Viva nuestra primera presidenta de M\u00e9xico!. El gobernador concluy\u00f3 con gran emoci\u00f3n con un \u00a1Viva Puebla! y tres veces \u00a1Viva M\u00e9xico!, despu\u00e9s al repique de las campanadas onde\u00f3 la bandera nacional para dar paso al espect\u00e1culo de fuegos artificiales.<\/p>\n<p>La noche se distingui\u00f3 por la seguridad, la convivencia familiar y el fervor patrio que caracteriz\u00f3 cada momento de la celebraci\u00f3n desde el coraz\u00f3n de la Ciudad de Puebla, donde las y los asistentes disfrutaron de las actividades de la Fiestas Patrias 2025 que incluyeron m\u00fasica en vivo, un espect\u00e1culo de luces.<\/p>\n<p>Al Palacio Municipal asistieron la familia del gobernador, la presidenta del Congreso del Estado, Laura Artemisa Garc\u00eda Ch\u00e1vez; la Magistrada Presidenta del Tribunal Superior de Justicia, Mar\u00eda Belinda Aguilar D\u00edaz; el director del Instituto Mexicano de Propiedad Intelectual (IMPI), Santiago Nieto; as\u00ed como integrantes del Gabinete Estatal.<\/p>\n<p>Posterior a la ceremonia del Grito de Independencia, las y los poblanos asistentes disfrutaron en el Paseo Bravo de la presentaci\u00f3n del cantante Juli\u00f3n \u00c1lvarez. Con esta conmemoraci\u00f3n, el Gobierno del Estado y de la ciudad refrendaron su compromiso de preservar las tradiciones, fortalecer la unidad social y garantizar celebraciones seguras y llenas de orgullo nacional.<\/p>\n","protected":false},"excerpt":{"rendered":"<p>&#8211; Ante m\u00e1s de 8 mil poblanas y poblanos, y en un ambiente de seguridad y orden, el gobernador vitore\u00f3 a los h\u00e9roes que dieron patria y libertad. &#8211; \u00a1Viva el humanismo mexicano! \u00a1Vivan las mujeres! \u00a1Viva nuestra primera presidenta de M\u00e9xico!, areng\u00f3 el titular del ejecutivo estatal. CIUDAD DE PUEBLA, Pue.- En un ambiente de paz, de uni\u00f3n familiar y profundo orgullo patrio, desde Palacio Municipal, el gobernador de Puebla, Alejandro Armenta, presidi\u00f3 la Ceremonia del 215 Aniversario del Grito de Independencia, acompa\u00f1ado por su esposa, Ceci Arellano; el presidente municipal, Jos\u00e9 Chedraui Budib, y su esposa Mari Elise Budib. Con m\u00fasica, luces, colores y un ambiente de alegr\u00eda, miles de poblanas, poblanos, visitantes nacionales e internacionales, el mandatario estatal vitore\u00f3 a los h\u00e9roes&hellip;<\/p>\n<p class=\"excerpt-more\"><a class=\"blog-excerpt button\" href=\"https:\/\/www.aliadospuebla.com\/?p=108480\">Leer m\u00e1s&#8230;<\/a><\/p>\n","protected":false},"author":2,"featured_media":108481,"comment_status":"open","ping_status":"open","sticky":false,"template":"","format":"standard","meta":{"_monsterinsights_skip_tracking":false,"footnotes":""},"categories":[61],"tags":[4780,1708,14924,30904,16417,72],"class_list":["post-108480","post","type-post","status-publish","format-standard","has-post-thumbnail","hentry","category-gobierno","tag-alejandro-armenta","tag-grito-de-independencia","tag-jose-chedraui-budib","tag-mari-elise-budib","tag-patriotismo","tag-puebla"],"yoast_head":"<!-- This site is optimized with the Yoast SEO plugin v28.3 - https:\/\/yoast.com\/product\/yoast-seo-wordpress\/ -->\n<title>Con patriotismo, Puebla vibra con primer grito de Independencia del gobernador Alejandro Armenta - AliadosPuebla<\/title>\n<meta name=\"robots\" content=\"index, follow, max-snippet:-1, max-image-preview:large, max-video-preview:-1\" \/>\n<link rel=\"canonical\" href=\"https:\/\/www.aliadospuebla.com\/?p=108480\" \/>\n<meta property=\"og:locale\" content=\"es_ES\" \/>\n<meta property=\"og:type\" content=\"article\" \/>\n<meta property=\"og:title\" content=\"Con patriotismo, Puebla vibra con primer grito de Independencia del gobernador Alejandro Armenta - AliadosPuebla\" \/>\n<meta property=\"og:description\" content=\"&#8211; Ante m\u00e1s de 8 mil poblanas y poblanos, y en un ambiente de seguridad y orden, el gobernador vitore\u00f3 a los h\u00e9roes que dieron patria y libertad. &#8211; \u00a1Viva el humanismo mexicano! \u00a1Vivan las mujeres! \u00a1Viva nuestra primera presidenta de M\u00e9xico!, areng\u00f3 el titular del ejecutivo estatal. CIUDAD DE PUEBLA, Pue.- En un ambiente de paz, de uni\u00f3n familiar y profundo orgullo patrio, desde Palacio Municipal, el gobernador de Puebla, Alejandro Armenta, presidi\u00f3 la Ceremonia del 215 Aniversario del Grito de Independencia, acompa\u00f1ado por su esposa, Ceci Arellano; el presidente municipal, Jos\u00e9 Chedraui Budib, y su esposa Mari Elise Budib. Con m\u00fasica, luces, colores y un ambiente de alegr\u00eda, miles de poblanas, poblanos, visitantes nacionales e internacionales, el mandatario estatal vitore\u00f3 a los h\u00e9roes&hellip;Leer m\u00e1s...\" \/>\n<meta property=\"og:url\" content=\"https:\/\/www.aliadospuebla.com\/?p=108480\" \/>\n<meta property=\"og:site_name\" content=\"AliadosPuebla\" \/>\n<meta property=\"article:author\" content=\"https:\/\/www.facebook.com\/Aliados17Pue\" \/>\n<meta property=\"article:published_time\" content=\"2025-09-16T15:57:37+00:00\" \/>\n<meta property=\"og:image\" content=\"https:\/\/www.aliadospuebla.com\/web2017\/wp-content\/uploads\/2025\/09\/104.jpg\" \/>\n\t<meta property=\"og:image:width\" content=\"600\" \/>\n\t<meta property=\"og:image:height\" content=\"450\" \/>\n\t<meta property=\"og:image:type\" content=\"image\/jpeg\" \/>\n<meta name=\"author\" content=\"Aliados17\" \/>\n<meta name=\"twitter:card\" content=\"summary_large_image\" \/>\n<meta name=\"twitter:creator\" content=\"@AliadosPuebla\" \/>\n<meta name=\"twitter:label1\" content=\"Escrito por\" \/>\n\t<meta name=\"twitter:data1\" content=\"Aliados17\" \/>\n\t<meta name=\"twitter:label2\" content=\"Tiempo de lectura\" \/>\n\t<meta name=\"twitter:data2\" content=\"3 minutos\" \/>\n<script type=\"application\/ld+json\" class=\"yoast-schema-graph\">{\"@context\":\"https:\\\/\\\/schema.org\",\"@graph\":[{\"@type\":\"Article\",\"@id\":\"https:\\\/\\\/www.aliadospuebla.com\\\/?p=108480#article\",\"isPartOf\":{\"@id\":\"https:\\\/\\\/www.aliadospuebla.com\\\/?p=108480\"},\"author\":{\"name\":\"Aliados17\",\"@id\":\"https:\\\/\\\/www.aliadospuebla.com\\\/#\\\/schema\\\/person\\\/5da7dd09320bd4f392b710017ed5f8ad\"},\"headline\":\"Con patriotismo, Puebla vibra con primer grito de Independencia del gobernador Alejandro Armenta\",\"datePublished\":\"2025-09-16T15:57:37+00:00\",\"mainEntityOfPage\":{\"@id\":\"https:\\\/\\\/www.aliadospuebla.com\\\/?p=108480\"},\"wordCount\":497,\"commentCount\":0,\"image\":{\"@id\":\"https:\\\/\\\/www.aliadospuebla.com\\\/?p=108480#primaryimage\"},\"thumbnailUrl\":\"https:\\\/\\\/www.aliadospuebla.com\\\/web2017\\\/wp-content\\\/uploads\\\/2025\\\/09\\\/104.jpg\",\"keywords\":[\"ALEJANDRO ARMENTA\",\"GRITO DE INDEPENDENCIA\",\"Jos\u00e9 Chedraui Budib\",\"Mari Elise Budib\",\"patriotismo\",\"Puebla\"],\"articleSection\":[\"Gobierno\"],\"inLanguage\":\"es\",\"potentialAction\":[{\"@type\":\"CommentAction\",\"name\":\"Comment\",\"target\":[\"https:\\\/\\\/www.aliadospuebla.com\\\/?p=108480#respond\"]}]},{\"@type\":\"WebPage\",\"@id\":\"https:\\\/\\\/www.aliadospuebla.com\\\/?p=108480\",\"url\":\"https:\\\/\\\/www.aliadospuebla.com\\\/?p=108480\",\"name\":\"Con patriotismo, Puebla vibra con primer grito de Independencia del gobernador Alejandro Armenta - AliadosPuebla\",\"isPartOf\":{\"@id\":\"https:\\\/\\\/www.aliadospuebla.com\\\/#website\"},\"primaryImageOfPage\":{\"@id\":\"https:\\\/\\\/www.aliadospuebla.com\\\/?p=108480#primaryimage\"},\"image\":{\"@id\":\"https:\\\/\\\/www.aliadospuebla.com\\\/?p=108480#primaryimage\"},\"thumbnailUrl\":\"https:\\\/\\\/www.aliadospuebla.com\\\/web2017\\\/wp-content\\\/uploads\\\/2025\\\/09\\\/104.jpg\",\"datePublished\":\"2025-09-16T15:57:37+00:00\",\"author\":{\"@id\":\"https:\\\/\\\/www.aliadospuebla.com\\\/#\\\/schema\\\/person\\\/5da7dd09320bd4f392b710017ed5f8ad\"},\"breadcrumb\":{\"@id\":\"https:\\\/\\\/www.aliadospuebla.com\\\/?p=108480#breadcrumb\"},\"inLanguage\":\"es\",\"potentialAction\":[{\"@type\":\"ReadAction\",\"target\":[\"https:\\\/\\\/www.aliadospuebla.com\\\/?p=108480\"]}]},{\"@type\":\"ImageObject\",\"inLanguage\":\"es\",\"@id\":\"https:\\\/\\\/www.aliadospuebla.com\\\/?p=108480#primaryimage\",\"url\":\"https:\\\/\\\/www.aliadospuebla.com\\\/web2017\\\/wp-content\\\/uploads\\\/2025\\\/09\\\/104.jpg\",\"contentUrl\":\"https:\\\/\\\/www.aliadospuebla.com\\\/web2017\\\/wp-content\\\/uploads\\\/2025\\\/09\\\/104.jpg\",\"width\":600,\"height\":450},{\"@type\":\"BreadcrumbList\",\"@id\":\"https:\\\/\\\/www.aliadospuebla.com\\\/?p=108480#breadcrumb\",\"itemListElement\":[{\"@type\":\"ListItem\",\"position\":1,\"name\":\"Portada\",\"item\":\"https:\\\/\\\/www.aliadospuebla.com\\\/\"},{\"@type\":\"ListItem\",\"position\":2,\"name\":\"Con patriotismo, Puebla vibra con primer grito de Independencia del gobernador Alejandro Armenta\"}]},{\"@type\":\"WebSite\",\"@id\":\"https:\\\/\\\/www.aliadospuebla.com\\\/#website\",\"url\":\"https:\\\/\\\/www.aliadospuebla.com\\\/\",\"name\":\"AliadosPuebla\",\"description\":\"La informaci\u00f3n en tus manos\",\"potentialAction\":[{\"@type\":\"SearchAction\",\"target\":{\"@type\":\"EntryPoint\",\"urlTemplate\":\"https:\\\/\\\/www.aliadospuebla.com\\\/?s={search_term_string}\"},\"query-input\":{\"@type\":\"PropertyValueSpecification\",\"valueRequired\":true,\"valueName\":\"search_term_string\"}}],\"inLanguage\":\"es\"},{\"@type\":\"Person\",\"@id\":\"https:\\\/\\\/www.aliadospuebla.com\\\/#\\\/schema\\\/person\\\/5da7dd09320bd4f392b710017ed5f8ad\",\"name\":\"Aliados17\",\"image\":{\"@type\":\"ImageObject\",\"inLanguage\":\"es\",\"@id\":\"https:\\\/\\\/www.aliadospuebla.com\\\/web2017\\\/wp-content\\\/uploads\\\/2025\\\/03\\\/cropped-para-perfil-8-anos-1-96x96.jpg\",\"url\":\"https:\\\/\\\/www.aliadospuebla.com\\\/web2017\\\/wp-content\\\/uploads\\\/2025\\\/03\\\/cropped-para-perfil-8-anos-1-96x96.jpg\",\"contentUrl\":\"https:\\\/\\\/www.aliadospuebla.com\\\/web2017\\\/wp-content\\\/uploads\\\/2025\\\/03\\\/cropped-para-perfil-8-anos-1-96x96.jpg\",\"caption\":\"Aliados17\"},\"sameAs\":[\"https:\\\/\\\/www.aliados17.com\",\"https:\\\/\\\/www.facebook.com\\\/Aliados17Pue\",\"https:\\\/\\\/x.com\\\/AliadosPuebla\"],\"url\":\"https:\\\/\\\/www.aliadospuebla.com\\\/?author=2\"}]}<\/script>\n<!-- \/ Yoast SEO plugin. -->","yoast_head_json":{"title":"Con patriotismo, Puebla vibra con primer grito de Independencia del gobernador Alejandro Armenta - AliadosPuebla","robots":{"index":"index","follow":"follow","max-snippet":"max-snippet:-1","max-image-preview":"max-image-preview:large","max-video-preview":"max-video-preview:-1"},"canonical":"https:\/\/www.aliadospuebla.com\/?p=108480","og_locale":"es_ES","og_type":"article","og_title":"Con patriotismo, Puebla vibra con primer grito de Independencia del gobernador Alejandro Armenta - AliadosPuebla","og_description":"&#8211; Ante m\u00e1s de 8 mil poblanas y poblanos, y en un ambiente de seguridad y orden, el gobernador vitore\u00f3 a los h\u00e9roes que dieron patria y libertad. &#8211; \u00a1Viva el humanismo mexicano! \u00a1Vivan las mujeres! \u00a1Viva nuestra primera presidenta de M\u00e9xico!, areng\u00f3 el titular del ejecutivo estatal. CIUDAD DE PUEBLA, Pue.- En un ambiente de paz, de uni\u00f3n familiar y profundo orgullo patrio, desde Palacio Municipal, el gobernador de Puebla, Alejandro Armenta, presidi\u00f3 la Ceremonia del 215 Aniversario del Grito de Independencia, acompa\u00f1ado por su esposa, Ceci Arellano; el presidente municipal, Jos\u00e9 Chedraui Budib, y su esposa Mari Elise Budib. Con m\u00fasica, luces, colores y un ambiente de alegr\u00eda, miles de poblanas, poblanos, visitantes nacionales e internacionales, el mandatario estatal vitore\u00f3 a los h\u00e9roes&hellip;Leer m\u00e1s...","og_url":"https:\/\/www.aliadospuebla.com\/?p=108480","og_site_name":"AliadosPuebla","article_author":"https:\/\/www.facebook.com\/Aliados17Pue","article_published_time":"2025-09-16T15:57:37+00:00","og_image":[{"width":600,"height":450,"url":"https:\/\/www.aliadospuebla.com\/web2017\/wp-content\/uploads\/2025\/09\/104.jpg","type":"image\/jpeg"}],"author":"Aliados17","twitter_card":"summary_large_image","twitter_creator":"@AliadosPuebla","twitter_misc":{"Escrito por":"Aliados17","Tiempo de lectura":"3 minutos"},"schema":{"@context":"https:\/\/schema.org","@graph":[{"@type":"Article","@id":"https:\/\/www.aliadospuebla.com\/?p=108480#article","isPartOf":{"@id":"https:\/\/www.aliadospuebla.com\/?p=108480"},"author":{"name":"Aliados17","@id":"https:\/\/www.aliadospuebla.com\/#\/schema\/person\/5da7dd09320bd4f392b710017ed5f8ad"},"headline":"Con patriotismo, Puebla vibra con primer grito de Independencia del gobernador Alejandro Armenta","datePublished":"2025-09-16T15:57:37+00:00","mainEntityOfPage":{"@id":"https:\/\/www.aliadospuebla.com\/?p=108480"},"wordCount":497,"commentCount":0,"image":{"@id":"https:\/\/www.aliadospuebla.com\/?p=108480#primaryimage"},"thumbnailUrl":"https:\/\/www.aliadospuebla.com\/web2017\/wp-content\/uploads\/2025\/09\/104.jpg","keywords":["ALEJANDRO ARMENTA","GRITO DE INDEPENDENCIA","Jos\u00e9 Chedraui Budib","Mari Elise Budib","patriotismo","Puebla"],"articleSection":["Gobierno"],"inLanguage":"es","potentialAction":[{"@type":"CommentAction","name":"Comment","target":["https:\/\/www.aliadospuebla.com\/?p=108480#respond"]}]},{"@type":"WebPage","@id":"https:\/\/www.aliadospuebla.com\/?p=108480","url":"https:\/\/www.aliadospuebla.com\/?p=108480","name":"Con patriotismo, Puebla vibra con primer grito de Independencia del gobernador Alejandro Armenta - AliadosPuebla","isPartOf":{"@id":"https:\/\/www.aliadospuebla.com\/#website"},"primaryImageOfPage":{"@id":"https:\/\/www.aliadospuebla.com\/?p=108480#primaryimage"},"image":{"@id":"https:\/\/www.aliadospuebla.com\/?p=108480#primaryimage"},"thumbnailUrl":"https:\/\/www.aliadospuebla.com\/web2017\/wp-content\/uploads\/2025\/09\/104.jpg","datePublished":"2025-09-16T15:57:37+00:00","author":{"@id":"https:\/\/www.aliadospuebla.com\/#\/schema\/person\/5da7dd09320bd4f392b710017ed5f8ad"},"breadcrumb":{"@id":"https:\/\/www.aliadospuebla.com\/?p=108480#breadcrumb"},"inLanguage":"es","potentialAction":[{"@type":"ReadAction","target":["https:\/\/www.aliadospuebla.com\/?p=108480"]}]},{"@type":"ImageObject","inLanguage":"es","@id":"https:\/\/www.aliadospuebla.com\/?p=108480#primaryimage","url":"https:\/\/www.aliadospuebla.com\/web2017\/wp-content\/uploads\/2025\/09\/104.jpg","contentUrl":"https:\/\/www.aliadospuebla.com\/web2017\/wp-content\/uploads\/2025\/09\/104.jpg","width":600,"height":450},{"@type":"BreadcrumbList","@id":"https:\/\/www.aliadospuebla.com\/?p=108480#breadcrumb","itemListElement":[{"@type":"ListItem","position":1,"name":"Portada","item":"https:\/\/www.aliadospuebla.com\/"},{"@type":"ListItem","position":2,"name":"Con patriotismo, Puebla vibra con primer grito de Independencia del gobernador Alejandro Armenta"}]},{"@type":"WebSite","@id":"https:\/\/www.aliadospuebla.com\/#website","url":"https:\/\/www.aliadospuebla.com\/","name":"AliadosPuebla","description":"La informaci\u00f3n en tus manos","potentialAction":[{"@type":"SearchAction","target":{"@type":"EntryPoint","urlTemplate":"https:\/\/www.aliadospuebla.com\/?s={search_term_string}"},"query-input":{"@type":"PropertyValueSpecification","valueRequired":true,"valueName":"search_term_string"}}],"inLanguage":"es"},{"@type":"Person","@id":"https:\/\/www.aliadospuebla.com\/#\/schema\/person\/5da7dd09320bd4f392b710017ed5f8ad","name":"Aliados17","image":{"@type":"ImageObject","inLanguage":"es","@id":"https:\/\/www.aliadospuebla.com\/web2017\/wp-content\/uploads\/2025\/03\/cropped-para-perfil-8-anos-1-96x96.jpg","url":"https:\/\/www.aliadospuebla.com\/web2017\/wp-content\/uploads\/2025\/03\/cropped-para-perfil-8-anos-1-96x96.jpg","contentUrl":"https:\/\/www.aliadospuebla.com\/web2017\/wp-content\/uploads\/2025\/03\/cropped-para-perfil-8-anos-1-96x96.jpg","caption":"Aliados17"},"sameAs":["https:\/\/www.aliados17.com","https:\/\/www.facebook.com\/Aliados17Pue","https:\/\/x.com\/AliadosPuebla"],"url":"https:\/\/www.aliadospuebla.com\/?author=2"}]}},"views":23,"_links":{"self":[{"href":"https:\/\/www.aliadospuebla.com\/index.php?rest_route=\/wp\/v2\/posts\/108480","targetHints":{"allow":["GET"]}}],"collection":[{"href":"https:\/\/www.aliadospuebla.com\/index.php?rest_route=\/wp\/v2\/posts"}],"about":[{"href":"https:\/\/www.aliadospuebla.com\/index.php?rest_route=\/wp\/v2\/types\/post"}],"author":[{"embeddable":true,"href":"https:\/\/www.aliadospuebla.com\/index.php?rest_route=\/wp\/v2\/users\/2"}],"replies":[{"embeddable":true,"href":"https:\/\/www.aliadospuebla.com\/index.php?rest_route=%2Fwp%2Fv2%2Fcomments&post=108480"}],"version-history":[{"count":1,"href":"https:\/\/www.aliadospuebla.com\/index.php?rest_route=\/wp\/v2\/posts\/108480\/revisions"}],"predecessor-version":[{"id":108482,"href":"https:\/\/www.aliadospuebla.com\/index.php?rest_route=\/wp\/v2\/posts\/108480\/revisions\/108482"}],"wp:featuredmedia":[{"embeddable":true,"href":"https:\/\/www.aliadospuebla.com\/index.php?rest_route=\/wp\/v2\/media\/108481"}],"wp:attachment":[{"href":"https:\/\/www.aliadospuebla.com\/index.php?rest_route=%2Fwp%2Fv2%2Fmedia&parent=108480"}],"wp:term":[{"taxonomy":"category","embeddable":true,"href":"https:\/\/www.aliadospuebla.com\/index.php?rest_route=%2Fwp%2Fv2%2Fcategories&post=108480"},{"taxonomy":"post_tag","embeddable":true,"href":"https:\/\/www.aliadospuebla.com\/index.php?rest_route=%2Fwp%2Fv2%2Ftags&post=108480"}],"curies":[{"name":"wp","href":"https:\/\/api.w.org\/{rel}","templated":true}]}}