{"id":108417,"date":"2025-08-07T13:43:38","date_gmt":"2025-08-07T19:43:38","guid":{"rendered":"https:\/\/www.aliadospuebla.com\/?p=108417"},"modified":"2025-09-13T13:48:52","modified_gmt":"2025-09-13T19:48:52","slug":"imjuve-tecamachalco-invita-a-participar-en-el-concurso-para-elegir-reina-de-las-fiestas-patrias-2025","status":"publish","type":"post","link":"https:\/\/www.aliadospuebla.com\/?p=108417","title":{"rendered":"IMJUVE Tecamachalco invita a participar en el concurso para elegir Reina de las Fiestas Patrias 2025"},"content":{"rendered":"<p>El H. Ayuntamiento de Tecamachalco, la Regiduria de Juventud y Relaciones Internacionales de Tecamachalco y la Direcci\u00f3n del Instituto Municipal de la Juventud, te invitamos a participar en la competencia para Reina de las Fiestas Patrias.<\/p>\n<p>Es una oportunidad para mostrar tu belleza, carisma y habilidades en un evento lleno de tradici\u00f3n y celebraci\u00f3n.<\/p>\n<p>Para m\u00e1s informaci\u00f3n sobre c\u00f3mo participar en el concurso para Reina de las Fiestas Patrias, puedes acudir al Sal\u00f3n Rodolfo Jara o comunicarte al n\u00famero 249-213-8233.<\/p>\n","protected":false},"excerpt":{"rendered":"<p>El H. Ayuntamiento de Tecamachalco, la Regiduria de Juventud y Relaciones Internacionales de Tecamachalco y la Direcci\u00f3n del Instituto Municipal de la Juventud, te invitamos a participar en la competencia para Reina de las Fiestas Patrias. Es una oportunidad para mostrar tu belleza, carisma y habilidades en un evento lleno de tradici\u00f3n y celebraci\u00f3n. Para m\u00e1s informaci\u00f3n sobre c\u00f3mo participar en el concurso para Reina de las Fiestas Patrias, puedes acudir al Sal\u00f3n Rodolfo Jara o comunicarte al n\u00famero 249-213-8233.<\/p>\n","protected":false},"author":2,"featured_media":108418,"comment_status":"open","ping_status":"open","sticky":false,"template":"","format":"standard","meta":{"_monsterinsights_skip_tracking":false,"footnotes":""},"categories":[4],"tags":[1240,15682,3174,30870,129],"class_list":["post-108417","post","type-post","status-publish","format-standard","has-post-thumbnail","hentry","category-municipios","tag-concurso","tag-habilidades","tag-imjuve","tag-reina-de-las-fiestas-patrias","tag-tecamachalco"],"yoast_head":"<!-- This site is optimized with the Yoast SEO plugin v28.4 - https:\/\/yoast.com\/product\/yoast-seo-wordpress\/ -->\n<title>IMJUVE Tecamachalco invita a participar en el concurso para elegir Reina de las Fiestas Patrias 2025 - AliadosPuebla<\/title>\n<meta name=\"robots\" content=\"index, follow, max-snippet:-1, max-image-preview:large, max-video-preview:-1\" \/>\n<link rel=\"canonical\" href=\"https:\/\/www.aliadospuebla.com\/?p=108417\" \/>\n<meta property=\"og:locale\" content=\"es_ES\" \/>\n<meta property=\"og:type\" content=\"article\" \/>\n<meta property=\"og:title\" content=\"IMJUVE Tecamachalco invita a participar en el concurso para elegir Reina de las Fiestas Patrias 2025 - AliadosPuebla\" \/>\n<meta property=\"og:description\" content=\"El H. Ayuntamiento de Tecamachalco, la Regiduria de Juventud y Relaciones Internacionales de Tecamachalco y la Direcci\u00f3n del Instituto Municipal de la Juventud, te invitamos a participar en la competencia para Reina de las Fiestas Patrias. Es una oportunidad para mostrar tu belleza, carisma y habilidades en un evento lleno de tradici\u00f3n y celebraci\u00f3n. Para m\u00e1s informaci\u00f3n sobre c\u00f3mo participar en el concurso para Reina de las Fiestas Patrias, puedes acudir al Sal\u00f3n Rodolfo Jara o comunicarte al n\u00famero 249-213-8233.\" \/>\n<meta property=\"og:url\" content=\"https:\/\/www.aliadospuebla.com\/?p=108417\" \/>\n<meta property=\"og:site_name\" content=\"AliadosPuebla\" \/>\n<meta property=\"article:author\" content=\"https:\/\/www.facebook.com\/Aliados17Pue\" \/>\n<meta property=\"article:published_time\" content=\"2025-08-07T19:43:38+00:00\" \/>\n<meta property=\"article:modified_time\" content=\"2025-09-13T19:48:52+00:00\" \/>\n<meta property=\"og:image\" content=\"https:\/\/www.aliadospuebla.com\/web2017\/wp-content\/uploads\/2025\/09\/091.jpg\" \/>\n\t<meta property=\"og:image:width\" content=\"600\" \/>\n\t<meta property=\"og:image:height\" content=\"450\" \/>\n\t<meta property=\"og:image:type\" content=\"image\/jpeg\" \/>\n<meta name=\"author\" content=\"Aliados17\" \/>\n<meta name=\"twitter:card\" content=\"summary_large_image\" \/>\n<meta name=\"twitter:creator\" content=\"@AliadosPuebla\" \/>\n<meta name=\"twitter:label1\" content=\"Escrito por\" \/>\n\t<meta name=\"twitter:data1\" content=\"Aliados17\" \/>\n\t<meta name=\"twitter:label2\" content=\"Tiempo de lectura\" \/>\n\t<meta name=\"twitter:data2\" content=\"1 minuto\" \/>\n<script type=\"application\/ld+json\" class=\"yoast-schema-graph\">{\"@context\":\"https:\\\/\\\/schema.org\",\"@graph\":[{\"@type\":\"Article\",\"@id\":\"https:\\\/\\\/www.aliadospuebla.com\\\/?p=108417#article\",\"isPartOf\":{\"@id\":\"https:\\\/\\\/www.aliadospuebla.com\\\/?p=108417\"},\"author\":{\"name\":\"Aliados17\",\"@id\":\"https:\\\/\\\/www.aliadospuebla.com\\\/#\\\/schema\\\/person\\\/5da7dd09320bd4f392b710017ed5f8ad\"},\"headline\":\"IMJUVE Tecamachalco invita a participar en el concurso para elegir Reina de las Fiestas Patrias 2025\",\"datePublished\":\"2025-08-07T19:43:38+00:00\",\"dateModified\":\"2025-09-13T19:48:52+00:00\",\"mainEntityOfPage\":{\"@id\":\"https:\\\/\\\/www.aliadospuebla.com\\\/?p=108417\"},\"wordCount\":104,\"commentCount\":0,\"image\":{\"@id\":\"https:\\\/\\\/www.aliadospuebla.com\\\/?p=108417#primaryimage\"},\"thumbnailUrl\":\"https:\\\/\\\/www.aliadospuebla.com\\\/web2017\\\/wp-content\\\/uploads\\\/2025\\\/09\\\/091.jpg\",\"keywords\":[\"CONCURSO\",\"habilidades\",\"IMJUVE\",\"Reina de las Fiestas Patrias\",\"Tecamachalco\"],\"articleSection\":[\"Municipios\"],\"inLanguage\":\"es\",\"potentialAction\":[{\"@type\":\"CommentAction\",\"name\":\"Comment\",\"target\":[\"https:\\\/\\\/www.aliadospuebla.com\\\/?p=108417#respond\"]}]},{\"@type\":\"WebPage\",\"@id\":\"https:\\\/\\\/www.aliadospuebla.com\\\/?p=108417\",\"url\":\"https:\\\/\\\/www.aliadospuebla.com\\\/?p=108417\",\"name\":\"IMJUVE Tecamachalco invita a participar en el concurso para elegir Reina de las Fiestas Patrias 2025 - AliadosPuebla\",\"isPartOf\":{\"@id\":\"https:\\\/\\\/www.aliadospuebla.com\\\/#website\"},\"primaryImageOfPage\":{\"@id\":\"https:\\\/\\\/www.aliadospuebla.com\\\/?p=108417#primaryimage\"},\"image\":{\"@id\":\"https:\\\/\\\/www.aliadospuebla.com\\\/?p=108417#primaryimage\"},\"thumbnailUrl\":\"https:\\\/\\\/www.aliadospuebla.com\\\/web2017\\\/wp-content\\\/uploads\\\/2025\\\/09\\\/091.jpg\",\"datePublished\":\"2025-08-07T19:43:38+00:00\",\"dateModified\":\"2025-09-13T19:48:52+00:00\",\"author\":{\"@id\":\"https:\\\/\\\/www.aliadospuebla.com\\\/#\\\/schema\\\/person\\\/5da7dd09320bd4f392b710017ed5f8ad\"},\"breadcrumb\":{\"@id\":\"https:\\\/\\\/www.aliadospuebla.com\\\/?p=108417#breadcrumb\"},\"inLanguage\":\"es\",\"potentialAction\":[{\"@type\":\"ReadAction\",\"target\":[\"https:\\\/\\\/www.aliadospuebla.com\\\/?p=108417\"]}]},{\"@type\":\"ImageObject\",\"inLanguage\":\"es\",\"@id\":\"https:\\\/\\\/www.aliadospuebla.com\\\/?p=108417#primaryimage\",\"url\":\"https:\\\/\\\/www.aliadospuebla.com\\\/web2017\\\/wp-content\\\/uploads\\\/2025\\\/09\\\/091.jpg\",\"contentUrl\":\"https:\\\/\\\/www.aliadospuebla.com\\\/web2017\\\/wp-content\\\/uploads\\\/2025\\\/09\\\/091.jpg\",\"width\":600,\"height\":450},{\"@type\":\"BreadcrumbList\",\"@id\":\"https:\\\/\\\/www.aliadospuebla.com\\\/?p=108417#breadcrumb\",\"itemListElement\":[{\"@type\":\"ListItem\",\"position\":1,\"name\":\"Portada\",\"item\":\"https:\\\/\\\/www.aliadospuebla.com\\\/\"},{\"@type\":\"ListItem\",\"position\":2,\"name\":\"IMJUVE Tecamachalco invita a participar en el concurso para elegir Reina de las Fiestas Patrias 2025\"}]},{\"@type\":\"WebSite\",\"@id\":\"https:\\\/\\\/www.aliadospuebla.com\\\/#website\",\"url\":\"https:\\\/\\\/www.aliadospuebla.com\\\/\",\"name\":\"AliadosPuebla\",\"description\":\"La informaci\u00f3n en tus manos\",\"potentialAction\":[{\"@type\":\"SearchAction\",\"target\":{\"@type\":\"EntryPoint\",\"urlTemplate\":\"https:\\\/\\\/www.aliadospuebla.com\\\/?s={search_term_string}\"},\"query-input\":{\"@type\":\"PropertyValueSpecification\",\"valueRequired\":true,\"valueName\":\"search_term_string\"}}],\"inLanguage\":\"es\"},{\"@type\":\"Person\",\"@id\":\"https:\\\/\\\/www.aliadospuebla.com\\\/#\\\/schema\\\/person\\\/5da7dd09320bd4f392b710017ed5f8ad\",\"name\":\"Aliados17\",\"image\":{\"@type\":\"ImageObject\",\"inLanguage\":\"es\",\"@id\":\"https:\\\/\\\/www.aliadospuebla.com\\\/web2017\\\/wp-content\\\/uploads\\\/2025\\\/03\\\/cropped-para-perfil-8-anos-1-96x96.jpg\",\"url\":\"https:\\\/\\\/www.aliadospuebla.com\\\/web2017\\\/wp-content\\\/uploads\\\/2025\\\/03\\\/cropped-para-perfil-8-anos-1-96x96.jpg\",\"contentUrl\":\"https:\\\/\\\/www.aliadospuebla.com\\\/web2017\\\/wp-content\\\/uploads\\\/2025\\\/03\\\/cropped-para-perfil-8-anos-1-96x96.jpg\",\"caption\":\"Aliados17\"},\"sameAs\":[\"https:\\\/\\\/www.aliados17.com\",\"https:\\\/\\\/www.facebook.com\\\/Aliados17Pue\",\"https:\\\/\\\/x.com\\\/AliadosPuebla\"],\"url\":\"https:\\\/\\\/www.aliadospuebla.com\\\/?author=2\"}]}<\/script>\n<!-- \/ Yoast SEO plugin. -->","yoast_head_json":{"title":"IMJUVE Tecamachalco invita a participar en el concurso para elegir Reina de las Fiestas Patrias 2025 - AliadosPuebla","robots":{"index":"index","follow":"follow","max-snippet":"max-snippet:-1","max-image-preview":"max-image-preview:large","max-video-preview":"max-video-preview:-1"},"canonical":"https:\/\/www.aliadospuebla.com\/?p=108417","og_locale":"es_ES","og_type":"article","og_title":"IMJUVE Tecamachalco invita a participar en el concurso para elegir Reina de las Fiestas Patrias 2025 - AliadosPuebla","og_description":"El H. Ayuntamiento de Tecamachalco, la Regiduria de Juventud y Relaciones Internacionales de Tecamachalco y la Direcci\u00f3n del Instituto Municipal de la Juventud, te invitamos a participar en la competencia para Reina de las Fiestas Patrias. Es una oportunidad para mostrar tu belleza, carisma y habilidades en un evento lleno de tradici\u00f3n y celebraci\u00f3n. Para m\u00e1s informaci\u00f3n sobre c\u00f3mo participar en el concurso para Reina de las Fiestas Patrias, puedes acudir al Sal\u00f3n Rodolfo Jara o comunicarte al n\u00famero 249-213-8233.","og_url":"https:\/\/www.aliadospuebla.com\/?p=108417","og_site_name":"AliadosPuebla","article_author":"https:\/\/www.facebook.com\/Aliados17Pue","article_published_time":"2025-08-07T19:43:38+00:00","article_modified_time":"2025-09-13T19:48:52+00:00","og_image":[{"width":600,"height":450,"url":"https:\/\/www.aliadospuebla.com\/web2017\/wp-content\/uploads\/2025\/09\/091.jpg","type":"image\/jpeg"}],"author":"Aliados17","twitter_card":"summary_large_image","twitter_creator":"@AliadosPuebla","twitter_misc":{"Escrito por":"Aliados17","Tiempo de lectura":"1 minuto"},"schema":{"@context":"https:\/\/schema.org","@graph":[{"@type":"Article","@id":"https:\/\/www.aliadospuebla.com\/?p=108417#article","isPartOf":{"@id":"https:\/\/www.aliadospuebla.com\/?p=108417"},"author":{"name":"Aliados17","@id":"https:\/\/www.aliadospuebla.com\/#\/schema\/person\/5da7dd09320bd4f392b710017ed5f8ad"},"headline":"IMJUVE Tecamachalco invita a participar en el concurso para elegir Reina de las Fiestas Patrias 2025","datePublished":"2025-08-07T19:43:38+00:00","dateModified":"2025-09-13T19:48:52+00:00","mainEntityOfPage":{"@id":"https:\/\/www.aliadospuebla.com\/?p=108417"},"wordCount":104,"commentCount":0,"image":{"@id":"https:\/\/www.aliadospuebla.com\/?p=108417#primaryimage"},"thumbnailUrl":"https:\/\/www.aliadospuebla.com\/web2017\/wp-content\/uploads\/2025\/09\/091.jpg","keywords":["CONCURSO","habilidades","IMJUVE","Reina de las Fiestas Patrias","Tecamachalco"],"articleSection":["Municipios"],"inLanguage":"es","potentialAction":[{"@type":"CommentAction","name":"Comment","target":["https:\/\/www.aliadospuebla.com\/?p=108417#respond"]}]},{"@type":"WebPage","@id":"https:\/\/www.aliadospuebla.com\/?p=108417","url":"https:\/\/www.aliadospuebla.com\/?p=108417","name":"IMJUVE Tecamachalco invita a participar en el concurso para elegir Reina de las Fiestas Patrias 2025 - AliadosPuebla","isPartOf":{"@id":"https:\/\/www.aliadospuebla.com\/#website"},"primaryImageOfPage":{"@id":"https:\/\/www.aliadospuebla.com\/?p=108417#primaryimage"},"image":{"@id":"https:\/\/www.aliadospuebla.com\/?p=108417#primaryimage"},"thumbnailUrl":"https:\/\/www.aliadospuebla.com\/web2017\/wp-content\/uploads\/2025\/09\/091.jpg","datePublished":"2025-08-07T19:43:38+00:00","dateModified":"2025-09-13T19:48:52+00:00","author":{"@id":"https:\/\/www.aliadospuebla.com\/#\/schema\/person\/5da7dd09320bd4f392b710017ed5f8ad"},"breadcrumb":{"@id":"https:\/\/www.aliadospuebla.com\/?p=108417#breadcrumb"},"inLanguage":"es","potentialAction":[{"@type":"ReadAction","target":["https:\/\/www.aliadospuebla.com\/?p=108417"]}]},{"@type":"ImageObject","inLanguage":"es","@id":"https:\/\/www.aliadospuebla.com\/?p=108417#primaryimage","url":"https:\/\/www.aliadospuebla.com\/web2017\/wp-content\/uploads\/2025\/09\/091.jpg","contentUrl":"https:\/\/www.aliadospuebla.com\/web2017\/wp-content\/uploads\/2025\/09\/091.jpg","width":600,"height":450},{"@type":"BreadcrumbList","@id":"https:\/\/www.aliadospuebla.com\/?p=108417#breadcrumb","itemListElement":[{"@type":"ListItem","position":1,"name":"Portada","item":"https:\/\/www.aliadospuebla.com\/"},{"@type":"ListItem","position":2,"name":"IMJUVE Tecamachalco invita a participar en el concurso para elegir Reina de las Fiestas Patrias 2025"}]},{"@type":"WebSite","@id":"https:\/\/www.aliadospuebla.com\/#website","url":"https:\/\/www.aliadospuebla.com\/","name":"AliadosPuebla","description":"La informaci\u00f3n en tus manos","potentialAction":[{"@type":"SearchAction","target":{"@type":"EntryPoint","urlTemplate":"https:\/\/www.aliadospuebla.com\/?s={search_term_string}"},"query-input":{"@type":"PropertyValueSpecification","valueRequired":true,"valueName":"search_term_string"}}],"inLanguage":"es"},{"@type":"Person","@id":"https:\/\/www.aliadospuebla.com\/#\/schema\/person\/5da7dd09320bd4f392b710017ed5f8ad","name":"Aliados17","image":{"@type":"ImageObject","inLanguage":"es","@id":"https:\/\/www.aliadospuebla.com\/web2017\/wp-content\/uploads\/2025\/03\/cropped-para-perfil-8-anos-1-96x96.jpg","url":"https:\/\/www.aliadospuebla.com\/web2017\/wp-content\/uploads\/2025\/03\/cropped-para-perfil-8-anos-1-96x96.jpg","contentUrl":"https:\/\/www.aliadospuebla.com\/web2017\/wp-content\/uploads\/2025\/03\/cropped-para-perfil-8-anos-1-96x96.jpg","caption":"Aliados17"},"sameAs":["https:\/\/www.aliados17.com","https:\/\/www.facebook.com\/Aliados17Pue","https:\/\/x.com\/AliadosPuebla"],"url":"https:\/\/www.aliadospuebla.com\/?author=2"}]}},"views":16,"_links":{"self":[{"href":"https:\/\/www.aliadospuebla.com\/index.php?rest_route=\/wp\/v2\/posts\/108417","targetHints":{"allow":["GET"]}}],"collection":[{"href":"https:\/\/www.aliadospuebla.com\/index.php?rest_route=\/wp\/v2\/posts"}],"about":[{"href":"https:\/\/www.aliadospuebla.com\/index.php?rest_route=\/wp\/v2\/types\/post"}],"author":[{"embeddable":true,"href":"https:\/\/www.aliadospuebla.com\/index.php?rest_route=\/wp\/v2\/users\/2"}],"replies":[{"embeddable":true,"href":"https:\/\/www.aliadospuebla.com\/index.php?rest_route=%2Fwp%2Fv2%2Fcomments&post=108417"}],"version-history":[{"count":1,"href":"https:\/\/www.aliadospuebla.com\/index.php?rest_route=\/wp\/v2\/posts\/108417\/revisions"}],"predecessor-version":[{"id":108419,"href":"https:\/\/www.aliadospuebla.com\/index.php?rest_route=\/wp\/v2\/posts\/108417\/revisions\/108419"}],"wp:featuredmedia":[{"embeddable":true,"href":"https:\/\/www.aliadospuebla.com\/index.php?rest_route=\/wp\/v2\/media\/108418"}],"wp:attachment":[{"href":"https:\/\/www.aliadospuebla.com\/index.php?rest_route=%2Fwp%2Fv2%2Fmedia&parent=108417"}],"wp:term":[{"taxonomy":"category","embeddable":true,"href":"https:\/\/www.aliadospuebla.com\/index.php?rest_route=%2Fwp%2Fv2%2Fcategories&post=108417"},{"taxonomy":"post_tag","embeddable":true,"href":"https:\/\/www.aliadospuebla.com\/index.php?rest_route=%2Fwp%2Fv2%2Ftags&post=108417"}],"curies":[{"name":"wp","href":"https:\/\/api.w.org\/{rel}","templated":true}]}}