{"id":108398,"date":"2025-08-02T12:43:53","date_gmt":"2025-08-02T18:43:53","guid":{"rendered":"https:\/\/www.aliadospuebla.com\/?p=108398"},"modified":"2025-09-13T13:04:31","modified_gmt":"2025-09-13T19:04:31","slug":"recibiran-20-moleras-apoyo-economico-para-participar-en-la-feria-gastronomica-del-mole-en-tecamachalco-2025","status":"publish","type":"post","link":"https:\/\/www.aliadospuebla.com\/?p=108398","title":{"rendered":"Recibir\u00e1n 20 moleras apoyo econ\u00f3mico para participar en la feria gastron\u00f3mica del mole en Tecamachalco 2025"},"content":{"rendered":"<p>El Presidente Municipal, Mateo Hern\u00e1ndez, en coordinaci\u00f3n con la Comisi\u00f3n de la Feria Patronal 2025, ha entregado un importante apoyo econ\u00f3mico a las 20 moleras que participar\u00e1n en la Feria Gastron\u00f3mica del Mole.<\/p>\n<p>Un logro significativo que duplica la participaci\u00f3n de ediciones anteriores, donde solo 10 moleras ten\u00edan la oportunidad de mostrar su talento.<\/p>\n<p>\u00a1Esta edici\u00f3n promete ser inolvidable! Con la uni\u00f3n de estas 20 moleras de todo el municipio, se espera una experiencia gastron\u00f3mica \u00fanica y aut\u00e9ntica.<\/p>\n","protected":false},"excerpt":{"rendered":"<p>El Presidente Municipal, Mateo Hern\u00e1ndez, en coordinaci\u00f3n con la Comisi\u00f3n de la Feria Patronal 2025, ha entregado un importante apoyo econ\u00f3mico a las 20 moleras que participar\u00e1n en la Feria Gastron\u00f3mica del Mole. Un logro significativo que duplica la participaci\u00f3n de ediciones anteriores, donde solo 10 moleras ten\u00edan la oportunidad de mostrar su talento. \u00a1Esta edici\u00f3n promete ser inolvidable! Con la uni\u00f3n de estas 20 moleras de todo el municipio, se espera una experiencia gastron\u00f3mica \u00fanica y aut\u00e9ntica.<\/p>\n","protected":false},"author":2,"featured_media":108399,"comment_status":"open","ping_status":"open","sticky":false,"template":"","format":"standard","meta":{"_monsterinsights_skip_tracking":false,"footnotes":""},"categories":[4],"tags":[12061,30860,1269,30861,25975,30862,129],"class_list":["post-108398","post","type-post","status-publish","format-standard","has-post-thumbnail","hentry","category-municipios","tag-apoyo-economico","tag-comision-de-la-feria-patronal-2025","tag-feria-del-mole","tag-feria-gastronomica-del-mole","tag-mateo-hernandez","tag-moleras","tag-tecamachalco"],"yoast_head":"<!-- This site is optimized with the Yoast SEO plugin v28.4 - https:\/\/yoast.com\/product\/yoast-seo-wordpress\/ -->\n<title>Recibir\u00e1n 20 moleras apoyo econ\u00f3mico para participar en la feria gastron\u00f3mica del mole en Tecamachalco 2025 - AliadosPuebla<\/title>\n<meta name=\"robots\" content=\"index, follow, max-snippet:-1, max-image-preview:large, max-video-preview:-1\" \/>\n<link rel=\"canonical\" href=\"https:\/\/www.aliadospuebla.com\/?p=108398\" \/>\n<meta property=\"og:locale\" content=\"es_ES\" \/>\n<meta property=\"og:type\" content=\"article\" \/>\n<meta property=\"og:title\" content=\"Recibir\u00e1n 20 moleras apoyo econ\u00f3mico para participar en la feria gastron\u00f3mica del mole en Tecamachalco 2025 - AliadosPuebla\" \/>\n<meta property=\"og:description\" content=\"El Presidente Municipal, Mateo Hern\u00e1ndez, en coordinaci\u00f3n con la Comisi\u00f3n de la Feria Patronal 2025, ha entregado un importante apoyo econ\u00f3mico a las 20 moleras que participar\u00e1n en la Feria Gastron\u00f3mica del Mole. Un logro significativo que duplica la participaci\u00f3n de ediciones anteriores, donde solo 10 moleras ten\u00edan la oportunidad de mostrar su talento. \u00a1Esta edici\u00f3n promete ser inolvidable! Con la uni\u00f3n de estas 20 moleras de todo el municipio, se espera una experiencia gastron\u00f3mica \u00fanica y aut\u00e9ntica.\" \/>\n<meta property=\"og:url\" content=\"https:\/\/www.aliadospuebla.com\/?p=108398\" \/>\n<meta property=\"og:site_name\" content=\"AliadosPuebla\" \/>\n<meta property=\"article:author\" content=\"https:\/\/www.facebook.com\/Aliados17Pue\" \/>\n<meta property=\"article:published_time\" content=\"2025-08-02T18:43:53+00:00\" \/>\n<meta property=\"article:modified_time\" content=\"2025-09-13T19:04:31+00:00\" \/>\n<meta property=\"og:image\" content=\"https:\/\/www.aliadospuebla.com\/web2017\/wp-content\/uploads\/2025\/09\/086.jpg\" \/>\n\t<meta property=\"og:image:width\" content=\"600\" \/>\n\t<meta property=\"og:image:height\" content=\"450\" \/>\n\t<meta property=\"og:image:type\" content=\"image\/jpeg\" \/>\n<meta name=\"author\" content=\"Aliados17\" \/>\n<meta name=\"twitter:card\" content=\"summary_large_image\" \/>\n<meta name=\"twitter:creator\" content=\"@AliadosPuebla\" \/>\n<meta name=\"twitter:label1\" content=\"Escrito por\" \/>\n\t<meta name=\"twitter:data1\" content=\"Aliados17\" \/>\n\t<meta name=\"twitter:label2\" content=\"Tiempo de lectura\" \/>\n\t<meta name=\"twitter:data2\" content=\"1 minuto\" \/>\n<script type=\"application\/ld+json\" class=\"yoast-schema-graph\">{\"@context\":\"https:\\\/\\\/schema.org\",\"@graph\":[{\"@type\":\"Article\",\"@id\":\"https:\\\/\\\/www.aliadospuebla.com\\\/?p=108398#article\",\"isPartOf\":{\"@id\":\"https:\\\/\\\/www.aliadospuebla.com\\\/?p=108398\"},\"author\":{\"name\":\"Aliados17\",\"@id\":\"https:\\\/\\\/www.aliadospuebla.com\\\/#\\\/schema\\\/person\\\/5da7dd09320bd4f392b710017ed5f8ad\"},\"headline\":\"Recibir\u00e1n 20 moleras apoyo econ\u00f3mico para participar en la feria gastron\u00f3mica del mole en Tecamachalco 2025\",\"datePublished\":\"2025-08-02T18:43:53+00:00\",\"dateModified\":\"2025-09-13T19:04:31+00:00\",\"mainEntityOfPage\":{\"@id\":\"https:\\\/\\\/www.aliadospuebla.com\\\/?p=108398\"},\"wordCount\":103,\"commentCount\":0,\"image\":{\"@id\":\"https:\\\/\\\/www.aliadospuebla.com\\\/?p=108398#primaryimage\"},\"thumbnailUrl\":\"https:\\\/\\\/www.aliadospuebla.com\\\/web2017\\\/wp-content\\\/uploads\\\/2025\\\/09\\\/086.jpg\",\"keywords\":[\"apoyo econ\u00f3mico\",\"Comisi\u00f3n de la Feria Patronal 2025\",\"FERIA DEL MOLE\",\"Feria Gastron\u00f3mica del Mole\",\"Mateo Hern\u00e1ndez\",\"moleras\",\"Tecamachalco\"],\"articleSection\":[\"Municipios\"],\"inLanguage\":\"es\",\"potentialAction\":[{\"@type\":\"CommentAction\",\"name\":\"Comment\",\"target\":[\"https:\\\/\\\/www.aliadospuebla.com\\\/?p=108398#respond\"]}]},{\"@type\":\"WebPage\",\"@id\":\"https:\\\/\\\/www.aliadospuebla.com\\\/?p=108398\",\"url\":\"https:\\\/\\\/www.aliadospuebla.com\\\/?p=108398\",\"name\":\"Recibir\u00e1n 20 moleras apoyo econ\u00f3mico para participar en la feria gastron\u00f3mica del mole en Tecamachalco 2025 - AliadosPuebla\",\"isPartOf\":{\"@id\":\"https:\\\/\\\/www.aliadospuebla.com\\\/#website\"},\"primaryImageOfPage\":{\"@id\":\"https:\\\/\\\/www.aliadospuebla.com\\\/?p=108398#primaryimage\"},\"image\":{\"@id\":\"https:\\\/\\\/www.aliadospuebla.com\\\/?p=108398#primaryimage\"},\"thumbnailUrl\":\"https:\\\/\\\/www.aliadospuebla.com\\\/web2017\\\/wp-content\\\/uploads\\\/2025\\\/09\\\/086.jpg\",\"datePublished\":\"2025-08-02T18:43:53+00:00\",\"dateModified\":\"2025-09-13T19:04:31+00:00\",\"author\":{\"@id\":\"https:\\\/\\\/www.aliadospuebla.com\\\/#\\\/schema\\\/person\\\/5da7dd09320bd4f392b710017ed5f8ad\"},\"breadcrumb\":{\"@id\":\"https:\\\/\\\/www.aliadospuebla.com\\\/?p=108398#breadcrumb\"},\"inLanguage\":\"es\",\"potentialAction\":[{\"@type\":\"ReadAction\",\"target\":[\"https:\\\/\\\/www.aliadospuebla.com\\\/?p=108398\"]}]},{\"@type\":\"ImageObject\",\"inLanguage\":\"es\",\"@id\":\"https:\\\/\\\/www.aliadospuebla.com\\\/?p=108398#primaryimage\",\"url\":\"https:\\\/\\\/www.aliadospuebla.com\\\/web2017\\\/wp-content\\\/uploads\\\/2025\\\/09\\\/086.jpg\",\"contentUrl\":\"https:\\\/\\\/www.aliadospuebla.com\\\/web2017\\\/wp-content\\\/uploads\\\/2025\\\/09\\\/086.jpg\",\"width\":600,\"height\":450},{\"@type\":\"BreadcrumbList\",\"@id\":\"https:\\\/\\\/www.aliadospuebla.com\\\/?p=108398#breadcrumb\",\"itemListElement\":[{\"@type\":\"ListItem\",\"position\":1,\"name\":\"Portada\",\"item\":\"https:\\\/\\\/www.aliadospuebla.com\\\/\"},{\"@type\":\"ListItem\",\"position\":2,\"name\":\"Recibir\u00e1n 20 moleras apoyo econ\u00f3mico para participar en la feria gastron\u00f3mica del mole en Tecamachalco 2025\"}]},{\"@type\":\"WebSite\",\"@id\":\"https:\\\/\\\/www.aliadospuebla.com\\\/#website\",\"url\":\"https:\\\/\\\/www.aliadospuebla.com\\\/\",\"name\":\"AliadosPuebla\",\"description\":\"La informaci\u00f3n en tus manos\",\"potentialAction\":[{\"@type\":\"SearchAction\",\"target\":{\"@type\":\"EntryPoint\",\"urlTemplate\":\"https:\\\/\\\/www.aliadospuebla.com\\\/?s={search_term_string}\"},\"query-input\":{\"@type\":\"PropertyValueSpecification\",\"valueRequired\":true,\"valueName\":\"search_term_string\"}}],\"inLanguage\":\"es\"},{\"@type\":\"Person\",\"@id\":\"https:\\\/\\\/www.aliadospuebla.com\\\/#\\\/schema\\\/person\\\/5da7dd09320bd4f392b710017ed5f8ad\",\"name\":\"Aliados17\",\"image\":{\"@type\":\"ImageObject\",\"inLanguage\":\"es\",\"@id\":\"https:\\\/\\\/www.aliadospuebla.com\\\/web2017\\\/wp-content\\\/uploads\\\/2025\\\/03\\\/cropped-para-perfil-8-anos-1-96x96.jpg\",\"url\":\"https:\\\/\\\/www.aliadospuebla.com\\\/web2017\\\/wp-content\\\/uploads\\\/2025\\\/03\\\/cropped-para-perfil-8-anos-1-96x96.jpg\",\"contentUrl\":\"https:\\\/\\\/www.aliadospuebla.com\\\/web2017\\\/wp-content\\\/uploads\\\/2025\\\/03\\\/cropped-para-perfil-8-anos-1-96x96.jpg\",\"caption\":\"Aliados17\"},\"sameAs\":[\"https:\\\/\\\/www.aliados17.com\",\"https:\\\/\\\/www.facebook.com\\\/Aliados17Pue\",\"https:\\\/\\\/x.com\\\/AliadosPuebla\"],\"url\":\"https:\\\/\\\/www.aliadospuebla.com\\\/?author=2\"}]}<\/script>\n<!-- \/ Yoast SEO plugin. -->","yoast_head_json":{"title":"Recibir\u00e1n 20 moleras apoyo econ\u00f3mico para participar en la feria gastron\u00f3mica del mole en Tecamachalco 2025 - AliadosPuebla","robots":{"index":"index","follow":"follow","max-snippet":"max-snippet:-1","max-image-preview":"max-image-preview:large","max-video-preview":"max-video-preview:-1"},"canonical":"https:\/\/www.aliadospuebla.com\/?p=108398","og_locale":"es_ES","og_type":"article","og_title":"Recibir\u00e1n 20 moleras apoyo econ\u00f3mico para participar en la feria gastron\u00f3mica del mole en Tecamachalco 2025 - AliadosPuebla","og_description":"El Presidente Municipal, Mateo Hern\u00e1ndez, en coordinaci\u00f3n con la Comisi\u00f3n de la Feria Patronal 2025, ha entregado un importante apoyo econ\u00f3mico a las 20 moleras que participar\u00e1n en la Feria Gastron\u00f3mica del Mole. Un logro significativo que duplica la participaci\u00f3n de ediciones anteriores, donde solo 10 moleras ten\u00edan la oportunidad de mostrar su talento. \u00a1Esta edici\u00f3n promete ser inolvidable! Con la uni\u00f3n de estas 20 moleras de todo el municipio, se espera una experiencia gastron\u00f3mica \u00fanica y aut\u00e9ntica.","og_url":"https:\/\/www.aliadospuebla.com\/?p=108398","og_site_name":"AliadosPuebla","article_author":"https:\/\/www.facebook.com\/Aliados17Pue","article_published_time":"2025-08-02T18:43:53+00:00","article_modified_time":"2025-09-13T19:04:31+00:00","og_image":[{"width":600,"height":450,"url":"https:\/\/www.aliadospuebla.com\/web2017\/wp-content\/uploads\/2025\/09\/086.jpg","type":"image\/jpeg"}],"author":"Aliados17","twitter_card":"summary_large_image","twitter_creator":"@AliadosPuebla","twitter_misc":{"Escrito por":"Aliados17","Tiempo de lectura":"1 minuto"},"schema":{"@context":"https:\/\/schema.org","@graph":[{"@type":"Article","@id":"https:\/\/www.aliadospuebla.com\/?p=108398#article","isPartOf":{"@id":"https:\/\/www.aliadospuebla.com\/?p=108398"},"author":{"name":"Aliados17","@id":"https:\/\/www.aliadospuebla.com\/#\/schema\/person\/5da7dd09320bd4f392b710017ed5f8ad"},"headline":"Recibir\u00e1n 20 moleras apoyo econ\u00f3mico para participar en la feria gastron\u00f3mica del mole en Tecamachalco 2025","datePublished":"2025-08-02T18:43:53+00:00","dateModified":"2025-09-13T19:04:31+00:00","mainEntityOfPage":{"@id":"https:\/\/www.aliadospuebla.com\/?p=108398"},"wordCount":103,"commentCount":0,"image":{"@id":"https:\/\/www.aliadospuebla.com\/?p=108398#primaryimage"},"thumbnailUrl":"https:\/\/www.aliadospuebla.com\/web2017\/wp-content\/uploads\/2025\/09\/086.jpg","keywords":["apoyo econ\u00f3mico","Comisi\u00f3n de la Feria Patronal 2025","FERIA DEL MOLE","Feria Gastron\u00f3mica del Mole","Mateo Hern\u00e1ndez","moleras","Tecamachalco"],"articleSection":["Municipios"],"inLanguage":"es","potentialAction":[{"@type":"CommentAction","name":"Comment","target":["https:\/\/www.aliadospuebla.com\/?p=108398#respond"]}]},{"@type":"WebPage","@id":"https:\/\/www.aliadospuebla.com\/?p=108398","url":"https:\/\/www.aliadospuebla.com\/?p=108398","name":"Recibir\u00e1n 20 moleras apoyo econ\u00f3mico para participar en la feria gastron\u00f3mica del mole en Tecamachalco 2025 - AliadosPuebla","isPartOf":{"@id":"https:\/\/www.aliadospuebla.com\/#website"},"primaryImageOfPage":{"@id":"https:\/\/www.aliadospuebla.com\/?p=108398#primaryimage"},"image":{"@id":"https:\/\/www.aliadospuebla.com\/?p=108398#primaryimage"},"thumbnailUrl":"https:\/\/www.aliadospuebla.com\/web2017\/wp-content\/uploads\/2025\/09\/086.jpg","datePublished":"2025-08-02T18:43:53+00:00","dateModified":"2025-09-13T19:04:31+00:00","author":{"@id":"https:\/\/www.aliadospuebla.com\/#\/schema\/person\/5da7dd09320bd4f392b710017ed5f8ad"},"breadcrumb":{"@id":"https:\/\/www.aliadospuebla.com\/?p=108398#breadcrumb"},"inLanguage":"es","potentialAction":[{"@type":"ReadAction","target":["https:\/\/www.aliadospuebla.com\/?p=108398"]}]},{"@type":"ImageObject","inLanguage":"es","@id":"https:\/\/www.aliadospuebla.com\/?p=108398#primaryimage","url":"https:\/\/www.aliadospuebla.com\/web2017\/wp-content\/uploads\/2025\/09\/086.jpg","contentUrl":"https:\/\/www.aliadospuebla.com\/web2017\/wp-content\/uploads\/2025\/09\/086.jpg","width":600,"height":450},{"@type":"BreadcrumbList","@id":"https:\/\/www.aliadospuebla.com\/?p=108398#breadcrumb","itemListElement":[{"@type":"ListItem","position":1,"name":"Portada","item":"https:\/\/www.aliadospuebla.com\/"},{"@type":"ListItem","position":2,"name":"Recibir\u00e1n 20 moleras apoyo econ\u00f3mico para participar en la feria gastron\u00f3mica del mole en Tecamachalco 2025"}]},{"@type":"WebSite","@id":"https:\/\/www.aliadospuebla.com\/#website","url":"https:\/\/www.aliadospuebla.com\/","name":"AliadosPuebla","description":"La informaci\u00f3n en tus manos","potentialAction":[{"@type":"SearchAction","target":{"@type":"EntryPoint","urlTemplate":"https:\/\/www.aliadospuebla.com\/?s={search_term_string}"},"query-input":{"@type":"PropertyValueSpecification","valueRequired":true,"valueName":"search_term_string"}}],"inLanguage":"es"},{"@type":"Person","@id":"https:\/\/www.aliadospuebla.com\/#\/schema\/person\/5da7dd09320bd4f392b710017ed5f8ad","name":"Aliados17","image":{"@type":"ImageObject","inLanguage":"es","@id":"https:\/\/www.aliadospuebla.com\/web2017\/wp-content\/uploads\/2025\/03\/cropped-para-perfil-8-anos-1-96x96.jpg","url":"https:\/\/www.aliadospuebla.com\/web2017\/wp-content\/uploads\/2025\/03\/cropped-para-perfil-8-anos-1-96x96.jpg","contentUrl":"https:\/\/www.aliadospuebla.com\/web2017\/wp-content\/uploads\/2025\/03\/cropped-para-perfil-8-anos-1-96x96.jpg","caption":"Aliados17"},"sameAs":["https:\/\/www.aliados17.com","https:\/\/www.facebook.com\/Aliados17Pue","https:\/\/x.com\/AliadosPuebla"],"url":"https:\/\/www.aliadospuebla.com\/?author=2"}]}},"views":11,"_links":{"self":[{"href":"https:\/\/www.aliadospuebla.com\/index.php?rest_route=\/wp\/v2\/posts\/108398","targetHints":{"allow":["GET"]}}],"collection":[{"href":"https:\/\/www.aliadospuebla.com\/index.php?rest_route=\/wp\/v2\/posts"}],"about":[{"href":"https:\/\/www.aliadospuebla.com\/index.php?rest_route=\/wp\/v2\/types\/post"}],"author":[{"embeddable":true,"href":"https:\/\/www.aliadospuebla.com\/index.php?rest_route=\/wp\/v2\/users\/2"}],"replies":[{"embeddable":true,"href":"https:\/\/www.aliadospuebla.com\/index.php?rest_route=%2Fwp%2Fv2%2Fcomments&post=108398"}],"version-history":[{"count":1,"href":"https:\/\/www.aliadospuebla.com\/index.php?rest_route=\/wp\/v2\/posts\/108398\/revisions"}],"predecessor-version":[{"id":108400,"href":"https:\/\/www.aliadospuebla.com\/index.php?rest_route=\/wp\/v2\/posts\/108398\/revisions\/108400"}],"wp:featuredmedia":[{"embeddable":true,"href":"https:\/\/www.aliadospuebla.com\/index.php?rest_route=\/wp\/v2\/media\/108399"}],"wp:attachment":[{"href":"https:\/\/www.aliadospuebla.com\/index.php?rest_route=%2Fwp%2Fv2%2Fmedia&parent=108398"}],"wp:term":[{"taxonomy":"category","embeddable":true,"href":"https:\/\/www.aliadospuebla.com\/index.php?rest_route=%2Fwp%2Fv2%2Fcategories&post=108398"},{"taxonomy":"post_tag","embeddable":true,"href":"https:\/\/www.aliadospuebla.com\/index.php?rest_route=%2Fwp%2Fv2%2Ftags&post=108398"}],"curies":[{"name":"wp","href":"https:\/\/api.w.org\/{rel}","templated":true}]}}