{"id":108307,"date":"2025-09-09T22:00:01","date_gmt":"2025-09-10T04:00:01","guid":{"rendered":"https:\/\/www.aliadospuebla.com\/?p=108307"},"modified":"2025-09-09T22:00:01","modified_gmt":"2025-09-10T04:00:01","slug":"movimiento-ciudadano-robustece-su-estructura-en-san-salvador-el-verde-y-huejotzingo","status":"publish","type":"post","link":"https:\/\/www.aliadospuebla.com\/?p=108307","title":{"rendered":"MOVIMIENTO CIUDADANO ROBUSTECE SU ESTRUCTURA EN SAN SALVADOR EL VERDE Y HUEJOTZINGO"},"content":{"rendered":"<p>San Mart\u00edn Texmelucan, Pue. \u2013 Como parte del fortalecimiento de la estructura de Movimiento Ciudadano en Puebla, la Coordinadora Estatal, Fedrha Isabel Suriano Corrales, contin\u00faa su labor al frente de dicho partido pol\u00edtico, en esta ocasi\u00f3n de gira por los distritos locales de San Mart\u00edn Texmelucan y Huejotzingo, donde encabez\u00f3 la toma de protesta de las nuevas Comisiones Operativas Municipales.<\/p>\n<p>En un acto de compromiso con la ciudadan\u00eda, Alfredo Jim\u00e9nez Aguilar asumi\u00f3 la coordinaci\u00f3n en San Salvador El Verde, mientras que Sa\u00fal Hern\u00e1ndez Ju\u00e1rez hizo lo propio en Huejotzingo; ambos con la encomienda de cimentar una agenda cercana a la gente, incluyente y con visi\u00f3n de futuro.<\/p>\n<p>En este sentido, la Coordinadora Estatal, Fedrha Isabel Suriano Corrales, destac\u00f3 la importancia de consolidar liderazgos locales que trabajen escuchando a las y los ciudadanos, sumando esfuerzos para que Movimiento Ciudadano siga siendo una opci\u00f3n seria y responsable.<\/p>\n<p><em>\u201cHoy damos un paso m\u00e1s en el fortalecimiento de nuestro movimiento en la regi\u00f3n. Con Alfredo y Sa\u00fal, Movimiento Ciudadano crece y se consolida como un proyecto que pone a las personas al centro de las decisiones\u201d<\/em>, expres\u00f3 Suriano Corrales.<\/p>\n<p>Con estas tomas de protesta, Movimiento Ciudadano refrenda su compromiso de seguir construyendo una alternativa pol\u00edtica distinta en Puebla, basada en la transparencia, la participaci\u00f3n ciudadana y el trabajo cercano\u00a0a\u00a0la\u00a0gente.<\/p>\n","protected":false},"excerpt":{"rendered":"<p>San Mart\u00edn Texmelucan, Pue. \u2013 Como parte del fortalecimiento de la estructura de Movimiento Ciudadano en Puebla, la Coordinadora Estatal, Fedrha Isabel Suriano Corrales, contin\u00faa su labor al frente de dicho partido pol\u00edtico, en esta ocasi\u00f3n de gira por los distritos locales de San Mart\u00edn Texmelucan y Huejotzingo, donde encabez\u00f3 la toma de protesta de las nuevas Comisiones Operativas Municipales. En un acto de compromiso con la ciudadan\u00eda, Alfredo Jim\u00e9nez Aguilar asumi\u00f3 la coordinaci\u00f3n en San Salvador El Verde, mientras que Sa\u00fal Hern\u00e1ndez Ju\u00e1rez hizo lo propio en Huejotzingo; ambos con la encomienda de cimentar una agenda cercana a la gente, incluyente y con visi\u00f3n de futuro. En este sentido, la Coordinadora Estatal, Fedrha Isabel Suriano Corrales, destac\u00f3 la importancia de consolidar liderazgos locales que&hellip;<\/p>\n<p class=\"excerpt-more\"><a class=\"blog-excerpt button\" href=\"https:\/\/www.aliadospuebla.com\/?p=108307\">Leer m\u00e1s&#8230;<\/a><\/p>\n","protected":false},"author":2,"featured_media":108308,"comment_status":"open","ping_status":"open","sticky":false,"template":"","format":"standard","meta":{"_monsterinsights_skip_tracking":false,"footnotes":""},"categories":[6],"tags":[30824,30573,24481,761,5334,710],"class_list":["post-108307","post","type-post","status-publish","format-standard","has-post-thumbnail","hentry","category-politica","tag-alternativa-politica","tag-comisiones-operativas-municipales","tag-fedrha-isabel-suriano-corrales","tag-huejotzingo","tag-movimiento-ciudadano","tag-san-martin-texmelucan"],"yoast_head":"<!-- This site is optimized with the Yoast SEO plugin v28.4 - https:\/\/yoast.com\/product\/yoast-seo-wordpress\/ -->\n<title>MOVIMIENTO CIUDADANO ROBUSTECE SU ESTRUCTURA EN SAN SALVADOR EL VERDE Y HUEJOTZINGO - AliadosPuebla<\/title>\n<meta name=\"robots\" content=\"index, follow, max-snippet:-1, max-image-preview:large, max-video-preview:-1\" \/>\n<link rel=\"canonical\" href=\"https:\/\/www.aliadospuebla.com\/?p=108307\" \/>\n<meta property=\"og:locale\" content=\"es_ES\" \/>\n<meta property=\"og:type\" content=\"article\" \/>\n<meta property=\"og:title\" content=\"MOVIMIENTO CIUDADANO ROBUSTECE SU ESTRUCTURA EN SAN SALVADOR EL VERDE Y HUEJOTZINGO - AliadosPuebla\" \/>\n<meta property=\"og:description\" content=\"San Mart\u00edn Texmelucan, Pue. \u2013 Como parte del fortalecimiento de la estructura de Movimiento Ciudadano en Puebla, la Coordinadora Estatal, Fedrha Isabel Suriano Corrales, contin\u00faa su labor al frente de dicho partido pol\u00edtico, en esta ocasi\u00f3n de gira por los distritos locales de San Mart\u00edn Texmelucan y Huejotzingo, donde encabez\u00f3 la toma de protesta de las nuevas Comisiones Operativas Municipales. En un acto de compromiso con la ciudadan\u00eda, Alfredo Jim\u00e9nez Aguilar asumi\u00f3 la coordinaci\u00f3n en San Salvador El Verde, mientras que Sa\u00fal Hern\u00e1ndez Ju\u00e1rez hizo lo propio en Huejotzingo; ambos con la encomienda de cimentar una agenda cercana a la gente, incluyente y con visi\u00f3n de futuro. En este sentido, la Coordinadora Estatal, Fedrha Isabel Suriano Corrales, destac\u00f3 la importancia de consolidar liderazgos locales que&hellip;Leer m\u00e1s...\" \/>\n<meta property=\"og:url\" content=\"https:\/\/www.aliadospuebla.com\/?p=108307\" \/>\n<meta property=\"og:site_name\" content=\"AliadosPuebla\" \/>\n<meta property=\"article:author\" content=\"https:\/\/www.facebook.com\/Aliados17Pue\" \/>\n<meta property=\"article:published_time\" content=\"2025-09-10T04:00:01+00:00\" \/>\n<meta property=\"og:image\" content=\"https:\/\/www.aliadospuebla.com\/web2017\/wp-content\/uploads\/2025\/09\/054.jpg\" \/>\n\t<meta property=\"og:image:width\" content=\"600\" \/>\n\t<meta property=\"og:image:height\" content=\"450\" \/>\n\t<meta property=\"og:image:type\" content=\"image\/jpeg\" \/>\n<meta name=\"author\" content=\"Aliados17\" \/>\n<meta name=\"twitter:card\" content=\"summary_large_image\" \/>\n<meta name=\"twitter:creator\" content=\"@AliadosPuebla\" \/>\n<meta name=\"twitter:label1\" content=\"Escrito por\" \/>\n\t<meta name=\"twitter:data1\" content=\"Aliados17\" \/>\n\t<meta name=\"twitter:label2\" content=\"Tiempo de lectura\" \/>\n\t<meta name=\"twitter:data2\" content=\"1 minuto\" \/>\n<script type=\"application\/ld+json\" class=\"yoast-schema-graph\">{\"@context\":\"https:\\\/\\\/schema.org\",\"@graph\":[{\"@type\":\"Article\",\"@id\":\"https:\\\/\\\/www.aliadospuebla.com\\\/?p=108307#article\",\"isPartOf\":{\"@id\":\"https:\\\/\\\/www.aliadospuebla.com\\\/?p=108307\"},\"author\":{\"name\":\"Aliados17\",\"@id\":\"https:\\\/\\\/www.aliadospuebla.com\\\/#\\\/schema\\\/person\\\/5da7dd09320bd4f392b710017ed5f8ad\"},\"headline\":\"MOVIMIENTO CIUDADANO ROBUSTECE SU ESTRUCTURA EN SAN SALVADOR EL VERDE Y HUEJOTZINGO\",\"datePublished\":\"2025-09-10T04:00:01+00:00\",\"mainEntityOfPage\":{\"@id\":\"https:\\\/\\\/www.aliadospuebla.com\\\/?p=108307\"},\"wordCount\":247,\"commentCount\":0,\"image\":{\"@id\":\"https:\\\/\\\/www.aliadospuebla.com\\\/?p=108307#primaryimage\"},\"thumbnailUrl\":\"https:\\\/\\\/www.aliadospuebla.com\\\/web2017\\\/wp-content\\\/uploads\\\/2025\\\/09\\\/054.jpg\",\"keywords\":[\"alternativa pol\u00edtica\",\"COMISIONES OPERATIVAS MUNICIPALES\",\"Fedrha Isabel Suriano Corrales\",\"HUEJOTZINGO\",\"MOVIMIENTO CIUDADANO\",\"SAN MART\u00cdN TEXMELUCAN\"],\"articleSection\":[\"Pol\u00edtica\"],\"inLanguage\":\"es\",\"potentialAction\":[{\"@type\":\"CommentAction\",\"name\":\"Comment\",\"target\":[\"https:\\\/\\\/www.aliadospuebla.com\\\/?p=108307#respond\"]}]},{\"@type\":\"WebPage\",\"@id\":\"https:\\\/\\\/www.aliadospuebla.com\\\/?p=108307\",\"url\":\"https:\\\/\\\/www.aliadospuebla.com\\\/?p=108307\",\"name\":\"MOVIMIENTO CIUDADANO ROBUSTECE SU ESTRUCTURA EN SAN SALVADOR EL VERDE Y HUEJOTZINGO - AliadosPuebla\",\"isPartOf\":{\"@id\":\"https:\\\/\\\/www.aliadospuebla.com\\\/#website\"},\"primaryImageOfPage\":{\"@id\":\"https:\\\/\\\/www.aliadospuebla.com\\\/?p=108307#primaryimage\"},\"image\":{\"@id\":\"https:\\\/\\\/www.aliadospuebla.com\\\/?p=108307#primaryimage\"},\"thumbnailUrl\":\"https:\\\/\\\/www.aliadospuebla.com\\\/web2017\\\/wp-content\\\/uploads\\\/2025\\\/09\\\/054.jpg\",\"datePublished\":\"2025-09-10T04:00:01+00:00\",\"author\":{\"@id\":\"https:\\\/\\\/www.aliadospuebla.com\\\/#\\\/schema\\\/person\\\/5da7dd09320bd4f392b710017ed5f8ad\"},\"breadcrumb\":{\"@id\":\"https:\\\/\\\/www.aliadospuebla.com\\\/?p=108307#breadcrumb\"},\"inLanguage\":\"es\",\"potentialAction\":[{\"@type\":\"ReadAction\",\"target\":[\"https:\\\/\\\/www.aliadospuebla.com\\\/?p=108307\"]}]},{\"@type\":\"ImageObject\",\"inLanguage\":\"es\",\"@id\":\"https:\\\/\\\/www.aliadospuebla.com\\\/?p=108307#primaryimage\",\"url\":\"https:\\\/\\\/www.aliadospuebla.com\\\/web2017\\\/wp-content\\\/uploads\\\/2025\\\/09\\\/054.jpg\",\"contentUrl\":\"https:\\\/\\\/www.aliadospuebla.com\\\/web2017\\\/wp-content\\\/uploads\\\/2025\\\/09\\\/054.jpg\",\"width\":600,\"height\":450},{\"@type\":\"BreadcrumbList\",\"@id\":\"https:\\\/\\\/www.aliadospuebla.com\\\/?p=108307#breadcrumb\",\"itemListElement\":[{\"@type\":\"ListItem\",\"position\":1,\"name\":\"Portada\",\"item\":\"https:\\\/\\\/www.aliadospuebla.com\\\/\"},{\"@type\":\"ListItem\",\"position\":2,\"name\":\"MOVIMIENTO CIUDADANO ROBUSTECE SU ESTRUCTURA EN SAN SALVADOR EL VERDE Y HUEJOTZINGO\"}]},{\"@type\":\"WebSite\",\"@id\":\"https:\\\/\\\/www.aliadospuebla.com\\\/#website\",\"url\":\"https:\\\/\\\/www.aliadospuebla.com\\\/\",\"name\":\"AliadosPuebla\",\"description\":\"La informaci\u00f3n en tus manos\",\"potentialAction\":[{\"@type\":\"SearchAction\",\"target\":{\"@type\":\"EntryPoint\",\"urlTemplate\":\"https:\\\/\\\/www.aliadospuebla.com\\\/?s={search_term_string}\"},\"query-input\":{\"@type\":\"PropertyValueSpecification\",\"valueRequired\":true,\"valueName\":\"search_term_string\"}}],\"inLanguage\":\"es\"},{\"@type\":\"Person\",\"@id\":\"https:\\\/\\\/www.aliadospuebla.com\\\/#\\\/schema\\\/person\\\/5da7dd09320bd4f392b710017ed5f8ad\",\"name\":\"Aliados17\",\"image\":{\"@type\":\"ImageObject\",\"inLanguage\":\"es\",\"@id\":\"https:\\\/\\\/www.aliadospuebla.com\\\/web2017\\\/wp-content\\\/uploads\\\/2025\\\/03\\\/cropped-para-perfil-8-anos-1-96x96.jpg\",\"url\":\"https:\\\/\\\/www.aliadospuebla.com\\\/web2017\\\/wp-content\\\/uploads\\\/2025\\\/03\\\/cropped-para-perfil-8-anos-1-96x96.jpg\",\"contentUrl\":\"https:\\\/\\\/www.aliadospuebla.com\\\/web2017\\\/wp-content\\\/uploads\\\/2025\\\/03\\\/cropped-para-perfil-8-anos-1-96x96.jpg\",\"caption\":\"Aliados17\"},\"sameAs\":[\"https:\\\/\\\/www.aliados17.com\",\"https:\\\/\\\/www.facebook.com\\\/Aliados17Pue\",\"https:\\\/\\\/x.com\\\/AliadosPuebla\"],\"url\":\"https:\\\/\\\/www.aliadospuebla.com\\\/?author=2\"}]}<\/script>\n<!-- \/ Yoast SEO plugin. -->","yoast_head_json":{"title":"MOVIMIENTO CIUDADANO ROBUSTECE SU ESTRUCTURA EN SAN SALVADOR EL VERDE Y HUEJOTZINGO - AliadosPuebla","robots":{"index":"index","follow":"follow","max-snippet":"max-snippet:-1","max-image-preview":"max-image-preview:large","max-video-preview":"max-video-preview:-1"},"canonical":"https:\/\/www.aliadospuebla.com\/?p=108307","og_locale":"es_ES","og_type":"article","og_title":"MOVIMIENTO CIUDADANO ROBUSTECE SU ESTRUCTURA EN SAN SALVADOR EL VERDE Y HUEJOTZINGO - AliadosPuebla","og_description":"San Mart\u00edn Texmelucan, Pue. \u2013 Como parte del fortalecimiento de la estructura de Movimiento Ciudadano en Puebla, la Coordinadora Estatal, Fedrha Isabel Suriano Corrales, contin\u00faa su labor al frente de dicho partido pol\u00edtico, en esta ocasi\u00f3n de gira por los distritos locales de San Mart\u00edn Texmelucan y Huejotzingo, donde encabez\u00f3 la toma de protesta de las nuevas Comisiones Operativas Municipales. En un acto de compromiso con la ciudadan\u00eda, Alfredo Jim\u00e9nez Aguilar asumi\u00f3 la coordinaci\u00f3n en San Salvador El Verde, mientras que Sa\u00fal Hern\u00e1ndez Ju\u00e1rez hizo lo propio en Huejotzingo; ambos con la encomienda de cimentar una agenda cercana a la gente, incluyente y con visi\u00f3n de futuro. En este sentido, la Coordinadora Estatal, Fedrha Isabel Suriano Corrales, destac\u00f3 la importancia de consolidar liderazgos locales que&hellip;Leer m\u00e1s...","og_url":"https:\/\/www.aliadospuebla.com\/?p=108307","og_site_name":"AliadosPuebla","article_author":"https:\/\/www.facebook.com\/Aliados17Pue","article_published_time":"2025-09-10T04:00:01+00:00","og_image":[{"width":600,"height":450,"url":"https:\/\/www.aliadospuebla.com\/web2017\/wp-content\/uploads\/2025\/09\/054.jpg","type":"image\/jpeg"}],"author":"Aliados17","twitter_card":"summary_large_image","twitter_creator":"@AliadosPuebla","twitter_misc":{"Escrito por":"Aliados17","Tiempo de lectura":"1 minuto"},"schema":{"@context":"https:\/\/schema.org","@graph":[{"@type":"Article","@id":"https:\/\/www.aliadospuebla.com\/?p=108307#article","isPartOf":{"@id":"https:\/\/www.aliadospuebla.com\/?p=108307"},"author":{"name":"Aliados17","@id":"https:\/\/www.aliadospuebla.com\/#\/schema\/person\/5da7dd09320bd4f392b710017ed5f8ad"},"headline":"MOVIMIENTO CIUDADANO ROBUSTECE SU ESTRUCTURA EN SAN SALVADOR EL VERDE Y HUEJOTZINGO","datePublished":"2025-09-10T04:00:01+00:00","mainEntityOfPage":{"@id":"https:\/\/www.aliadospuebla.com\/?p=108307"},"wordCount":247,"commentCount":0,"image":{"@id":"https:\/\/www.aliadospuebla.com\/?p=108307#primaryimage"},"thumbnailUrl":"https:\/\/www.aliadospuebla.com\/web2017\/wp-content\/uploads\/2025\/09\/054.jpg","keywords":["alternativa pol\u00edtica","COMISIONES OPERATIVAS MUNICIPALES","Fedrha Isabel Suriano Corrales","HUEJOTZINGO","MOVIMIENTO CIUDADANO","SAN MART\u00cdN TEXMELUCAN"],"articleSection":["Pol\u00edtica"],"inLanguage":"es","potentialAction":[{"@type":"CommentAction","name":"Comment","target":["https:\/\/www.aliadospuebla.com\/?p=108307#respond"]}]},{"@type":"WebPage","@id":"https:\/\/www.aliadospuebla.com\/?p=108307","url":"https:\/\/www.aliadospuebla.com\/?p=108307","name":"MOVIMIENTO CIUDADANO ROBUSTECE SU ESTRUCTURA EN SAN SALVADOR EL VERDE Y HUEJOTZINGO - AliadosPuebla","isPartOf":{"@id":"https:\/\/www.aliadospuebla.com\/#website"},"primaryImageOfPage":{"@id":"https:\/\/www.aliadospuebla.com\/?p=108307#primaryimage"},"image":{"@id":"https:\/\/www.aliadospuebla.com\/?p=108307#primaryimage"},"thumbnailUrl":"https:\/\/www.aliadospuebla.com\/web2017\/wp-content\/uploads\/2025\/09\/054.jpg","datePublished":"2025-09-10T04:00:01+00:00","author":{"@id":"https:\/\/www.aliadospuebla.com\/#\/schema\/person\/5da7dd09320bd4f392b710017ed5f8ad"},"breadcrumb":{"@id":"https:\/\/www.aliadospuebla.com\/?p=108307#breadcrumb"},"inLanguage":"es","potentialAction":[{"@type":"ReadAction","target":["https:\/\/www.aliadospuebla.com\/?p=108307"]}]},{"@type":"ImageObject","inLanguage":"es","@id":"https:\/\/www.aliadospuebla.com\/?p=108307#primaryimage","url":"https:\/\/www.aliadospuebla.com\/web2017\/wp-content\/uploads\/2025\/09\/054.jpg","contentUrl":"https:\/\/www.aliadospuebla.com\/web2017\/wp-content\/uploads\/2025\/09\/054.jpg","width":600,"height":450},{"@type":"BreadcrumbList","@id":"https:\/\/www.aliadospuebla.com\/?p=108307#breadcrumb","itemListElement":[{"@type":"ListItem","position":1,"name":"Portada","item":"https:\/\/www.aliadospuebla.com\/"},{"@type":"ListItem","position":2,"name":"MOVIMIENTO CIUDADANO ROBUSTECE SU ESTRUCTURA EN SAN SALVADOR EL VERDE Y HUEJOTZINGO"}]},{"@type":"WebSite","@id":"https:\/\/www.aliadospuebla.com\/#website","url":"https:\/\/www.aliadospuebla.com\/","name":"AliadosPuebla","description":"La informaci\u00f3n en tus manos","potentialAction":[{"@type":"SearchAction","target":{"@type":"EntryPoint","urlTemplate":"https:\/\/www.aliadospuebla.com\/?s={search_term_string}"},"query-input":{"@type":"PropertyValueSpecification","valueRequired":true,"valueName":"search_term_string"}}],"inLanguage":"es"},{"@type":"Person","@id":"https:\/\/www.aliadospuebla.com\/#\/schema\/person\/5da7dd09320bd4f392b710017ed5f8ad","name":"Aliados17","image":{"@type":"ImageObject","inLanguage":"es","@id":"https:\/\/www.aliadospuebla.com\/web2017\/wp-content\/uploads\/2025\/03\/cropped-para-perfil-8-anos-1-96x96.jpg","url":"https:\/\/www.aliadospuebla.com\/web2017\/wp-content\/uploads\/2025\/03\/cropped-para-perfil-8-anos-1-96x96.jpg","contentUrl":"https:\/\/www.aliadospuebla.com\/web2017\/wp-content\/uploads\/2025\/03\/cropped-para-perfil-8-anos-1-96x96.jpg","caption":"Aliados17"},"sameAs":["https:\/\/www.aliados17.com","https:\/\/www.facebook.com\/Aliados17Pue","https:\/\/x.com\/AliadosPuebla"],"url":"https:\/\/www.aliadospuebla.com\/?author=2"}]}},"views":24,"_links":{"self":[{"href":"https:\/\/www.aliadospuebla.com\/index.php?rest_route=\/wp\/v2\/posts\/108307","targetHints":{"allow":["GET"]}}],"collection":[{"href":"https:\/\/www.aliadospuebla.com\/index.php?rest_route=\/wp\/v2\/posts"}],"about":[{"href":"https:\/\/www.aliadospuebla.com\/index.php?rest_route=\/wp\/v2\/types\/post"}],"author":[{"embeddable":true,"href":"https:\/\/www.aliadospuebla.com\/index.php?rest_route=\/wp\/v2\/users\/2"}],"replies":[{"embeddable":true,"href":"https:\/\/www.aliadospuebla.com\/index.php?rest_route=%2Fwp%2Fv2%2Fcomments&post=108307"}],"version-history":[{"count":1,"href":"https:\/\/www.aliadospuebla.com\/index.php?rest_route=\/wp\/v2\/posts\/108307\/revisions"}],"predecessor-version":[{"id":108309,"href":"https:\/\/www.aliadospuebla.com\/index.php?rest_route=\/wp\/v2\/posts\/108307\/revisions\/108309"}],"wp:featuredmedia":[{"embeddable":true,"href":"https:\/\/www.aliadospuebla.com\/index.php?rest_route=\/wp\/v2\/media\/108308"}],"wp:attachment":[{"href":"https:\/\/www.aliadospuebla.com\/index.php?rest_route=%2Fwp%2Fv2%2Fmedia&parent=108307"}],"wp:term":[{"taxonomy":"category","embeddable":true,"href":"https:\/\/www.aliadospuebla.com\/index.php?rest_route=%2Fwp%2Fv2%2Fcategories&post=108307"},{"taxonomy":"post_tag","embeddable":true,"href":"https:\/\/www.aliadospuebla.com\/index.php?rest_route=%2Fwp%2Fv2%2Ftags&post=108307"}],"curies":[{"name":"wp","href":"https:\/\/api.w.org\/{rel}","templated":true}]}}