{"id":108108,"date":"2025-08-31T21:48:53","date_gmt":"2025-09-01T03:48:53","guid":{"rendered":"https:\/\/www.aliadospuebla.com\/?p=108108"},"modified":"2025-08-31T21:48:53","modified_gmt":"2025-09-01T03:48:53","slug":"pepe-chedraui-ilumino-el-primer-cuadro-de-la-ciudad-por-las-fiestas-patrias-2025","status":"publish","type":"post","link":"https:\/\/www.aliadospuebla.com\/?p=108108","title":{"rendered":"Pepe Chedraui ilumin\u00f3 el primer cuadro de la ciudad por las Fiestas Patrias 2025"},"content":{"rendered":"<h4>&#8211; Hemos preparado para todas y todos ustedes una fiesta en grande el pr\u00f3ximo 15 de septiembre; ya les compartiremos a detalle muy pronto todas las actividades que se han organizado: Jos\u00e9 Luis Garc\u00eda Parra<\/h4>\n<p>&#8211; Que este septiembre sea de fiesta, de paz, de armon\u00eda y, sin duda, de una fiesta muy bonita para Puebla,<\/p>\n<p>para M\u00e9xico y para todas y todos los poblanos: Pepe Chedraui<\/p>\n<p>&#8211; Son m\u00e1s de 2 mil 400 piezas luminosas LED en puntos como el Palacio Municipal, el Bulevard 5 de Mayo,<\/p>\n<p>Paseo Bravo y la Avenida Reforma<\/p>\n<p>Puebla, Pue.\u2013 El encendido oficial de las luces conmemorativas de las Fiestas Patrias 2025<\/p>\n<p>ilumin\u00f3 el coraz\u00f3n de la capital con destellos tricolores que llenaron de alegr\u00eda calles y plazas.<\/p>\n<p>Familias poblanas y visitantes se dieron cita para admirar un recorrido vibrante, lleno de tradici\u00f3n,<\/p>\n<p>m\u00fasica y s\u00edmbolos que evocan el orgullo de ser mexicanos.<\/p>\n<p>La ceremonia fue encabezada, en representaci\u00f3n del gobernador Alejandro Armenta,<\/p>\n<p>por el coordinador de gabinete Jos\u00e9 Luis Garc\u00eda Parra y el alcalde Pepe Chedraui Budib,<\/p>\n<p>quienes compartieron con la ciudadan\u00eda este momento de unidad y fiesta nacional.<\/p>\n<p>Al hacer uso de la palabra Garc\u00eda Parra expres\u00f3 que se tienen preparadas diferentes actividades<\/p>\n<p>para las y los poblanos as\u00ed como para sus visitantes, durante estas fechas que son de importancia para las y los mexicanos.<\/p>\n<p>\u00abYa les compartiremos a detalle muy pronto todas las actividades que se han organizado para ustedes.<\/p>\n<h4>Y hoy, con todas estas familias poblanas reunidas aqu\u00ed, nos da mucha emoci\u00f3n iniciar, y adem\u00e1s convocar y saber que todas y todos somos un pueblo fuerte, unido y orgulloso de su historia\u00bb, dijo.<\/h4>\n<p>Por su parte, el presidente municipal, Pepe Chedraui, acompa\u00f1ado de la presidenta del SMDIF, MariElise Budib, afirm\u00f3 que este septiembre ser\u00e1 de fiesta, de paz y de armon\u00eda. \u00abSin duda, una fiesta muy bonita para Puebla, para M\u00e9xico y para todas y todos los poblanos\u00bb, abund\u00f3.<\/p>\n<p>La iluminaci\u00f3n de este a\u00f1o integra un recorrido lleno de color y tradici\u00f3n, donde destacan figuras que representan a los h\u00e9roes de la Independencia como Miguel Hidalgo, Jos\u00e9 Mar\u00eda Morelos y Josefa Ortiz de Dom\u00ednguez, as\u00ed como s\u00edmbolos nacionales que evocan el orgullo de ser mexicanos.<\/p>\n<p>Fomentando espacios para la convivencia familiar y la generaci\u00f3n de comunidad, la Secretar\u00eda de Servicios P\u00fablicos instal\u00f3 tambi\u00e9n cortinas de luces multicolores y elementos decorativos en color verde, blanco y rojo, entre ellos la bandera y el \u00e1guila nacional.<\/p>\n<p>Son m\u00e1s de 2 mil 400 piezas luminosas LED en calles y edificios distribuidos en puntos estrat\u00e9gicos como el Palacio Municipal, el Boulevard 5 de Mayo, Paseo Bravo y la Avenida Reforma, que ofrecen una experiencia visual que resalta la importancia de las fechas patrias y enaltece la identidad de la capital.<\/p>\n<p>De esta manera, el alcalde Pepe Chedraui reafirma su compromiso de preservar las tradiciones y mantener en \u00f3ptimas condiciones los espacios p\u00fablicos. El encendido de luces patrias es un s\u00edmbolo de unidad, identidad y esperanza, que refleja el esp\u00edritu de una capital segura, que sigue avanzando con firmeza y que hoy se muestra imparable frente a su historia y su futuro.<\/p>\n<p>Adem\u00e1s de integrantes del gabinete municipal se cont\u00f3 con la presencia de Laura Artemisa Garc\u00eda Ch\u00e1vez, presidenta de la Junta de Gobierno y Coordinaci\u00f3n Pol\u00edtica del Congreso del Estado y de Rodolfo Huerta, en representaci\u00f3n del secretario de Gobernaci\u00f3n del estado, Samuel Aguilar Pala.<\/p>\n","protected":false},"excerpt":{"rendered":"<p>&#8211; Hemos preparado para todas y todos ustedes una fiesta en grande el pr\u00f3ximo 15 de septiembre; ya les compartiremos a detalle muy pronto todas las actividades que se han organizado: Jos\u00e9 Luis Garc\u00eda Parra &#8211; Que este septiembre sea de fiesta, de paz, de armon\u00eda y, sin duda, de una fiesta muy bonita para Puebla, para M\u00e9xico y para todas y todos los poblanos: Pepe Chedraui &#8211; Son m\u00e1s de 2 mil 400 piezas luminosas LED en puntos como el Palacio Municipal, el Bulevard 5 de Mayo, Paseo Bravo y la Avenida Reforma Puebla, Pue.\u2013 El encendido oficial de las luces conmemorativas de las Fiestas Patrias 2025 ilumin\u00f3 el coraz\u00f3n de la capital con destellos tricolores que llenaron de alegr\u00eda calles y plazas. Familias&hellip;<\/p>\n<p class=\"excerpt-more\"><a class=\"blog-excerpt button\" href=\"https:\/\/www.aliadospuebla.com\/?p=108108\">Leer m\u00e1s&#8230;<\/a><\/p>\n","protected":false},"author":2,"featured_media":108109,"comment_status":"open","ping_status":"open","sticky":false,"template":"","format":"standard","meta":{"_monsterinsights_skip_tracking":false,"footnotes":""},"categories":[62],"tags":[4780,10027,30744,24859,24949,24702,1797],"class_list":["post-108108","post","type-post","status-publish","format-standard","has-post-thumbnail","hentry","category-capital","tag-alejandro-armenta","tag-encendido-de-luces","tag-fiestas-patrias-2025","tag-jose-luis-garcia-parra","tag-marielise-budib","tag-pepe-chedraui-budib","tag-smdif"],"yoast_head":"<!-- This site is optimized with the Yoast SEO plugin v28.4 - https:\/\/yoast.com\/product\/yoast-seo-wordpress\/ -->\n<title>Pepe Chedraui ilumin\u00f3 el primer cuadro de la ciudad por las Fiestas Patrias 2025 - AliadosPuebla<\/title>\n<meta name=\"robots\" content=\"index, follow, max-snippet:-1, max-image-preview:large, max-video-preview:-1\" \/>\n<link rel=\"canonical\" href=\"https:\/\/www.aliadospuebla.com\/?p=108108\" \/>\n<meta property=\"og:locale\" content=\"es_ES\" \/>\n<meta property=\"og:type\" content=\"article\" \/>\n<meta property=\"og:title\" content=\"Pepe Chedraui ilumin\u00f3 el primer cuadro de la ciudad por las Fiestas Patrias 2025 - AliadosPuebla\" \/>\n<meta property=\"og:description\" content=\"&#8211; Hemos preparado para todas y todos ustedes una fiesta en grande el pr\u00f3ximo 15 de septiembre; ya les compartiremos a detalle muy pronto todas las actividades que se han organizado: Jos\u00e9 Luis Garc\u00eda Parra &#8211; Que este septiembre sea de fiesta, de paz, de armon\u00eda y, sin duda, de una fiesta muy bonita para Puebla, para M\u00e9xico y para todas y todos los poblanos: Pepe Chedraui &#8211; Son m\u00e1s de 2 mil 400 piezas luminosas LED en puntos como el Palacio Municipal, el Bulevard 5 de Mayo, Paseo Bravo y la Avenida Reforma Puebla, Pue.\u2013 El encendido oficial de las luces conmemorativas de las Fiestas Patrias 2025 ilumin\u00f3 el coraz\u00f3n de la capital con destellos tricolores que llenaron de alegr\u00eda calles y plazas. Familias&hellip;Leer m\u00e1s...\" \/>\n<meta property=\"og:url\" content=\"https:\/\/www.aliadospuebla.com\/?p=108108\" \/>\n<meta property=\"og:site_name\" content=\"AliadosPuebla\" \/>\n<meta property=\"article:author\" content=\"https:\/\/www.facebook.com\/Aliados17Pue\" \/>\n<meta property=\"article:published_time\" content=\"2025-09-01T03:48:53+00:00\" \/>\n<meta property=\"og:image\" content=\"https:\/\/www.aliadospuebla.com\/web2017\/wp-content\/uploads\/2025\/08\/1272.jpg\" \/>\n\t<meta property=\"og:image:width\" content=\"600\" \/>\n\t<meta property=\"og:image:height\" content=\"450\" \/>\n\t<meta property=\"og:image:type\" content=\"image\/jpeg\" \/>\n<meta name=\"author\" content=\"Aliados17\" \/>\n<meta name=\"twitter:card\" content=\"summary_large_image\" \/>\n<meta name=\"twitter:creator\" content=\"@AliadosPuebla\" \/>\n<meta name=\"twitter:label1\" content=\"Escrito por\" \/>\n\t<meta name=\"twitter:data1\" content=\"Aliados17\" \/>\n\t<meta name=\"twitter:label2\" content=\"Tiempo de lectura\" \/>\n\t<meta name=\"twitter:data2\" content=\"3 minutos\" \/>\n<script type=\"application\/ld+json\" class=\"yoast-schema-graph\">{\"@context\":\"https:\\\/\\\/schema.org\",\"@graph\":[{\"@type\":\"Article\",\"@id\":\"https:\\\/\\\/www.aliadospuebla.com\\\/?p=108108#article\",\"isPartOf\":{\"@id\":\"https:\\\/\\\/www.aliadospuebla.com\\\/?p=108108\"},\"author\":{\"name\":\"Aliados17\",\"@id\":\"https:\\\/\\\/www.aliadospuebla.com\\\/#\\\/schema\\\/person\\\/5da7dd09320bd4f392b710017ed5f8ad\"},\"headline\":\"Pepe Chedraui ilumin\u00f3 el primer cuadro de la ciudad por las Fiestas Patrias 2025\",\"datePublished\":\"2025-09-01T03:48:53+00:00\",\"mainEntityOfPage\":{\"@id\":\"https:\\\/\\\/www.aliadospuebla.com\\\/?p=108108\"},\"wordCount\":608,\"commentCount\":0,\"image\":{\"@id\":\"https:\\\/\\\/www.aliadospuebla.com\\\/?p=108108#primaryimage\"},\"thumbnailUrl\":\"https:\\\/\\\/www.aliadospuebla.com\\\/web2017\\\/wp-content\\\/uploads\\\/2025\\\/08\\\/1272.jpg\",\"keywords\":[\"ALEJANDRO ARMENTA\",\"encendido de luces\",\"Fiestas Patrias 2025\",\"Jos\u00e9 Luis Garc\u00eda Parra\",\"MARIELISE BUDIB\",\"Pepe Chedraui Budib\",\"SMDIF\"],\"articleSection\":[\"Capital\"],\"inLanguage\":\"es\",\"potentialAction\":[{\"@type\":\"CommentAction\",\"name\":\"Comment\",\"target\":[\"https:\\\/\\\/www.aliadospuebla.com\\\/?p=108108#respond\"]}]},{\"@type\":\"WebPage\",\"@id\":\"https:\\\/\\\/www.aliadospuebla.com\\\/?p=108108\",\"url\":\"https:\\\/\\\/www.aliadospuebla.com\\\/?p=108108\",\"name\":\"Pepe Chedraui ilumin\u00f3 el primer cuadro de la ciudad por las Fiestas Patrias 2025 - AliadosPuebla\",\"isPartOf\":{\"@id\":\"https:\\\/\\\/www.aliadospuebla.com\\\/#website\"},\"primaryImageOfPage\":{\"@id\":\"https:\\\/\\\/www.aliadospuebla.com\\\/?p=108108#primaryimage\"},\"image\":{\"@id\":\"https:\\\/\\\/www.aliadospuebla.com\\\/?p=108108#primaryimage\"},\"thumbnailUrl\":\"https:\\\/\\\/www.aliadospuebla.com\\\/web2017\\\/wp-content\\\/uploads\\\/2025\\\/08\\\/1272.jpg\",\"datePublished\":\"2025-09-01T03:48:53+00:00\",\"author\":{\"@id\":\"https:\\\/\\\/www.aliadospuebla.com\\\/#\\\/schema\\\/person\\\/5da7dd09320bd4f392b710017ed5f8ad\"},\"breadcrumb\":{\"@id\":\"https:\\\/\\\/www.aliadospuebla.com\\\/?p=108108#breadcrumb\"},\"inLanguage\":\"es\",\"potentialAction\":[{\"@type\":\"ReadAction\",\"target\":[\"https:\\\/\\\/www.aliadospuebla.com\\\/?p=108108\"]}]},{\"@type\":\"ImageObject\",\"inLanguage\":\"es\",\"@id\":\"https:\\\/\\\/www.aliadospuebla.com\\\/?p=108108#primaryimage\",\"url\":\"https:\\\/\\\/www.aliadospuebla.com\\\/web2017\\\/wp-content\\\/uploads\\\/2025\\\/08\\\/1272.jpg\",\"contentUrl\":\"https:\\\/\\\/www.aliadospuebla.com\\\/web2017\\\/wp-content\\\/uploads\\\/2025\\\/08\\\/1272.jpg\",\"width\":600,\"height\":450},{\"@type\":\"BreadcrumbList\",\"@id\":\"https:\\\/\\\/www.aliadospuebla.com\\\/?p=108108#breadcrumb\",\"itemListElement\":[{\"@type\":\"ListItem\",\"position\":1,\"name\":\"Portada\",\"item\":\"https:\\\/\\\/www.aliadospuebla.com\\\/\"},{\"@type\":\"ListItem\",\"position\":2,\"name\":\"Pepe Chedraui ilumin\u00f3 el primer cuadro de la ciudad por las Fiestas Patrias 2025\"}]},{\"@type\":\"WebSite\",\"@id\":\"https:\\\/\\\/www.aliadospuebla.com\\\/#website\",\"url\":\"https:\\\/\\\/www.aliadospuebla.com\\\/\",\"name\":\"AliadosPuebla\",\"description\":\"La informaci\u00f3n en tus manos\",\"potentialAction\":[{\"@type\":\"SearchAction\",\"target\":{\"@type\":\"EntryPoint\",\"urlTemplate\":\"https:\\\/\\\/www.aliadospuebla.com\\\/?s={search_term_string}\"},\"query-input\":{\"@type\":\"PropertyValueSpecification\",\"valueRequired\":true,\"valueName\":\"search_term_string\"}}],\"inLanguage\":\"es\"},{\"@type\":\"Person\",\"@id\":\"https:\\\/\\\/www.aliadospuebla.com\\\/#\\\/schema\\\/person\\\/5da7dd09320bd4f392b710017ed5f8ad\",\"name\":\"Aliados17\",\"image\":{\"@type\":\"ImageObject\",\"inLanguage\":\"es\",\"@id\":\"https:\\\/\\\/www.aliadospuebla.com\\\/web2017\\\/wp-content\\\/uploads\\\/2025\\\/03\\\/cropped-para-perfil-8-anos-1-96x96.jpg\",\"url\":\"https:\\\/\\\/www.aliadospuebla.com\\\/web2017\\\/wp-content\\\/uploads\\\/2025\\\/03\\\/cropped-para-perfil-8-anos-1-96x96.jpg\",\"contentUrl\":\"https:\\\/\\\/www.aliadospuebla.com\\\/web2017\\\/wp-content\\\/uploads\\\/2025\\\/03\\\/cropped-para-perfil-8-anos-1-96x96.jpg\",\"caption\":\"Aliados17\"},\"sameAs\":[\"https:\\\/\\\/www.aliados17.com\",\"https:\\\/\\\/www.facebook.com\\\/Aliados17Pue\",\"https:\\\/\\\/x.com\\\/AliadosPuebla\"],\"url\":\"https:\\\/\\\/www.aliadospuebla.com\\\/?author=2\"}]}<\/script>\n<!-- \/ Yoast SEO plugin. -->","yoast_head_json":{"title":"Pepe Chedraui ilumin\u00f3 el primer cuadro de la ciudad por las Fiestas Patrias 2025 - AliadosPuebla","robots":{"index":"index","follow":"follow","max-snippet":"max-snippet:-1","max-image-preview":"max-image-preview:large","max-video-preview":"max-video-preview:-1"},"canonical":"https:\/\/www.aliadospuebla.com\/?p=108108","og_locale":"es_ES","og_type":"article","og_title":"Pepe Chedraui ilumin\u00f3 el primer cuadro de la ciudad por las Fiestas Patrias 2025 - AliadosPuebla","og_description":"&#8211; Hemos preparado para todas y todos ustedes una fiesta en grande el pr\u00f3ximo 15 de septiembre; ya les compartiremos a detalle muy pronto todas las actividades que se han organizado: Jos\u00e9 Luis Garc\u00eda Parra &#8211; Que este septiembre sea de fiesta, de paz, de armon\u00eda y, sin duda, de una fiesta muy bonita para Puebla, para M\u00e9xico y para todas y todos los poblanos: Pepe Chedraui &#8211; Son m\u00e1s de 2 mil 400 piezas luminosas LED en puntos como el Palacio Municipal, el Bulevard 5 de Mayo, Paseo Bravo y la Avenida Reforma Puebla, Pue.\u2013 El encendido oficial de las luces conmemorativas de las Fiestas Patrias 2025 ilumin\u00f3 el coraz\u00f3n de la capital con destellos tricolores que llenaron de alegr\u00eda calles y plazas. Familias&hellip;Leer m\u00e1s...","og_url":"https:\/\/www.aliadospuebla.com\/?p=108108","og_site_name":"AliadosPuebla","article_author":"https:\/\/www.facebook.com\/Aliados17Pue","article_published_time":"2025-09-01T03:48:53+00:00","og_image":[{"width":600,"height":450,"url":"https:\/\/www.aliadospuebla.com\/web2017\/wp-content\/uploads\/2025\/08\/1272.jpg","type":"image\/jpeg"}],"author":"Aliados17","twitter_card":"summary_large_image","twitter_creator":"@AliadosPuebla","twitter_misc":{"Escrito por":"Aliados17","Tiempo de lectura":"3 minutos"},"schema":{"@context":"https:\/\/schema.org","@graph":[{"@type":"Article","@id":"https:\/\/www.aliadospuebla.com\/?p=108108#article","isPartOf":{"@id":"https:\/\/www.aliadospuebla.com\/?p=108108"},"author":{"name":"Aliados17","@id":"https:\/\/www.aliadospuebla.com\/#\/schema\/person\/5da7dd09320bd4f392b710017ed5f8ad"},"headline":"Pepe Chedraui ilumin\u00f3 el primer cuadro de la ciudad por las Fiestas Patrias 2025","datePublished":"2025-09-01T03:48:53+00:00","mainEntityOfPage":{"@id":"https:\/\/www.aliadospuebla.com\/?p=108108"},"wordCount":608,"commentCount":0,"image":{"@id":"https:\/\/www.aliadospuebla.com\/?p=108108#primaryimage"},"thumbnailUrl":"https:\/\/www.aliadospuebla.com\/web2017\/wp-content\/uploads\/2025\/08\/1272.jpg","keywords":["ALEJANDRO ARMENTA","encendido de luces","Fiestas Patrias 2025","Jos\u00e9 Luis Garc\u00eda Parra","MARIELISE BUDIB","Pepe Chedraui Budib","SMDIF"],"articleSection":["Capital"],"inLanguage":"es","potentialAction":[{"@type":"CommentAction","name":"Comment","target":["https:\/\/www.aliadospuebla.com\/?p=108108#respond"]}]},{"@type":"WebPage","@id":"https:\/\/www.aliadospuebla.com\/?p=108108","url":"https:\/\/www.aliadospuebla.com\/?p=108108","name":"Pepe Chedraui ilumin\u00f3 el primer cuadro de la ciudad por las Fiestas Patrias 2025 - AliadosPuebla","isPartOf":{"@id":"https:\/\/www.aliadospuebla.com\/#website"},"primaryImageOfPage":{"@id":"https:\/\/www.aliadospuebla.com\/?p=108108#primaryimage"},"image":{"@id":"https:\/\/www.aliadospuebla.com\/?p=108108#primaryimage"},"thumbnailUrl":"https:\/\/www.aliadospuebla.com\/web2017\/wp-content\/uploads\/2025\/08\/1272.jpg","datePublished":"2025-09-01T03:48:53+00:00","author":{"@id":"https:\/\/www.aliadospuebla.com\/#\/schema\/person\/5da7dd09320bd4f392b710017ed5f8ad"},"breadcrumb":{"@id":"https:\/\/www.aliadospuebla.com\/?p=108108#breadcrumb"},"inLanguage":"es","potentialAction":[{"@type":"ReadAction","target":["https:\/\/www.aliadospuebla.com\/?p=108108"]}]},{"@type":"ImageObject","inLanguage":"es","@id":"https:\/\/www.aliadospuebla.com\/?p=108108#primaryimage","url":"https:\/\/www.aliadospuebla.com\/web2017\/wp-content\/uploads\/2025\/08\/1272.jpg","contentUrl":"https:\/\/www.aliadospuebla.com\/web2017\/wp-content\/uploads\/2025\/08\/1272.jpg","width":600,"height":450},{"@type":"BreadcrumbList","@id":"https:\/\/www.aliadospuebla.com\/?p=108108#breadcrumb","itemListElement":[{"@type":"ListItem","position":1,"name":"Portada","item":"https:\/\/www.aliadospuebla.com\/"},{"@type":"ListItem","position":2,"name":"Pepe Chedraui ilumin\u00f3 el primer cuadro de la ciudad por las Fiestas Patrias 2025"}]},{"@type":"WebSite","@id":"https:\/\/www.aliadospuebla.com\/#website","url":"https:\/\/www.aliadospuebla.com\/","name":"AliadosPuebla","description":"La informaci\u00f3n en tus manos","potentialAction":[{"@type":"SearchAction","target":{"@type":"EntryPoint","urlTemplate":"https:\/\/www.aliadospuebla.com\/?s={search_term_string}"},"query-input":{"@type":"PropertyValueSpecification","valueRequired":true,"valueName":"search_term_string"}}],"inLanguage":"es"},{"@type":"Person","@id":"https:\/\/www.aliadospuebla.com\/#\/schema\/person\/5da7dd09320bd4f392b710017ed5f8ad","name":"Aliados17","image":{"@type":"ImageObject","inLanguage":"es","@id":"https:\/\/www.aliadospuebla.com\/web2017\/wp-content\/uploads\/2025\/03\/cropped-para-perfil-8-anos-1-96x96.jpg","url":"https:\/\/www.aliadospuebla.com\/web2017\/wp-content\/uploads\/2025\/03\/cropped-para-perfil-8-anos-1-96x96.jpg","contentUrl":"https:\/\/www.aliadospuebla.com\/web2017\/wp-content\/uploads\/2025\/03\/cropped-para-perfil-8-anos-1-96x96.jpg","caption":"Aliados17"},"sameAs":["https:\/\/www.aliados17.com","https:\/\/www.facebook.com\/Aliados17Pue","https:\/\/x.com\/AliadosPuebla"],"url":"https:\/\/www.aliadospuebla.com\/?author=2"}]}},"views":14,"_links":{"self":[{"href":"https:\/\/www.aliadospuebla.com\/index.php?rest_route=\/wp\/v2\/posts\/108108","targetHints":{"allow":["GET"]}}],"collection":[{"href":"https:\/\/www.aliadospuebla.com\/index.php?rest_route=\/wp\/v2\/posts"}],"about":[{"href":"https:\/\/www.aliadospuebla.com\/index.php?rest_route=\/wp\/v2\/types\/post"}],"author":[{"embeddable":true,"href":"https:\/\/www.aliadospuebla.com\/index.php?rest_route=\/wp\/v2\/users\/2"}],"replies":[{"embeddable":true,"href":"https:\/\/www.aliadospuebla.com\/index.php?rest_route=%2Fwp%2Fv2%2Fcomments&post=108108"}],"version-history":[{"count":1,"href":"https:\/\/www.aliadospuebla.com\/index.php?rest_route=\/wp\/v2\/posts\/108108\/revisions"}],"predecessor-version":[{"id":108110,"href":"https:\/\/www.aliadospuebla.com\/index.php?rest_route=\/wp\/v2\/posts\/108108\/revisions\/108110"}],"wp:featuredmedia":[{"embeddable":true,"href":"https:\/\/www.aliadospuebla.com\/index.php?rest_route=\/wp\/v2\/media\/108109"}],"wp:attachment":[{"href":"https:\/\/www.aliadospuebla.com\/index.php?rest_route=%2Fwp%2Fv2%2Fmedia&parent=108108"}],"wp:term":[{"taxonomy":"category","embeddable":true,"href":"https:\/\/www.aliadospuebla.com\/index.php?rest_route=%2Fwp%2Fv2%2Fcategories&post=108108"},{"taxonomy":"post_tag","embeddable":true,"href":"https:\/\/www.aliadospuebla.com\/index.php?rest_route=%2Fwp%2Fv2%2Ftags&post=108108"}],"curies":[{"name":"wp","href":"https:\/\/api.w.org\/{rel}","templated":true}]}}