{"id":108082,"date":"2025-08-30T14:23:34","date_gmt":"2025-08-30T20:23:34","guid":{"rendered":"https:\/\/www.aliadospuebla.com\/?p=108082"},"modified":"2025-08-30T14:23:34","modified_gmt":"2025-08-30T20:23:34","slug":"ante-mas-de-50-mil-personas-tonantzin-fernandez-inaugura-la-75a-feria-de-san-pedro-cholula","status":"publish","type":"post","link":"https:\/\/www.aliadospuebla.com\/?p=108082","title":{"rendered":"Ante m\u00e1s de 50 mil personas Tonantzin Fern\u00e1ndez inaugura la 75\u00aa Feria de San Pedro Cholula"},"content":{"rendered":"<h4>La presidenta municipal present\u00f3 el Corredor de Pueblos M\u00e1gicos y el Foro Art\u00edstico<\/h4>\n<p>San Pedro Cholula, Pue. \u2013 El Gobierno Municipal de San Pedro Cholula, encabezado<\/p>\n<p>por la presidenta Tonantzin Fern\u00e1ndez, inaugur\u00f3 la edici\u00f3n n\u00famero 75 de la Feria de San Pedro Cholula,<\/p>\n<p>una celebraci\u00f3n que llega renovada y llena de sorpresas, consolid\u00e1ndose como una de las m\u00e1s importantes de Puebla.<\/p>\n<p>Durante el evento se cont\u00f3 con la presencia de la titular de la Secretar\u00eda de Desarrollo Tur\u00edstico<\/p>\n<p>del Gobierno del Estado, Carla L\u00f3pez-Malo, con quien se inaugur\u00f3 por primera vez<\/p>\n<p>el Corredor de Pueblos M\u00e1gicos, espacio que reuni\u00f3 a municipios como Cuetzalan,<\/p>\n<p>Zacatl\u00e1n, Atlixco, Huauchinango, Pahuatl\u00e1n y Teziutl\u00e1n, quienes compartieron lo mejor de su riqueza cultural y tur\u00edstica.<\/p>\n<p>En su intervenci\u00f3n, L\u00f3pez-Malo reconoci\u00f3 a la presidenta municipal por impulsar acciones que promueven la cultura y el turismo, resaltando que, desde el Gobierno del Estado, encabezado por Alejandro Armenta, se busca consolidar a Puebla como \u201cel latido de M\u00e9xico\u201d.<\/p>\n<p>Por su parte, Tonantzin Fern\u00e1ndez refrend\u00f3 su compromiso de fortalecer la identidad de San Pedro Cholula y posicionarlo en el escenario internacional mediante el rescate de tradiciones, la cultura y el trabajo conjunto con otros municipios. Posteriormente, realiz\u00f3 un recorrido por los stands del corredor.<\/p>\n<h4>INAUGURACI\u00d3N DEL FORO ART\u00cdSTICO<\/h4>\n<p>Como parte de las actividades, la presidenta municipal, acompa\u00f1ada de autoridades estatales y regidores, encabez\u00f3 la inauguraci\u00f3n del Foro Art\u00edstico con el esperado concierto de Matute, agrupaci\u00f3n que hizo cantar y bailar a m\u00e1s de 50 mil asistentes en la Plaza de la Concordia durante m\u00e1s de tres horas.<\/p>\n<p>Con saldo blanco y una gran afluencia de visitantes en la Plaza de la Concordia y el Z\u00f3calo, concluy\u00f3 el primer d\u00eda de feria. La presidenta municipal invit\u00f3 a cholultecas y turistas a disfrutar de todas las actividades que se llevar\u00e1n a cabo hasta el 16 de septiembre, donde la gastronom\u00eda, la cultura y la m\u00fasica seguir\u00e1n siendo los grandes protagonistas.<\/p>\n","protected":false},"excerpt":{"rendered":"<p>La presidenta municipal present\u00f3 el Corredor de Pueblos M\u00e1gicos y el Foro Art\u00edstico San Pedro Cholula, Pue. \u2013 El Gobierno Municipal de San Pedro Cholula, encabezado por la presidenta Tonantzin Fern\u00e1ndez, inaugur\u00f3 la edici\u00f3n n\u00famero 75 de la Feria de San Pedro Cholula, una celebraci\u00f3n que llega renovada y llena de sorpresas, consolid\u00e1ndose como una de las m\u00e1s importantes de Puebla. Durante el evento se cont\u00f3 con la presencia de la titular de la Secretar\u00eda de Desarrollo Tur\u00edstico del Gobierno del Estado, Carla L\u00f3pez-Malo, con quien se inaugur\u00f3 por primera vez el Corredor de Pueblos M\u00e1gicos, espacio que reuni\u00f3 a municipios como Cuetzalan, Zacatl\u00e1n, Atlixco, Huauchinango, Pahuatl\u00e1n y Teziutl\u00e1n, quienes compartieron lo mejor de su riqueza cultural y tur\u00edstica. En su intervenci\u00f3n, L\u00f3pez-Malo reconoci\u00f3 a&hellip;<\/p>\n<p class=\"excerpt-more\"><a class=\"blog-excerpt button\" href=\"https:\/\/www.aliadospuebla.com\/?p=108082\">Leer m\u00e1s&#8230;<\/a><\/p>\n","protected":false},"author":2,"featured_media":108083,"comment_status":"open","ping_status":"open","sticky":false,"template":"","format":"standard","meta":{"_monsterinsights_skip_tracking":false,"footnotes":""},"categories":[4],"tags":[4780,29100,30737,158,4934,8071,387,7394,127],"class_list":["post-108082","post","type-post","status-publish","format-standard","has-post-thumbnail","hentry","category-municipios","tag-alejandro-armenta","tag-carla-lopez-malo","tag-corredor-de-pueblos-magicos","tag-cultura","tag-foro-artistico","tag-plaza-de-la-concordia","tag-san-pedro-cholula","tag-tonantzin-fernandez","tag-turismo"],"yoast_head":"<!-- This site is optimized with the Yoast SEO plugin v28.4 - https:\/\/yoast.com\/product\/yoast-seo-wordpress\/ -->\n<title>Ante m\u00e1s de 50 mil personas Tonantzin Fern\u00e1ndez inaugura la 75\u00aa Feria de San Pedro Cholula - AliadosPuebla<\/title>\n<meta name=\"robots\" content=\"index, follow, max-snippet:-1, max-image-preview:large, max-video-preview:-1\" \/>\n<link rel=\"canonical\" href=\"https:\/\/www.aliadospuebla.com\/?p=108082\" \/>\n<meta property=\"og:locale\" content=\"es_ES\" \/>\n<meta property=\"og:type\" content=\"article\" \/>\n<meta property=\"og:title\" content=\"Ante m\u00e1s de 50 mil personas Tonantzin Fern\u00e1ndez inaugura la 75\u00aa Feria de San Pedro Cholula - AliadosPuebla\" \/>\n<meta property=\"og:description\" content=\"La presidenta municipal present\u00f3 el Corredor de Pueblos M\u00e1gicos y el Foro Art\u00edstico San Pedro Cholula, Pue. \u2013 El Gobierno Municipal de San Pedro Cholula, encabezado por la presidenta Tonantzin Fern\u00e1ndez, inaugur\u00f3 la edici\u00f3n n\u00famero 75 de la Feria de San Pedro Cholula, una celebraci\u00f3n que llega renovada y llena de sorpresas, consolid\u00e1ndose como una de las m\u00e1s importantes de Puebla. Durante el evento se cont\u00f3 con la presencia de la titular de la Secretar\u00eda de Desarrollo Tur\u00edstico del Gobierno del Estado, Carla L\u00f3pez-Malo, con quien se inaugur\u00f3 por primera vez el Corredor de Pueblos M\u00e1gicos, espacio que reuni\u00f3 a municipios como Cuetzalan, Zacatl\u00e1n, Atlixco, Huauchinango, Pahuatl\u00e1n y Teziutl\u00e1n, quienes compartieron lo mejor de su riqueza cultural y tur\u00edstica. En su intervenci\u00f3n, L\u00f3pez-Malo reconoci\u00f3 a&hellip;Leer m\u00e1s...\" \/>\n<meta property=\"og:url\" content=\"https:\/\/www.aliadospuebla.com\/?p=108082\" \/>\n<meta property=\"og:site_name\" content=\"AliadosPuebla\" \/>\n<meta property=\"article:author\" content=\"https:\/\/www.facebook.com\/Aliados17Pue\" \/>\n<meta property=\"article:published_time\" content=\"2025-08-30T20:23:34+00:00\" \/>\n<meta property=\"og:image\" content=\"https:\/\/www.aliadospuebla.com\/web2017\/wp-content\/uploads\/2025\/08\/1264.jpg\" \/>\n\t<meta property=\"og:image:width\" content=\"600\" \/>\n\t<meta property=\"og:image:height\" content=\"450\" \/>\n\t<meta property=\"og:image:type\" content=\"image\/jpeg\" \/>\n<meta name=\"author\" content=\"Aliados17\" \/>\n<meta name=\"twitter:card\" content=\"summary_large_image\" \/>\n<meta name=\"twitter:creator\" content=\"@AliadosPuebla\" \/>\n<meta name=\"twitter:label1\" content=\"Escrito por\" \/>\n\t<meta name=\"twitter:data1\" content=\"Aliados17\" \/>\n\t<meta name=\"twitter:label2\" content=\"Tiempo de lectura\" \/>\n\t<meta name=\"twitter:data2\" content=\"2 minutos\" \/>\n<script type=\"application\/ld+json\" class=\"yoast-schema-graph\">{\"@context\":\"https:\\\/\\\/schema.org\",\"@graph\":[{\"@type\":\"Article\",\"@id\":\"https:\\\/\\\/www.aliadospuebla.com\\\/?p=108082#article\",\"isPartOf\":{\"@id\":\"https:\\\/\\\/www.aliadospuebla.com\\\/?p=108082\"},\"author\":{\"name\":\"Aliados17\",\"@id\":\"https:\\\/\\\/www.aliadospuebla.com\\\/#\\\/schema\\\/person\\\/5da7dd09320bd4f392b710017ed5f8ad\"},\"headline\":\"Ante m\u00e1s de 50 mil personas Tonantzin Fern\u00e1ndez inaugura la 75\u00aa Feria de San Pedro Cholula\",\"datePublished\":\"2025-08-30T20:23:34+00:00\",\"mainEntityOfPage\":{\"@id\":\"https:\\\/\\\/www.aliadospuebla.com\\\/?p=108082\"},\"wordCount\":364,\"commentCount\":0,\"image\":{\"@id\":\"https:\\\/\\\/www.aliadospuebla.com\\\/?p=108082#primaryimage\"},\"thumbnailUrl\":\"https:\\\/\\\/www.aliadospuebla.com\\\/web2017\\\/wp-content\\\/uploads\\\/2025\\\/08\\\/1264.jpg\",\"keywords\":[\"ALEJANDRO ARMENTA\",\"Carla L\u00f3pez-Malo\",\"Corredor de Pueblos M\u00e1gicos\",\"Cultura\",\"FORO ART\u00cdSTICO\",\"PLAZA DE LA CONCORDIA\",\"SAN PEDRO CHOLULA\",\"TONANTZIN FERN\u00c1NDEZ\",\"turismo\"],\"articleSection\":[\"Municipios\"],\"inLanguage\":\"es\",\"potentialAction\":[{\"@type\":\"CommentAction\",\"name\":\"Comment\",\"target\":[\"https:\\\/\\\/www.aliadospuebla.com\\\/?p=108082#respond\"]}]},{\"@type\":\"WebPage\",\"@id\":\"https:\\\/\\\/www.aliadospuebla.com\\\/?p=108082\",\"url\":\"https:\\\/\\\/www.aliadospuebla.com\\\/?p=108082\",\"name\":\"Ante m\u00e1s de 50 mil personas Tonantzin Fern\u00e1ndez inaugura la 75\u00aa Feria de San Pedro Cholula - AliadosPuebla\",\"isPartOf\":{\"@id\":\"https:\\\/\\\/www.aliadospuebla.com\\\/#website\"},\"primaryImageOfPage\":{\"@id\":\"https:\\\/\\\/www.aliadospuebla.com\\\/?p=108082#primaryimage\"},\"image\":{\"@id\":\"https:\\\/\\\/www.aliadospuebla.com\\\/?p=108082#primaryimage\"},\"thumbnailUrl\":\"https:\\\/\\\/www.aliadospuebla.com\\\/web2017\\\/wp-content\\\/uploads\\\/2025\\\/08\\\/1264.jpg\",\"datePublished\":\"2025-08-30T20:23:34+00:00\",\"author\":{\"@id\":\"https:\\\/\\\/www.aliadospuebla.com\\\/#\\\/schema\\\/person\\\/5da7dd09320bd4f392b710017ed5f8ad\"},\"breadcrumb\":{\"@id\":\"https:\\\/\\\/www.aliadospuebla.com\\\/?p=108082#breadcrumb\"},\"inLanguage\":\"es\",\"potentialAction\":[{\"@type\":\"ReadAction\",\"target\":[\"https:\\\/\\\/www.aliadospuebla.com\\\/?p=108082\"]}]},{\"@type\":\"ImageObject\",\"inLanguage\":\"es\",\"@id\":\"https:\\\/\\\/www.aliadospuebla.com\\\/?p=108082#primaryimage\",\"url\":\"https:\\\/\\\/www.aliadospuebla.com\\\/web2017\\\/wp-content\\\/uploads\\\/2025\\\/08\\\/1264.jpg\",\"contentUrl\":\"https:\\\/\\\/www.aliadospuebla.com\\\/web2017\\\/wp-content\\\/uploads\\\/2025\\\/08\\\/1264.jpg\",\"width\":600,\"height\":450},{\"@type\":\"BreadcrumbList\",\"@id\":\"https:\\\/\\\/www.aliadospuebla.com\\\/?p=108082#breadcrumb\",\"itemListElement\":[{\"@type\":\"ListItem\",\"position\":1,\"name\":\"Portada\",\"item\":\"https:\\\/\\\/www.aliadospuebla.com\\\/\"},{\"@type\":\"ListItem\",\"position\":2,\"name\":\"Ante m\u00e1s de 50 mil personas Tonantzin Fern\u00e1ndez inaugura la 75\u00aa Feria de San Pedro Cholula\"}]},{\"@type\":\"WebSite\",\"@id\":\"https:\\\/\\\/www.aliadospuebla.com\\\/#website\",\"url\":\"https:\\\/\\\/www.aliadospuebla.com\\\/\",\"name\":\"AliadosPuebla\",\"description\":\"La informaci\u00f3n en tus manos\",\"potentialAction\":[{\"@type\":\"SearchAction\",\"target\":{\"@type\":\"EntryPoint\",\"urlTemplate\":\"https:\\\/\\\/www.aliadospuebla.com\\\/?s={search_term_string}\"},\"query-input\":{\"@type\":\"PropertyValueSpecification\",\"valueRequired\":true,\"valueName\":\"search_term_string\"}}],\"inLanguage\":\"es\"},{\"@type\":\"Person\",\"@id\":\"https:\\\/\\\/www.aliadospuebla.com\\\/#\\\/schema\\\/person\\\/5da7dd09320bd4f392b710017ed5f8ad\",\"name\":\"Aliados17\",\"image\":{\"@type\":\"ImageObject\",\"inLanguage\":\"es\",\"@id\":\"https:\\\/\\\/www.aliadospuebla.com\\\/web2017\\\/wp-content\\\/uploads\\\/2025\\\/03\\\/cropped-para-perfil-8-anos-1-96x96.jpg\",\"url\":\"https:\\\/\\\/www.aliadospuebla.com\\\/web2017\\\/wp-content\\\/uploads\\\/2025\\\/03\\\/cropped-para-perfil-8-anos-1-96x96.jpg\",\"contentUrl\":\"https:\\\/\\\/www.aliadospuebla.com\\\/web2017\\\/wp-content\\\/uploads\\\/2025\\\/03\\\/cropped-para-perfil-8-anos-1-96x96.jpg\",\"caption\":\"Aliados17\"},\"sameAs\":[\"https:\\\/\\\/www.aliados17.com\",\"https:\\\/\\\/www.facebook.com\\\/Aliados17Pue\",\"https:\\\/\\\/x.com\\\/AliadosPuebla\"],\"url\":\"https:\\\/\\\/www.aliadospuebla.com\\\/?author=2\"}]}<\/script>\n<!-- \/ Yoast SEO plugin. -->","yoast_head_json":{"title":"Ante m\u00e1s de 50 mil personas Tonantzin Fern\u00e1ndez inaugura la 75\u00aa Feria de San Pedro Cholula - AliadosPuebla","robots":{"index":"index","follow":"follow","max-snippet":"max-snippet:-1","max-image-preview":"max-image-preview:large","max-video-preview":"max-video-preview:-1"},"canonical":"https:\/\/www.aliadospuebla.com\/?p=108082","og_locale":"es_ES","og_type":"article","og_title":"Ante m\u00e1s de 50 mil personas Tonantzin Fern\u00e1ndez inaugura la 75\u00aa Feria de San Pedro Cholula - AliadosPuebla","og_description":"La presidenta municipal present\u00f3 el Corredor de Pueblos M\u00e1gicos y el Foro Art\u00edstico San Pedro Cholula, Pue. \u2013 El Gobierno Municipal de San Pedro Cholula, encabezado por la presidenta Tonantzin Fern\u00e1ndez, inaugur\u00f3 la edici\u00f3n n\u00famero 75 de la Feria de San Pedro Cholula, una celebraci\u00f3n que llega renovada y llena de sorpresas, consolid\u00e1ndose como una de las m\u00e1s importantes de Puebla. Durante el evento se cont\u00f3 con la presencia de la titular de la Secretar\u00eda de Desarrollo Tur\u00edstico del Gobierno del Estado, Carla L\u00f3pez-Malo, con quien se inaugur\u00f3 por primera vez el Corredor de Pueblos M\u00e1gicos, espacio que reuni\u00f3 a municipios como Cuetzalan, Zacatl\u00e1n, Atlixco, Huauchinango, Pahuatl\u00e1n y Teziutl\u00e1n, quienes compartieron lo mejor de su riqueza cultural y tur\u00edstica. En su intervenci\u00f3n, L\u00f3pez-Malo reconoci\u00f3 a&hellip;Leer m\u00e1s...","og_url":"https:\/\/www.aliadospuebla.com\/?p=108082","og_site_name":"AliadosPuebla","article_author":"https:\/\/www.facebook.com\/Aliados17Pue","article_published_time":"2025-08-30T20:23:34+00:00","og_image":[{"width":600,"height":450,"url":"https:\/\/www.aliadospuebla.com\/web2017\/wp-content\/uploads\/2025\/08\/1264.jpg","type":"image\/jpeg"}],"author":"Aliados17","twitter_card":"summary_large_image","twitter_creator":"@AliadosPuebla","twitter_misc":{"Escrito por":"Aliados17","Tiempo de lectura":"2 minutos"},"schema":{"@context":"https:\/\/schema.org","@graph":[{"@type":"Article","@id":"https:\/\/www.aliadospuebla.com\/?p=108082#article","isPartOf":{"@id":"https:\/\/www.aliadospuebla.com\/?p=108082"},"author":{"name":"Aliados17","@id":"https:\/\/www.aliadospuebla.com\/#\/schema\/person\/5da7dd09320bd4f392b710017ed5f8ad"},"headline":"Ante m\u00e1s de 50 mil personas Tonantzin Fern\u00e1ndez inaugura la 75\u00aa Feria de San Pedro Cholula","datePublished":"2025-08-30T20:23:34+00:00","mainEntityOfPage":{"@id":"https:\/\/www.aliadospuebla.com\/?p=108082"},"wordCount":364,"commentCount":0,"image":{"@id":"https:\/\/www.aliadospuebla.com\/?p=108082#primaryimage"},"thumbnailUrl":"https:\/\/www.aliadospuebla.com\/web2017\/wp-content\/uploads\/2025\/08\/1264.jpg","keywords":["ALEJANDRO ARMENTA","Carla L\u00f3pez-Malo","Corredor de Pueblos M\u00e1gicos","Cultura","FORO ART\u00cdSTICO","PLAZA DE LA CONCORDIA","SAN PEDRO CHOLULA","TONANTZIN FERN\u00c1NDEZ","turismo"],"articleSection":["Municipios"],"inLanguage":"es","potentialAction":[{"@type":"CommentAction","name":"Comment","target":["https:\/\/www.aliadospuebla.com\/?p=108082#respond"]}]},{"@type":"WebPage","@id":"https:\/\/www.aliadospuebla.com\/?p=108082","url":"https:\/\/www.aliadospuebla.com\/?p=108082","name":"Ante m\u00e1s de 50 mil personas Tonantzin Fern\u00e1ndez inaugura la 75\u00aa Feria de San Pedro Cholula - AliadosPuebla","isPartOf":{"@id":"https:\/\/www.aliadospuebla.com\/#website"},"primaryImageOfPage":{"@id":"https:\/\/www.aliadospuebla.com\/?p=108082#primaryimage"},"image":{"@id":"https:\/\/www.aliadospuebla.com\/?p=108082#primaryimage"},"thumbnailUrl":"https:\/\/www.aliadospuebla.com\/web2017\/wp-content\/uploads\/2025\/08\/1264.jpg","datePublished":"2025-08-30T20:23:34+00:00","author":{"@id":"https:\/\/www.aliadospuebla.com\/#\/schema\/person\/5da7dd09320bd4f392b710017ed5f8ad"},"breadcrumb":{"@id":"https:\/\/www.aliadospuebla.com\/?p=108082#breadcrumb"},"inLanguage":"es","potentialAction":[{"@type":"ReadAction","target":["https:\/\/www.aliadospuebla.com\/?p=108082"]}]},{"@type":"ImageObject","inLanguage":"es","@id":"https:\/\/www.aliadospuebla.com\/?p=108082#primaryimage","url":"https:\/\/www.aliadospuebla.com\/web2017\/wp-content\/uploads\/2025\/08\/1264.jpg","contentUrl":"https:\/\/www.aliadospuebla.com\/web2017\/wp-content\/uploads\/2025\/08\/1264.jpg","width":600,"height":450},{"@type":"BreadcrumbList","@id":"https:\/\/www.aliadospuebla.com\/?p=108082#breadcrumb","itemListElement":[{"@type":"ListItem","position":1,"name":"Portada","item":"https:\/\/www.aliadospuebla.com\/"},{"@type":"ListItem","position":2,"name":"Ante m\u00e1s de 50 mil personas Tonantzin Fern\u00e1ndez inaugura la 75\u00aa Feria de San Pedro Cholula"}]},{"@type":"WebSite","@id":"https:\/\/www.aliadospuebla.com\/#website","url":"https:\/\/www.aliadospuebla.com\/","name":"AliadosPuebla","description":"La informaci\u00f3n en tus manos","potentialAction":[{"@type":"SearchAction","target":{"@type":"EntryPoint","urlTemplate":"https:\/\/www.aliadospuebla.com\/?s={search_term_string}"},"query-input":{"@type":"PropertyValueSpecification","valueRequired":true,"valueName":"search_term_string"}}],"inLanguage":"es"},{"@type":"Person","@id":"https:\/\/www.aliadospuebla.com\/#\/schema\/person\/5da7dd09320bd4f392b710017ed5f8ad","name":"Aliados17","image":{"@type":"ImageObject","inLanguage":"es","@id":"https:\/\/www.aliadospuebla.com\/web2017\/wp-content\/uploads\/2025\/03\/cropped-para-perfil-8-anos-1-96x96.jpg","url":"https:\/\/www.aliadospuebla.com\/web2017\/wp-content\/uploads\/2025\/03\/cropped-para-perfil-8-anos-1-96x96.jpg","contentUrl":"https:\/\/www.aliadospuebla.com\/web2017\/wp-content\/uploads\/2025\/03\/cropped-para-perfil-8-anos-1-96x96.jpg","caption":"Aliados17"},"sameAs":["https:\/\/www.aliados17.com","https:\/\/www.facebook.com\/Aliados17Pue","https:\/\/x.com\/AliadosPuebla"],"url":"https:\/\/www.aliadospuebla.com\/?author=2"}]}},"views":20,"_links":{"self":[{"href":"https:\/\/www.aliadospuebla.com\/index.php?rest_route=\/wp\/v2\/posts\/108082","targetHints":{"allow":["GET"]}}],"collection":[{"href":"https:\/\/www.aliadospuebla.com\/index.php?rest_route=\/wp\/v2\/posts"}],"about":[{"href":"https:\/\/www.aliadospuebla.com\/index.php?rest_route=\/wp\/v2\/types\/post"}],"author":[{"embeddable":true,"href":"https:\/\/www.aliadospuebla.com\/index.php?rest_route=\/wp\/v2\/users\/2"}],"replies":[{"embeddable":true,"href":"https:\/\/www.aliadospuebla.com\/index.php?rest_route=%2Fwp%2Fv2%2Fcomments&post=108082"}],"version-history":[{"count":1,"href":"https:\/\/www.aliadospuebla.com\/index.php?rest_route=\/wp\/v2\/posts\/108082\/revisions"}],"predecessor-version":[{"id":108084,"href":"https:\/\/www.aliadospuebla.com\/index.php?rest_route=\/wp\/v2\/posts\/108082\/revisions\/108084"}],"wp:featuredmedia":[{"embeddable":true,"href":"https:\/\/www.aliadospuebla.com\/index.php?rest_route=\/wp\/v2\/media\/108083"}],"wp:attachment":[{"href":"https:\/\/www.aliadospuebla.com\/index.php?rest_route=%2Fwp%2Fv2%2Fmedia&parent=108082"}],"wp:term":[{"taxonomy":"category","embeddable":true,"href":"https:\/\/www.aliadospuebla.com\/index.php?rest_route=%2Fwp%2Fv2%2Fcategories&post=108082"},{"taxonomy":"post_tag","embeddable":true,"href":"https:\/\/www.aliadospuebla.com\/index.php?rest_route=%2Fwp%2Fv2%2Ftags&post=108082"}],"curies":[{"name":"wp","href":"https:\/\/api.w.org\/{rel}","templated":true}]}}