{"id":107971,"date":"2025-08-25T21:29:59","date_gmt":"2025-08-26T03:29:59","guid":{"rendered":"https:\/\/www.aliadospuebla.com\/?p=107971"},"modified":"2025-08-25T21:29:59","modified_gmt":"2025-08-26T03:29:59","slug":"presentan-en-el-congreso-la-edicion-75-de-la-feria-de-san-pedro-cholula","status":"publish","type":"post","link":"https:\/\/www.aliadospuebla.com\/?p=107971","title":{"rendered":"Presentan en el Congreso la edici\u00f3n 75 de la Feria de San Pedro Cholula"},"content":{"rendered":"<h4><em>Se realizar\u00e1 del 29 de agosto al 16 de septiembre<\/em><\/h4>\n<p>Con la finalidad de promover la identidad y tradiciones, en el Congreso del Estado se present\u00f3 la edici\u00f3n 75 de la Feria de San Pedro Cholula, que se realizar\u00e1 del 29 de agosto al 16 de septiembre, con la participaci\u00f3n de grupos musicales y el tradicional trueque, que en esta ocasi\u00f3n dudar\u00e1 dos d\u00edas.<\/p>\n<p>&nbsp;<\/p>\n<p>La diputada Ang\u00e9lica Patricia Alvarado Ju\u00e1rez, presidenta de la Comisi\u00f3n de Turismo en el Congreso, se\u00f1al\u00f3 que las y los poblanos deben sentirse orgullosos de sus ra\u00edces, as\u00ed como destacar su identidad en barrios, comunidades y juntas auxiliares.<\/p>\n<p>&nbsp;<\/p>\n<p>Por ello, celebr\u00f3 que en Cholula se realice por dos d\u00edas el trueque, considerado patrimonio cultural intangible de Puebla y una pr\u00e1ctica que se mantiene con el paso de los a\u00f1os, conserva su historia milenaria y es representativa de la regi\u00f3n.<\/p>\n<p>La presidenta municipal de San Pedro Cholula, Tonantzin Fern\u00e1ndez D\u00edaz, indic\u00f3 que la feria es un s\u00edmbolo de historia, cultura y tradici\u00f3n; tambi\u00e9n es un punto de encuentro para las familias, un espacio de expresi\u00f3n y una experiencia ancestral, que honra las ra\u00edces y costumbres, a trav\u00e9s del trueque que se realizar\u00e1 el 7 y 8 de septiembre.<\/p>\n<p>&nbsp;<\/p>\n<p>Finalmente, mencion\u00f3 que para esta edici\u00f3n se espera recibir a m\u00e1s de 100 mil visitantes y una derrama de 200 millones de pesos que contribuir\u00e1 al desarrollo local.<\/p>\n","protected":false},"excerpt":{"rendered":"<p>Se realizar\u00e1 del 29 de agosto al 16 de septiembre Con la finalidad de promover la identidad y tradiciones, en el Congreso del Estado se present\u00f3 la edici\u00f3n 75 de la Feria de San Pedro Cholula, que se realizar\u00e1 del 29 de agosto al 16 de septiembre, con la participaci\u00f3n de grupos musicales y el tradicional trueque, que en esta ocasi\u00f3n dudar\u00e1 dos d\u00edas. &nbsp; La diputada Ang\u00e9lica Patricia Alvarado Ju\u00e1rez, presidenta de la Comisi\u00f3n de Turismo en el Congreso, se\u00f1al\u00f3 que las y los poblanos deben sentirse orgullosos de sus ra\u00edces, as\u00ed como destacar su identidad en barrios, comunidades y juntas auxiliares. &nbsp; Por ello, celebr\u00f3 que en Cholula se realice por dos d\u00edas el trueque, considerado patrimonio cultural intangible de Puebla y una&hellip;<\/p>\n<p class=\"excerpt-more\"><a class=\"blog-excerpt button\" href=\"https:\/\/www.aliadospuebla.com\/?p=107971\">Leer m\u00e1s&#8230;<\/a><\/p>\n","protected":false},"author":2,"featured_media":107972,"comment_status":"open","ping_status":"open","sticky":false,"template":"","format":"standard","meta":{"_monsterinsights_skip_tracking":false,"footnotes":""},"categories":[6],"tags":[88,30674,3908,5274,30675,22351,387,11978],"class_list":["post-107971","post","type-post","status-publish","format-standard","has-post-thumbnail","hentry","category-politica","tag-congreso-del-estado","tag-edicion-75","tag-feria","tag-identidad","tag-patricia-alvarado-juarez","tag-patrimonio-cultural-intangible","tag-san-pedro-cholula","tag-tonantzin-fernandez-diaz"],"yoast_head":"<!-- This site is optimized with the Yoast SEO plugin v28.4 - https:\/\/yoast.com\/product\/yoast-seo-wordpress\/ -->\n<title>Presentan en el Congreso la edici\u00f3n 75 de la Feria de San Pedro Cholula - AliadosPuebla<\/title>\n<meta name=\"robots\" content=\"index, follow, max-snippet:-1, max-image-preview:large, max-video-preview:-1\" \/>\n<link rel=\"canonical\" href=\"https:\/\/www.aliadospuebla.com\/?p=107971\" \/>\n<meta property=\"og:locale\" content=\"es_ES\" \/>\n<meta property=\"og:type\" content=\"article\" \/>\n<meta property=\"og:title\" content=\"Presentan en el Congreso la edici\u00f3n 75 de la Feria de San Pedro Cholula - AliadosPuebla\" \/>\n<meta property=\"og:description\" content=\"Se realizar\u00e1 del 29 de agosto al 16 de septiembre Con la finalidad de promover la identidad y tradiciones, en el Congreso del Estado se present\u00f3 la edici\u00f3n 75 de la Feria de San Pedro Cholula, que se realizar\u00e1 del 29 de agosto al 16 de septiembre, con la participaci\u00f3n de grupos musicales y el tradicional trueque, que en esta ocasi\u00f3n dudar\u00e1 dos d\u00edas. &nbsp; La diputada Ang\u00e9lica Patricia Alvarado Ju\u00e1rez, presidenta de la Comisi\u00f3n de Turismo en el Congreso, se\u00f1al\u00f3 que las y los poblanos deben sentirse orgullosos de sus ra\u00edces, as\u00ed como destacar su identidad en barrios, comunidades y juntas auxiliares. &nbsp; Por ello, celebr\u00f3 que en Cholula se realice por dos d\u00edas el trueque, considerado patrimonio cultural intangible de Puebla y una&hellip;Leer m\u00e1s...\" \/>\n<meta property=\"og:url\" content=\"https:\/\/www.aliadospuebla.com\/?p=107971\" \/>\n<meta property=\"og:site_name\" content=\"AliadosPuebla\" \/>\n<meta property=\"article:author\" content=\"https:\/\/www.facebook.com\/Aliados17Pue\" \/>\n<meta property=\"article:published_time\" content=\"2025-08-26T03:29:59+00:00\" \/>\n<meta property=\"og:image\" content=\"https:\/\/www.aliadospuebla.com\/web2017\/wp-content\/uploads\/2025\/08\/1231.jpg\" \/>\n\t<meta property=\"og:image:width\" content=\"600\" \/>\n\t<meta property=\"og:image:height\" content=\"450\" \/>\n\t<meta property=\"og:image:type\" content=\"image\/jpeg\" \/>\n<meta name=\"author\" content=\"Aliados17\" \/>\n<meta name=\"twitter:card\" content=\"summary_large_image\" \/>\n<meta name=\"twitter:creator\" content=\"@AliadosPuebla\" \/>\n<meta name=\"twitter:label1\" content=\"Escrito por\" \/>\n\t<meta name=\"twitter:data1\" content=\"Aliados17\" \/>\n\t<meta name=\"twitter:label2\" content=\"Tiempo de lectura\" \/>\n\t<meta name=\"twitter:data2\" content=\"2 minutos\" \/>\n<script type=\"application\/ld+json\" class=\"yoast-schema-graph\">{\"@context\":\"https:\\\/\\\/schema.org\",\"@graph\":[{\"@type\":\"Article\",\"@id\":\"https:\\\/\\\/www.aliadospuebla.com\\\/?p=107971#article\",\"isPartOf\":{\"@id\":\"https:\\\/\\\/www.aliadospuebla.com\\\/?p=107971\"},\"author\":{\"name\":\"Aliados17\",\"@id\":\"https:\\\/\\\/www.aliadospuebla.com\\\/#\\\/schema\\\/person\\\/5da7dd09320bd4f392b710017ed5f8ad\"},\"headline\":\"Presentan en el Congreso la edici\u00f3n 75 de la Feria de San Pedro Cholula\",\"datePublished\":\"2025-08-26T03:29:59+00:00\",\"mainEntityOfPage\":{\"@id\":\"https:\\\/\\\/www.aliadospuebla.com\\\/?p=107971\"},\"wordCount\":260,\"commentCount\":0,\"image\":{\"@id\":\"https:\\\/\\\/www.aliadospuebla.com\\\/?p=107971#primaryimage\"},\"thumbnailUrl\":\"https:\\\/\\\/www.aliadospuebla.com\\\/web2017\\\/wp-content\\\/uploads\\\/2025\\\/08\\\/1231.jpg\",\"keywords\":[\"Congreso del Estado\",\"edici\u00f3n 75\",\"FERIA\",\"IDENTIDAD\",\"Patricia Alvarado Ju\u00e1rez\",\"Patrimonio Cultural Intangible\",\"SAN PEDRO CHOLULA\",\"Tonantzin Fern\u00e1ndez D\u00edaz\"],\"articleSection\":[\"Pol\u00edtica\"],\"inLanguage\":\"es\",\"potentialAction\":[{\"@type\":\"CommentAction\",\"name\":\"Comment\",\"target\":[\"https:\\\/\\\/www.aliadospuebla.com\\\/?p=107971#respond\"]}]},{\"@type\":\"WebPage\",\"@id\":\"https:\\\/\\\/www.aliadospuebla.com\\\/?p=107971\",\"url\":\"https:\\\/\\\/www.aliadospuebla.com\\\/?p=107971\",\"name\":\"Presentan en el Congreso la edici\u00f3n 75 de la Feria de San Pedro Cholula - AliadosPuebla\",\"isPartOf\":{\"@id\":\"https:\\\/\\\/www.aliadospuebla.com\\\/#website\"},\"primaryImageOfPage\":{\"@id\":\"https:\\\/\\\/www.aliadospuebla.com\\\/?p=107971#primaryimage\"},\"image\":{\"@id\":\"https:\\\/\\\/www.aliadospuebla.com\\\/?p=107971#primaryimage\"},\"thumbnailUrl\":\"https:\\\/\\\/www.aliadospuebla.com\\\/web2017\\\/wp-content\\\/uploads\\\/2025\\\/08\\\/1231.jpg\",\"datePublished\":\"2025-08-26T03:29:59+00:00\",\"author\":{\"@id\":\"https:\\\/\\\/www.aliadospuebla.com\\\/#\\\/schema\\\/person\\\/5da7dd09320bd4f392b710017ed5f8ad\"},\"breadcrumb\":{\"@id\":\"https:\\\/\\\/www.aliadospuebla.com\\\/?p=107971#breadcrumb\"},\"inLanguage\":\"es\",\"potentialAction\":[{\"@type\":\"ReadAction\",\"target\":[\"https:\\\/\\\/www.aliadospuebla.com\\\/?p=107971\"]}]},{\"@type\":\"ImageObject\",\"inLanguage\":\"es\",\"@id\":\"https:\\\/\\\/www.aliadospuebla.com\\\/?p=107971#primaryimage\",\"url\":\"https:\\\/\\\/www.aliadospuebla.com\\\/web2017\\\/wp-content\\\/uploads\\\/2025\\\/08\\\/1231.jpg\",\"contentUrl\":\"https:\\\/\\\/www.aliadospuebla.com\\\/web2017\\\/wp-content\\\/uploads\\\/2025\\\/08\\\/1231.jpg\",\"width\":600,\"height\":450},{\"@type\":\"BreadcrumbList\",\"@id\":\"https:\\\/\\\/www.aliadospuebla.com\\\/?p=107971#breadcrumb\",\"itemListElement\":[{\"@type\":\"ListItem\",\"position\":1,\"name\":\"Portada\",\"item\":\"https:\\\/\\\/www.aliadospuebla.com\\\/\"},{\"@type\":\"ListItem\",\"position\":2,\"name\":\"Presentan en el Congreso la edici\u00f3n 75 de la Feria de San Pedro Cholula\"}]},{\"@type\":\"WebSite\",\"@id\":\"https:\\\/\\\/www.aliadospuebla.com\\\/#website\",\"url\":\"https:\\\/\\\/www.aliadospuebla.com\\\/\",\"name\":\"AliadosPuebla\",\"description\":\"La informaci\u00f3n en tus manos\",\"potentialAction\":[{\"@type\":\"SearchAction\",\"target\":{\"@type\":\"EntryPoint\",\"urlTemplate\":\"https:\\\/\\\/www.aliadospuebla.com\\\/?s={search_term_string}\"},\"query-input\":{\"@type\":\"PropertyValueSpecification\",\"valueRequired\":true,\"valueName\":\"search_term_string\"}}],\"inLanguage\":\"es\"},{\"@type\":\"Person\",\"@id\":\"https:\\\/\\\/www.aliadospuebla.com\\\/#\\\/schema\\\/person\\\/5da7dd09320bd4f392b710017ed5f8ad\",\"name\":\"Aliados17\",\"image\":{\"@type\":\"ImageObject\",\"inLanguage\":\"es\",\"@id\":\"https:\\\/\\\/www.aliadospuebla.com\\\/web2017\\\/wp-content\\\/uploads\\\/2025\\\/03\\\/cropped-para-perfil-8-anos-1-96x96.jpg\",\"url\":\"https:\\\/\\\/www.aliadospuebla.com\\\/web2017\\\/wp-content\\\/uploads\\\/2025\\\/03\\\/cropped-para-perfil-8-anos-1-96x96.jpg\",\"contentUrl\":\"https:\\\/\\\/www.aliadospuebla.com\\\/web2017\\\/wp-content\\\/uploads\\\/2025\\\/03\\\/cropped-para-perfil-8-anos-1-96x96.jpg\",\"caption\":\"Aliados17\"},\"sameAs\":[\"https:\\\/\\\/www.aliados17.com\",\"https:\\\/\\\/www.facebook.com\\\/Aliados17Pue\",\"https:\\\/\\\/x.com\\\/AliadosPuebla\"],\"url\":\"https:\\\/\\\/www.aliadospuebla.com\\\/?author=2\"}]}<\/script>\n<!-- \/ Yoast SEO plugin. -->","yoast_head_json":{"title":"Presentan en el Congreso la edici\u00f3n 75 de la Feria de San Pedro Cholula - AliadosPuebla","robots":{"index":"index","follow":"follow","max-snippet":"max-snippet:-1","max-image-preview":"max-image-preview:large","max-video-preview":"max-video-preview:-1"},"canonical":"https:\/\/www.aliadospuebla.com\/?p=107971","og_locale":"es_ES","og_type":"article","og_title":"Presentan en el Congreso la edici\u00f3n 75 de la Feria de San Pedro Cholula - AliadosPuebla","og_description":"Se realizar\u00e1 del 29 de agosto al 16 de septiembre Con la finalidad de promover la identidad y tradiciones, en el Congreso del Estado se present\u00f3 la edici\u00f3n 75 de la Feria de San Pedro Cholula, que se realizar\u00e1 del 29 de agosto al 16 de septiembre, con la participaci\u00f3n de grupos musicales y el tradicional trueque, que en esta ocasi\u00f3n dudar\u00e1 dos d\u00edas. &nbsp; La diputada Ang\u00e9lica Patricia Alvarado Ju\u00e1rez, presidenta de la Comisi\u00f3n de Turismo en el Congreso, se\u00f1al\u00f3 que las y los poblanos deben sentirse orgullosos de sus ra\u00edces, as\u00ed como destacar su identidad en barrios, comunidades y juntas auxiliares. &nbsp; Por ello, celebr\u00f3 que en Cholula se realice por dos d\u00edas el trueque, considerado patrimonio cultural intangible de Puebla y una&hellip;Leer m\u00e1s...","og_url":"https:\/\/www.aliadospuebla.com\/?p=107971","og_site_name":"AliadosPuebla","article_author":"https:\/\/www.facebook.com\/Aliados17Pue","article_published_time":"2025-08-26T03:29:59+00:00","og_image":[{"width":600,"height":450,"url":"https:\/\/www.aliadospuebla.com\/web2017\/wp-content\/uploads\/2025\/08\/1231.jpg","type":"image\/jpeg"}],"author":"Aliados17","twitter_card":"summary_large_image","twitter_creator":"@AliadosPuebla","twitter_misc":{"Escrito por":"Aliados17","Tiempo de lectura":"2 minutos"},"schema":{"@context":"https:\/\/schema.org","@graph":[{"@type":"Article","@id":"https:\/\/www.aliadospuebla.com\/?p=107971#article","isPartOf":{"@id":"https:\/\/www.aliadospuebla.com\/?p=107971"},"author":{"name":"Aliados17","@id":"https:\/\/www.aliadospuebla.com\/#\/schema\/person\/5da7dd09320bd4f392b710017ed5f8ad"},"headline":"Presentan en el Congreso la edici\u00f3n 75 de la Feria de San Pedro Cholula","datePublished":"2025-08-26T03:29:59+00:00","mainEntityOfPage":{"@id":"https:\/\/www.aliadospuebla.com\/?p=107971"},"wordCount":260,"commentCount":0,"image":{"@id":"https:\/\/www.aliadospuebla.com\/?p=107971#primaryimage"},"thumbnailUrl":"https:\/\/www.aliadospuebla.com\/web2017\/wp-content\/uploads\/2025\/08\/1231.jpg","keywords":["Congreso del Estado","edici\u00f3n 75","FERIA","IDENTIDAD","Patricia Alvarado Ju\u00e1rez","Patrimonio Cultural Intangible","SAN PEDRO CHOLULA","Tonantzin Fern\u00e1ndez D\u00edaz"],"articleSection":["Pol\u00edtica"],"inLanguage":"es","potentialAction":[{"@type":"CommentAction","name":"Comment","target":["https:\/\/www.aliadospuebla.com\/?p=107971#respond"]}]},{"@type":"WebPage","@id":"https:\/\/www.aliadospuebla.com\/?p=107971","url":"https:\/\/www.aliadospuebla.com\/?p=107971","name":"Presentan en el Congreso la edici\u00f3n 75 de la Feria de San Pedro Cholula - AliadosPuebla","isPartOf":{"@id":"https:\/\/www.aliadospuebla.com\/#website"},"primaryImageOfPage":{"@id":"https:\/\/www.aliadospuebla.com\/?p=107971#primaryimage"},"image":{"@id":"https:\/\/www.aliadospuebla.com\/?p=107971#primaryimage"},"thumbnailUrl":"https:\/\/www.aliadospuebla.com\/web2017\/wp-content\/uploads\/2025\/08\/1231.jpg","datePublished":"2025-08-26T03:29:59+00:00","author":{"@id":"https:\/\/www.aliadospuebla.com\/#\/schema\/person\/5da7dd09320bd4f392b710017ed5f8ad"},"breadcrumb":{"@id":"https:\/\/www.aliadospuebla.com\/?p=107971#breadcrumb"},"inLanguage":"es","potentialAction":[{"@type":"ReadAction","target":["https:\/\/www.aliadospuebla.com\/?p=107971"]}]},{"@type":"ImageObject","inLanguage":"es","@id":"https:\/\/www.aliadospuebla.com\/?p=107971#primaryimage","url":"https:\/\/www.aliadospuebla.com\/web2017\/wp-content\/uploads\/2025\/08\/1231.jpg","contentUrl":"https:\/\/www.aliadospuebla.com\/web2017\/wp-content\/uploads\/2025\/08\/1231.jpg","width":600,"height":450},{"@type":"BreadcrumbList","@id":"https:\/\/www.aliadospuebla.com\/?p=107971#breadcrumb","itemListElement":[{"@type":"ListItem","position":1,"name":"Portada","item":"https:\/\/www.aliadospuebla.com\/"},{"@type":"ListItem","position":2,"name":"Presentan en el Congreso la edici\u00f3n 75 de la Feria de San Pedro Cholula"}]},{"@type":"WebSite","@id":"https:\/\/www.aliadospuebla.com\/#website","url":"https:\/\/www.aliadospuebla.com\/","name":"AliadosPuebla","description":"La informaci\u00f3n en tus manos","potentialAction":[{"@type":"SearchAction","target":{"@type":"EntryPoint","urlTemplate":"https:\/\/www.aliadospuebla.com\/?s={search_term_string}"},"query-input":{"@type":"PropertyValueSpecification","valueRequired":true,"valueName":"search_term_string"}}],"inLanguage":"es"},{"@type":"Person","@id":"https:\/\/www.aliadospuebla.com\/#\/schema\/person\/5da7dd09320bd4f392b710017ed5f8ad","name":"Aliados17","image":{"@type":"ImageObject","inLanguage":"es","@id":"https:\/\/www.aliadospuebla.com\/web2017\/wp-content\/uploads\/2025\/03\/cropped-para-perfil-8-anos-1-96x96.jpg","url":"https:\/\/www.aliadospuebla.com\/web2017\/wp-content\/uploads\/2025\/03\/cropped-para-perfil-8-anos-1-96x96.jpg","contentUrl":"https:\/\/www.aliadospuebla.com\/web2017\/wp-content\/uploads\/2025\/03\/cropped-para-perfil-8-anos-1-96x96.jpg","caption":"Aliados17"},"sameAs":["https:\/\/www.aliados17.com","https:\/\/www.facebook.com\/Aliados17Pue","https:\/\/x.com\/AliadosPuebla"],"url":"https:\/\/www.aliadospuebla.com\/?author=2"}]}},"views":24,"_links":{"self":[{"href":"https:\/\/www.aliadospuebla.com\/index.php?rest_route=\/wp\/v2\/posts\/107971","targetHints":{"allow":["GET"]}}],"collection":[{"href":"https:\/\/www.aliadospuebla.com\/index.php?rest_route=\/wp\/v2\/posts"}],"about":[{"href":"https:\/\/www.aliadospuebla.com\/index.php?rest_route=\/wp\/v2\/types\/post"}],"author":[{"embeddable":true,"href":"https:\/\/www.aliadospuebla.com\/index.php?rest_route=\/wp\/v2\/users\/2"}],"replies":[{"embeddable":true,"href":"https:\/\/www.aliadospuebla.com\/index.php?rest_route=%2Fwp%2Fv2%2Fcomments&post=107971"}],"version-history":[{"count":1,"href":"https:\/\/www.aliadospuebla.com\/index.php?rest_route=\/wp\/v2\/posts\/107971\/revisions"}],"predecessor-version":[{"id":107973,"href":"https:\/\/www.aliadospuebla.com\/index.php?rest_route=\/wp\/v2\/posts\/107971\/revisions\/107973"}],"wp:featuredmedia":[{"embeddable":true,"href":"https:\/\/www.aliadospuebla.com\/index.php?rest_route=\/wp\/v2\/media\/107972"}],"wp:attachment":[{"href":"https:\/\/www.aliadospuebla.com\/index.php?rest_route=%2Fwp%2Fv2%2Fmedia&parent=107971"}],"wp:term":[{"taxonomy":"category","embeddable":true,"href":"https:\/\/www.aliadospuebla.com\/index.php?rest_route=%2Fwp%2Fv2%2Fcategories&post=107971"},{"taxonomy":"post_tag","embeddable":true,"href":"https:\/\/www.aliadospuebla.com\/index.php?rest_route=%2Fwp%2Fv2%2Ftags&post=107971"}],"curies":[{"name":"wp","href":"https:\/\/api.w.org\/{rel}","templated":true}]}}