{"id":107746,"date":"2025-08-14T11:39:49","date_gmt":"2025-08-14T17:39:49","guid":{"rendered":"https:\/\/www.aliadospuebla.com\/?p=107746"},"modified":"2025-08-14T11:39:49","modified_gmt":"2025-08-14T17:39:49","slug":"reafirma-tonantzin-fernandez-la-no-concesion-de-la-feria-de-san-pedro-cholula","status":"publish","type":"post","link":"https:\/\/www.aliadospuebla.com\/?p=107746","title":{"rendered":"Reafirma Tonantzin Fern\u00e1ndez la \u201cno concesi\u00f3n\u201d de la Feria de San Pedro Cholula"},"content":{"rendered":"<h4>Ante la prensa local y sociedad cholulteca, la presidenta municipal present\u00f3 las actividades de la edici\u00f3n n\u00famero 75<\/h4>\n<p>San Pedro Cholula, Pue. \u2013 El Gobierno Municipal de San Pedro Cholula, encabezado por la presidenta Tonantzin Fern\u00e1ndez,<\/p>\n<p>refrenda su compromiso con la preservaci\u00f3n y difusi\u00f3n de las tradiciones del municipio.<\/p>\n<p>En rueda de prensa, present\u00f3 la Feria de Cholula en su edici\u00f3n n\u00famero 75, destacando<\/p>\n<p>que esta no ser\u00e1 concesionada, cumpliendo as\u00ed el compromiso asumido durante su campa\u00f1a<\/p>\n<p>y respondiendo a una demanda hist\u00f3rica de las y los cholultecas.<\/p>\n<p>\u201cPara esta administraci\u00f3n, es fundamental fortalecer la identidad de San Pedro Cholula<\/p>\n<p>a trav\u00e9s de una de sus celebraciones m\u00e1s emblem\u00e1ticas\u201d, expres\u00f3 la presidenta municipal.<\/p>\n<p>Entre las actividades destacadas, inform\u00f3 que el tradicional Trueque se realizar\u00e1 los d\u00edas 7 y 8 de septiembre,<\/p>\n<p>otorgando dos jornadas para esta pr\u00e1ctica ancestral y brindando la oportunidad de que m\u00e1s visitantes y turistas participen en ella.<\/p>\n<p>Asimismo, dio a conocer la cartelera art\u00edstica oficial:<\/p>\n<p>\u2022 29 de agosto: Matute<\/p>\n<p>30 de agosto: Alberto Pedraza<\/p>\n<p>\u2022 1 de septiembre: Palomo<\/p>\n<p>2 de septiembre: Yaguar\u00fa<\/p>\n<p>\u2022 3 de septiembre: El Poder del Norte<\/p>\n<p>4 de septiembre: Banda Misteriosa<\/p>\n<p>\u2022 5 de septiembre: Ali T\u00e9llez y Los Telechikos<\/p>\n<p>6 de septiembre: Sonora Santanera y Mar\u00eda Fernanda<\/p>\n<p>\u2022 9 de septiembre: Guerra de Chistes<\/p>\n<p>10 de septiembre: Fiesta La Magn\u00edfica (V\u00edctor Garc\u00eda, Los Giles, La Apuesta y Blanco y Negro)<\/p>\n<p>\u2022 11 de septiembre: Grupo Ensamble<\/p>\n<p>12 de septiembre: Los Askis<\/p>\n<p>\u2022 13 de septiembre: El Bogueto<\/p>\n<p>14 de septiembre: Sonido Famoso<\/p>\n<p>\u2022 15 de septiembre: Los Acosta<\/p>\n<p>Finalmente, anunci\u00f3 que se contar\u00e1 con la participaci\u00f3n de otros Pueblos M\u00e1gicos y Pueblos Originarios, quienes enriquecer\u00e1n la feria con sus expresiones culturales y tradiciones, consolidando dos semanas de actividades que posicionar\u00e1n a San Pedro Cholula como un referente tur\u00edstico y cultural.<\/p>\n","protected":false},"excerpt":{"rendered":"<p>Ante la prensa local y sociedad cholulteca, la presidenta municipal present\u00f3 las actividades de la edici\u00f3n n\u00famero 75 San Pedro Cholula, Pue. \u2013 El Gobierno Municipal de San Pedro Cholula, encabezado por la presidenta Tonantzin Fern\u00e1ndez, refrenda su compromiso con la preservaci\u00f3n y difusi\u00f3n de las tradiciones del municipio. En rueda de prensa, present\u00f3 la Feria de Cholula en su edici\u00f3n n\u00famero 75, destacando que esta no ser\u00e1 concesionada, cumpliendo as\u00ed el compromiso asumido durante su campa\u00f1a y respondiendo a una demanda hist\u00f3rica de las y los cholultecas. \u201cPara esta administraci\u00f3n, es fundamental fortalecer la identidad de San Pedro Cholula a trav\u00e9s de una de sus celebraciones m\u00e1s emblem\u00e1ticas\u201d, expres\u00f3 la presidenta municipal. Entre las actividades destacadas, inform\u00f3 que el tradicional Trueque se realizar\u00e1 los&hellip;<\/p>\n<p class=\"excerpt-more\"><a class=\"blog-excerpt button\" href=\"https:\/\/www.aliadospuebla.com\/?p=107746\">Leer m\u00e1s&#8230;<\/a><\/p>\n","protected":false},"author":2,"featured_media":107747,"comment_status":"open","ping_status":"open","sticky":false,"template":"","format":"standard","meta":{"_monsterinsights_skip_tracking":false,"footnotes":""},"categories":[4],"tags":[22372,22331,5274,387,7394,30543],"class_list":["post-107746","post","type-post","status-publish","format-standard","has-post-thumbnail","hentry","category-municipios","tag-cartelera-artistica","tag-feria-de-cholula","tag-identidad","tag-san-pedro-cholula","tag-tonantzin-fernandez","tag-tradicional-trueque"],"yoast_head":"<!-- This site is optimized with the Yoast SEO plugin v28.4 - https:\/\/yoast.com\/product\/yoast-seo-wordpress\/ -->\n<title>Reafirma Tonantzin Fern\u00e1ndez la \u201cno concesi\u00f3n\u201d de la Feria de San Pedro Cholula - AliadosPuebla<\/title>\n<meta name=\"robots\" content=\"index, follow, max-snippet:-1, max-image-preview:large, max-video-preview:-1\" \/>\n<link rel=\"canonical\" href=\"https:\/\/www.aliadospuebla.com\/?p=107746\" \/>\n<meta property=\"og:locale\" content=\"es_ES\" \/>\n<meta property=\"og:type\" content=\"article\" \/>\n<meta property=\"og:title\" content=\"Reafirma Tonantzin Fern\u00e1ndez la \u201cno concesi\u00f3n\u201d de la Feria de San Pedro Cholula - AliadosPuebla\" \/>\n<meta property=\"og:description\" content=\"Ante la prensa local y sociedad cholulteca, la presidenta municipal present\u00f3 las actividades de la edici\u00f3n n\u00famero 75 San Pedro Cholula, Pue. \u2013 El Gobierno Municipal de San Pedro Cholula, encabezado por la presidenta Tonantzin Fern\u00e1ndez, refrenda su compromiso con la preservaci\u00f3n y difusi\u00f3n de las tradiciones del municipio. En rueda de prensa, present\u00f3 la Feria de Cholula en su edici\u00f3n n\u00famero 75, destacando que esta no ser\u00e1 concesionada, cumpliendo as\u00ed el compromiso asumido durante su campa\u00f1a y respondiendo a una demanda hist\u00f3rica de las y los cholultecas. \u201cPara esta administraci\u00f3n, es fundamental fortalecer la identidad de San Pedro Cholula a trav\u00e9s de una de sus celebraciones m\u00e1s emblem\u00e1ticas\u201d, expres\u00f3 la presidenta municipal. Entre las actividades destacadas, inform\u00f3 que el tradicional Trueque se realizar\u00e1 los&hellip;Leer m\u00e1s...\" \/>\n<meta property=\"og:url\" content=\"https:\/\/www.aliadospuebla.com\/?p=107746\" \/>\n<meta property=\"og:site_name\" content=\"AliadosPuebla\" \/>\n<meta property=\"article:author\" content=\"https:\/\/www.facebook.com\/Aliados17Pue\" \/>\n<meta property=\"article:published_time\" content=\"2025-08-14T17:39:49+00:00\" \/>\n<meta property=\"og:image\" content=\"https:\/\/www.aliadospuebla.com\/web2017\/wp-content\/uploads\/2025\/08\/1160.jpg\" \/>\n\t<meta property=\"og:image:width\" content=\"600\" \/>\n\t<meta property=\"og:image:height\" content=\"450\" \/>\n\t<meta property=\"og:image:type\" content=\"image\/jpeg\" \/>\n<meta name=\"author\" content=\"Aliados17\" \/>\n<meta name=\"twitter:card\" content=\"summary_large_image\" \/>\n<meta name=\"twitter:creator\" content=\"@AliadosPuebla\" \/>\n<meta name=\"twitter:label1\" content=\"Escrito por\" \/>\n\t<meta name=\"twitter:data1\" content=\"Aliados17\" \/>\n\t<meta name=\"twitter:label2\" content=\"Tiempo de lectura\" \/>\n\t<meta name=\"twitter:data2\" content=\"2 minutos\" \/>\n<script type=\"application\/ld+json\" class=\"yoast-schema-graph\">{\"@context\":\"https:\\\/\\\/schema.org\",\"@graph\":[{\"@type\":\"Article\",\"@id\":\"https:\\\/\\\/www.aliadospuebla.com\\\/?p=107746#article\",\"isPartOf\":{\"@id\":\"https:\\\/\\\/www.aliadospuebla.com\\\/?p=107746\"},\"author\":{\"name\":\"Aliados17\",\"@id\":\"https:\\\/\\\/www.aliadospuebla.com\\\/#\\\/schema\\\/person\\\/5da7dd09320bd4f392b710017ed5f8ad\"},\"headline\":\"Reafirma Tonantzin Fern\u00e1ndez la \u201cno concesi\u00f3n\u201d de la Feria de San Pedro Cholula\",\"datePublished\":\"2025-08-14T17:39:49+00:00\",\"mainEntityOfPage\":{\"@id\":\"https:\\\/\\\/www.aliadospuebla.com\\\/?p=107746\"},\"wordCount\":315,\"commentCount\":0,\"image\":{\"@id\":\"https:\\\/\\\/www.aliadospuebla.com\\\/?p=107746#primaryimage\"},\"thumbnailUrl\":\"https:\\\/\\\/www.aliadospuebla.com\\\/web2017\\\/wp-content\\\/uploads\\\/2025\\\/08\\\/1160.jpg\",\"keywords\":[\"cartelera art\u00edstica\",\"feria de Cholula\",\"IDENTIDAD\",\"SAN PEDRO CHOLULA\",\"TONANTZIN FERN\u00c1NDEZ\",\"tradicional Trueque\"],\"articleSection\":[\"Municipios\"],\"inLanguage\":\"es\",\"potentialAction\":[{\"@type\":\"CommentAction\",\"name\":\"Comment\",\"target\":[\"https:\\\/\\\/www.aliadospuebla.com\\\/?p=107746#respond\"]}]},{\"@type\":\"WebPage\",\"@id\":\"https:\\\/\\\/www.aliadospuebla.com\\\/?p=107746\",\"url\":\"https:\\\/\\\/www.aliadospuebla.com\\\/?p=107746\",\"name\":\"Reafirma Tonantzin Fern\u00e1ndez la \u201cno concesi\u00f3n\u201d de la Feria de San Pedro Cholula - AliadosPuebla\",\"isPartOf\":{\"@id\":\"https:\\\/\\\/www.aliadospuebla.com\\\/#website\"},\"primaryImageOfPage\":{\"@id\":\"https:\\\/\\\/www.aliadospuebla.com\\\/?p=107746#primaryimage\"},\"image\":{\"@id\":\"https:\\\/\\\/www.aliadospuebla.com\\\/?p=107746#primaryimage\"},\"thumbnailUrl\":\"https:\\\/\\\/www.aliadospuebla.com\\\/web2017\\\/wp-content\\\/uploads\\\/2025\\\/08\\\/1160.jpg\",\"datePublished\":\"2025-08-14T17:39:49+00:00\",\"author\":{\"@id\":\"https:\\\/\\\/www.aliadospuebla.com\\\/#\\\/schema\\\/person\\\/5da7dd09320bd4f392b710017ed5f8ad\"},\"breadcrumb\":{\"@id\":\"https:\\\/\\\/www.aliadospuebla.com\\\/?p=107746#breadcrumb\"},\"inLanguage\":\"es\",\"potentialAction\":[{\"@type\":\"ReadAction\",\"target\":[\"https:\\\/\\\/www.aliadospuebla.com\\\/?p=107746\"]}]},{\"@type\":\"ImageObject\",\"inLanguage\":\"es\",\"@id\":\"https:\\\/\\\/www.aliadospuebla.com\\\/?p=107746#primaryimage\",\"url\":\"https:\\\/\\\/www.aliadospuebla.com\\\/web2017\\\/wp-content\\\/uploads\\\/2025\\\/08\\\/1160.jpg\",\"contentUrl\":\"https:\\\/\\\/www.aliadospuebla.com\\\/web2017\\\/wp-content\\\/uploads\\\/2025\\\/08\\\/1160.jpg\",\"width\":600,\"height\":450},{\"@type\":\"BreadcrumbList\",\"@id\":\"https:\\\/\\\/www.aliadospuebla.com\\\/?p=107746#breadcrumb\",\"itemListElement\":[{\"@type\":\"ListItem\",\"position\":1,\"name\":\"Portada\",\"item\":\"https:\\\/\\\/www.aliadospuebla.com\\\/\"},{\"@type\":\"ListItem\",\"position\":2,\"name\":\"Reafirma Tonantzin Fern\u00e1ndez la \u201cno concesi\u00f3n\u201d de la Feria de San Pedro Cholula\"}]},{\"@type\":\"WebSite\",\"@id\":\"https:\\\/\\\/www.aliadospuebla.com\\\/#website\",\"url\":\"https:\\\/\\\/www.aliadospuebla.com\\\/\",\"name\":\"AliadosPuebla\",\"description\":\"La informaci\u00f3n en tus manos\",\"potentialAction\":[{\"@type\":\"SearchAction\",\"target\":{\"@type\":\"EntryPoint\",\"urlTemplate\":\"https:\\\/\\\/www.aliadospuebla.com\\\/?s={search_term_string}\"},\"query-input\":{\"@type\":\"PropertyValueSpecification\",\"valueRequired\":true,\"valueName\":\"search_term_string\"}}],\"inLanguage\":\"es\"},{\"@type\":\"Person\",\"@id\":\"https:\\\/\\\/www.aliadospuebla.com\\\/#\\\/schema\\\/person\\\/5da7dd09320bd4f392b710017ed5f8ad\",\"name\":\"Aliados17\",\"image\":{\"@type\":\"ImageObject\",\"inLanguage\":\"es\",\"@id\":\"https:\\\/\\\/www.aliadospuebla.com\\\/web2017\\\/wp-content\\\/uploads\\\/2025\\\/03\\\/cropped-para-perfil-8-anos-1-96x96.jpg\",\"url\":\"https:\\\/\\\/www.aliadospuebla.com\\\/web2017\\\/wp-content\\\/uploads\\\/2025\\\/03\\\/cropped-para-perfil-8-anos-1-96x96.jpg\",\"contentUrl\":\"https:\\\/\\\/www.aliadospuebla.com\\\/web2017\\\/wp-content\\\/uploads\\\/2025\\\/03\\\/cropped-para-perfil-8-anos-1-96x96.jpg\",\"caption\":\"Aliados17\"},\"sameAs\":[\"https:\\\/\\\/www.aliados17.com\",\"https:\\\/\\\/www.facebook.com\\\/Aliados17Pue\",\"https:\\\/\\\/x.com\\\/AliadosPuebla\"],\"url\":\"https:\\\/\\\/www.aliadospuebla.com\\\/?author=2\"}]}<\/script>\n<!-- \/ Yoast SEO plugin. -->","yoast_head_json":{"title":"Reafirma Tonantzin Fern\u00e1ndez la \u201cno concesi\u00f3n\u201d de la Feria de San Pedro Cholula - AliadosPuebla","robots":{"index":"index","follow":"follow","max-snippet":"max-snippet:-1","max-image-preview":"max-image-preview:large","max-video-preview":"max-video-preview:-1"},"canonical":"https:\/\/www.aliadospuebla.com\/?p=107746","og_locale":"es_ES","og_type":"article","og_title":"Reafirma Tonantzin Fern\u00e1ndez la \u201cno concesi\u00f3n\u201d de la Feria de San Pedro Cholula - AliadosPuebla","og_description":"Ante la prensa local y sociedad cholulteca, la presidenta municipal present\u00f3 las actividades de la edici\u00f3n n\u00famero 75 San Pedro Cholula, Pue. \u2013 El Gobierno Municipal de San Pedro Cholula, encabezado por la presidenta Tonantzin Fern\u00e1ndez, refrenda su compromiso con la preservaci\u00f3n y difusi\u00f3n de las tradiciones del municipio. En rueda de prensa, present\u00f3 la Feria de Cholula en su edici\u00f3n n\u00famero 75, destacando que esta no ser\u00e1 concesionada, cumpliendo as\u00ed el compromiso asumido durante su campa\u00f1a y respondiendo a una demanda hist\u00f3rica de las y los cholultecas. \u201cPara esta administraci\u00f3n, es fundamental fortalecer la identidad de San Pedro Cholula a trav\u00e9s de una de sus celebraciones m\u00e1s emblem\u00e1ticas\u201d, expres\u00f3 la presidenta municipal. Entre las actividades destacadas, inform\u00f3 que el tradicional Trueque se realizar\u00e1 los&hellip;Leer m\u00e1s...","og_url":"https:\/\/www.aliadospuebla.com\/?p=107746","og_site_name":"AliadosPuebla","article_author":"https:\/\/www.facebook.com\/Aliados17Pue","article_published_time":"2025-08-14T17:39:49+00:00","og_image":[{"width":600,"height":450,"url":"https:\/\/www.aliadospuebla.com\/web2017\/wp-content\/uploads\/2025\/08\/1160.jpg","type":"image\/jpeg"}],"author":"Aliados17","twitter_card":"summary_large_image","twitter_creator":"@AliadosPuebla","twitter_misc":{"Escrito por":"Aliados17","Tiempo de lectura":"2 minutos"},"schema":{"@context":"https:\/\/schema.org","@graph":[{"@type":"Article","@id":"https:\/\/www.aliadospuebla.com\/?p=107746#article","isPartOf":{"@id":"https:\/\/www.aliadospuebla.com\/?p=107746"},"author":{"name":"Aliados17","@id":"https:\/\/www.aliadospuebla.com\/#\/schema\/person\/5da7dd09320bd4f392b710017ed5f8ad"},"headline":"Reafirma Tonantzin Fern\u00e1ndez la \u201cno concesi\u00f3n\u201d de la Feria de San Pedro Cholula","datePublished":"2025-08-14T17:39:49+00:00","mainEntityOfPage":{"@id":"https:\/\/www.aliadospuebla.com\/?p=107746"},"wordCount":315,"commentCount":0,"image":{"@id":"https:\/\/www.aliadospuebla.com\/?p=107746#primaryimage"},"thumbnailUrl":"https:\/\/www.aliadospuebla.com\/web2017\/wp-content\/uploads\/2025\/08\/1160.jpg","keywords":["cartelera art\u00edstica","feria de Cholula","IDENTIDAD","SAN PEDRO CHOLULA","TONANTZIN FERN\u00c1NDEZ","tradicional Trueque"],"articleSection":["Municipios"],"inLanguage":"es","potentialAction":[{"@type":"CommentAction","name":"Comment","target":["https:\/\/www.aliadospuebla.com\/?p=107746#respond"]}]},{"@type":"WebPage","@id":"https:\/\/www.aliadospuebla.com\/?p=107746","url":"https:\/\/www.aliadospuebla.com\/?p=107746","name":"Reafirma Tonantzin Fern\u00e1ndez la \u201cno concesi\u00f3n\u201d de la Feria de San Pedro Cholula - AliadosPuebla","isPartOf":{"@id":"https:\/\/www.aliadospuebla.com\/#website"},"primaryImageOfPage":{"@id":"https:\/\/www.aliadospuebla.com\/?p=107746#primaryimage"},"image":{"@id":"https:\/\/www.aliadospuebla.com\/?p=107746#primaryimage"},"thumbnailUrl":"https:\/\/www.aliadospuebla.com\/web2017\/wp-content\/uploads\/2025\/08\/1160.jpg","datePublished":"2025-08-14T17:39:49+00:00","author":{"@id":"https:\/\/www.aliadospuebla.com\/#\/schema\/person\/5da7dd09320bd4f392b710017ed5f8ad"},"breadcrumb":{"@id":"https:\/\/www.aliadospuebla.com\/?p=107746#breadcrumb"},"inLanguage":"es","potentialAction":[{"@type":"ReadAction","target":["https:\/\/www.aliadospuebla.com\/?p=107746"]}]},{"@type":"ImageObject","inLanguage":"es","@id":"https:\/\/www.aliadospuebla.com\/?p=107746#primaryimage","url":"https:\/\/www.aliadospuebla.com\/web2017\/wp-content\/uploads\/2025\/08\/1160.jpg","contentUrl":"https:\/\/www.aliadospuebla.com\/web2017\/wp-content\/uploads\/2025\/08\/1160.jpg","width":600,"height":450},{"@type":"BreadcrumbList","@id":"https:\/\/www.aliadospuebla.com\/?p=107746#breadcrumb","itemListElement":[{"@type":"ListItem","position":1,"name":"Portada","item":"https:\/\/www.aliadospuebla.com\/"},{"@type":"ListItem","position":2,"name":"Reafirma Tonantzin Fern\u00e1ndez la \u201cno concesi\u00f3n\u201d de la Feria de San Pedro Cholula"}]},{"@type":"WebSite","@id":"https:\/\/www.aliadospuebla.com\/#website","url":"https:\/\/www.aliadospuebla.com\/","name":"AliadosPuebla","description":"La informaci\u00f3n en tus manos","potentialAction":[{"@type":"SearchAction","target":{"@type":"EntryPoint","urlTemplate":"https:\/\/www.aliadospuebla.com\/?s={search_term_string}"},"query-input":{"@type":"PropertyValueSpecification","valueRequired":true,"valueName":"search_term_string"}}],"inLanguage":"es"},{"@type":"Person","@id":"https:\/\/www.aliadospuebla.com\/#\/schema\/person\/5da7dd09320bd4f392b710017ed5f8ad","name":"Aliados17","image":{"@type":"ImageObject","inLanguage":"es","@id":"https:\/\/www.aliadospuebla.com\/web2017\/wp-content\/uploads\/2025\/03\/cropped-para-perfil-8-anos-1-96x96.jpg","url":"https:\/\/www.aliadospuebla.com\/web2017\/wp-content\/uploads\/2025\/03\/cropped-para-perfil-8-anos-1-96x96.jpg","contentUrl":"https:\/\/www.aliadospuebla.com\/web2017\/wp-content\/uploads\/2025\/03\/cropped-para-perfil-8-anos-1-96x96.jpg","caption":"Aliados17"},"sameAs":["https:\/\/www.aliados17.com","https:\/\/www.facebook.com\/Aliados17Pue","https:\/\/x.com\/AliadosPuebla"],"url":"https:\/\/www.aliadospuebla.com\/?author=2"}]}},"views":21,"_links":{"self":[{"href":"https:\/\/www.aliadospuebla.com\/index.php?rest_route=\/wp\/v2\/posts\/107746","targetHints":{"allow":["GET"]}}],"collection":[{"href":"https:\/\/www.aliadospuebla.com\/index.php?rest_route=\/wp\/v2\/posts"}],"about":[{"href":"https:\/\/www.aliadospuebla.com\/index.php?rest_route=\/wp\/v2\/types\/post"}],"author":[{"embeddable":true,"href":"https:\/\/www.aliadospuebla.com\/index.php?rest_route=\/wp\/v2\/users\/2"}],"replies":[{"embeddable":true,"href":"https:\/\/www.aliadospuebla.com\/index.php?rest_route=%2Fwp%2Fv2%2Fcomments&post=107746"}],"version-history":[{"count":1,"href":"https:\/\/www.aliadospuebla.com\/index.php?rest_route=\/wp\/v2\/posts\/107746\/revisions"}],"predecessor-version":[{"id":107748,"href":"https:\/\/www.aliadospuebla.com\/index.php?rest_route=\/wp\/v2\/posts\/107746\/revisions\/107748"}],"wp:featuredmedia":[{"embeddable":true,"href":"https:\/\/www.aliadospuebla.com\/index.php?rest_route=\/wp\/v2\/media\/107747"}],"wp:attachment":[{"href":"https:\/\/www.aliadospuebla.com\/index.php?rest_route=%2Fwp%2Fv2%2Fmedia&parent=107746"}],"wp:term":[{"taxonomy":"category","embeddable":true,"href":"https:\/\/www.aliadospuebla.com\/index.php?rest_route=%2Fwp%2Fv2%2Fcategories&post=107746"},{"taxonomy":"post_tag","embeddable":true,"href":"https:\/\/www.aliadospuebla.com\/index.php?rest_route=%2Fwp%2Fv2%2Ftags&post=107746"}],"curies":[{"name":"wp","href":"https:\/\/api.w.org\/{rel}","templated":true}]}}