{"id":107741,"date":"2025-08-14T09:35:09","date_gmt":"2025-08-14T15:35:09","guid":{"rendered":"https:\/\/www.aliadospuebla.com\/?p=107741"},"modified":"2025-08-14T09:35:09","modified_gmt":"2025-08-14T15:35:09","slug":"el-pri-se-mantendra-firme-para-defender-a-la-ciudadania-de-mexico","status":"publish","type":"post","link":"https:\/\/www.aliadospuebla.com\/?p=107741","title":{"rendered":"EL PRI SE MANTENDR\u00c1 FIRME PARA DEFENDER A LA CIUDADAN\u00cdA DE M\u00c9XICO"},"content":{"rendered":"<h4>El presidente del partido destac\u00f3 que los posibles pactos pol\u00edticos de Morena con el crimen organizado han sido denunciados.<\/h4>\n<p>El presidente del Comit\u00e9 Directivo Estatal (CDE) del PRI, senador N\u00e9stor Camarillo Medina,<\/p>\n<p>inform\u00f3 que el partido ha denunciado los presuntos pactos de actores pol\u00edticos de Morena con el crimen organizado,<\/p>\n<p>y en respuesta, se ha emprendido una persecuci\u00f3n pol\u00edtica en contra del dirigente nacional,<\/p>\n<p>senador Alejandro Moreno C\u00e1rdenas.<br \/>\nEn rueda de prensa, manifest\u00f3 que Hern\u00e1n Berm\u00fadez Requena, exsecretario de seguridad de Tabasco,<\/p>\n<p>es el \u201cGenaro Garc\u00eda Luna\u201d de la 4T, un personaje que acumul\u00f3 casinos, empresas proveedoras del gobierno y compraventa de terrenos.<br \/>\n\u201cLos verdaderos vendepatrias son aquellos que defienden a un personaje se\u00f1alado por sus v\u00ednculos criminales, a quienes no les import\u00f3 derramar sangre de los mismos que llaman pueblo, a cambio de dinero proveniente del huachicol, extorsi\u00f3n y crimen organizado\u201d, se\u00f1al\u00f3.<br \/>\nEl senador N\u00e9stor Camarillo Medina asegur\u00f3 que el PRI se mantendr\u00e1 como oposici\u00f3n responsable e hizo un llamado a la unidad para frenar la grave situaci\u00f3n de inseguridad que vive M\u00e9xico, misma que es responsabilidad total de Morena.<\/p>\n","protected":false},"excerpt":{"rendered":"<p>El presidente del partido destac\u00f3 que los posibles pactos pol\u00edticos de Morena con el crimen organizado han sido denunciados. El presidente del Comit\u00e9 Directivo Estatal (CDE) del PRI, senador N\u00e9stor Camarillo Medina, inform\u00f3 que el partido ha denunciado los presuntos pactos de actores pol\u00edticos de Morena con el crimen organizado, y en respuesta, se ha emprendido una persecuci\u00f3n pol\u00edtica en contra del dirigente nacional, senador Alejandro Moreno C\u00e1rdenas. En rueda de prensa, manifest\u00f3 que Hern\u00e1n Berm\u00fadez Requena, exsecretario de seguridad de Tabasco, es el \u201cGenaro Garc\u00eda Luna\u201d de la 4T, un personaje que acumul\u00f3 casinos, empresas proveedoras del gobierno y compraventa de terrenos. \u201cLos verdaderos vendepatrias son aquellos que defienden a un personaje se\u00f1alado por sus v\u00ednculos criminales, a quienes no les import\u00f3 derramar sangre&hellip;<\/p>\n<p class=\"excerpt-more\"><a class=\"blog-excerpt button\" href=\"https:\/\/www.aliadospuebla.com\/?p=107741\">Leer m\u00e1s&#8230;<\/a><\/p>\n","protected":false},"author":2,"featured_media":107742,"comment_status":"open","ping_status":"open","sticky":false,"template":"","format":"standard","meta":{"_monsterinsights_skip_tracking":false,"footnotes":""},"categories":[6],"tags":[10790,30542,666,12869,30541],"class_list":["post-107741","post","type-post","status-publish","format-standard","has-post-thumbnail","hentry","category-politica","tag-alejandro-moreno-cardenas","tag-hernan-bermudez-requena","tag-morena","tag-nestor-camarillo-medina","tag-pactos-politicos"],"yoast_head":"<!-- This site is optimized with the Yoast SEO plugin v28.4 - https:\/\/yoast.com\/product\/yoast-seo-wordpress\/ -->\n<title>EL PRI SE MANTENDR\u00c1 FIRME PARA DEFENDER A LA CIUDADAN\u00cdA DE M\u00c9XICO - AliadosPuebla<\/title>\n<meta name=\"robots\" content=\"index, follow, max-snippet:-1, max-image-preview:large, max-video-preview:-1\" \/>\n<link rel=\"canonical\" href=\"https:\/\/www.aliadospuebla.com\/?p=107741\" \/>\n<meta property=\"og:locale\" content=\"es_ES\" \/>\n<meta property=\"og:type\" content=\"article\" \/>\n<meta property=\"og:title\" content=\"EL PRI SE MANTENDR\u00c1 FIRME PARA DEFENDER A LA CIUDADAN\u00cdA DE M\u00c9XICO - AliadosPuebla\" \/>\n<meta property=\"og:description\" content=\"El presidente del partido destac\u00f3 que los posibles pactos pol\u00edticos de Morena con el crimen organizado han sido denunciados. El presidente del Comit\u00e9 Directivo Estatal (CDE) del PRI, senador N\u00e9stor Camarillo Medina, inform\u00f3 que el partido ha denunciado los presuntos pactos de actores pol\u00edticos de Morena con el crimen organizado, y en respuesta, se ha emprendido una persecuci\u00f3n pol\u00edtica en contra del dirigente nacional, senador Alejandro Moreno C\u00e1rdenas. En rueda de prensa, manifest\u00f3 que Hern\u00e1n Berm\u00fadez Requena, exsecretario de seguridad de Tabasco, es el \u201cGenaro Garc\u00eda Luna\u201d de la 4T, un personaje que acumul\u00f3 casinos, empresas proveedoras del gobierno y compraventa de terrenos. \u201cLos verdaderos vendepatrias son aquellos que defienden a un personaje se\u00f1alado por sus v\u00ednculos criminales, a quienes no les import\u00f3 derramar sangre&hellip;Leer m\u00e1s...\" \/>\n<meta property=\"og:url\" content=\"https:\/\/www.aliadospuebla.com\/?p=107741\" \/>\n<meta property=\"og:site_name\" content=\"AliadosPuebla\" \/>\n<meta property=\"article:author\" content=\"https:\/\/www.facebook.com\/Aliados17Pue\" \/>\n<meta property=\"article:published_time\" content=\"2025-08-14T15:35:09+00:00\" \/>\n<meta property=\"og:image\" content=\"https:\/\/www.aliadospuebla.com\/web2017\/wp-content\/uploads\/2025\/08\/1159.jpg\" \/>\n\t<meta property=\"og:image:width\" content=\"600\" \/>\n\t<meta property=\"og:image:height\" content=\"450\" \/>\n\t<meta property=\"og:image:type\" content=\"image\/jpeg\" \/>\n<meta name=\"author\" content=\"Aliados17\" \/>\n<meta name=\"twitter:card\" content=\"summary_large_image\" \/>\n<meta name=\"twitter:creator\" content=\"@AliadosPuebla\" \/>\n<meta name=\"twitter:label1\" content=\"Escrito por\" \/>\n\t<meta name=\"twitter:data1\" content=\"Aliados17\" \/>\n\t<meta name=\"twitter:label2\" content=\"Tiempo de lectura\" \/>\n\t<meta name=\"twitter:data2\" content=\"2 minutos\" \/>\n<script type=\"application\/ld+json\" class=\"yoast-schema-graph\">{\"@context\":\"https:\\\/\\\/schema.org\",\"@graph\":[{\"@type\":\"Article\",\"@id\":\"https:\\\/\\\/www.aliadospuebla.com\\\/?p=107741#article\",\"isPartOf\":{\"@id\":\"https:\\\/\\\/www.aliadospuebla.com\\\/?p=107741\"},\"author\":{\"name\":\"Aliados17\",\"@id\":\"https:\\\/\\\/www.aliadospuebla.com\\\/#\\\/schema\\\/person\\\/5da7dd09320bd4f392b710017ed5f8ad\"},\"headline\":\"EL PRI SE MANTENDR\u00c1 FIRME PARA DEFENDER A LA CIUDADAN\u00cdA DE M\u00c9XICO\",\"datePublished\":\"2025-08-14T15:35:09+00:00\",\"mainEntityOfPage\":{\"@id\":\"https:\\\/\\\/www.aliadospuebla.com\\\/?p=107741\"},\"wordCount\":212,\"commentCount\":0,\"image\":{\"@id\":\"https:\\\/\\\/www.aliadospuebla.com\\\/?p=107741#primaryimage\"},\"thumbnailUrl\":\"https:\\\/\\\/www.aliadospuebla.com\\\/web2017\\\/wp-content\\\/uploads\\\/2025\\\/08\\\/1159.jpg\",\"keywords\":[\"ALEJANDRO MORENO CARDENAS\",\"Hern\u00e1n Berm\u00fadez Requena\",\"MORENA\",\"N\u00e9stor Camarillo Medina\",\"pactos pol\u00edticos\"],\"articleSection\":[\"Pol\u00edtica\"],\"inLanguage\":\"es\",\"potentialAction\":[{\"@type\":\"CommentAction\",\"name\":\"Comment\",\"target\":[\"https:\\\/\\\/www.aliadospuebla.com\\\/?p=107741#respond\"]}]},{\"@type\":\"WebPage\",\"@id\":\"https:\\\/\\\/www.aliadospuebla.com\\\/?p=107741\",\"url\":\"https:\\\/\\\/www.aliadospuebla.com\\\/?p=107741\",\"name\":\"EL PRI SE MANTENDR\u00c1 FIRME PARA DEFENDER A LA CIUDADAN\u00cdA DE M\u00c9XICO - AliadosPuebla\",\"isPartOf\":{\"@id\":\"https:\\\/\\\/www.aliadospuebla.com\\\/#website\"},\"primaryImageOfPage\":{\"@id\":\"https:\\\/\\\/www.aliadospuebla.com\\\/?p=107741#primaryimage\"},\"image\":{\"@id\":\"https:\\\/\\\/www.aliadospuebla.com\\\/?p=107741#primaryimage\"},\"thumbnailUrl\":\"https:\\\/\\\/www.aliadospuebla.com\\\/web2017\\\/wp-content\\\/uploads\\\/2025\\\/08\\\/1159.jpg\",\"datePublished\":\"2025-08-14T15:35:09+00:00\",\"author\":{\"@id\":\"https:\\\/\\\/www.aliadospuebla.com\\\/#\\\/schema\\\/person\\\/5da7dd09320bd4f392b710017ed5f8ad\"},\"breadcrumb\":{\"@id\":\"https:\\\/\\\/www.aliadospuebla.com\\\/?p=107741#breadcrumb\"},\"inLanguage\":\"es\",\"potentialAction\":[{\"@type\":\"ReadAction\",\"target\":[\"https:\\\/\\\/www.aliadospuebla.com\\\/?p=107741\"]}]},{\"@type\":\"ImageObject\",\"inLanguage\":\"es\",\"@id\":\"https:\\\/\\\/www.aliadospuebla.com\\\/?p=107741#primaryimage\",\"url\":\"https:\\\/\\\/www.aliadospuebla.com\\\/web2017\\\/wp-content\\\/uploads\\\/2025\\\/08\\\/1159.jpg\",\"contentUrl\":\"https:\\\/\\\/www.aliadospuebla.com\\\/web2017\\\/wp-content\\\/uploads\\\/2025\\\/08\\\/1159.jpg\",\"width\":600,\"height\":450},{\"@type\":\"BreadcrumbList\",\"@id\":\"https:\\\/\\\/www.aliadospuebla.com\\\/?p=107741#breadcrumb\",\"itemListElement\":[{\"@type\":\"ListItem\",\"position\":1,\"name\":\"Portada\",\"item\":\"https:\\\/\\\/www.aliadospuebla.com\\\/\"},{\"@type\":\"ListItem\",\"position\":2,\"name\":\"EL PRI SE MANTENDR\u00c1 FIRME PARA DEFENDER A LA CIUDADAN\u00cdA DE M\u00c9XICO\"}]},{\"@type\":\"WebSite\",\"@id\":\"https:\\\/\\\/www.aliadospuebla.com\\\/#website\",\"url\":\"https:\\\/\\\/www.aliadospuebla.com\\\/\",\"name\":\"AliadosPuebla\",\"description\":\"La informaci\u00f3n en tus manos\",\"potentialAction\":[{\"@type\":\"SearchAction\",\"target\":{\"@type\":\"EntryPoint\",\"urlTemplate\":\"https:\\\/\\\/www.aliadospuebla.com\\\/?s={search_term_string}\"},\"query-input\":{\"@type\":\"PropertyValueSpecification\",\"valueRequired\":true,\"valueName\":\"search_term_string\"}}],\"inLanguage\":\"es\"},{\"@type\":\"Person\",\"@id\":\"https:\\\/\\\/www.aliadospuebla.com\\\/#\\\/schema\\\/person\\\/5da7dd09320bd4f392b710017ed5f8ad\",\"name\":\"Aliados17\",\"image\":{\"@type\":\"ImageObject\",\"inLanguage\":\"es\",\"@id\":\"https:\\\/\\\/www.aliadospuebla.com\\\/web2017\\\/wp-content\\\/uploads\\\/2025\\\/03\\\/cropped-para-perfil-8-anos-1-96x96.jpg\",\"url\":\"https:\\\/\\\/www.aliadospuebla.com\\\/web2017\\\/wp-content\\\/uploads\\\/2025\\\/03\\\/cropped-para-perfil-8-anos-1-96x96.jpg\",\"contentUrl\":\"https:\\\/\\\/www.aliadospuebla.com\\\/web2017\\\/wp-content\\\/uploads\\\/2025\\\/03\\\/cropped-para-perfil-8-anos-1-96x96.jpg\",\"caption\":\"Aliados17\"},\"sameAs\":[\"https:\\\/\\\/www.aliados17.com\",\"https:\\\/\\\/www.facebook.com\\\/Aliados17Pue\",\"https:\\\/\\\/x.com\\\/AliadosPuebla\"],\"url\":\"https:\\\/\\\/www.aliadospuebla.com\\\/?author=2\"}]}<\/script>\n<!-- \/ Yoast SEO plugin. -->","yoast_head_json":{"title":"EL PRI SE MANTENDR\u00c1 FIRME PARA DEFENDER A LA CIUDADAN\u00cdA DE M\u00c9XICO - AliadosPuebla","robots":{"index":"index","follow":"follow","max-snippet":"max-snippet:-1","max-image-preview":"max-image-preview:large","max-video-preview":"max-video-preview:-1"},"canonical":"https:\/\/www.aliadospuebla.com\/?p=107741","og_locale":"es_ES","og_type":"article","og_title":"EL PRI SE MANTENDR\u00c1 FIRME PARA DEFENDER A LA CIUDADAN\u00cdA DE M\u00c9XICO - AliadosPuebla","og_description":"El presidente del partido destac\u00f3 que los posibles pactos pol\u00edticos de Morena con el crimen organizado han sido denunciados. El presidente del Comit\u00e9 Directivo Estatal (CDE) del PRI, senador N\u00e9stor Camarillo Medina, inform\u00f3 que el partido ha denunciado los presuntos pactos de actores pol\u00edticos de Morena con el crimen organizado, y en respuesta, se ha emprendido una persecuci\u00f3n pol\u00edtica en contra del dirigente nacional, senador Alejandro Moreno C\u00e1rdenas. En rueda de prensa, manifest\u00f3 que Hern\u00e1n Berm\u00fadez Requena, exsecretario de seguridad de Tabasco, es el \u201cGenaro Garc\u00eda Luna\u201d de la 4T, un personaje que acumul\u00f3 casinos, empresas proveedoras del gobierno y compraventa de terrenos. \u201cLos verdaderos vendepatrias son aquellos que defienden a un personaje se\u00f1alado por sus v\u00ednculos criminales, a quienes no les import\u00f3 derramar sangre&hellip;Leer m\u00e1s...","og_url":"https:\/\/www.aliadospuebla.com\/?p=107741","og_site_name":"AliadosPuebla","article_author":"https:\/\/www.facebook.com\/Aliados17Pue","article_published_time":"2025-08-14T15:35:09+00:00","og_image":[{"width":600,"height":450,"url":"https:\/\/www.aliadospuebla.com\/web2017\/wp-content\/uploads\/2025\/08\/1159.jpg","type":"image\/jpeg"}],"author":"Aliados17","twitter_card":"summary_large_image","twitter_creator":"@AliadosPuebla","twitter_misc":{"Escrito por":"Aliados17","Tiempo de lectura":"2 minutos"},"schema":{"@context":"https:\/\/schema.org","@graph":[{"@type":"Article","@id":"https:\/\/www.aliadospuebla.com\/?p=107741#article","isPartOf":{"@id":"https:\/\/www.aliadospuebla.com\/?p=107741"},"author":{"name":"Aliados17","@id":"https:\/\/www.aliadospuebla.com\/#\/schema\/person\/5da7dd09320bd4f392b710017ed5f8ad"},"headline":"EL PRI SE MANTENDR\u00c1 FIRME PARA DEFENDER A LA CIUDADAN\u00cdA DE M\u00c9XICO","datePublished":"2025-08-14T15:35:09+00:00","mainEntityOfPage":{"@id":"https:\/\/www.aliadospuebla.com\/?p=107741"},"wordCount":212,"commentCount":0,"image":{"@id":"https:\/\/www.aliadospuebla.com\/?p=107741#primaryimage"},"thumbnailUrl":"https:\/\/www.aliadospuebla.com\/web2017\/wp-content\/uploads\/2025\/08\/1159.jpg","keywords":["ALEJANDRO MORENO CARDENAS","Hern\u00e1n Berm\u00fadez Requena","MORENA","N\u00e9stor Camarillo Medina","pactos pol\u00edticos"],"articleSection":["Pol\u00edtica"],"inLanguage":"es","potentialAction":[{"@type":"CommentAction","name":"Comment","target":["https:\/\/www.aliadospuebla.com\/?p=107741#respond"]}]},{"@type":"WebPage","@id":"https:\/\/www.aliadospuebla.com\/?p=107741","url":"https:\/\/www.aliadospuebla.com\/?p=107741","name":"EL PRI SE MANTENDR\u00c1 FIRME PARA DEFENDER A LA CIUDADAN\u00cdA DE M\u00c9XICO - AliadosPuebla","isPartOf":{"@id":"https:\/\/www.aliadospuebla.com\/#website"},"primaryImageOfPage":{"@id":"https:\/\/www.aliadospuebla.com\/?p=107741#primaryimage"},"image":{"@id":"https:\/\/www.aliadospuebla.com\/?p=107741#primaryimage"},"thumbnailUrl":"https:\/\/www.aliadospuebla.com\/web2017\/wp-content\/uploads\/2025\/08\/1159.jpg","datePublished":"2025-08-14T15:35:09+00:00","author":{"@id":"https:\/\/www.aliadospuebla.com\/#\/schema\/person\/5da7dd09320bd4f392b710017ed5f8ad"},"breadcrumb":{"@id":"https:\/\/www.aliadospuebla.com\/?p=107741#breadcrumb"},"inLanguage":"es","potentialAction":[{"@type":"ReadAction","target":["https:\/\/www.aliadospuebla.com\/?p=107741"]}]},{"@type":"ImageObject","inLanguage":"es","@id":"https:\/\/www.aliadospuebla.com\/?p=107741#primaryimage","url":"https:\/\/www.aliadospuebla.com\/web2017\/wp-content\/uploads\/2025\/08\/1159.jpg","contentUrl":"https:\/\/www.aliadospuebla.com\/web2017\/wp-content\/uploads\/2025\/08\/1159.jpg","width":600,"height":450},{"@type":"BreadcrumbList","@id":"https:\/\/www.aliadospuebla.com\/?p=107741#breadcrumb","itemListElement":[{"@type":"ListItem","position":1,"name":"Portada","item":"https:\/\/www.aliadospuebla.com\/"},{"@type":"ListItem","position":2,"name":"EL PRI SE MANTENDR\u00c1 FIRME PARA DEFENDER A LA CIUDADAN\u00cdA DE M\u00c9XICO"}]},{"@type":"WebSite","@id":"https:\/\/www.aliadospuebla.com\/#website","url":"https:\/\/www.aliadospuebla.com\/","name":"AliadosPuebla","description":"La informaci\u00f3n en tus manos","potentialAction":[{"@type":"SearchAction","target":{"@type":"EntryPoint","urlTemplate":"https:\/\/www.aliadospuebla.com\/?s={search_term_string}"},"query-input":{"@type":"PropertyValueSpecification","valueRequired":true,"valueName":"search_term_string"}}],"inLanguage":"es"},{"@type":"Person","@id":"https:\/\/www.aliadospuebla.com\/#\/schema\/person\/5da7dd09320bd4f392b710017ed5f8ad","name":"Aliados17","image":{"@type":"ImageObject","inLanguage":"es","@id":"https:\/\/www.aliadospuebla.com\/web2017\/wp-content\/uploads\/2025\/03\/cropped-para-perfil-8-anos-1-96x96.jpg","url":"https:\/\/www.aliadospuebla.com\/web2017\/wp-content\/uploads\/2025\/03\/cropped-para-perfil-8-anos-1-96x96.jpg","contentUrl":"https:\/\/www.aliadospuebla.com\/web2017\/wp-content\/uploads\/2025\/03\/cropped-para-perfil-8-anos-1-96x96.jpg","caption":"Aliados17"},"sameAs":["https:\/\/www.aliados17.com","https:\/\/www.facebook.com\/Aliados17Pue","https:\/\/x.com\/AliadosPuebla"],"url":"https:\/\/www.aliadospuebla.com\/?author=2"}]}},"views":15,"_links":{"self":[{"href":"https:\/\/www.aliadospuebla.com\/index.php?rest_route=\/wp\/v2\/posts\/107741","targetHints":{"allow":["GET"]}}],"collection":[{"href":"https:\/\/www.aliadospuebla.com\/index.php?rest_route=\/wp\/v2\/posts"}],"about":[{"href":"https:\/\/www.aliadospuebla.com\/index.php?rest_route=\/wp\/v2\/types\/post"}],"author":[{"embeddable":true,"href":"https:\/\/www.aliadospuebla.com\/index.php?rest_route=\/wp\/v2\/users\/2"}],"replies":[{"embeddable":true,"href":"https:\/\/www.aliadospuebla.com\/index.php?rest_route=%2Fwp%2Fv2%2Fcomments&post=107741"}],"version-history":[{"count":1,"href":"https:\/\/www.aliadospuebla.com\/index.php?rest_route=\/wp\/v2\/posts\/107741\/revisions"}],"predecessor-version":[{"id":107743,"href":"https:\/\/www.aliadospuebla.com\/index.php?rest_route=\/wp\/v2\/posts\/107741\/revisions\/107743"}],"wp:featuredmedia":[{"embeddable":true,"href":"https:\/\/www.aliadospuebla.com\/index.php?rest_route=\/wp\/v2\/media\/107742"}],"wp:attachment":[{"href":"https:\/\/www.aliadospuebla.com\/index.php?rest_route=%2Fwp%2Fv2%2Fmedia&parent=107741"}],"wp:term":[{"taxonomy":"category","embeddable":true,"href":"https:\/\/www.aliadospuebla.com\/index.php?rest_route=%2Fwp%2Fv2%2Fcategories&post=107741"},{"taxonomy":"post_tag","embeddable":true,"href":"https:\/\/www.aliadospuebla.com\/index.php?rest_route=%2Fwp%2Fv2%2Ftags&post=107741"}],"curies":[{"name":"wp","href":"https:\/\/api.w.org\/{rel}","templated":true}]}}