{"id":107685,"date":"2025-08-12T22:57:56","date_gmt":"2025-08-13T04:57:56","guid":{"rendered":"https:\/\/www.aliadospuebla.com\/?p=107685"},"modified":"2025-08-12T22:57:56","modified_gmt":"2025-08-13T04:57:56","slug":"san-pedro-cholula-participo-en-actividades-culturales-de-la-feria-de-huamantla","status":"publish","type":"post","link":"https:\/\/www.aliadospuebla.com\/?p=107685","title":{"rendered":"San Pedro Cholula particip\u00f3 en actividades culturales de la Feria de Huamantla"},"content":{"rendered":"<h4>San Pedro Cholula, Pue. \u2013 Con el prop\u00f3sito de fortalecer la unidad entre Pueblos M\u00e1gicos, en representaci\u00f3n de nuestra presidenta municipal, Tonantzin Fern\u00e1ndez, los titulares de la Secretar\u00eda de Turismo, Cultura y Desarrollo Econ\u00f3mico participaron en la Callejoneada de Hermanamiento y en el Desfile de la Dalia, en el marco de la 151\u00aa Feria de Huamantla.<\/h4>\n<p>Este evento, lleno de alegr\u00eda, color y tradici\u00f3n, reafirm\u00f3 los lazos de cooperaci\u00f3n, impulsando la hermandad y el desarrollo conjunto entre nuestros Pueblos M\u00e1gicos.<\/p>\n<p>Durante el Desfile de la Dalia, y acompa\u00f1ados por el municipio de San Pablo del Monte, Tlaxcala, se presentaron danzas tradicionales, demostrando que la transformaci\u00f3n se construye en comunidad.<\/p>\n<p>Cabe recordar que, en el marco de esta celebraci\u00f3n, la alcaldesa Tonantzin Fern\u00e1ndez firm\u00f3 un importante convenio de hermanamiento con el municipio de Huamantla, Tlaxcala, con el objetivo de fortalecer el intercambio cultural, tur\u00edstico y econ\u00f3mico.<\/p>\n<p>M\u00e1s all\u00e1 del hermanamiento, se consolida una alianza firme para trabajar de la mano en actividades que fortalezcan la identidad y el bienestar de ambas comunidades, se\u00f1al\u00f3 la alcaldesa en su mensaje.<\/p>\n<p>Con estas acciones, el Gobierno Municipal reafirma su compromiso de promover la cultura, el turismo y el desarrollo social en beneficio de las y los cholultecas.<\/p>\n","protected":false},"excerpt":{"rendered":"<p>San Pedro Cholula, Pue. \u2013 Con el prop\u00f3sito de fortalecer la unidad entre Pueblos M\u00e1gicos, en representaci\u00f3n de nuestra presidenta municipal, Tonantzin Fern\u00e1ndez, los titulares de la Secretar\u00eda de Turismo, Cultura y Desarrollo Econ\u00f3mico participaron en la Callejoneada de Hermanamiento y en el Desfile de la Dalia, en el marco de la 151\u00aa Feria de Huamantla. Este evento, lleno de alegr\u00eda, color y tradici\u00f3n, reafirm\u00f3 los lazos de cooperaci\u00f3n, impulsando la hermandad y el desarrollo conjunto entre nuestros Pueblos M\u00e1gicos. Durante el Desfile de la Dalia, y acompa\u00f1ados por el municipio de San Pablo del Monte, Tlaxcala, se presentaron danzas tradicionales, demostrando que la transformaci\u00f3n se construye en comunidad. Cabe recordar que, en el marco de esta celebraci\u00f3n, la alcaldesa Tonantzin Fern\u00e1ndez firm\u00f3 un importante&hellip;<\/p>\n<p class=\"excerpt-more\"><a class=\"blog-excerpt button\" href=\"https:\/\/www.aliadospuebla.com\/?p=107685\">Leer m\u00e1s&#8230;<\/a><\/p>\n","protected":false},"author":2,"featured_media":107686,"comment_status":"open","ping_status":"open","sticky":false,"template":"","format":"standard","meta":{"_monsterinsights_skip_tracking":false,"footnotes":""},"categories":[4],"tags":[2173,30516,30515,1827,11642,459,387,7394],"class_list":["post-107685","post","type-post","status-publish","format-standard","has-post-thumbnail","hentry","category-municipios","tag-actividades-culturales","tag-danzas-tradicionales","tag-feria-de-huamantla","tag-hermandad","tag-intercambio-cultural","tag-pueblos-magicos","tag-san-pedro-cholula","tag-tonantzin-fernandez"],"yoast_head":"<!-- This site is optimized with the Yoast SEO plugin v28.4 - https:\/\/yoast.com\/product\/yoast-seo-wordpress\/ -->\n<title>San Pedro Cholula particip\u00f3 en actividades culturales de la Feria de Huamantla - AliadosPuebla<\/title>\n<meta name=\"robots\" content=\"index, follow, max-snippet:-1, max-image-preview:large, max-video-preview:-1\" \/>\n<link rel=\"canonical\" href=\"https:\/\/www.aliadospuebla.com\/?p=107685\" \/>\n<meta property=\"og:locale\" content=\"es_ES\" \/>\n<meta property=\"og:type\" content=\"article\" \/>\n<meta property=\"og:title\" content=\"San Pedro Cholula particip\u00f3 en actividades culturales de la Feria de Huamantla - AliadosPuebla\" \/>\n<meta property=\"og:description\" content=\"San Pedro Cholula, Pue. \u2013 Con el prop\u00f3sito de fortalecer la unidad entre Pueblos M\u00e1gicos, en representaci\u00f3n de nuestra presidenta municipal, Tonantzin Fern\u00e1ndez, los titulares de la Secretar\u00eda de Turismo, Cultura y Desarrollo Econ\u00f3mico participaron en la Callejoneada de Hermanamiento y en el Desfile de la Dalia, en el marco de la 151\u00aa Feria de Huamantla. Este evento, lleno de alegr\u00eda, color y tradici\u00f3n, reafirm\u00f3 los lazos de cooperaci\u00f3n, impulsando la hermandad y el desarrollo conjunto entre nuestros Pueblos M\u00e1gicos. Durante el Desfile de la Dalia, y acompa\u00f1ados por el municipio de San Pablo del Monte, Tlaxcala, se presentaron danzas tradicionales, demostrando que la transformaci\u00f3n se construye en comunidad. Cabe recordar que, en el marco de esta celebraci\u00f3n, la alcaldesa Tonantzin Fern\u00e1ndez firm\u00f3 un importante&hellip;Leer m\u00e1s...\" \/>\n<meta property=\"og:url\" content=\"https:\/\/www.aliadospuebla.com\/?p=107685\" \/>\n<meta property=\"og:site_name\" content=\"AliadosPuebla\" \/>\n<meta property=\"article:author\" content=\"https:\/\/www.facebook.com\/Aliados17Pue\" \/>\n<meta property=\"article:published_time\" content=\"2025-08-13T04:57:56+00:00\" \/>\n<meta property=\"og:image\" content=\"https:\/\/www.aliadospuebla.com\/web2017\/wp-content\/uploads\/2025\/08\/1142.jpg\" \/>\n\t<meta property=\"og:image:width\" content=\"600\" \/>\n\t<meta property=\"og:image:height\" content=\"450\" \/>\n\t<meta property=\"og:image:type\" content=\"image\/jpeg\" \/>\n<meta name=\"author\" content=\"Aliados17\" \/>\n<meta name=\"twitter:card\" content=\"summary_large_image\" \/>\n<meta name=\"twitter:creator\" content=\"@AliadosPuebla\" \/>\n<meta name=\"twitter:label1\" content=\"Escrito por\" \/>\n\t<meta name=\"twitter:data1\" content=\"Aliados17\" \/>\n\t<meta name=\"twitter:label2\" content=\"Tiempo de lectura\" \/>\n\t<meta name=\"twitter:data2\" content=\"1 minuto\" \/>\n<script type=\"application\/ld+json\" class=\"yoast-schema-graph\">{\"@context\":\"https:\\\/\\\/schema.org\",\"@graph\":[{\"@type\":\"Article\",\"@id\":\"https:\\\/\\\/www.aliadospuebla.com\\\/?p=107685#article\",\"isPartOf\":{\"@id\":\"https:\\\/\\\/www.aliadospuebla.com\\\/?p=107685\"},\"author\":{\"name\":\"Aliados17\",\"@id\":\"https:\\\/\\\/www.aliadospuebla.com\\\/#\\\/schema\\\/person\\\/5da7dd09320bd4f392b710017ed5f8ad\"},\"headline\":\"San Pedro Cholula particip\u00f3 en actividades culturales de la Feria de Huamantla\",\"datePublished\":\"2025-08-13T04:57:56+00:00\",\"mainEntityOfPage\":{\"@id\":\"https:\\\/\\\/www.aliadospuebla.com\\\/?p=107685\"},\"wordCount\":231,\"commentCount\":0,\"image\":{\"@id\":\"https:\\\/\\\/www.aliadospuebla.com\\\/?p=107685#primaryimage\"},\"thumbnailUrl\":\"https:\\\/\\\/www.aliadospuebla.com\\\/web2017\\\/wp-content\\\/uploads\\\/2025\\\/08\\\/1142.jpg\",\"keywords\":[\"ACTIVIDADES CULTURALES\",\"danzas tradicionales\",\"Feria de Huamantla\",\"HERMANDAD\",\"INTERCAMBIO CULTURAL\",\"PUEBLOS M\u00c1GICOS\",\"SAN PEDRO CHOLULA\",\"TONANTZIN FERN\u00c1NDEZ\"],\"articleSection\":[\"Municipios\"],\"inLanguage\":\"es\",\"potentialAction\":[{\"@type\":\"CommentAction\",\"name\":\"Comment\",\"target\":[\"https:\\\/\\\/www.aliadospuebla.com\\\/?p=107685#respond\"]}]},{\"@type\":\"WebPage\",\"@id\":\"https:\\\/\\\/www.aliadospuebla.com\\\/?p=107685\",\"url\":\"https:\\\/\\\/www.aliadospuebla.com\\\/?p=107685\",\"name\":\"San Pedro Cholula particip\u00f3 en actividades culturales de la Feria de Huamantla - AliadosPuebla\",\"isPartOf\":{\"@id\":\"https:\\\/\\\/www.aliadospuebla.com\\\/#website\"},\"primaryImageOfPage\":{\"@id\":\"https:\\\/\\\/www.aliadospuebla.com\\\/?p=107685#primaryimage\"},\"image\":{\"@id\":\"https:\\\/\\\/www.aliadospuebla.com\\\/?p=107685#primaryimage\"},\"thumbnailUrl\":\"https:\\\/\\\/www.aliadospuebla.com\\\/web2017\\\/wp-content\\\/uploads\\\/2025\\\/08\\\/1142.jpg\",\"datePublished\":\"2025-08-13T04:57:56+00:00\",\"author\":{\"@id\":\"https:\\\/\\\/www.aliadospuebla.com\\\/#\\\/schema\\\/person\\\/5da7dd09320bd4f392b710017ed5f8ad\"},\"breadcrumb\":{\"@id\":\"https:\\\/\\\/www.aliadospuebla.com\\\/?p=107685#breadcrumb\"},\"inLanguage\":\"es\",\"potentialAction\":[{\"@type\":\"ReadAction\",\"target\":[\"https:\\\/\\\/www.aliadospuebla.com\\\/?p=107685\"]}]},{\"@type\":\"ImageObject\",\"inLanguage\":\"es\",\"@id\":\"https:\\\/\\\/www.aliadospuebla.com\\\/?p=107685#primaryimage\",\"url\":\"https:\\\/\\\/www.aliadospuebla.com\\\/web2017\\\/wp-content\\\/uploads\\\/2025\\\/08\\\/1142.jpg\",\"contentUrl\":\"https:\\\/\\\/www.aliadospuebla.com\\\/web2017\\\/wp-content\\\/uploads\\\/2025\\\/08\\\/1142.jpg\",\"width\":600,\"height\":450},{\"@type\":\"BreadcrumbList\",\"@id\":\"https:\\\/\\\/www.aliadospuebla.com\\\/?p=107685#breadcrumb\",\"itemListElement\":[{\"@type\":\"ListItem\",\"position\":1,\"name\":\"Portada\",\"item\":\"https:\\\/\\\/www.aliadospuebla.com\\\/\"},{\"@type\":\"ListItem\",\"position\":2,\"name\":\"San Pedro Cholula particip\u00f3 en actividades culturales de la Feria de Huamantla\"}]},{\"@type\":\"WebSite\",\"@id\":\"https:\\\/\\\/www.aliadospuebla.com\\\/#website\",\"url\":\"https:\\\/\\\/www.aliadospuebla.com\\\/\",\"name\":\"AliadosPuebla\",\"description\":\"La informaci\u00f3n en tus manos\",\"potentialAction\":[{\"@type\":\"SearchAction\",\"target\":{\"@type\":\"EntryPoint\",\"urlTemplate\":\"https:\\\/\\\/www.aliadospuebla.com\\\/?s={search_term_string}\"},\"query-input\":{\"@type\":\"PropertyValueSpecification\",\"valueRequired\":true,\"valueName\":\"search_term_string\"}}],\"inLanguage\":\"es\"},{\"@type\":\"Person\",\"@id\":\"https:\\\/\\\/www.aliadospuebla.com\\\/#\\\/schema\\\/person\\\/5da7dd09320bd4f392b710017ed5f8ad\",\"name\":\"Aliados17\",\"image\":{\"@type\":\"ImageObject\",\"inLanguage\":\"es\",\"@id\":\"https:\\\/\\\/www.aliadospuebla.com\\\/web2017\\\/wp-content\\\/uploads\\\/2025\\\/03\\\/cropped-para-perfil-8-anos-1-96x96.jpg\",\"url\":\"https:\\\/\\\/www.aliadospuebla.com\\\/web2017\\\/wp-content\\\/uploads\\\/2025\\\/03\\\/cropped-para-perfil-8-anos-1-96x96.jpg\",\"contentUrl\":\"https:\\\/\\\/www.aliadospuebla.com\\\/web2017\\\/wp-content\\\/uploads\\\/2025\\\/03\\\/cropped-para-perfil-8-anos-1-96x96.jpg\",\"caption\":\"Aliados17\"},\"sameAs\":[\"https:\\\/\\\/www.aliados17.com\",\"https:\\\/\\\/www.facebook.com\\\/Aliados17Pue\",\"https:\\\/\\\/x.com\\\/AliadosPuebla\"],\"url\":\"https:\\\/\\\/www.aliadospuebla.com\\\/?author=2\"}]}<\/script>\n<!-- \/ Yoast SEO plugin. -->","yoast_head_json":{"title":"San Pedro Cholula particip\u00f3 en actividades culturales de la Feria de Huamantla - AliadosPuebla","robots":{"index":"index","follow":"follow","max-snippet":"max-snippet:-1","max-image-preview":"max-image-preview:large","max-video-preview":"max-video-preview:-1"},"canonical":"https:\/\/www.aliadospuebla.com\/?p=107685","og_locale":"es_ES","og_type":"article","og_title":"San Pedro Cholula particip\u00f3 en actividades culturales de la Feria de Huamantla - AliadosPuebla","og_description":"San Pedro Cholula, Pue. \u2013 Con el prop\u00f3sito de fortalecer la unidad entre Pueblos M\u00e1gicos, en representaci\u00f3n de nuestra presidenta municipal, Tonantzin Fern\u00e1ndez, los titulares de la Secretar\u00eda de Turismo, Cultura y Desarrollo Econ\u00f3mico participaron en la Callejoneada de Hermanamiento y en el Desfile de la Dalia, en el marco de la 151\u00aa Feria de Huamantla. Este evento, lleno de alegr\u00eda, color y tradici\u00f3n, reafirm\u00f3 los lazos de cooperaci\u00f3n, impulsando la hermandad y el desarrollo conjunto entre nuestros Pueblos M\u00e1gicos. Durante el Desfile de la Dalia, y acompa\u00f1ados por el municipio de San Pablo del Monte, Tlaxcala, se presentaron danzas tradicionales, demostrando que la transformaci\u00f3n se construye en comunidad. Cabe recordar que, en el marco de esta celebraci\u00f3n, la alcaldesa Tonantzin Fern\u00e1ndez firm\u00f3 un importante&hellip;Leer m\u00e1s...","og_url":"https:\/\/www.aliadospuebla.com\/?p=107685","og_site_name":"AliadosPuebla","article_author":"https:\/\/www.facebook.com\/Aliados17Pue","article_published_time":"2025-08-13T04:57:56+00:00","og_image":[{"width":600,"height":450,"url":"https:\/\/www.aliadospuebla.com\/web2017\/wp-content\/uploads\/2025\/08\/1142.jpg","type":"image\/jpeg"}],"author":"Aliados17","twitter_card":"summary_large_image","twitter_creator":"@AliadosPuebla","twitter_misc":{"Escrito por":"Aliados17","Tiempo de lectura":"1 minuto"},"schema":{"@context":"https:\/\/schema.org","@graph":[{"@type":"Article","@id":"https:\/\/www.aliadospuebla.com\/?p=107685#article","isPartOf":{"@id":"https:\/\/www.aliadospuebla.com\/?p=107685"},"author":{"name":"Aliados17","@id":"https:\/\/www.aliadospuebla.com\/#\/schema\/person\/5da7dd09320bd4f392b710017ed5f8ad"},"headline":"San Pedro Cholula particip\u00f3 en actividades culturales de la Feria de Huamantla","datePublished":"2025-08-13T04:57:56+00:00","mainEntityOfPage":{"@id":"https:\/\/www.aliadospuebla.com\/?p=107685"},"wordCount":231,"commentCount":0,"image":{"@id":"https:\/\/www.aliadospuebla.com\/?p=107685#primaryimage"},"thumbnailUrl":"https:\/\/www.aliadospuebla.com\/web2017\/wp-content\/uploads\/2025\/08\/1142.jpg","keywords":["ACTIVIDADES CULTURALES","danzas tradicionales","Feria de Huamantla","HERMANDAD","INTERCAMBIO CULTURAL","PUEBLOS M\u00c1GICOS","SAN PEDRO CHOLULA","TONANTZIN FERN\u00c1NDEZ"],"articleSection":["Municipios"],"inLanguage":"es","potentialAction":[{"@type":"CommentAction","name":"Comment","target":["https:\/\/www.aliadospuebla.com\/?p=107685#respond"]}]},{"@type":"WebPage","@id":"https:\/\/www.aliadospuebla.com\/?p=107685","url":"https:\/\/www.aliadospuebla.com\/?p=107685","name":"San Pedro Cholula particip\u00f3 en actividades culturales de la Feria de Huamantla - AliadosPuebla","isPartOf":{"@id":"https:\/\/www.aliadospuebla.com\/#website"},"primaryImageOfPage":{"@id":"https:\/\/www.aliadospuebla.com\/?p=107685#primaryimage"},"image":{"@id":"https:\/\/www.aliadospuebla.com\/?p=107685#primaryimage"},"thumbnailUrl":"https:\/\/www.aliadospuebla.com\/web2017\/wp-content\/uploads\/2025\/08\/1142.jpg","datePublished":"2025-08-13T04:57:56+00:00","author":{"@id":"https:\/\/www.aliadospuebla.com\/#\/schema\/person\/5da7dd09320bd4f392b710017ed5f8ad"},"breadcrumb":{"@id":"https:\/\/www.aliadospuebla.com\/?p=107685#breadcrumb"},"inLanguage":"es","potentialAction":[{"@type":"ReadAction","target":["https:\/\/www.aliadospuebla.com\/?p=107685"]}]},{"@type":"ImageObject","inLanguage":"es","@id":"https:\/\/www.aliadospuebla.com\/?p=107685#primaryimage","url":"https:\/\/www.aliadospuebla.com\/web2017\/wp-content\/uploads\/2025\/08\/1142.jpg","contentUrl":"https:\/\/www.aliadospuebla.com\/web2017\/wp-content\/uploads\/2025\/08\/1142.jpg","width":600,"height":450},{"@type":"BreadcrumbList","@id":"https:\/\/www.aliadospuebla.com\/?p=107685#breadcrumb","itemListElement":[{"@type":"ListItem","position":1,"name":"Portada","item":"https:\/\/www.aliadospuebla.com\/"},{"@type":"ListItem","position":2,"name":"San Pedro Cholula particip\u00f3 en actividades culturales de la Feria de Huamantla"}]},{"@type":"WebSite","@id":"https:\/\/www.aliadospuebla.com\/#website","url":"https:\/\/www.aliadospuebla.com\/","name":"AliadosPuebla","description":"La informaci\u00f3n en tus manos","potentialAction":[{"@type":"SearchAction","target":{"@type":"EntryPoint","urlTemplate":"https:\/\/www.aliadospuebla.com\/?s={search_term_string}"},"query-input":{"@type":"PropertyValueSpecification","valueRequired":true,"valueName":"search_term_string"}}],"inLanguage":"es"},{"@type":"Person","@id":"https:\/\/www.aliadospuebla.com\/#\/schema\/person\/5da7dd09320bd4f392b710017ed5f8ad","name":"Aliados17","image":{"@type":"ImageObject","inLanguage":"es","@id":"https:\/\/www.aliadospuebla.com\/web2017\/wp-content\/uploads\/2025\/03\/cropped-para-perfil-8-anos-1-96x96.jpg","url":"https:\/\/www.aliadospuebla.com\/web2017\/wp-content\/uploads\/2025\/03\/cropped-para-perfil-8-anos-1-96x96.jpg","contentUrl":"https:\/\/www.aliadospuebla.com\/web2017\/wp-content\/uploads\/2025\/03\/cropped-para-perfil-8-anos-1-96x96.jpg","caption":"Aliados17"},"sameAs":["https:\/\/www.aliados17.com","https:\/\/www.facebook.com\/Aliados17Pue","https:\/\/x.com\/AliadosPuebla"],"url":"https:\/\/www.aliadospuebla.com\/?author=2"}]}},"views":18,"_links":{"self":[{"href":"https:\/\/www.aliadospuebla.com\/index.php?rest_route=\/wp\/v2\/posts\/107685","targetHints":{"allow":["GET"]}}],"collection":[{"href":"https:\/\/www.aliadospuebla.com\/index.php?rest_route=\/wp\/v2\/posts"}],"about":[{"href":"https:\/\/www.aliadospuebla.com\/index.php?rest_route=\/wp\/v2\/types\/post"}],"author":[{"embeddable":true,"href":"https:\/\/www.aliadospuebla.com\/index.php?rest_route=\/wp\/v2\/users\/2"}],"replies":[{"embeddable":true,"href":"https:\/\/www.aliadospuebla.com\/index.php?rest_route=%2Fwp%2Fv2%2Fcomments&post=107685"}],"version-history":[{"count":1,"href":"https:\/\/www.aliadospuebla.com\/index.php?rest_route=\/wp\/v2\/posts\/107685\/revisions"}],"predecessor-version":[{"id":107687,"href":"https:\/\/www.aliadospuebla.com\/index.php?rest_route=\/wp\/v2\/posts\/107685\/revisions\/107687"}],"wp:featuredmedia":[{"embeddable":true,"href":"https:\/\/www.aliadospuebla.com\/index.php?rest_route=\/wp\/v2\/media\/107686"}],"wp:attachment":[{"href":"https:\/\/www.aliadospuebla.com\/index.php?rest_route=%2Fwp%2Fv2%2Fmedia&parent=107685"}],"wp:term":[{"taxonomy":"category","embeddable":true,"href":"https:\/\/www.aliadospuebla.com\/index.php?rest_route=%2Fwp%2Fv2%2Fcategories&post=107685"},{"taxonomy":"post_tag","embeddable":true,"href":"https:\/\/www.aliadospuebla.com\/index.php?rest_route=%2Fwp%2Fv2%2Ftags&post=107685"}],"curies":[{"name":"wp","href":"https:\/\/api.w.org\/{rel}","templated":true}]}}