{"id":107627,"date":"2025-08-10T08:52:53","date_gmt":"2025-08-10T14:52:53","guid":{"rendered":"https:\/\/www.aliadospuebla.com\/?p=107627"},"modified":"2025-08-10T08:52:53","modified_gmt":"2025-08-10T14:52:53","slug":"realiza-gobierno-de-tonantzin-fernandez-faena-comunitaria-en-la-guarderia-dif-de-xixitla","status":"publish","type":"post","link":"https:\/\/www.aliadospuebla.com\/?p=107627","title":{"rendered":"Realiza Gobierno de Tonantzin Fern\u00e1ndez faena comunitaria en la Guarder\u00eda DIF de Xixitla"},"content":{"rendered":"<h4>Con la participaci\u00f3n de diversas \u00e1reas del Ayuntamiento, rehabilitaron el inmueble para recibir a m\u00e1s ni\u00f1as y ni\u00f1os<\/h4>\n<p>San Pedro Cholula, Pue. \u2013 El Gobierno Municipal de San Pedro Cholula, presidido por Tonantzin Fern\u00e1ndez,<\/p>\n<p>refrenda su compromiso con todos los sectores de la sociedad, en especial con los m\u00e1s vulnerables<\/p>\n<p>y quienes m\u00e1s apoyo requieren.<\/p>\n<p>Bajo esa premisa, la presidenta municipal visit\u00f3 la Guarder\u00eda DIF de Santa Mar\u00eda Xixitla,<\/p>\n<p>donde se llev\u00f3 a cabo una rehabilitaci\u00f3n integral del inmueble para ampliar su capacidad<\/p>\n<p>y as\u00ed apoyar a madres y padres de familia en el cuidado y desarrollo de sus hijas e hijos.<\/p>\n<p>En coordinaci\u00f3n con \u00e1reas como el DIF Municipal, el Organismo de Limpia y Servicios P\u00fablicos, se realiz\u00f3 una faena comunitaria que incluy\u00f3 limpieza de suelos, ventanas, puertas y mobiliario; poda de c\u00e9sped y vegetaci\u00f3n; pinta de muros y techos; as\u00ed como la supervisi\u00f3n de la estructura para garantizar su seguridad.<\/p>\n<p>La alcaldesa anunci\u00f3 que se buscar\u00e1 incrementar el cupo de admisi\u00f3n para recibir a m\u00e1s ni\u00f1as y ni\u00f1os, con el objetivo de ser un verdadero aliado de las familias cholultecas en cada etapa del crecimiento de sus menores.<\/p>\n<p>Finalmente, se\u00f1al\u00f3 que estas acciones de mejora y mantenimiento continuar\u00e1n en diversas instituciones municipales, en alineaci\u00f3n con las pol\u00edticas estatal y federal para proteger a los m\u00e1s vulnerables, fortalecer el tejido social y construir un futuro con mayores oportunidades para todas y todos.<\/p>\n<p>&nbsp;<\/p>\n","protected":false},"excerpt":{"rendered":"<p>Con la participaci\u00f3n de diversas \u00e1reas del Ayuntamiento, rehabilitaron el inmueble para recibir a m\u00e1s ni\u00f1as y ni\u00f1os San Pedro Cholula, Pue. \u2013 El Gobierno Municipal de San Pedro Cholula, presidido por Tonantzin Fern\u00e1ndez, refrenda su compromiso con todos los sectores de la sociedad, en especial con los m\u00e1s vulnerables y quienes m\u00e1s apoyo requieren. Bajo esa premisa, la presidenta municipal visit\u00f3 la Guarder\u00eda DIF de Santa Mar\u00eda Xixitla, donde se llev\u00f3 a cabo una rehabilitaci\u00f3n integral del inmueble para ampliar su capacidad y as\u00ed apoyar a madres y padres de familia en el cuidado y desarrollo de sus hijas e hijos. En coordinaci\u00f3n con \u00e1reas como el DIF Municipal, el Organismo de Limpia y Servicios P\u00fablicos, se realiz\u00f3 una faena comunitaria que incluy\u00f3 limpieza&hellip;<\/p>\n<p class=\"excerpt-more\"><a class=\"blog-excerpt button\" href=\"https:\/\/www.aliadospuebla.com\/?p=107627\">Leer m\u00e1s&#8230;<\/a><\/p>\n","protected":false},"author":2,"featured_media":107628,"comment_status":"open","ping_status":"open","sticky":false,"template":"","format":"standard","meta":{"_monsterinsights_skip_tracking":false,"footnotes":""},"categories":[4],"tags":[27817,30481,15038,7394,19496],"class_list":["post-107627","post","type-post","status-publish","format-standard","has-post-thumbnail","hentry","category-municipios","tag-faena-comunitaria","tag-guarderia-dif","tag-rehabilitacion-integral","tag-tonantzin-fernandez","tag-xixitla"],"yoast_head":"<!-- This site is optimized with the Yoast SEO plugin v28.4 - https:\/\/yoast.com\/product\/yoast-seo-wordpress\/ -->\n<title>Realiza Gobierno de Tonantzin Fern\u00e1ndez faena comunitaria en la Guarder\u00eda DIF de Xixitla - AliadosPuebla<\/title>\n<meta name=\"robots\" content=\"index, follow, max-snippet:-1, max-image-preview:large, max-video-preview:-1\" \/>\n<link rel=\"canonical\" href=\"https:\/\/www.aliadospuebla.com\/?p=107627\" \/>\n<meta property=\"og:locale\" content=\"es_ES\" \/>\n<meta property=\"og:type\" content=\"article\" \/>\n<meta property=\"og:title\" content=\"Realiza Gobierno de Tonantzin Fern\u00e1ndez faena comunitaria en la Guarder\u00eda DIF de Xixitla - AliadosPuebla\" \/>\n<meta property=\"og:description\" content=\"Con la participaci\u00f3n de diversas \u00e1reas del Ayuntamiento, rehabilitaron el inmueble para recibir a m\u00e1s ni\u00f1as y ni\u00f1os San Pedro Cholula, Pue. \u2013 El Gobierno Municipal de San Pedro Cholula, presidido por Tonantzin Fern\u00e1ndez, refrenda su compromiso con todos los sectores de la sociedad, en especial con los m\u00e1s vulnerables y quienes m\u00e1s apoyo requieren. Bajo esa premisa, la presidenta municipal visit\u00f3 la Guarder\u00eda DIF de Santa Mar\u00eda Xixitla, donde se llev\u00f3 a cabo una rehabilitaci\u00f3n integral del inmueble para ampliar su capacidad y as\u00ed apoyar a madres y padres de familia en el cuidado y desarrollo de sus hijas e hijos. En coordinaci\u00f3n con \u00e1reas como el DIF Municipal, el Organismo de Limpia y Servicios P\u00fablicos, se realiz\u00f3 una faena comunitaria que incluy\u00f3 limpieza&hellip;Leer m\u00e1s...\" \/>\n<meta property=\"og:url\" content=\"https:\/\/www.aliadospuebla.com\/?p=107627\" \/>\n<meta property=\"og:site_name\" content=\"AliadosPuebla\" \/>\n<meta property=\"article:author\" content=\"https:\/\/www.facebook.com\/Aliados17Pue\" \/>\n<meta property=\"article:published_time\" content=\"2025-08-10T14:52:53+00:00\" \/>\n<meta property=\"og:image\" content=\"https:\/\/www.aliadospuebla.com\/web2017\/wp-content\/uploads\/2025\/08\/1125.jpg\" \/>\n\t<meta property=\"og:image:width\" content=\"600\" \/>\n\t<meta property=\"og:image:height\" content=\"450\" \/>\n\t<meta property=\"og:image:type\" content=\"image\/jpeg\" \/>\n<meta name=\"author\" content=\"Aliados17\" \/>\n<meta name=\"twitter:card\" content=\"summary_large_image\" \/>\n<meta name=\"twitter:creator\" content=\"@AliadosPuebla\" \/>\n<meta name=\"twitter:label1\" content=\"Escrito por\" \/>\n\t<meta name=\"twitter:data1\" content=\"Aliados17\" \/>\n\t<meta name=\"twitter:label2\" content=\"Tiempo de lectura\" \/>\n\t<meta name=\"twitter:data2\" content=\"2 minutos\" \/>\n<script type=\"application\/ld+json\" class=\"yoast-schema-graph\">{\"@context\":\"https:\\\/\\\/schema.org\",\"@graph\":[{\"@type\":\"Article\",\"@id\":\"https:\\\/\\\/www.aliadospuebla.com\\\/?p=107627#article\",\"isPartOf\":{\"@id\":\"https:\\\/\\\/www.aliadospuebla.com\\\/?p=107627\"},\"author\":{\"name\":\"Aliados17\",\"@id\":\"https:\\\/\\\/www.aliadospuebla.com\\\/#\\\/schema\\\/person\\\/5da7dd09320bd4f392b710017ed5f8ad\"},\"headline\":\"Realiza Gobierno de Tonantzin Fern\u00e1ndez faena comunitaria en la Guarder\u00eda DIF de Xixitla\",\"datePublished\":\"2025-08-10T14:52:53+00:00\",\"mainEntityOfPage\":{\"@id\":\"https:\\\/\\\/www.aliadospuebla.com\\\/?p=107627\"},\"wordCount\":272,\"commentCount\":0,\"image\":{\"@id\":\"https:\\\/\\\/www.aliadospuebla.com\\\/?p=107627#primaryimage\"},\"thumbnailUrl\":\"https:\\\/\\\/www.aliadospuebla.com\\\/web2017\\\/wp-content\\\/uploads\\\/2025\\\/08\\\/1125.jpg\",\"keywords\":[\"faena comunitaria\",\"Guarder\u00eda DIF\",\"rehabilitaci\u00f3n integral\",\"TONANTZIN FERN\u00c1NDEZ\",\"XIXITLA\"],\"articleSection\":[\"Municipios\"],\"inLanguage\":\"es\",\"potentialAction\":[{\"@type\":\"CommentAction\",\"name\":\"Comment\",\"target\":[\"https:\\\/\\\/www.aliadospuebla.com\\\/?p=107627#respond\"]}]},{\"@type\":\"WebPage\",\"@id\":\"https:\\\/\\\/www.aliadospuebla.com\\\/?p=107627\",\"url\":\"https:\\\/\\\/www.aliadospuebla.com\\\/?p=107627\",\"name\":\"Realiza Gobierno de Tonantzin Fern\u00e1ndez faena comunitaria en la Guarder\u00eda DIF de Xixitla - AliadosPuebla\",\"isPartOf\":{\"@id\":\"https:\\\/\\\/www.aliadospuebla.com\\\/#website\"},\"primaryImageOfPage\":{\"@id\":\"https:\\\/\\\/www.aliadospuebla.com\\\/?p=107627#primaryimage\"},\"image\":{\"@id\":\"https:\\\/\\\/www.aliadospuebla.com\\\/?p=107627#primaryimage\"},\"thumbnailUrl\":\"https:\\\/\\\/www.aliadospuebla.com\\\/web2017\\\/wp-content\\\/uploads\\\/2025\\\/08\\\/1125.jpg\",\"datePublished\":\"2025-08-10T14:52:53+00:00\",\"author\":{\"@id\":\"https:\\\/\\\/www.aliadospuebla.com\\\/#\\\/schema\\\/person\\\/5da7dd09320bd4f392b710017ed5f8ad\"},\"breadcrumb\":{\"@id\":\"https:\\\/\\\/www.aliadospuebla.com\\\/?p=107627#breadcrumb\"},\"inLanguage\":\"es\",\"potentialAction\":[{\"@type\":\"ReadAction\",\"target\":[\"https:\\\/\\\/www.aliadospuebla.com\\\/?p=107627\"]}]},{\"@type\":\"ImageObject\",\"inLanguage\":\"es\",\"@id\":\"https:\\\/\\\/www.aliadospuebla.com\\\/?p=107627#primaryimage\",\"url\":\"https:\\\/\\\/www.aliadospuebla.com\\\/web2017\\\/wp-content\\\/uploads\\\/2025\\\/08\\\/1125.jpg\",\"contentUrl\":\"https:\\\/\\\/www.aliadospuebla.com\\\/web2017\\\/wp-content\\\/uploads\\\/2025\\\/08\\\/1125.jpg\",\"width\":600,\"height\":450},{\"@type\":\"BreadcrumbList\",\"@id\":\"https:\\\/\\\/www.aliadospuebla.com\\\/?p=107627#breadcrumb\",\"itemListElement\":[{\"@type\":\"ListItem\",\"position\":1,\"name\":\"Portada\",\"item\":\"https:\\\/\\\/www.aliadospuebla.com\\\/\"},{\"@type\":\"ListItem\",\"position\":2,\"name\":\"Realiza Gobierno de Tonantzin Fern\u00e1ndez faena comunitaria en la Guarder\u00eda DIF de Xixitla\"}]},{\"@type\":\"WebSite\",\"@id\":\"https:\\\/\\\/www.aliadospuebla.com\\\/#website\",\"url\":\"https:\\\/\\\/www.aliadospuebla.com\\\/\",\"name\":\"AliadosPuebla\",\"description\":\"La informaci\u00f3n en tus manos\",\"potentialAction\":[{\"@type\":\"SearchAction\",\"target\":{\"@type\":\"EntryPoint\",\"urlTemplate\":\"https:\\\/\\\/www.aliadospuebla.com\\\/?s={search_term_string}\"},\"query-input\":{\"@type\":\"PropertyValueSpecification\",\"valueRequired\":true,\"valueName\":\"search_term_string\"}}],\"inLanguage\":\"es\"},{\"@type\":\"Person\",\"@id\":\"https:\\\/\\\/www.aliadospuebla.com\\\/#\\\/schema\\\/person\\\/5da7dd09320bd4f392b710017ed5f8ad\",\"name\":\"Aliados17\",\"image\":{\"@type\":\"ImageObject\",\"inLanguage\":\"es\",\"@id\":\"https:\\\/\\\/www.aliadospuebla.com\\\/web2017\\\/wp-content\\\/uploads\\\/2025\\\/03\\\/cropped-para-perfil-8-anos-1-96x96.jpg\",\"url\":\"https:\\\/\\\/www.aliadospuebla.com\\\/web2017\\\/wp-content\\\/uploads\\\/2025\\\/03\\\/cropped-para-perfil-8-anos-1-96x96.jpg\",\"contentUrl\":\"https:\\\/\\\/www.aliadospuebla.com\\\/web2017\\\/wp-content\\\/uploads\\\/2025\\\/03\\\/cropped-para-perfil-8-anos-1-96x96.jpg\",\"caption\":\"Aliados17\"},\"sameAs\":[\"https:\\\/\\\/www.aliados17.com\",\"https:\\\/\\\/www.facebook.com\\\/Aliados17Pue\",\"https:\\\/\\\/x.com\\\/AliadosPuebla\"],\"url\":\"https:\\\/\\\/www.aliadospuebla.com\\\/?author=2\"}]}<\/script>\n<!-- \/ Yoast SEO plugin. -->","yoast_head_json":{"title":"Realiza Gobierno de Tonantzin Fern\u00e1ndez faena comunitaria en la Guarder\u00eda DIF de Xixitla - AliadosPuebla","robots":{"index":"index","follow":"follow","max-snippet":"max-snippet:-1","max-image-preview":"max-image-preview:large","max-video-preview":"max-video-preview:-1"},"canonical":"https:\/\/www.aliadospuebla.com\/?p=107627","og_locale":"es_ES","og_type":"article","og_title":"Realiza Gobierno de Tonantzin Fern\u00e1ndez faena comunitaria en la Guarder\u00eda DIF de Xixitla - AliadosPuebla","og_description":"Con la participaci\u00f3n de diversas \u00e1reas del Ayuntamiento, rehabilitaron el inmueble para recibir a m\u00e1s ni\u00f1as y ni\u00f1os San Pedro Cholula, Pue. \u2013 El Gobierno Municipal de San Pedro Cholula, presidido por Tonantzin Fern\u00e1ndez, refrenda su compromiso con todos los sectores de la sociedad, en especial con los m\u00e1s vulnerables y quienes m\u00e1s apoyo requieren. Bajo esa premisa, la presidenta municipal visit\u00f3 la Guarder\u00eda DIF de Santa Mar\u00eda Xixitla, donde se llev\u00f3 a cabo una rehabilitaci\u00f3n integral del inmueble para ampliar su capacidad y as\u00ed apoyar a madres y padres de familia en el cuidado y desarrollo de sus hijas e hijos. En coordinaci\u00f3n con \u00e1reas como el DIF Municipal, el Organismo de Limpia y Servicios P\u00fablicos, se realiz\u00f3 una faena comunitaria que incluy\u00f3 limpieza&hellip;Leer m\u00e1s...","og_url":"https:\/\/www.aliadospuebla.com\/?p=107627","og_site_name":"AliadosPuebla","article_author":"https:\/\/www.facebook.com\/Aliados17Pue","article_published_time":"2025-08-10T14:52:53+00:00","og_image":[{"width":600,"height":450,"url":"https:\/\/www.aliadospuebla.com\/web2017\/wp-content\/uploads\/2025\/08\/1125.jpg","type":"image\/jpeg"}],"author":"Aliados17","twitter_card":"summary_large_image","twitter_creator":"@AliadosPuebla","twitter_misc":{"Escrito por":"Aliados17","Tiempo de lectura":"2 minutos"},"schema":{"@context":"https:\/\/schema.org","@graph":[{"@type":"Article","@id":"https:\/\/www.aliadospuebla.com\/?p=107627#article","isPartOf":{"@id":"https:\/\/www.aliadospuebla.com\/?p=107627"},"author":{"name":"Aliados17","@id":"https:\/\/www.aliadospuebla.com\/#\/schema\/person\/5da7dd09320bd4f392b710017ed5f8ad"},"headline":"Realiza Gobierno de Tonantzin Fern\u00e1ndez faena comunitaria en la Guarder\u00eda DIF de Xixitla","datePublished":"2025-08-10T14:52:53+00:00","mainEntityOfPage":{"@id":"https:\/\/www.aliadospuebla.com\/?p=107627"},"wordCount":272,"commentCount":0,"image":{"@id":"https:\/\/www.aliadospuebla.com\/?p=107627#primaryimage"},"thumbnailUrl":"https:\/\/www.aliadospuebla.com\/web2017\/wp-content\/uploads\/2025\/08\/1125.jpg","keywords":["faena comunitaria","Guarder\u00eda DIF","rehabilitaci\u00f3n integral","TONANTZIN FERN\u00c1NDEZ","XIXITLA"],"articleSection":["Municipios"],"inLanguage":"es","potentialAction":[{"@type":"CommentAction","name":"Comment","target":["https:\/\/www.aliadospuebla.com\/?p=107627#respond"]}]},{"@type":"WebPage","@id":"https:\/\/www.aliadospuebla.com\/?p=107627","url":"https:\/\/www.aliadospuebla.com\/?p=107627","name":"Realiza Gobierno de Tonantzin Fern\u00e1ndez faena comunitaria en la Guarder\u00eda DIF de Xixitla - AliadosPuebla","isPartOf":{"@id":"https:\/\/www.aliadospuebla.com\/#website"},"primaryImageOfPage":{"@id":"https:\/\/www.aliadospuebla.com\/?p=107627#primaryimage"},"image":{"@id":"https:\/\/www.aliadospuebla.com\/?p=107627#primaryimage"},"thumbnailUrl":"https:\/\/www.aliadospuebla.com\/web2017\/wp-content\/uploads\/2025\/08\/1125.jpg","datePublished":"2025-08-10T14:52:53+00:00","author":{"@id":"https:\/\/www.aliadospuebla.com\/#\/schema\/person\/5da7dd09320bd4f392b710017ed5f8ad"},"breadcrumb":{"@id":"https:\/\/www.aliadospuebla.com\/?p=107627#breadcrumb"},"inLanguage":"es","potentialAction":[{"@type":"ReadAction","target":["https:\/\/www.aliadospuebla.com\/?p=107627"]}]},{"@type":"ImageObject","inLanguage":"es","@id":"https:\/\/www.aliadospuebla.com\/?p=107627#primaryimage","url":"https:\/\/www.aliadospuebla.com\/web2017\/wp-content\/uploads\/2025\/08\/1125.jpg","contentUrl":"https:\/\/www.aliadospuebla.com\/web2017\/wp-content\/uploads\/2025\/08\/1125.jpg","width":600,"height":450},{"@type":"BreadcrumbList","@id":"https:\/\/www.aliadospuebla.com\/?p=107627#breadcrumb","itemListElement":[{"@type":"ListItem","position":1,"name":"Portada","item":"https:\/\/www.aliadospuebla.com\/"},{"@type":"ListItem","position":2,"name":"Realiza Gobierno de Tonantzin Fern\u00e1ndez faena comunitaria en la Guarder\u00eda DIF de Xixitla"}]},{"@type":"WebSite","@id":"https:\/\/www.aliadospuebla.com\/#website","url":"https:\/\/www.aliadospuebla.com\/","name":"AliadosPuebla","description":"La informaci\u00f3n en tus manos","potentialAction":[{"@type":"SearchAction","target":{"@type":"EntryPoint","urlTemplate":"https:\/\/www.aliadospuebla.com\/?s={search_term_string}"},"query-input":{"@type":"PropertyValueSpecification","valueRequired":true,"valueName":"search_term_string"}}],"inLanguage":"es"},{"@type":"Person","@id":"https:\/\/www.aliadospuebla.com\/#\/schema\/person\/5da7dd09320bd4f392b710017ed5f8ad","name":"Aliados17","image":{"@type":"ImageObject","inLanguage":"es","@id":"https:\/\/www.aliadospuebla.com\/web2017\/wp-content\/uploads\/2025\/03\/cropped-para-perfil-8-anos-1-96x96.jpg","url":"https:\/\/www.aliadospuebla.com\/web2017\/wp-content\/uploads\/2025\/03\/cropped-para-perfil-8-anos-1-96x96.jpg","contentUrl":"https:\/\/www.aliadospuebla.com\/web2017\/wp-content\/uploads\/2025\/03\/cropped-para-perfil-8-anos-1-96x96.jpg","caption":"Aliados17"},"sameAs":["https:\/\/www.aliados17.com","https:\/\/www.facebook.com\/Aliados17Pue","https:\/\/x.com\/AliadosPuebla"],"url":"https:\/\/www.aliadospuebla.com\/?author=2"}]}},"views":11,"_links":{"self":[{"href":"https:\/\/www.aliadospuebla.com\/index.php?rest_route=\/wp\/v2\/posts\/107627","targetHints":{"allow":["GET"]}}],"collection":[{"href":"https:\/\/www.aliadospuebla.com\/index.php?rest_route=\/wp\/v2\/posts"}],"about":[{"href":"https:\/\/www.aliadospuebla.com\/index.php?rest_route=\/wp\/v2\/types\/post"}],"author":[{"embeddable":true,"href":"https:\/\/www.aliadospuebla.com\/index.php?rest_route=\/wp\/v2\/users\/2"}],"replies":[{"embeddable":true,"href":"https:\/\/www.aliadospuebla.com\/index.php?rest_route=%2Fwp%2Fv2%2Fcomments&post=107627"}],"version-history":[{"count":1,"href":"https:\/\/www.aliadospuebla.com\/index.php?rest_route=\/wp\/v2\/posts\/107627\/revisions"}],"predecessor-version":[{"id":107629,"href":"https:\/\/www.aliadospuebla.com\/index.php?rest_route=\/wp\/v2\/posts\/107627\/revisions\/107629"}],"wp:featuredmedia":[{"embeddable":true,"href":"https:\/\/www.aliadospuebla.com\/index.php?rest_route=\/wp\/v2\/media\/107628"}],"wp:attachment":[{"href":"https:\/\/www.aliadospuebla.com\/index.php?rest_route=%2Fwp%2Fv2%2Fmedia&parent=107627"}],"wp:term":[{"taxonomy":"category","embeddable":true,"href":"https:\/\/www.aliadospuebla.com\/index.php?rest_route=%2Fwp%2Fv2%2Fcategories&post=107627"},{"taxonomy":"post_tag","embeddable":true,"href":"https:\/\/www.aliadospuebla.com\/index.php?rest_route=%2Fwp%2Fv2%2Ftags&post=107627"}],"curies":[{"name":"wp","href":"https:\/\/api.w.org\/{rel}","templated":true}]}}